{"id":212200,"date":"2017-02-18T05:02:00","date_gmt":"2017-02-18T04:02:00","guid":{"rendered":"http:\/\/hudo.com\/si\/2017\/02\/18\/zadeva-mip-vojteh-in-marko-volk-ter-martin-kovac-so-krivi\/"},"modified":"2017-02-18T12:41:11","modified_gmt":"2017-02-18T11:41:11","slug":"zadeva-mip-vojteh-in-marko-volk-ter-martin-kovac-so-krivi","status":"publish","type":"post","link":"https:\/\/hudo.com\/si\/aktualno\/zadeva-mip-vojteh-in-marko-volk-ter-martin-kovac-so-krivi\/","title":{"rendered":"Zadeva Mip: Vojteh in Marko Volk ter Martin Kova\u010d so krivi"},"content":{"rendered":"<p>Prvega mo\u017ea propadlega Mipa Vojteha Volka je ljubljansko okro\u017eno sodi\u0161\u010de v\u010deraj obsodilo na \u0161est let zaporne kazni, njegovi desni roki, sina Marka Volka in zeta Martina Kova\u010da, pa vsakega na dve leti in \u0161est mesecev zapora. Medtem ko je dr\u017eavna to\u017eilka zadovoljna z izidom skoraj dve leti trajajo\u010dega sojenja, obramba obdol\u017eenih napoveduje prito\u017ebo. Sodba \u0161e ni pravnomo\u010dna.<\/p>\n","protected":false},"excerpt":{"rendered":"<p>Prvega mo\u017ea propadlega Mipa Vojteha Volka je ljubljansko okro\u017eno sodi\u0161\u010de v\u010deraj obsodilo na \u0161est let zaporne kazni, njegovi desni roki, sina Marka Volka in zeta Martina Kova\u010da, pa vsakega na dve leti in \u0161est mesecev zapora. Medtem ko je dr\u017eavna to\u017eilka zadovoljna z izidom skoraj dve leti trajajo\u010dega sojenja, obramba obdol\u017eenih napoveduje prito\u017ebo. Sodba \u0161e ni pravnomo\u010dna.<\/p>\n","protected":false},"author":1,"featured_media":0,"comment_status":"closed","ping_status":"closed","sticky":false,"template":"","format":"standard","meta":{"footnotes":""},"categories":[1179],"tags":[],"source":[1707],"supertag":[],"acf":[],"yoast_head":"<!-- This site is optimized with the Yoast SEO plugin v21.3 - https:\/\/yoast.com\/wordpress\/plugins\/seo\/ -->\n<title>Zadeva Mip: Vojteh in Marko Volk ter Martin Kova\u010d so krivi - Hudo Slovenija<\/title>\n<meta name=\"robots\" content=\"index, follow, max-snippet:-1, max-image-preview:large, max-video-preview:-1\" \/>\n<link rel=\"canonical\" href=\"https:\/\/hudo.com\/si\/aktualno\/zadeva-mip-vojteh-in-marko-volk-ter-martin-kovac-so-krivi\/\" \/>\n<meta property=\"og:locale\" content=\"sl_SI\" \/>\n<meta property=\"og:type\" content=\"article\" \/>\n<meta property=\"og:title\" content=\"Zadeva Mip: Vojteh in Marko Volk ter Martin Kova\u010d so krivi - Hudo Slovenija\" \/>\n<meta property=\"og:description\" content=\"Prvega mo\u017ea propadlega Mipa Vojteha Volka je ljubljansko okro\u017eno sodi\u0161\u010de v\u010deraj obsodilo na \u0161est let zaporne kazni, njegovi desni roki, sina Marka Volka in zeta Martina Kova\u010da, pa vsakega na dve leti in \u0161est mesecev zapora. Medtem ko je dr\u017eavna to\u017eilka zadovoljna z izidom skoraj dve leti trajajo\u010dega sojenja, obramba obdol\u017eenih napoveduje prito\u017ebo. Sodba \u0161e ni pravnomo\u010dna.\" \/>\n<meta property=\"og:url\" content=\"https:\/\/hudo.com\/si\/aktualno\/zadeva-mip-vojteh-in-marko-volk-ter-martin-kovac-so-krivi\/\" \/>\n<meta property=\"og:site_name\" content=\"Hudo Slovenija\" \/>\n<meta property=\"article:publisher\" content=\"https:\/\/www.facebook.com\/hudo.si\" \/>\n<meta property=\"article:published_time\" content=\"2017-02-18T04:02:00+00:00\" \/>\n<meta property=\"article:modified_time\" content=\"2017-02-18T11:41:11+00:00\" \/>\n<meta property=\"og:image\" content=\"https:\/\/hudo.com\/si\/wp-content\/uploads\/sites\/2\/2017\/02\/040-SODA_VOLK_MIP_0006.jpg\" \/>\n\t<meta property=\"og:image:width\" content=\"620\" \/>\n\t<meta property=\"og:image:height\" content=\"413\" \/>\n\t<meta property=\"og:image:type\" content=\"image\/jpeg\" \/>\n<meta name=\"author\" content=\"hudo\" \/>\n<meta name=\"twitter:card\" content=\"summary_large_image\" \/>\n<meta name=\"twitter:creator\" content=\"@hudo_si\" \/>\n<meta name=\"twitter:site\" content=\"@hudo_si\" \/>\n<meta name=\"twitter:label1\" content=\"Written by\" \/>\n\t<meta name=\"twitter:data1\" content=\"hudo\" \/>\n<script type=\"application\/ld+json\" class=\"yoast-schema-graph\">{\"@context\":\"https:\/\/schema.org\",\"@graph\":[{\"@type\":\"Article\",\"@id\":\"https:\/\/hudo.com\/si\/aktualno\/zadeva-mip-vojteh-in-marko-volk-ter-martin-kovac-so-krivi\/#article\",\"isPartOf\":{\"@id\":\"https:\/\/hudo.com\/si\/aktualno\/zadeva-mip-vojteh-in-marko-volk-ter-martin-kovac-so-krivi\/\"},\"author\":{\"name\":\"hudo\",\"@id\":\"https:\/\/hudo.com\/si\/#\/schema\/person\/601cf3379633985b20f7e50f2bb47707\"},\"headline\":\"Zadeva Mip: Vojteh in Marko Volk ter Martin Kova\u010d so krivi\",\"datePublished\":\"2017-02-18T04:02:00+00:00\",\"dateModified\":\"2017-02-18T11:41:11+00:00\",\"mainEntityOfPage\":{\"@id\":\"https:\/\/hudo.com\/si\/aktualno\/zadeva-mip-vojteh-in-marko-volk-ter-martin-kovac-so-krivi\/\"},\"wordCount\":79,\"publisher\":{\"@id\":\"https:\/\/hudo.com\/si\/#organization\"},\"articleSection\":[\"Aktualno\"],\"inLanguage\":\"sl-SI\"},{\"@type\":\"WebPage\",\"@id\":\"https:\/\/hudo.com\/si\/aktualno\/zadeva-mip-vojteh-in-marko-volk-ter-martin-kovac-so-krivi\/\",\"url\":\"https:\/\/hudo.com\/si\/aktualno\/zadeva-mip-vojteh-in-marko-volk-ter-martin-kovac-so-krivi\/\",\"name\":\"Zadeva Mip: Vojteh in Marko Volk ter Martin Kova\u010d so krivi - Hudo Slovenija\",\"isPartOf\":{\"@id\":\"https:\/\/hudo.com\/si\/#website\"},\"datePublished\":\"2017-02-18T04:02:00+00:00\",\"dateModified\":\"2017-02-18T11:41:11+00:00\",\"breadcrumb\":{\"@id\":\"https:\/\/hudo.com\/si\/aktualno\/zadeva-mip-vojteh-in-marko-volk-ter-martin-kovac-so-krivi\/#breadcrumb\"},\"inLanguage\":\"sl-SI\",\"potentialAction\":[{\"@type\":\"ReadAction\",\"target\":[\"https:\/\/hudo.com\/si\/aktualno\/zadeva-mip-vojteh-in-marko-volk-ter-martin-kovac-so-krivi\/\"]}]},{\"@type\":\"BreadcrumbList\",\"@id\":\"https:\/\/hudo.com\/si\/aktualno\/zadeva-mip-vojteh-in-marko-volk-ter-martin-kovac-so-krivi\/#breadcrumb\",\"itemListElement\":[{\"@type\":\"ListItem\",\"position\":1,\"name\":\"Home\",\"item\":\"https:\/\/hudo.com\/si\/\"},{\"@type\":\"ListItem\",\"position\":2,\"name\":\"Zadeva Mip: Vojteh in Marko Volk ter Martin Kova\u010d so krivi\"}]},{\"@type\":\"WebSite\",\"@id\":\"https:\/\/hudo.com\/si\/#website\",\"url\":\"https:\/\/hudo.com\/si\/\",\"name\":\"Hudo Slovenija\",\"description\":\"Vse novice iz Slovenije in sveta\",\"publisher\":{\"@id\":\"https:\/\/hudo.com\/si\/#organization\"},\"potentialAction\":[{\"@type\":\"SearchAction\",\"target\":{\"@type\":\"EntryPoint\",\"urlTemplate\":\"https:\/\/hudo.com\/si\/?s={search_term_string}\"},\"query-input\":\"required name=search_term_string\"}],\"inLanguage\":\"sl-SI\"},{\"@type\":\"Organization\",\"@id\":\"https:\/\/hudo.com\/si\/#organization\",\"name\":\"VSN Media\",\"url\":\"https:\/\/hudo.com\/si\/\",\"logo\":{\"@type\":\"ImageObject\",\"inLanguage\":\"sl-SI\",\"@id\":\"https:\/\/hudo.com\/si\/#\/schema\/logo\/image\/\",\"url\":\"https:\/\/hudo.com\/si\/wp-content\/uploads\/sites\/2\/2021\/03\/hudo-app-2.png\",\"contentUrl\":\"https:\/\/hudo.com\/si\/wp-content\/uploads\/sites\/2\/2021\/03\/hudo-app-2.png\",\"width\":2185,\"height\":2167,\"caption\":\"VSN Media\"},\"image\":{\"@id\":\"https:\/\/hudo.com\/si\/#\/schema\/logo\/image\/\"},\"sameAs\":[\"https:\/\/www.facebook.com\/hudo.si\",\"https:\/\/twitter.com\/hudo_si\"]},{\"@type\":\"Person\",\"@id\":\"https:\/\/hudo.com\/si\/#\/schema\/person\/601cf3379633985b20f7e50f2bb47707\",\"name\":\"hudo\",\"image\":{\"@type\":\"ImageObject\",\"inLanguage\":\"sl-SI\",\"@id\":\"https:\/\/hudo.com\/si\/#\/schema\/person\/image\/\",\"url\":\"https:\/\/secure.gravatar.com\/avatar\/c4ca25fa72cace7a696b52ff5db9e095?s=96&d=mm&r=g\",\"contentUrl\":\"https:\/\/secure.gravatar.com\/avatar\/c4ca25fa72cace7a696b52ff5db9e095?s=96&d=mm&r=g\",\"caption\":\"hudo\"},\"url\":\"https:\/\/hudo.com\/si\/author\/hudo\/\"}]}<\/script>\n<!-- \/ Yoast SEO plugin. -->","yoast_head_json":{"title":"Zadeva Mip: Vojteh in Marko Volk ter Martin Kova\u010d so krivi - Hudo Slovenija","robots":{"index":"index","follow":"follow","max-snippet":"max-snippet:-1","max-image-preview":"max-image-preview:large","max-video-preview":"max-video-preview:-1"},"canonical":"https:\/\/hudo.com\/si\/aktualno\/zadeva-mip-vojteh-in-marko-volk-ter-martin-kovac-so-krivi\/","og_locale":"sl_SI","og_type":"article","og_title":"Zadeva Mip: Vojteh in Marko Volk ter Martin Kova\u010d so krivi - Hudo Slovenija","og_description":"Prvega mo\u017ea propadlega Mipa Vojteha Volka je ljubljansko okro\u017eno sodi\u0161\u010de v\u010deraj obsodilo na \u0161est let zaporne kazni, njegovi desni roki, sina Marka Volka in zeta Martina Kova\u010da, pa vsakega na dve leti in \u0161est mesecev zapora. Medtem ko je dr\u017eavna to\u017eilka zadovoljna z izidom skoraj dve leti trajajo\u010dega sojenja, obramba obdol\u017eenih napoveduje prito\u017ebo. Sodba \u0161e ni pravnomo\u010dna.","og_url":"https:\/\/hudo.com\/si\/aktualno\/zadeva-mip-vojteh-in-marko-volk-ter-martin-kovac-so-krivi\/","og_site_name":"Hudo Slovenija","article_publisher":"https:\/\/www.facebook.com\/hudo.si","article_published_time":"2017-02-18T04:02:00+00:00","article_modified_time":"2017-02-18T11:41:11+00:00","og_image":[{"width":620,"height":413,"url":"https:\/\/hudo.com\/si\/wp-content\/uploads\/sites\/2\/2017\/02\/040-SODA_VOLK_MIP_0006.jpg","type":"image\/jpeg"}],"author":"hudo","twitter_card":"summary_large_image","twitter_creator":"@hudo_si","twitter_site":"@hudo_si","twitter_misc":{"Written by":"hudo"},"schema":{"@context":"https:\/\/schema.org","@graph":[{"@type":"Article","@id":"https:\/\/hudo.com\/si\/aktualno\/zadeva-mip-vojteh-in-marko-volk-ter-martin-kovac-so-krivi\/#article","isPartOf":{"@id":"https:\/\/hudo.com\/si\/aktualno\/zadeva-mip-vojteh-in-marko-volk-ter-martin-kovac-so-krivi\/"},"author":{"name":"hudo","@id":"https:\/\/hudo.com\/si\/#\/schema\/person\/601cf3379633985b20f7e50f2bb47707"},"headline":"Zadeva Mip: Vojteh in Marko Volk ter Martin Kova\u010d so krivi","datePublished":"2017-02-18T04:02:00+00:00","dateModified":"2017-02-18T11:41:11+00:00","mainEntityOfPage":{"@id":"https:\/\/hudo.com\/si\/aktualno\/zadeva-mip-vojteh-in-marko-volk-ter-martin-kovac-so-krivi\/"},"wordCount":79,"publisher":{"@id":"https:\/\/hudo.com\/si\/#organization"},"articleSection":["Aktualno"],"inLanguage":"sl-SI"},{"@type":"WebPage","@id":"https:\/\/hudo.com\/si\/aktualno\/zadeva-mip-vojteh-in-marko-volk-ter-martin-kovac-so-krivi\/","url":"https:\/\/hudo.com\/si\/aktualno\/zadeva-mip-vojteh-in-marko-volk-ter-martin-kovac-so-krivi\/","name":"Zadeva Mip: Vojteh in Marko Volk ter Martin Kova\u010d so krivi - Hudo Slovenija","isPartOf":{"@id":"https:\/\/hudo.com\/si\/#website"},"datePublished":"2017-02-18T04:02:00+00:00","dateModified":"2017-02-18T11:41:11+00:00","breadcrumb":{"@id":"https:\/\/hudo.com\/si\/aktualno\/zadeva-mip-vojteh-in-marko-volk-ter-martin-kovac-so-krivi\/#breadcrumb"},"inLanguage":"sl-SI","potentialAction":[{"@type":"ReadAction","target":["https:\/\/hudo.com\/si\/aktualno\/zadeva-mip-vojteh-in-marko-volk-ter-martin-kovac-so-krivi\/"]}]},{"@type":"BreadcrumbList","@id":"https:\/\/hudo.com\/si\/aktualno\/zadeva-mip-vojteh-in-marko-volk-ter-martin-kovac-so-krivi\/#breadcrumb","itemListElement":[{"@type":"ListItem","position":1,"name":"Home","item":"https:\/\/hudo.com\/si\/"},{"@type":"ListItem","position":2,"name":"Zadeva Mip: Vojteh in Marko Volk ter Martin Kova\u010d so krivi"}]},{"@type":"WebSite","@id":"https:\/\/hudo.com\/si\/#website","url":"https:\/\/hudo.com\/si\/","name":"Hudo Slovenija","description":"Vse novice iz Slovenije in sveta","publisher":{"@id":"https:\/\/hudo.com\/si\/#organization"},"potentialAction":[{"@type":"SearchAction","target":{"@type":"EntryPoint","urlTemplate":"https:\/\/hudo.com\/si\/?s={search_term_string}"},"query-input":"required name=search_term_string"}],"inLanguage":"sl-SI"},{"@type":"Organization","@id":"https:\/\/hudo.com\/si\/#organization","name":"VSN Media","url":"https:\/\/hudo.com\/si\/","logo":{"@type":"ImageObject","inLanguage":"sl-SI","@id":"https:\/\/hudo.com\/si\/#\/schema\/logo\/image\/","url":"https:\/\/hudo.com\/si\/wp-content\/uploads\/sites\/2\/2021\/03\/hudo-app-2.png","contentUrl":"https:\/\/hudo.com\/si\/wp-content\/uploads\/sites\/2\/2021\/03\/hudo-app-2.png","width":2185,"height":2167,"caption":"VSN Media"},"image":{"@id":"https:\/\/hudo.com\/si\/#\/schema\/logo\/image\/"},"sameAs":["https:\/\/www.facebook.com\/hudo.si","https:\/\/twitter.com\/hudo_si"]},{"@type":"Person","@id":"https:\/\/hudo.com\/si\/#\/schema\/person\/601cf3379633985b20f7e50f2bb47707","name":"hudo","image":{"@type":"ImageObject","inLanguage":"sl-SI","@id":"https:\/\/hudo.com\/si\/#\/schema\/person\/image\/","url":"https:\/\/secure.gravatar.com\/avatar\/c4ca25fa72cace7a696b52ff5db9e095?s=96&d=mm&r=g","contentUrl":"https:\/\/secure.gravatar.com\/avatar\/c4ca25fa72cace7a696b52ff5db9e095?s=96&d=mm&r=g","caption":"hudo"},"url":"https:\/\/hudo.com\/si\/author\/hudo\/"}]}},"amp_enabled":true,"_links":{"self":[{"href":"https:\/\/hudo.com\/si\/wp-json\/wp\/v2\/posts\/212200"}],"collection":[{"href":"https:\/\/hudo.com\/si\/wp-json\/wp\/v2\/posts"}],"about":[{"href":"https:\/\/hudo.com\/si\/wp-json\/wp\/v2\/types\/post"}],"author":[{"embeddable":true,"href":"https:\/\/hudo.com\/si\/wp-json\/wp\/v2\/users\/1"}],"replies":[{"embeddable":true,"href":"https:\/\/hudo.com\/si\/wp-json\/wp\/v2\/comments?post=212200"}],"version-history":[{"count":1,"href":"https:\/\/hudo.com\/si\/wp-json\/wp\/v2\/posts\/212200\/revisions"}],"predecessor-version":[{"id":212246,"href":"https:\/\/hudo.com\/si\/wp-json\/wp\/v2\/posts\/212200\/revisions\/212246"}],"wp:attachment":[{"href":"https:\/\/hudo.com\/si\/wp-json\/wp\/v2\/media?parent=212200"}],"wp:term":[{"taxonomy":"category","embeddable":true,"href":"https:\/\/hudo.com\/si\/wp-json\/wp\/v2\/categories?post=212200"},{"taxonomy":"post_tag","embeddable":true,"href":"https:\/\/hudo.com\/si\/wp-json\/wp\/v2\/tags?post=212200"},{"taxonomy":"source","embeddable":true,"href":"https:\/\/hudo.com\/si\/wp-json\/wp\/v2\/source?post=212200"},{"taxonomy":"supertag","embeddable":true,"href":"https:\/\/hudo.com\/si\/wp-json\/wp\/v2\/supertag?post=212200"}],"curies":[{"name":"wp","href":"https:\/\/api.w.org\/{rel}","templated":true}]}}