{"id":213300,"date":"2017-02-20T15:26:00","date_gmt":"2017-02-20T14:26:00","guid":{"rendered":"http:\/\/hudo.com\/si\/2017\/02\/20\/zaplet-s-korosko-dezelno-ustavo-se-lahko-hitro-resi\/"},"modified":"2017-02-20T18:22:05","modified_gmt":"2017-02-20T17:22:05","slug":"zaplet-s-korosko-dezelno-ustavo-se-lahko-hitro-resi","status":"publish","type":"post","link":"https:\/\/hudo.com\/si\/aktualno\/zaplet-s-korosko-dezelno-ustavo-se-lahko-hitro-resi\/","title":{"rendered":"Zaplet s koro\u0161ko de\u017eelno ustavo se lahko hitro re\u0161i"},"content":{"rendered":"<p>Kategorija: Politika Mon, 20 Feb 2017 16:26:00 +0100  Ljubljana &#8211; Zunanji minister Karl Erjavec, minister za Slovence v zamejstvu in po svetu Gorazd \u017dmavc in predstavniki slovenske manj\u0161ine na avstrijskem Koro\u0161kem so danes po sre\u010danju v Ljubljani optimisti\u010dno poudarili, da se lahko zaplet glede spreminjanja koro\u0161ke de\u017eelne ustave, ki bi kot de\u017eelni jezik vpeljal zgolj nem\u0161\u010dino, re\u0161i brez ve\u010djih te\u017eav. Erjavec je po sre\u010danju na zunanjem ministrstvu dejal, da je velik korak naprej to, da bo prvi\u010d po letu 1918 v koro\u0161ki de\u017eelni ustavi ponovno omenjena slovenska narodna skupnost, vendar se je treba uskladiti \u0161e glede dela besedila, kjer pi\u0161e, da je nem\u0161\u010dina edini de\u017eelni jezik. Tega zapleta pa po njegovih besedah ne bo te\u017eko re\u0161iti. \u00bbVsi smo optimisti\u010dni, v smislu, da vidimo mo\u017enosti, da lahko tukaj najdemo skupno re\u0161itev, ko govorimo o koro\u0161ki de\u017eelni ustavi,\u00ab je dejal Erjavec. Po sre\u010danju\u00a0&#8230;<\/p>\n","protected":false},"excerpt":{"rendered":"<p>Kategorija: Politika Mon, 20 Feb 2017 16:26:00 +0100  Ljubljana &#8211; Zunanji minister Karl Erjavec, minister za Slovence v zamejstvu in po svetu Gorazd \u017dmavc in predstavniki slovenske manj\u0161ine na avstrijskem Koro\u0161kem so danes po sre\u010danju v Ljubljani optimisti\u010dno poudarili, da se lahko zaplet glede spreminjanja koro\u0161ke de\u017eelne ustave, ki bi kot de\u017eelni jezik vpeljal zgolj nem\u0161\u010dino, re\u0161i brez ve\u010djih te\u017eav. Erjavec je po sre\u010danju na zunanjem ministrstvu dejal, da je velik korak naprej to, da bo prvi\u010d po letu 1918 v koro\u0161ki de\u017eelni ustavi ponovno omenjena slovenska narodna skupnost, vendar se je treba uskladiti \u0161e glede dela besedila, kjer pi\u0161e, da je nem\u0161\u010dina edini de\u017eelni jezik. Tega zapleta pa po njegovih besedah ne bo te\u017eko re\u0161iti. \u00bbVsi smo optimisti\u010dni, v smislu, da vidimo mo\u017enosti, da lahko tukaj najdemo skupno re\u0161itev, ko govorimo o koro\u0161ki de\u017eelni ustavi,\u00ab je dejal Erjavec. Po sre\u010danju\u00a0&#8230;<\/p>\n","protected":false},"author":1,"featured_media":0,"comment_status":"closed","ping_status":"closed","sticky":false,"template":"","format":"standard","meta":{"footnotes":""},"categories":[1179],"tags":[],"source":[1703],"supertag":[],"acf":[],"yoast_head":"<!-- This site is optimized with the Yoast SEO plugin v21.3 - https:\/\/yoast.com\/wordpress\/plugins\/seo\/ -->\n<title>Zaplet s koro\u0161ko de\u017eelno ustavo se lahko hitro re\u0161i - Hudo Slovenija<\/title>\n<meta name=\"robots\" content=\"index, follow, max-snippet:-1, max-image-preview:large, max-video-preview:-1\" \/>\n<link rel=\"canonical\" href=\"https:\/\/hudo.com\/si\/aktualno\/zaplet-s-korosko-dezelno-ustavo-se-lahko-hitro-resi\/\" \/>\n<meta property=\"og:locale\" content=\"sl_SI\" \/>\n<meta property=\"og:type\" content=\"article\" \/>\n<meta property=\"og:title\" content=\"Zaplet s koro\u0161ko de\u017eelno ustavo se lahko hitro re\u0161i - Hudo Slovenija\" \/>\n<meta property=\"og:description\" content=\"Kategorija: Politika Mon, 20 Feb 2017 16:26:00 +0100 Ljubljana - Zunanji minister Karl Erjavec, minister za Slovence v zamejstvu in po svetu Gorazd \u017dmavc in predstavniki slovenske manj\u0161ine na avstrijskem Koro\u0161kem so danes po sre\u010danju v Ljubljani optimisti\u010dno poudarili, da se lahko zaplet glede spreminjanja koro\u0161ke de\u017eelne ustave, ki bi kot de\u017eelni jezik vpeljal zgolj nem\u0161\u010dino, re\u0161i brez ve\u010djih te\u017eav. Erjavec je po sre\u010danju na zunanjem ministrstvu dejal, da je velik korak naprej to, da bo prvi\u010d po letu 1918 v koro\u0161ki de\u017eelni ustavi ponovno omenjena slovenska narodna skupnost, vendar se je treba uskladiti \u0161e glede dela besedila, kjer pi\u0161e, da je nem\u0161\u010dina edini de\u017eelni jezik. Tega zapleta pa po njegovih besedah ne bo te\u017eko re\u0161iti. \u00bbVsi smo optimisti\u010dni, v smislu, da vidimo mo\u017enosti, da lahko tukaj najdemo skupno re\u0161itev, ko govorimo o koro\u0161ki de\u017eelni ustavi,\u00ab je dejal Erjavec. Po sre\u010danju\u00a0...\" \/>\n<meta property=\"og:url\" content=\"https:\/\/hudo.com\/si\/aktualno\/zaplet-s-korosko-dezelno-ustavo-se-lahko-hitro-resi\/\" \/>\n<meta property=\"og:site_name\" content=\"Hudo Slovenija\" \/>\n<meta property=\"article:publisher\" content=\"https:\/\/www.facebook.com\/hudo.si\" \/>\n<meta property=\"article:published_time\" content=\"2017-02-20T14:26:00+00:00\" \/>\n<meta property=\"article:modified_time\" content=\"2017-02-20T17:22:05+00:00\" \/>\n<meta property=\"og:image\" content=\"https:\/\/hudo.com\/si\/wp-content\/uploads\/sites\/2\/2017\/02\/480x290_Delo_Foto-20170220125841-66859900.jpeg\" \/>\n\t<meta property=\"og:image:width\" content=\"480\" \/>\n\t<meta property=\"og:image:height\" content=\"290\" \/>\n\t<meta property=\"og:image:type\" content=\"image\/jpeg\" \/>\n<meta name=\"author\" content=\"hudo\" \/>\n<meta name=\"twitter:card\" content=\"summary_large_image\" \/>\n<meta name=\"twitter:creator\" content=\"@hudo_si\" \/>\n<meta name=\"twitter:site\" content=\"@hudo_si\" \/>\n<meta name=\"twitter:label1\" content=\"Written by\" \/>\n\t<meta name=\"twitter:data1\" content=\"hudo\" \/>\n\t<meta name=\"twitter:label2\" content=\"Est. reading time\" \/>\n\t<meta name=\"twitter:data2\" content=\"1 minuta\" \/>\n<script type=\"application\/ld+json\" class=\"yoast-schema-graph\">{\"@context\":\"https:\/\/schema.org\",\"@graph\":[{\"@type\":\"Article\",\"@id\":\"https:\/\/hudo.com\/si\/aktualno\/zaplet-s-korosko-dezelno-ustavo-se-lahko-hitro-resi\/#article\",\"isPartOf\":{\"@id\":\"https:\/\/hudo.com\/si\/aktualno\/zaplet-s-korosko-dezelno-ustavo-se-lahko-hitro-resi\/\"},\"author\":{\"name\":\"hudo\",\"@id\":\"https:\/\/hudo.com\/si\/#\/schema\/person\/601cf3379633985b20f7e50f2bb47707\"},\"headline\":\"Zaplet s koro\u0161ko de\u017eelno ustavo se lahko hitro re\u0161i\",\"datePublished\":\"2017-02-20T14:26:00+00:00\",\"dateModified\":\"2017-02-20T17:22:05+00:00\",\"mainEntityOfPage\":{\"@id\":\"https:\/\/hudo.com\/si\/aktualno\/zaplet-s-korosko-dezelno-ustavo-se-lahko-hitro-resi\/\"},\"wordCount\":173,\"publisher\":{\"@id\":\"https:\/\/hudo.com\/si\/#organization\"},\"articleSection\":[\"Aktualno\"],\"inLanguage\":\"sl-SI\"},{\"@type\":\"WebPage\",\"@id\":\"https:\/\/hudo.com\/si\/aktualno\/zaplet-s-korosko-dezelno-ustavo-se-lahko-hitro-resi\/\",\"url\":\"https:\/\/hudo.com\/si\/aktualno\/zaplet-s-korosko-dezelno-ustavo-se-lahko-hitro-resi\/\",\"name\":\"Zaplet s koro\u0161ko de\u017eelno ustavo se lahko hitro re\u0161i - Hudo Slovenija\",\"isPartOf\":{\"@id\":\"https:\/\/hudo.com\/si\/#website\"},\"datePublished\":\"2017-02-20T14:26:00+00:00\",\"dateModified\":\"2017-02-20T17:22:05+00:00\",\"breadcrumb\":{\"@id\":\"https:\/\/hudo.com\/si\/aktualno\/zaplet-s-korosko-dezelno-ustavo-se-lahko-hitro-resi\/#breadcrumb\"},\"inLanguage\":\"sl-SI\",\"potentialAction\":[{\"@type\":\"ReadAction\",\"target\":[\"https:\/\/hudo.com\/si\/aktualno\/zaplet-s-korosko-dezelno-ustavo-se-lahko-hitro-resi\/\"]}]},{\"@type\":\"BreadcrumbList\",\"@id\":\"https:\/\/hudo.com\/si\/aktualno\/zaplet-s-korosko-dezelno-ustavo-se-lahko-hitro-resi\/#breadcrumb\",\"itemListElement\":[{\"@type\":\"ListItem\",\"position\":1,\"name\":\"Home\",\"item\":\"https:\/\/hudo.com\/si\/\"},{\"@type\":\"ListItem\",\"position\":2,\"name\":\"Zaplet s koro\u0161ko de\u017eelno ustavo se lahko hitro re\u0161i\"}]},{\"@type\":\"WebSite\",\"@id\":\"https:\/\/hudo.com\/si\/#website\",\"url\":\"https:\/\/hudo.com\/si\/\",\"name\":\"Hudo Slovenija\",\"description\":\"Vse novice iz Slovenije in sveta\",\"publisher\":{\"@id\":\"https:\/\/hudo.com\/si\/#organization\"},\"potentialAction\":[{\"@type\":\"SearchAction\",\"target\":{\"@type\":\"EntryPoint\",\"urlTemplate\":\"https:\/\/hudo.com\/si\/?s={search_term_string}\"},\"query-input\":\"required name=search_term_string\"}],\"inLanguage\":\"sl-SI\"},{\"@type\":\"Organization\",\"@id\":\"https:\/\/hudo.com\/si\/#organization\",\"name\":\"VSN Media\",\"url\":\"https:\/\/hudo.com\/si\/\",\"logo\":{\"@type\":\"ImageObject\",\"inLanguage\":\"sl-SI\",\"@id\":\"https:\/\/hudo.com\/si\/#\/schema\/logo\/image\/\",\"url\":\"https:\/\/hudo.com\/si\/wp-content\/uploads\/sites\/2\/2021\/03\/hudo-app-2.png\",\"contentUrl\":\"https:\/\/hudo.com\/si\/wp-content\/uploads\/sites\/2\/2021\/03\/hudo-app-2.png\",\"width\":2185,\"height\":2167,\"caption\":\"VSN Media\"},\"image\":{\"@id\":\"https:\/\/hudo.com\/si\/#\/schema\/logo\/image\/\"},\"sameAs\":[\"https:\/\/www.facebook.com\/hudo.si\",\"https:\/\/twitter.com\/hudo_si\"]},{\"@type\":\"Person\",\"@id\":\"https:\/\/hudo.com\/si\/#\/schema\/person\/601cf3379633985b20f7e50f2bb47707\",\"name\":\"hudo\",\"image\":{\"@type\":\"ImageObject\",\"inLanguage\":\"sl-SI\",\"@id\":\"https:\/\/hudo.com\/si\/#\/schema\/person\/image\/\",\"url\":\"https:\/\/secure.gravatar.com\/avatar\/c4ca25fa72cace7a696b52ff5db9e095?s=96&d=mm&r=g\",\"contentUrl\":\"https:\/\/secure.gravatar.com\/avatar\/c4ca25fa72cace7a696b52ff5db9e095?s=96&d=mm&r=g\",\"caption\":\"hudo\"},\"url\":\"https:\/\/hudo.com\/si\/author\/hudo\/\"}]}<\/script>\n<!-- \/ Yoast SEO plugin. -->","yoast_head_json":{"title":"Zaplet s koro\u0161ko de\u017eelno ustavo se lahko hitro re\u0161i - Hudo Slovenija","robots":{"index":"index","follow":"follow","max-snippet":"max-snippet:-1","max-image-preview":"max-image-preview:large","max-video-preview":"max-video-preview:-1"},"canonical":"https:\/\/hudo.com\/si\/aktualno\/zaplet-s-korosko-dezelno-ustavo-se-lahko-hitro-resi\/","og_locale":"sl_SI","og_type":"article","og_title":"Zaplet s koro\u0161ko de\u017eelno ustavo se lahko hitro re\u0161i - Hudo Slovenija","og_description":"Kategorija: Politika Mon, 20 Feb 2017 16:26:00 +0100 Ljubljana - Zunanji minister Karl Erjavec, minister za Slovence v zamejstvu in po svetu Gorazd \u017dmavc in predstavniki slovenske manj\u0161ine na avstrijskem Koro\u0161kem so danes po sre\u010danju v Ljubljani optimisti\u010dno poudarili, da se lahko zaplet glede spreminjanja koro\u0161ke de\u017eelne ustave, ki bi kot de\u017eelni jezik vpeljal zgolj nem\u0161\u010dino, re\u0161i brez ve\u010djih te\u017eav. Erjavec je po sre\u010danju na zunanjem ministrstvu dejal, da je velik korak naprej to, da bo prvi\u010d po letu 1918 v koro\u0161ki de\u017eelni ustavi ponovno omenjena slovenska narodna skupnost, vendar se je treba uskladiti \u0161e glede dela besedila, kjer pi\u0161e, da je nem\u0161\u010dina edini de\u017eelni jezik. Tega zapleta pa po njegovih besedah ne bo te\u017eko re\u0161iti. \u00bbVsi smo optimisti\u010dni, v smislu, da vidimo mo\u017enosti, da lahko tukaj najdemo skupno re\u0161itev, ko govorimo o koro\u0161ki de\u017eelni ustavi,\u00ab je dejal Erjavec. Po sre\u010danju\u00a0...","og_url":"https:\/\/hudo.com\/si\/aktualno\/zaplet-s-korosko-dezelno-ustavo-se-lahko-hitro-resi\/","og_site_name":"Hudo Slovenija","article_publisher":"https:\/\/www.facebook.com\/hudo.si","article_published_time":"2017-02-20T14:26:00+00:00","article_modified_time":"2017-02-20T17:22:05+00:00","og_image":[{"width":480,"height":290,"url":"https:\/\/hudo.com\/si\/wp-content\/uploads\/sites\/2\/2017\/02\/480x290_Delo_Foto-20170220125841-66859900.jpeg","type":"image\/jpeg"}],"author":"hudo","twitter_card":"summary_large_image","twitter_creator":"@hudo_si","twitter_site":"@hudo_si","twitter_misc":{"Written by":"hudo","Est. reading time":"1 minuta"},"schema":{"@context":"https:\/\/schema.org","@graph":[{"@type":"Article","@id":"https:\/\/hudo.com\/si\/aktualno\/zaplet-s-korosko-dezelno-ustavo-se-lahko-hitro-resi\/#article","isPartOf":{"@id":"https:\/\/hudo.com\/si\/aktualno\/zaplet-s-korosko-dezelno-ustavo-se-lahko-hitro-resi\/"},"author":{"name":"hudo","@id":"https:\/\/hudo.com\/si\/#\/schema\/person\/601cf3379633985b20f7e50f2bb47707"},"headline":"Zaplet s koro\u0161ko de\u017eelno ustavo se lahko hitro re\u0161i","datePublished":"2017-02-20T14:26:00+00:00","dateModified":"2017-02-20T17:22:05+00:00","mainEntityOfPage":{"@id":"https:\/\/hudo.com\/si\/aktualno\/zaplet-s-korosko-dezelno-ustavo-se-lahko-hitro-resi\/"},"wordCount":173,"publisher":{"@id":"https:\/\/hudo.com\/si\/#organization"},"articleSection":["Aktualno"],"inLanguage":"sl-SI"},{"@type":"WebPage","@id":"https:\/\/hudo.com\/si\/aktualno\/zaplet-s-korosko-dezelno-ustavo-se-lahko-hitro-resi\/","url":"https:\/\/hudo.com\/si\/aktualno\/zaplet-s-korosko-dezelno-ustavo-se-lahko-hitro-resi\/","name":"Zaplet s koro\u0161ko de\u017eelno ustavo se lahko hitro re\u0161i - Hudo Slovenija","isPartOf":{"@id":"https:\/\/hudo.com\/si\/#website"},"datePublished":"2017-02-20T14:26:00+00:00","dateModified":"2017-02-20T17:22:05+00:00","breadcrumb":{"@id":"https:\/\/hudo.com\/si\/aktualno\/zaplet-s-korosko-dezelno-ustavo-se-lahko-hitro-resi\/#breadcrumb"},"inLanguage":"sl-SI","potentialAction":[{"@type":"ReadAction","target":["https:\/\/hudo.com\/si\/aktualno\/zaplet-s-korosko-dezelno-ustavo-se-lahko-hitro-resi\/"]}]},{"@type":"BreadcrumbList","@id":"https:\/\/hudo.com\/si\/aktualno\/zaplet-s-korosko-dezelno-ustavo-se-lahko-hitro-resi\/#breadcrumb","itemListElement":[{"@type":"ListItem","position":1,"name":"Home","item":"https:\/\/hudo.com\/si\/"},{"@type":"ListItem","position":2,"name":"Zaplet s koro\u0161ko de\u017eelno ustavo se lahko hitro re\u0161i"}]},{"@type":"WebSite","@id":"https:\/\/hudo.com\/si\/#website","url":"https:\/\/hudo.com\/si\/","name":"Hudo Slovenija","description":"Vse novice iz Slovenije in sveta","publisher":{"@id":"https:\/\/hudo.com\/si\/#organization"},"potentialAction":[{"@type":"SearchAction","target":{"@type":"EntryPoint","urlTemplate":"https:\/\/hudo.com\/si\/?s={search_term_string}"},"query-input":"required name=search_term_string"}],"inLanguage":"sl-SI"},{"@type":"Organization","@id":"https:\/\/hudo.com\/si\/#organization","name":"VSN Media","url":"https:\/\/hudo.com\/si\/","logo":{"@type":"ImageObject","inLanguage":"sl-SI","@id":"https:\/\/hudo.com\/si\/#\/schema\/logo\/image\/","url":"https:\/\/hudo.com\/si\/wp-content\/uploads\/sites\/2\/2021\/03\/hudo-app-2.png","contentUrl":"https:\/\/hudo.com\/si\/wp-content\/uploads\/sites\/2\/2021\/03\/hudo-app-2.png","width":2185,"height":2167,"caption":"VSN Media"},"image":{"@id":"https:\/\/hudo.com\/si\/#\/schema\/logo\/image\/"},"sameAs":["https:\/\/www.facebook.com\/hudo.si","https:\/\/twitter.com\/hudo_si"]},{"@type":"Person","@id":"https:\/\/hudo.com\/si\/#\/schema\/person\/601cf3379633985b20f7e50f2bb47707","name":"hudo","image":{"@type":"ImageObject","inLanguage":"sl-SI","@id":"https:\/\/hudo.com\/si\/#\/schema\/person\/image\/","url":"https:\/\/secure.gravatar.com\/avatar\/c4ca25fa72cace7a696b52ff5db9e095?s=96&d=mm&r=g","contentUrl":"https:\/\/secure.gravatar.com\/avatar\/c4ca25fa72cace7a696b52ff5db9e095?s=96&d=mm&r=g","caption":"hudo"},"url":"https:\/\/hudo.com\/si\/author\/hudo\/"}]}},"amp_enabled":true,"_links":{"self":[{"href":"https:\/\/hudo.com\/si\/wp-json\/wp\/v2\/posts\/213300"}],"collection":[{"href":"https:\/\/hudo.com\/si\/wp-json\/wp\/v2\/posts"}],"about":[{"href":"https:\/\/hudo.com\/si\/wp-json\/wp\/v2\/types\/post"}],"author":[{"embeddable":true,"href":"https:\/\/hudo.com\/si\/wp-json\/wp\/v2\/users\/1"}],"replies":[{"embeddable":true,"href":"https:\/\/hudo.com\/si\/wp-json\/wp\/v2\/comments?post=213300"}],"version-history":[{"count":1,"href":"https:\/\/hudo.com\/si\/wp-json\/wp\/v2\/posts\/213300\/revisions"}],"predecessor-version":[{"id":213342,"href":"https:\/\/hudo.com\/si\/wp-json\/wp\/v2\/posts\/213300\/revisions\/213342"}],"wp:attachment":[{"href":"https:\/\/hudo.com\/si\/wp-json\/wp\/v2\/media?parent=213300"}],"wp:term":[{"taxonomy":"category","embeddable":true,"href":"https:\/\/hudo.com\/si\/wp-json\/wp\/v2\/categories?post=213300"},{"taxonomy":"post_tag","embeddable":true,"href":"https:\/\/hudo.com\/si\/wp-json\/wp\/v2\/tags?post=213300"},{"taxonomy":"source","embeddable":true,"href":"https:\/\/hudo.com\/si\/wp-json\/wp\/v2\/source?post=213300"},{"taxonomy":"supertag","embeddable":true,"href":"https:\/\/hudo.com\/si\/wp-json\/wp\/v2\/supertag?post=213300"}],"curies":[{"name":"wp","href":"https:\/\/api.w.org\/{rel}","templated":true}]}}