{"id":213306,"date":"2017-02-20T15:12:00","date_gmt":"2017-02-20T14:12:00","guid":{"rendered":"http:\/\/hudo.com\/si\/2017\/02\/20\/v-delih-juznega-sudana-razglasili-lakoto\/"},"modified":"2017-02-20T18:22:21","modified_gmt":"2017-02-20T17:22:21","slug":"v-delih-juznega-sudana-razglasili-lakoto","status":"publish","type":"post","link":"https:\/\/hudo.com\/si\/aktualno\/v-delih-juznega-sudana-razglasili-lakoto\/","title":{"rendered":"V delih Ju\u017enega Sudana razglasili lakoto"},"content":{"rendered":"<p>Kategorija: Krize Mon, 20 Feb 2017 16:12:00 +0100  Tri leta dr\u017eavljanske vojne so najmlaj\u0161o dr\u017eavo na svetu Ju\u017eni Sudan pahnili \u010dez rob lakote. Predsedujo\u010di nacionalnemu uradu za statistiko Isaiah Chol Aruai v Ju\u017enem Sudanu je razglasil, da v nekaterih delih\u00a0 regije Unity na severu dr\u017eave \u017ee vlada lakota ali pa je gro\u017enja velika. Uradna razglasitev lakote na obmo\u010dju pomeni, da je lakota \u017ee zahtevala smrtne \u017ertve. Po navedbah mednarodnih organizacij \u00a0(WFP, Unicef in Fao) se Ju\u017eni Sudan spopada z najhuj\u0161o humanitarno katastrofo od za\u010detka vojne leta 2013. Kar pa je najhuje, kot opozarjajo, da je za tragedijo odgovoren \u010dlovek. Tri leta vojne, najhuj\u0161i spopadi potekaj prav za z nafto bogato zvezno dr\u017eavo Unity, visoke cene hrane, ekonomska kriza, majhna kmetijska proizvodnja in slabi pogoji za \u017eivljenje so skoraj pet milijonov ljudi po navedbah oblasti pripeljali na rob pre\u017eivetja. \u00a0 \u00bbGlavna\u00a0&#8230;<\/p>\n","protected":false},"excerpt":{"rendered":"<p>Kategorija: Krize Mon, 20 Feb 2017 16:12:00 +0100  Tri leta dr\u017eavljanske vojne so najmlaj\u0161o dr\u017eavo na svetu Ju\u017eni Sudan pahnili \u010dez rob lakote. Predsedujo\u010di nacionalnemu uradu za statistiko Isaiah Chol Aruai v Ju\u017enem Sudanu je razglasil, da v nekaterih delih\u00a0 regije Unity na severu dr\u017eave \u017ee vlada lakota ali pa je gro\u017enja velika. Uradna razglasitev lakote na obmo\u010dju pomeni, da je lakota \u017ee zahtevala smrtne \u017ertve. Po navedbah mednarodnih organizacij \u00a0(WFP, Unicef in Fao) se Ju\u017eni Sudan spopada z najhuj\u0161o humanitarno katastrofo od za\u010detka vojne leta 2013. Kar pa je najhuje, kot opozarjajo, da je za tragedijo odgovoren \u010dlovek. Tri leta vojne, najhuj\u0161i spopadi potekaj prav za z nafto bogato zvezno dr\u017eavo Unity, visoke cene hrane, ekonomska kriza, majhna kmetijska proizvodnja in slabi pogoji za \u017eivljenje so skoraj pet milijonov ljudi po navedbah oblasti pripeljali na rob pre\u017eivetja. \u00a0 \u00bbGlavna\u00a0&#8230;<\/p>\n","protected":false},"author":1,"featured_media":0,"comment_status":"closed","ping_status":"closed","sticky":false,"template":"","format":"standard","meta":{"footnotes":""},"categories":[1179],"tags":[],"source":[1703],"supertag":[],"acf":[],"yoast_head":"<!-- This site is optimized with the Yoast SEO plugin v21.3 - https:\/\/yoast.com\/wordpress\/plugins\/seo\/ -->\n<title>V delih Ju\u017enega Sudana razglasili lakoto - Hudo Slovenija<\/title>\n<meta name=\"robots\" content=\"index, follow, max-snippet:-1, max-image-preview:large, max-video-preview:-1\" \/>\n<link rel=\"canonical\" href=\"https:\/\/hudo.com\/si\/aktualno\/v-delih-juznega-sudana-razglasili-lakoto\/\" \/>\n<meta property=\"og:locale\" content=\"sl_SI\" \/>\n<meta property=\"og:type\" content=\"article\" \/>\n<meta property=\"og:title\" content=\"V delih Ju\u017enega Sudana razglasili lakoto - Hudo Slovenija\" \/>\n<meta property=\"og:description\" content=\"Kategorija: Krize Mon, 20 Feb 2017 16:12:00 +0100 Tri leta dr\u017eavljanske vojne so najmlaj\u0161o dr\u017eavo na svetu Ju\u017eni Sudan pahnili \u010dez rob lakote. Predsedujo\u010di nacionalnemu uradu za statistiko Isaiah Chol Aruai v Ju\u017enem Sudanu je razglasil, da v nekaterih delih\u00a0 regije Unity na severu dr\u017eave \u017ee vlada lakota ali pa je gro\u017enja velika. Uradna razglasitev lakote na obmo\u010dju pomeni, da je lakota \u017ee zahtevala smrtne \u017ertve. Po navedbah mednarodnih organizacij \u00a0(WFP, Unicef in Fao) se Ju\u017eni Sudan spopada z najhuj\u0161o humanitarno katastrofo od za\u010detka vojne leta 2013. Kar pa je najhuje, kot opozarjajo, da je za tragedijo odgovoren \u010dlovek. Tri leta vojne, najhuj\u0161i spopadi potekaj prav za z nafto bogato zvezno dr\u017eavo Unity, visoke cene hrane, ekonomska kriza, majhna kmetijska proizvodnja in slabi pogoji za \u017eivljenje so skoraj pet milijonov ljudi po navedbah oblasti pripeljali na rob pre\u017eivetja. \u00a0 \u00bbGlavna\u00a0...\" \/>\n<meta property=\"og:url\" content=\"https:\/\/hudo.com\/si\/aktualno\/v-delih-juznega-sudana-razglasili-lakoto\/\" \/>\n<meta property=\"og:site_name\" content=\"Hudo Slovenija\" \/>\n<meta property=\"article:publisher\" content=\"https:\/\/www.facebook.com\/hudo.si\" \/>\n<meta property=\"article:published_time\" content=\"2017-02-20T14:12:00+00:00\" \/>\n<meta property=\"article:modified_time\" content=\"2017-02-20T17:22:21+00:00\" \/>\n<meta property=\"og:image\" content=\"https:\/\/hudo.com\/si\/wp-content\/uploads\/sites\/2\/2017\/02\/480x290_AFP_Photo-20170220094329-00068900.jpeg\" \/>\n\t<meta property=\"og:image:width\" content=\"480\" \/>\n\t<meta property=\"og:image:height\" content=\"290\" \/>\n\t<meta property=\"og:image:type\" content=\"image\/jpeg\" \/>\n<meta name=\"author\" content=\"hudo\" \/>\n<meta name=\"twitter:card\" content=\"summary_large_image\" \/>\n<meta name=\"twitter:creator\" content=\"@hudo_si\" \/>\n<meta name=\"twitter:site\" content=\"@hudo_si\" \/>\n<meta name=\"twitter:label1\" content=\"Written by\" \/>\n\t<meta name=\"twitter:data1\" content=\"hudo\" \/>\n\t<meta name=\"twitter:label2\" content=\"Est. reading time\" \/>\n\t<meta name=\"twitter:data2\" content=\"1 minuta\" \/>\n<script type=\"application\/ld+json\" class=\"yoast-schema-graph\">{\"@context\":\"https:\/\/schema.org\",\"@graph\":[{\"@type\":\"Article\",\"@id\":\"https:\/\/hudo.com\/si\/aktualno\/v-delih-juznega-sudana-razglasili-lakoto\/#article\",\"isPartOf\":{\"@id\":\"https:\/\/hudo.com\/si\/aktualno\/v-delih-juznega-sudana-razglasili-lakoto\/\"},\"author\":{\"name\":\"hudo\",\"@id\":\"https:\/\/hudo.com\/si\/#\/schema\/person\/601cf3379633985b20f7e50f2bb47707\"},\"headline\":\"V delih Ju\u017enega Sudana razglasili lakoto\",\"datePublished\":\"2017-02-20T14:12:00+00:00\",\"dateModified\":\"2017-02-20T17:22:21+00:00\",\"mainEntityOfPage\":{\"@id\":\"https:\/\/hudo.com\/si\/aktualno\/v-delih-juznega-sudana-razglasili-lakoto\/\"},\"wordCount\":156,\"publisher\":{\"@id\":\"https:\/\/hudo.com\/si\/#organization\"},\"articleSection\":[\"Aktualno\"],\"inLanguage\":\"sl-SI\"},{\"@type\":\"WebPage\",\"@id\":\"https:\/\/hudo.com\/si\/aktualno\/v-delih-juznega-sudana-razglasili-lakoto\/\",\"url\":\"https:\/\/hudo.com\/si\/aktualno\/v-delih-juznega-sudana-razglasili-lakoto\/\",\"name\":\"V delih Ju\u017enega Sudana razglasili lakoto - Hudo Slovenija\",\"isPartOf\":{\"@id\":\"https:\/\/hudo.com\/si\/#website\"},\"datePublished\":\"2017-02-20T14:12:00+00:00\",\"dateModified\":\"2017-02-20T17:22:21+00:00\",\"breadcrumb\":{\"@id\":\"https:\/\/hudo.com\/si\/aktualno\/v-delih-juznega-sudana-razglasili-lakoto\/#breadcrumb\"},\"inLanguage\":\"sl-SI\",\"potentialAction\":[{\"@type\":\"ReadAction\",\"target\":[\"https:\/\/hudo.com\/si\/aktualno\/v-delih-juznega-sudana-razglasili-lakoto\/\"]}]},{\"@type\":\"BreadcrumbList\",\"@id\":\"https:\/\/hudo.com\/si\/aktualno\/v-delih-juznega-sudana-razglasili-lakoto\/#breadcrumb\",\"itemListElement\":[{\"@type\":\"ListItem\",\"position\":1,\"name\":\"Home\",\"item\":\"https:\/\/hudo.com\/si\/\"},{\"@type\":\"ListItem\",\"position\":2,\"name\":\"V delih Ju\u017enega Sudana razglasili lakoto\"}]},{\"@type\":\"WebSite\",\"@id\":\"https:\/\/hudo.com\/si\/#website\",\"url\":\"https:\/\/hudo.com\/si\/\",\"name\":\"Hudo Slovenija\",\"description\":\"Vse novice iz Slovenije in sveta\",\"publisher\":{\"@id\":\"https:\/\/hudo.com\/si\/#organization\"},\"potentialAction\":[{\"@type\":\"SearchAction\",\"target\":{\"@type\":\"EntryPoint\",\"urlTemplate\":\"https:\/\/hudo.com\/si\/?s={search_term_string}\"},\"query-input\":\"required name=search_term_string\"}],\"inLanguage\":\"sl-SI\"},{\"@type\":\"Organization\",\"@id\":\"https:\/\/hudo.com\/si\/#organization\",\"name\":\"VSN Media\",\"url\":\"https:\/\/hudo.com\/si\/\",\"logo\":{\"@type\":\"ImageObject\",\"inLanguage\":\"sl-SI\",\"@id\":\"https:\/\/hudo.com\/si\/#\/schema\/logo\/image\/\",\"url\":\"https:\/\/hudo.com\/si\/wp-content\/uploads\/sites\/2\/2021\/03\/hudo-app-2.png\",\"contentUrl\":\"https:\/\/hudo.com\/si\/wp-content\/uploads\/sites\/2\/2021\/03\/hudo-app-2.png\",\"width\":2185,\"height\":2167,\"caption\":\"VSN Media\"},\"image\":{\"@id\":\"https:\/\/hudo.com\/si\/#\/schema\/logo\/image\/\"},\"sameAs\":[\"https:\/\/www.facebook.com\/hudo.si\",\"https:\/\/twitter.com\/hudo_si\"]},{\"@type\":\"Person\",\"@id\":\"https:\/\/hudo.com\/si\/#\/schema\/person\/601cf3379633985b20f7e50f2bb47707\",\"name\":\"hudo\",\"image\":{\"@type\":\"ImageObject\",\"inLanguage\":\"sl-SI\",\"@id\":\"https:\/\/hudo.com\/si\/#\/schema\/person\/image\/\",\"url\":\"https:\/\/secure.gravatar.com\/avatar\/c4ca25fa72cace7a696b52ff5db9e095?s=96&d=mm&r=g\",\"contentUrl\":\"https:\/\/secure.gravatar.com\/avatar\/c4ca25fa72cace7a696b52ff5db9e095?s=96&d=mm&r=g\",\"caption\":\"hudo\"},\"url\":\"https:\/\/hudo.com\/si\/author\/hudo\/\"}]}<\/script>\n<!-- \/ Yoast SEO plugin. -->","yoast_head_json":{"title":"V delih Ju\u017enega Sudana razglasili lakoto - Hudo Slovenija","robots":{"index":"index","follow":"follow","max-snippet":"max-snippet:-1","max-image-preview":"max-image-preview:large","max-video-preview":"max-video-preview:-1"},"canonical":"https:\/\/hudo.com\/si\/aktualno\/v-delih-juznega-sudana-razglasili-lakoto\/","og_locale":"sl_SI","og_type":"article","og_title":"V delih Ju\u017enega Sudana razglasili lakoto - Hudo Slovenija","og_description":"Kategorija: Krize Mon, 20 Feb 2017 16:12:00 +0100 Tri leta dr\u017eavljanske vojne so najmlaj\u0161o dr\u017eavo na svetu Ju\u017eni Sudan pahnili \u010dez rob lakote. Predsedujo\u010di nacionalnemu uradu za statistiko Isaiah Chol Aruai v Ju\u017enem Sudanu je razglasil, da v nekaterih delih\u00a0 regije Unity na severu dr\u017eave \u017ee vlada lakota ali pa je gro\u017enja velika. Uradna razglasitev lakote na obmo\u010dju pomeni, da je lakota \u017ee zahtevala smrtne \u017ertve. Po navedbah mednarodnih organizacij \u00a0(WFP, Unicef in Fao) se Ju\u017eni Sudan spopada z najhuj\u0161o humanitarno katastrofo od za\u010detka vojne leta 2013. Kar pa je najhuje, kot opozarjajo, da je za tragedijo odgovoren \u010dlovek. Tri leta vojne, najhuj\u0161i spopadi potekaj prav za z nafto bogato zvezno dr\u017eavo Unity, visoke cene hrane, ekonomska kriza, majhna kmetijska proizvodnja in slabi pogoji za \u017eivljenje so skoraj pet milijonov ljudi po navedbah oblasti pripeljali na rob pre\u017eivetja. \u00a0 \u00bbGlavna\u00a0...","og_url":"https:\/\/hudo.com\/si\/aktualno\/v-delih-juznega-sudana-razglasili-lakoto\/","og_site_name":"Hudo Slovenija","article_publisher":"https:\/\/www.facebook.com\/hudo.si","article_published_time":"2017-02-20T14:12:00+00:00","article_modified_time":"2017-02-20T17:22:21+00:00","og_image":[{"width":480,"height":290,"url":"https:\/\/hudo.com\/si\/wp-content\/uploads\/sites\/2\/2017\/02\/480x290_AFP_Photo-20170220094329-00068900.jpeg","type":"image\/jpeg"}],"author":"hudo","twitter_card":"summary_large_image","twitter_creator":"@hudo_si","twitter_site":"@hudo_si","twitter_misc":{"Written by":"hudo","Est. reading time":"1 minuta"},"schema":{"@context":"https:\/\/schema.org","@graph":[{"@type":"Article","@id":"https:\/\/hudo.com\/si\/aktualno\/v-delih-juznega-sudana-razglasili-lakoto\/#article","isPartOf":{"@id":"https:\/\/hudo.com\/si\/aktualno\/v-delih-juznega-sudana-razglasili-lakoto\/"},"author":{"name":"hudo","@id":"https:\/\/hudo.com\/si\/#\/schema\/person\/601cf3379633985b20f7e50f2bb47707"},"headline":"V delih Ju\u017enega Sudana razglasili lakoto","datePublished":"2017-02-20T14:12:00+00:00","dateModified":"2017-02-20T17:22:21+00:00","mainEntityOfPage":{"@id":"https:\/\/hudo.com\/si\/aktualno\/v-delih-juznega-sudana-razglasili-lakoto\/"},"wordCount":156,"publisher":{"@id":"https:\/\/hudo.com\/si\/#organization"},"articleSection":["Aktualno"],"inLanguage":"sl-SI"},{"@type":"WebPage","@id":"https:\/\/hudo.com\/si\/aktualno\/v-delih-juznega-sudana-razglasili-lakoto\/","url":"https:\/\/hudo.com\/si\/aktualno\/v-delih-juznega-sudana-razglasili-lakoto\/","name":"V delih Ju\u017enega Sudana razglasili lakoto - Hudo Slovenija","isPartOf":{"@id":"https:\/\/hudo.com\/si\/#website"},"datePublished":"2017-02-20T14:12:00+00:00","dateModified":"2017-02-20T17:22:21+00:00","breadcrumb":{"@id":"https:\/\/hudo.com\/si\/aktualno\/v-delih-juznega-sudana-razglasili-lakoto\/#breadcrumb"},"inLanguage":"sl-SI","potentialAction":[{"@type":"ReadAction","target":["https:\/\/hudo.com\/si\/aktualno\/v-delih-juznega-sudana-razglasili-lakoto\/"]}]},{"@type":"BreadcrumbList","@id":"https:\/\/hudo.com\/si\/aktualno\/v-delih-juznega-sudana-razglasili-lakoto\/#breadcrumb","itemListElement":[{"@type":"ListItem","position":1,"name":"Home","item":"https:\/\/hudo.com\/si\/"},{"@type":"ListItem","position":2,"name":"V delih Ju\u017enega Sudana razglasili lakoto"}]},{"@type":"WebSite","@id":"https:\/\/hudo.com\/si\/#website","url":"https:\/\/hudo.com\/si\/","name":"Hudo Slovenija","description":"Vse novice iz Slovenije in sveta","publisher":{"@id":"https:\/\/hudo.com\/si\/#organization"},"potentialAction":[{"@type":"SearchAction","target":{"@type":"EntryPoint","urlTemplate":"https:\/\/hudo.com\/si\/?s={search_term_string}"},"query-input":"required name=search_term_string"}],"inLanguage":"sl-SI"},{"@type":"Organization","@id":"https:\/\/hudo.com\/si\/#organization","name":"VSN Media","url":"https:\/\/hudo.com\/si\/","logo":{"@type":"ImageObject","inLanguage":"sl-SI","@id":"https:\/\/hudo.com\/si\/#\/schema\/logo\/image\/","url":"https:\/\/hudo.com\/si\/wp-content\/uploads\/sites\/2\/2021\/03\/hudo-app-2.png","contentUrl":"https:\/\/hudo.com\/si\/wp-content\/uploads\/sites\/2\/2021\/03\/hudo-app-2.png","width":2185,"height":2167,"caption":"VSN Media"},"image":{"@id":"https:\/\/hudo.com\/si\/#\/schema\/logo\/image\/"},"sameAs":["https:\/\/www.facebook.com\/hudo.si","https:\/\/twitter.com\/hudo_si"]},{"@type":"Person","@id":"https:\/\/hudo.com\/si\/#\/schema\/person\/601cf3379633985b20f7e50f2bb47707","name":"hudo","image":{"@type":"ImageObject","inLanguage":"sl-SI","@id":"https:\/\/hudo.com\/si\/#\/schema\/person\/image\/","url":"https:\/\/secure.gravatar.com\/avatar\/c4ca25fa72cace7a696b52ff5db9e095?s=96&d=mm&r=g","contentUrl":"https:\/\/secure.gravatar.com\/avatar\/c4ca25fa72cace7a696b52ff5db9e095?s=96&d=mm&r=g","caption":"hudo"},"url":"https:\/\/hudo.com\/si\/author\/hudo\/"}]}},"amp_enabled":true,"_links":{"self":[{"href":"https:\/\/hudo.com\/si\/wp-json\/wp\/v2\/posts\/213306"}],"collection":[{"href":"https:\/\/hudo.com\/si\/wp-json\/wp\/v2\/posts"}],"about":[{"href":"https:\/\/hudo.com\/si\/wp-json\/wp\/v2\/types\/post"}],"author":[{"embeddable":true,"href":"https:\/\/hudo.com\/si\/wp-json\/wp\/v2\/users\/1"}],"replies":[{"embeddable":true,"href":"https:\/\/hudo.com\/si\/wp-json\/wp\/v2\/comments?post=213306"}],"version-history":[{"count":1,"href":"https:\/\/hudo.com\/si\/wp-json\/wp\/v2\/posts\/213306\/revisions"}],"predecessor-version":[{"id":213345,"href":"https:\/\/hudo.com\/si\/wp-json\/wp\/v2\/posts\/213306\/revisions\/213345"}],"wp:attachment":[{"href":"https:\/\/hudo.com\/si\/wp-json\/wp\/v2\/media?parent=213306"}],"wp:term":[{"taxonomy":"category","embeddable":true,"href":"https:\/\/hudo.com\/si\/wp-json\/wp\/v2\/categories?post=213306"},{"taxonomy":"post_tag","embeddable":true,"href":"https:\/\/hudo.com\/si\/wp-json\/wp\/v2\/tags?post=213306"},{"taxonomy":"source","embeddable":true,"href":"https:\/\/hudo.com\/si\/wp-json\/wp\/v2\/source?post=213306"},{"taxonomy":"supertag","embeddable":true,"href":"https:\/\/hudo.com\/si\/wp-json\/wp\/v2\/supertag?post=213306"}],"curies":[{"name":"wp","href":"https:\/\/api.w.org\/{rel}","templated":true}]}}