{"id":213310,"date":"2017-02-20T15:05:00","date_gmt":"2017-02-20T14:05:00","guid":{"rendered":"http:\/\/hudo.com\/si\/2017\/02\/20\/odsotnost-muslimanskih-praznikov-ni-v-neskladju-z-ustavo\/"},"modified":"2017-02-20T23:41:09","modified_gmt":"2017-02-20T22:41:09","slug":"odsotnost-muslimanskih-praznikov-ni-v-neskladju-z-ustavo","status":"publish","type":"post","link":"https:\/\/hudo.com\/si\/aktualno\/odsotnost-muslimanskih-praznikov-ni-v-neskladju-z-ustavo\/","title":{"rendered":"Odsotnost muslimanskih praznikov ni v neskladju z ustavo"},"content":{"rendered":"<p>Kategorija: Slovenija Mon, 20 Feb 2017 16:05:00 +0100  Ljubljana &#8211; Ustavno sodi\u0161\u010de je kot neutemeljeno zavrnilo pobudo za oceno ustavnosti drugega \u010dlena zakona o praznikih in dela prostih dnevih. V njej je pripadnik islamske verske skupnosti navajal, da naj bi upo\u0161teval le kr\u0161\u010danske verske praznike, pripadnike drugih verskih skupnosti pa diskriminiral in onemogo\u010dal pri uresni\u010devanju pravice do veroizpovedi. Pobudnik je med drugim navajal, da je drugi \u010dlen zakona o praznikih diskriminacijski do drugih verskih skupnosti in ateistov. Po njegovem prepri\u010danju tudi ni v skladu z ustavnim na\u010delom lai\u010dnosti dr\u017eave in enakopravnosti verskih skupnosti, z ustavnima na\u010deloma splo\u0161ne prepovedi diskriminacije in enakosti pred zakonom ter s \u010dlovekovo pravico do izpovedovanja vere, ki so vse zapisane v ustavi. Dr\u017eava se je po prepri\u010danju pobudnika ustavne presoje z upo\u0161tevanjem verskih praznikov kr\u0161\u010danske verske skupnosti z njo poistovetila, saj v \u010dasu teh prostih dni\u00a0&#8230;<\/p>\n","protected":false},"excerpt":{"rendered":"<p>Kategorija: Slovenija Mon, 20 Feb 2017 16:05:00 +0100  Ljubljana &#8211; Ustavno sodi\u0161\u010de je kot neutemeljeno zavrnilo pobudo za oceno ustavnosti drugega \u010dlena zakona o praznikih in dela prostih dnevih. V njej je pripadnik islamske verske skupnosti navajal, da naj bi upo\u0161teval le kr\u0161\u010danske verske praznike, pripadnike drugih verskih skupnosti pa diskriminiral in onemogo\u010dal pri uresni\u010devanju pravice do veroizpovedi. Pobudnik je med drugim navajal, da je drugi \u010dlen zakona o praznikih diskriminacijski do drugih verskih skupnosti in ateistov. Po njegovem prepri\u010danju tudi ni v skladu z ustavnim na\u010delom lai\u010dnosti dr\u017eave in enakopravnosti verskih skupnosti, z ustavnima na\u010deloma splo\u0161ne prepovedi diskriminacije in enakosti pred zakonom ter s \u010dlovekovo pravico do izpovedovanja vere, ki so vse zapisane v ustavi. Dr\u017eava se je po prepri\u010danju pobudnika ustavne presoje z upo\u0161tevanjem verskih praznikov kr\u0161\u010danske verske skupnosti z njo poistovetila, saj v \u010dasu teh prostih dni\u00a0&#8230;<\/p>\n","protected":false},"author":1,"featured_media":0,"comment_status":"closed","ping_status":"closed","sticky":false,"template":"","format":"standard","meta":{"footnotes":""},"categories":[1179],"tags":[],"source":[1703],"supertag":[],"acf":[],"yoast_head":"<!-- This site is optimized with the Yoast SEO plugin v21.3 - https:\/\/yoast.com\/wordpress\/plugins\/seo\/ -->\n<title>Odsotnost muslimanskih praznikov ni v neskladju z ustavo - Hudo Slovenija<\/title>\n<meta name=\"robots\" content=\"index, follow, max-snippet:-1, max-image-preview:large, max-video-preview:-1\" \/>\n<link rel=\"canonical\" href=\"https:\/\/hudo.com\/si\/aktualno\/odsotnost-muslimanskih-praznikov-ni-v-neskladju-z-ustavo\/\" \/>\n<meta property=\"og:locale\" content=\"sl_SI\" \/>\n<meta property=\"og:type\" content=\"article\" \/>\n<meta property=\"og:title\" content=\"Odsotnost muslimanskih praznikov ni v neskladju z ustavo - Hudo Slovenija\" \/>\n<meta property=\"og:description\" content=\"Kategorija: Slovenija Mon, 20 Feb 2017 16:05:00 +0100 Ljubljana - Ustavno sodi\u0161\u010de je kot neutemeljeno zavrnilo pobudo za oceno ustavnosti drugega \u010dlena zakona o praznikih in dela prostih dnevih. V njej je pripadnik islamske verske skupnosti navajal, da naj bi upo\u0161teval le kr\u0161\u010danske verske praznike, pripadnike drugih verskih skupnosti pa diskriminiral in onemogo\u010dal pri uresni\u010devanju pravice do veroizpovedi. Pobudnik je med drugim navajal, da je drugi \u010dlen zakona o praznikih diskriminacijski do drugih verskih skupnosti in ateistov. Po njegovem prepri\u010danju tudi ni v skladu z ustavnim na\u010delom lai\u010dnosti dr\u017eave in enakopravnosti verskih skupnosti, z ustavnima na\u010deloma splo\u0161ne prepovedi diskriminacije in enakosti pred zakonom ter s \u010dlovekovo pravico do izpovedovanja vere, ki so vse zapisane v ustavi. Dr\u017eava se je po prepri\u010danju pobudnika ustavne presoje z upo\u0161tevanjem verskih praznikov kr\u0161\u010danske verske skupnosti z njo poistovetila, saj v \u010dasu teh prostih dni\u00a0...\" \/>\n<meta property=\"og:url\" content=\"https:\/\/hudo.com\/si\/aktualno\/odsotnost-muslimanskih-praznikov-ni-v-neskladju-z-ustavo\/\" \/>\n<meta property=\"og:site_name\" content=\"Hudo Slovenija\" \/>\n<meta property=\"article:publisher\" content=\"https:\/\/www.facebook.com\/hudo.si\" \/>\n<meta property=\"article:published_time\" content=\"2017-02-20T14:05:00+00:00\" \/>\n<meta property=\"article:modified_time\" content=\"2017-02-20T22:41:09+00:00\" \/>\n<meta property=\"og:image\" content=\"https:\/\/hudo.com\/si\/wp-content\/uploads\/sites\/2\/2017\/02\/480x290_Zunanja__RTS4QEV_hires0.jpeg\" \/>\n\t<meta property=\"og:image:width\" content=\"480\" \/>\n\t<meta property=\"og:image:height\" content=\"290\" \/>\n\t<meta property=\"og:image:type\" content=\"image\/jpeg\" \/>\n<meta name=\"author\" content=\"hudo\" \/>\n<meta name=\"twitter:card\" content=\"summary_large_image\" \/>\n<meta name=\"twitter:creator\" content=\"@hudo_si\" \/>\n<meta name=\"twitter:site\" content=\"@hudo_si\" \/>\n<meta name=\"twitter:label1\" content=\"Written by\" \/>\n\t<meta name=\"twitter:data1\" content=\"hudo\" \/>\n\t<meta name=\"twitter:label2\" content=\"Est. reading time\" \/>\n\t<meta name=\"twitter:data2\" content=\"1 minuta\" \/>\n<script type=\"application\/ld+json\" class=\"yoast-schema-graph\">{\"@context\":\"https:\/\/schema.org\",\"@graph\":[{\"@type\":\"Article\",\"@id\":\"https:\/\/hudo.com\/si\/aktualno\/odsotnost-muslimanskih-praznikov-ni-v-neskladju-z-ustavo\/#article\",\"isPartOf\":{\"@id\":\"https:\/\/hudo.com\/si\/aktualno\/odsotnost-muslimanskih-praznikov-ni-v-neskladju-z-ustavo\/\"},\"author\":{\"name\":\"hudo\",\"@id\":\"https:\/\/hudo.com\/si\/#\/schema\/person\/601cf3379633985b20f7e50f2bb47707\"},\"headline\":\"Odsotnost muslimanskih praznikov ni v neskladju z ustavo\",\"datePublished\":\"2017-02-20T14:05:00+00:00\",\"dateModified\":\"2017-02-20T22:41:09+00:00\",\"mainEntityOfPage\":{\"@id\":\"https:\/\/hudo.com\/si\/aktualno\/odsotnost-muslimanskih-praznikov-ni-v-neskladju-z-ustavo\/\"},\"wordCount\":159,\"publisher\":{\"@id\":\"https:\/\/hudo.com\/si\/#organization\"},\"articleSection\":[\"Aktualno\"],\"inLanguage\":\"sl-SI\"},{\"@type\":\"WebPage\",\"@id\":\"https:\/\/hudo.com\/si\/aktualno\/odsotnost-muslimanskih-praznikov-ni-v-neskladju-z-ustavo\/\",\"url\":\"https:\/\/hudo.com\/si\/aktualno\/odsotnost-muslimanskih-praznikov-ni-v-neskladju-z-ustavo\/\",\"name\":\"Odsotnost muslimanskih praznikov ni v neskladju z ustavo - Hudo Slovenija\",\"isPartOf\":{\"@id\":\"https:\/\/hudo.com\/si\/#website\"},\"datePublished\":\"2017-02-20T14:05:00+00:00\",\"dateModified\":\"2017-02-20T22:41:09+00:00\",\"breadcrumb\":{\"@id\":\"https:\/\/hudo.com\/si\/aktualno\/odsotnost-muslimanskih-praznikov-ni-v-neskladju-z-ustavo\/#breadcrumb\"},\"inLanguage\":\"sl-SI\",\"potentialAction\":[{\"@type\":\"ReadAction\",\"target\":[\"https:\/\/hudo.com\/si\/aktualno\/odsotnost-muslimanskih-praznikov-ni-v-neskladju-z-ustavo\/\"]}]},{\"@type\":\"BreadcrumbList\",\"@id\":\"https:\/\/hudo.com\/si\/aktualno\/odsotnost-muslimanskih-praznikov-ni-v-neskladju-z-ustavo\/#breadcrumb\",\"itemListElement\":[{\"@type\":\"ListItem\",\"position\":1,\"name\":\"Home\",\"item\":\"https:\/\/hudo.com\/si\/\"},{\"@type\":\"ListItem\",\"position\":2,\"name\":\"Odsotnost muslimanskih praznikov ni v neskladju z ustavo\"}]},{\"@type\":\"WebSite\",\"@id\":\"https:\/\/hudo.com\/si\/#website\",\"url\":\"https:\/\/hudo.com\/si\/\",\"name\":\"Hudo Slovenija\",\"description\":\"Vse novice iz Slovenije in sveta\",\"publisher\":{\"@id\":\"https:\/\/hudo.com\/si\/#organization\"},\"potentialAction\":[{\"@type\":\"SearchAction\",\"target\":{\"@type\":\"EntryPoint\",\"urlTemplate\":\"https:\/\/hudo.com\/si\/?s={search_term_string}\"},\"query-input\":\"required name=search_term_string\"}],\"inLanguage\":\"sl-SI\"},{\"@type\":\"Organization\",\"@id\":\"https:\/\/hudo.com\/si\/#organization\",\"name\":\"VSN Media\",\"url\":\"https:\/\/hudo.com\/si\/\",\"logo\":{\"@type\":\"ImageObject\",\"inLanguage\":\"sl-SI\",\"@id\":\"https:\/\/hudo.com\/si\/#\/schema\/logo\/image\/\",\"url\":\"https:\/\/hudo.com\/si\/wp-content\/uploads\/sites\/2\/2021\/03\/hudo-app-2.png\",\"contentUrl\":\"https:\/\/hudo.com\/si\/wp-content\/uploads\/sites\/2\/2021\/03\/hudo-app-2.png\",\"width\":2185,\"height\":2167,\"caption\":\"VSN Media\"},\"image\":{\"@id\":\"https:\/\/hudo.com\/si\/#\/schema\/logo\/image\/\"},\"sameAs\":[\"https:\/\/www.facebook.com\/hudo.si\",\"https:\/\/twitter.com\/hudo_si\"]},{\"@type\":\"Person\",\"@id\":\"https:\/\/hudo.com\/si\/#\/schema\/person\/601cf3379633985b20f7e50f2bb47707\",\"name\":\"hudo\",\"image\":{\"@type\":\"ImageObject\",\"inLanguage\":\"sl-SI\",\"@id\":\"https:\/\/hudo.com\/si\/#\/schema\/person\/image\/\",\"url\":\"https:\/\/secure.gravatar.com\/avatar\/c4ca25fa72cace7a696b52ff5db9e095?s=96&d=mm&r=g\",\"contentUrl\":\"https:\/\/secure.gravatar.com\/avatar\/c4ca25fa72cace7a696b52ff5db9e095?s=96&d=mm&r=g\",\"caption\":\"hudo\"},\"url\":\"https:\/\/hudo.com\/si\/author\/hudo\/\"}]}<\/script>\n<!-- \/ Yoast SEO plugin. -->","yoast_head_json":{"title":"Odsotnost muslimanskih praznikov ni v neskladju z ustavo - Hudo Slovenija","robots":{"index":"index","follow":"follow","max-snippet":"max-snippet:-1","max-image-preview":"max-image-preview:large","max-video-preview":"max-video-preview:-1"},"canonical":"https:\/\/hudo.com\/si\/aktualno\/odsotnost-muslimanskih-praznikov-ni-v-neskladju-z-ustavo\/","og_locale":"sl_SI","og_type":"article","og_title":"Odsotnost muslimanskih praznikov ni v neskladju z ustavo - Hudo Slovenija","og_description":"Kategorija: Slovenija Mon, 20 Feb 2017 16:05:00 +0100 Ljubljana - Ustavno sodi\u0161\u010de je kot neutemeljeno zavrnilo pobudo za oceno ustavnosti drugega \u010dlena zakona o praznikih in dela prostih dnevih. V njej je pripadnik islamske verske skupnosti navajal, da naj bi upo\u0161teval le kr\u0161\u010danske verske praznike, pripadnike drugih verskih skupnosti pa diskriminiral in onemogo\u010dal pri uresni\u010devanju pravice do veroizpovedi. Pobudnik je med drugim navajal, da je drugi \u010dlen zakona o praznikih diskriminacijski do drugih verskih skupnosti in ateistov. Po njegovem prepri\u010danju tudi ni v skladu z ustavnim na\u010delom lai\u010dnosti dr\u017eave in enakopravnosti verskih skupnosti, z ustavnima na\u010deloma splo\u0161ne prepovedi diskriminacije in enakosti pred zakonom ter s \u010dlovekovo pravico do izpovedovanja vere, ki so vse zapisane v ustavi. Dr\u017eava se je po prepri\u010danju pobudnika ustavne presoje z upo\u0161tevanjem verskih praznikov kr\u0161\u010danske verske skupnosti z njo poistovetila, saj v \u010dasu teh prostih dni\u00a0...","og_url":"https:\/\/hudo.com\/si\/aktualno\/odsotnost-muslimanskih-praznikov-ni-v-neskladju-z-ustavo\/","og_site_name":"Hudo Slovenija","article_publisher":"https:\/\/www.facebook.com\/hudo.si","article_published_time":"2017-02-20T14:05:00+00:00","article_modified_time":"2017-02-20T22:41:09+00:00","og_image":[{"width":480,"height":290,"url":"https:\/\/hudo.com\/si\/wp-content\/uploads\/sites\/2\/2017\/02\/480x290_Zunanja__RTS4QEV_hires0.jpeg","type":"image\/jpeg"}],"author":"hudo","twitter_card":"summary_large_image","twitter_creator":"@hudo_si","twitter_site":"@hudo_si","twitter_misc":{"Written by":"hudo","Est. reading time":"1 minuta"},"schema":{"@context":"https:\/\/schema.org","@graph":[{"@type":"Article","@id":"https:\/\/hudo.com\/si\/aktualno\/odsotnost-muslimanskih-praznikov-ni-v-neskladju-z-ustavo\/#article","isPartOf":{"@id":"https:\/\/hudo.com\/si\/aktualno\/odsotnost-muslimanskih-praznikov-ni-v-neskladju-z-ustavo\/"},"author":{"name":"hudo","@id":"https:\/\/hudo.com\/si\/#\/schema\/person\/601cf3379633985b20f7e50f2bb47707"},"headline":"Odsotnost muslimanskih praznikov ni v neskladju z ustavo","datePublished":"2017-02-20T14:05:00+00:00","dateModified":"2017-02-20T22:41:09+00:00","mainEntityOfPage":{"@id":"https:\/\/hudo.com\/si\/aktualno\/odsotnost-muslimanskih-praznikov-ni-v-neskladju-z-ustavo\/"},"wordCount":159,"publisher":{"@id":"https:\/\/hudo.com\/si\/#organization"},"articleSection":["Aktualno"],"inLanguage":"sl-SI"},{"@type":"WebPage","@id":"https:\/\/hudo.com\/si\/aktualno\/odsotnost-muslimanskih-praznikov-ni-v-neskladju-z-ustavo\/","url":"https:\/\/hudo.com\/si\/aktualno\/odsotnost-muslimanskih-praznikov-ni-v-neskladju-z-ustavo\/","name":"Odsotnost muslimanskih praznikov ni v neskladju z ustavo - Hudo Slovenija","isPartOf":{"@id":"https:\/\/hudo.com\/si\/#website"},"datePublished":"2017-02-20T14:05:00+00:00","dateModified":"2017-02-20T22:41:09+00:00","breadcrumb":{"@id":"https:\/\/hudo.com\/si\/aktualno\/odsotnost-muslimanskih-praznikov-ni-v-neskladju-z-ustavo\/#breadcrumb"},"inLanguage":"sl-SI","potentialAction":[{"@type":"ReadAction","target":["https:\/\/hudo.com\/si\/aktualno\/odsotnost-muslimanskih-praznikov-ni-v-neskladju-z-ustavo\/"]}]},{"@type":"BreadcrumbList","@id":"https:\/\/hudo.com\/si\/aktualno\/odsotnost-muslimanskih-praznikov-ni-v-neskladju-z-ustavo\/#breadcrumb","itemListElement":[{"@type":"ListItem","position":1,"name":"Home","item":"https:\/\/hudo.com\/si\/"},{"@type":"ListItem","position":2,"name":"Odsotnost muslimanskih praznikov ni v neskladju z ustavo"}]},{"@type":"WebSite","@id":"https:\/\/hudo.com\/si\/#website","url":"https:\/\/hudo.com\/si\/","name":"Hudo Slovenija","description":"Vse novice iz Slovenije in sveta","publisher":{"@id":"https:\/\/hudo.com\/si\/#organization"},"potentialAction":[{"@type":"SearchAction","target":{"@type":"EntryPoint","urlTemplate":"https:\/\/hudo.com\/si\/?s={search_term_string}"},"query-input":"required name=search_term_string"}],"inLanguage":"sl-SI"},{"@type":"Organization","@id":"https:\/\/hudo.com\/si\/#organization","name":"VSN Media","url":"https:\/\/hudo.com\/si\/","logo":{"@type":"ImageObject","inLanguage":"sl-SI","@id":"https:\/\/hudo.com\/si\/#\/schema\/logo\/image\/","url":"https:\/\/hudo.com\/si\/wp-content\/uploads\/sites\/2\/2021\/03\/hudo-app-2.png","contentUrl":"https:\/\/hudo.com\/si\/wp-content\/uploads\/sites\/2\/2021\/03\/hudo-app-2.png","width":2185,"height":2167,"caption":"VSN Media"},"image":{"@id":"https:\/\/hudo.com\/si\/#\/schema\/logo\/image\/"},"sameAs":["https:\/\/www.facebook.com\/hudo.si","https:\/\/twitter.com\/hudo_si"]},{"@type":"Person","@id":"https:\/\/hudo.com\/si\/#\/schema\/person\/601cf3379633985b20f7e50f2bb47707","name":"hudo","image":{"@type":"ImageObject","inLanguage":"sl-SI","@id":"https:\/\/hudo.com\/si\/#\/schema\/person\/image\/","url":"https:\/\/secure.gravatar.com\/avatar\/c4ca25fa72cace7a696b52ff5db9e095?s=96&d=mm&r=g","contentUrl":"https:\/\/secure.gravatar.com\/avatar\/c4ca25fa72cace7a696b52ff5db9e095?s=96&d=mm&r=g","caption":"hudo"},"url":"https:\/\/hudo.com\/si\/author\/hudo\/"}]}},"amp_enabled":true,"_links":{"self":[{"href":"https:\/\/hudo.com\/si\/wp-json\/wp\/v2\/posts\/213310"}],"collection":[{"href":"https:\/\/hudo.com\/si\/wp-json\/wp\/v2\/posts"}],"about":[{"href":"https:\/\/hudo.com\/si\/wp-json\/wp\/v2\/types\/post"}],"author":[{"embeddable":true,"href":"https:\/\/hudo.com\/si\/wp-json\/wp\/v2\/users\/1"}],"replies":[{"embeddable":true,"href":"https:\/\/hudo.com\/si\/wp-json\/wp\/v2\/comments?post=213310"}],"version-history":[{"count":1,"href":"https:\/\/hudo.com\/si\/wp-json\/wp\/v2\/posts\/213310\/revisions"}],"predecessor-version":[{"id":213347,"href":"https:\/\/hudo.com\/si\/wp-json\/wp\/v2\/posts\/213310\/revisions\/213347"}],"wp:attachment":[{"href":"https:\/\/hudo.com\/si\/wp-json\/wp\/v2\/media?parent=213310"}],"wp:term":[{"taxonomy":"category","embeddable":true,"href":"https:\/\/hudo.com\/si\/wp-json\/wp\/v2\/categories?post=213310"},{"taxonomy":"post_tag","embeddable":true,"href":"https:\/\/hudo.com\/si\/wp-json\/wp\/v2\/tags?post=213310"},{"taxonomy":"source","embeddable":true,"href":"https:\/\/hudo.com\/si\/wp-json\/wp\/v2\/source?post=213310"},{"taxonomy":"supertag","embeddable":true,"href":"https:\/\/hudo.com\/si\/wp-json\/wp\/v2\/supertag?post=213310"}],"curies":[{"name":"wp","href":"https:\/\/api.w.org\/{rel}","templated":true}]}}