{"id":213862,"date":"2017-02-21T14:30:00","date_gmt":"2017-02-21T13:30:00","guid":{"rendered":"http:\/\/hudo.com\/si\/2017\/02\/21\/smail-festic-1939-2017\/"},"modified":"2017-02-22T07:32:01","modified_gmt":"2017-02-22T06:32:01","slug":"smail-festic-1939-2017","status":"publish","type":"post","link":"https:\/\/hudo.com\/si\/aktualno\/smail-festic-1939-2017\/","title":{"rendered":"Smail Festi\u0107 1939-2017"},"content":{"rendered":"<p>Ko je zjutraj prihajal od zgoraj, z vrha Strossmayerjeve, po Slovenski in \u010dez Grajski trg ali pa \u010dez Slom\u0161kovega na Gosposko, je bilo, kot da bi prihajala dobra volja, nov zagon, in z vsakim njegovim korakom se je pove\u010deval utrip starega mesta. Kot da bi pri\u0161el delat bolj\u0161i, bolj vesel dan. Spotoma je pozdravljal in nagovarjal ljudi, se \u0161alil, komu pomahal, se pogovarjal z dvema hkrati, koga potrepljal po ramenu, se glasno zasmejal dovtipu mimo hite\u010dega znanca. In ko je pri\u0161el na Ve\u010der in pozdravil vratarja, smo se mi v drugem nadstropju \u017ee veselo muzali: &#8220;Kdo to tam spodaj \u0161epeta?&#8221; Seveda: Smail Festi\u0107. Danes se zdi skoraj nemogo\u010de, da je bil ta dobrohotni mo\u017e, poln energije, hkrati zmeraj izjemno urejen, s kravato, odli\u010den in v vseh pogledih pokon\u010den gospod ter povrhu kavalir brez primere. Ne le da je v lokalih zmeraj vpra\u0161al, s \u010dim lahko po\u010dasti dru\u017ebo, prijateljem bi ugodil \u0161e zlasti, ko je bilo treba pomagati v stiski ali nesre\u010di, do roba svojih zmo\u017enosti. Izmed njegovih \u0161tevilnih talentov je treba poudariti dar za nenehno zdru\u017eevanje ljudi na \u0161tevilnih podro\u010djih, ki je z leti dobival vse ve\u010djo veljavo. Rodil se je v Stolcu leta 1939, v begovski dru\u017eini, in v spominu ostaja podoba njegove dostojanstvene matere, kako sedi v parku v muslimanski opravi. \u010ceprav so mu to nekateri zamerili, je iz globokega spo\u0161tovanja do nje in svojih korenin govoril zmeraj le materni jezik. Ko je bil Smail torej \u0161e otro\u010di\u010dek, je dru\u017eino prizadela vojna. Selili so se najprej v Sarajevo in nato v Tuzlo, kjer je kon\u010dal gimnazijo in kjer se mu je pripetilo usodno sre\u010danje: veliki slikar Ismet Mujezinovi\u0107. Cele dneve je presedel v njegovem ateljeju in od tam izvirata njegova neverjetna ljubezen in smisel do likovne umetnosti. Sledil je \u0161tudij novinarstva in politologije, a kar hitro tudi voja\u0161\u010dina. Skoraj takoj po JNA je postal dopisnik Borbe v Mariboru. &#8220;Takoj sva se spoprijateljila. Moje razmerje z Mariborom je bilo kot ljubezen na prvi pogled.&#8221; Sodeloval je \u0161e z nekaterimi beograjskim<\/p>\n","protected":false},"excerpt":{"rendered":"<p>Ko je zjutraj prihajal od zgoraj, z vrha Strossmayerjeve, po Slovenski in \u010dez Grajski trg ali pa \u010dez Slom\u0161kovega na Gosposko, je bilo, kot da bi prihajala dobra volja, nov zagon, in z vsakim njegovim korakom se je pove\u010deval utrip starega mesta. Kot da bi pri\u0161el delat bolj\u0161i, bolj vesel dan. Spotoma je pozdravljal in nagovarjal ljudi, se \u0161alil, komu pomahal, se pogovarjal z dvema hkrati, koga potrepljal po ramenu, se glasno zasmejal dovtipu mimo hite\u010dega znanca. In ko je pri\u0161el na Ve\u010der in pozdravil vratarja, smo se mi v drugem nadstropju \u017ee veselo muzali: &#8220;Kdo to tam spodaj \u0161epeta?&#8221; Seveda: Smail Festi\u0107. Danes se zdi skoraj nemogo\u010de, da je bil ta dobrohotni mo\u017e, poln energije, hkrati zmeraj izjemno urejen, s kravato, odli\u010den in v vseh pogledih pokon\u010den gospod ter povrhu kavalir brez primere. Ne le da je v lokalih zmeraj vpra\u0161al, s \u010dim lahko po\u010dasti dru\u017ebo, prijateljem bi ugodil \u0161e zlasti, ko je bilo treba pomagati v stiski ali nesre\u010di, do roba svojih zmo\u017enosti. Izmed njegovih \u0161tevilnih talentov je treba poudariti dar za nenehno zdru\u017eevanje ljudi na \u0161tevilnih podro\u010djih, ki je z leti dobival vse ve\u010djo veljavo. Rodil se je v Stolcu leta 1939, v begovski dru\u017eini, in v spominu ostaja podoba njegove dostojanstvene matere, kako sedi v parku v muslimanski opravi. \u010ceprav so mu to nekateri zamerili, je iz globokega spo\u0161tovanja do nje in svojih korenin govoril zmeraj le materni jezik. Ko je bil Smail torej \u0161e otro\u010di\u010dek, je dru\u017eino prizadela vojna. Selili so se najprej v Sarajevo in nato v Tuzlo, kjer je kon\u010dal gimnazijo in kjer se mu je pripetilo usodno sre\u010danje: veliki slikar Ismet Mujezinovi\u0107. Cele dneve je presedel v njegovem ateljeju in od tam izvirata njegova neverjetna ljubezen in smisel do likovne umetnosti. Sledil je \u0161tudij novinarstva in politologije, a kar hitro tudi voja\u0161\u010dina. Skoraj takoj po JNA je postal dopisnik Borbe v Mariboru. &#8220;Takoj sva se spoprijateljila. Moje razmerje z Mariborom je bilo kot ljubezen na prvi pogled.&#8221; Sodeloval je \u0161e z nekaterimi beograjskim<\/p>\n","protected":false},"author":1,"featured_media":0,"comment_status":"closed","ping_status":"closed","sticky":false,"template":"","format":"standard","meta":{"footnotes":""},"categories":[1179],"tags":[],"source":[1711],"supertag":[],"acf":[],"yoast_head":"<!-- This site is optimized with the Yoast SEO plugin v21.3 - https:\/\/yoast.com\/wordpress\/plugins\/seo\/ -->\n<title>Smail Festi\u0107 1939-2017 - Hudo Slovenija<\/title>\n<meta name=\"robots\" content=\"index, follow, max-snippet:-1, max-image-preview:large, max-video-preview:-1\" \/>\n<link rel=\"canonical\" href=\"https:\/\/hudo.com\/si\/aktualno\/smail-festic-1939-2017\/\" \/>\n<meta property=\"og:locale\" content=\"sl_SI\" \/>\n<meta property=\"og:type\" content=\"article\" \/>\n<meta property=\"og:title\" content=\"Smail Festi\u0107 1939-2017 - Hudo Slovenija\" \/>\n<meta property=\"og:description\" content=\"Ko je zjutraj prihajal od zgoraj, z vrha Strossmayerjeve, po Slovenski in \u010dez Grajski trg ali pa \u010dez Slom\u0161kovega na Gosposko, je bilo, kot da bi prihajala dobra volja, nov zagon, in z vsakim njegovim korakom se je pove\u010deval utrip starega mesta. Kot da bi pri\u0161el delat bolj\u0161i, bolj vesel dan. Spotoma je pozdravljal in nagovarjal ljudi, se \u0161alil, komu pomahal, se pogovarjal z dvema hkrati, koga potrepljal po ramenu, se glasno zasmejal dovtipu mimo hite\u010dega znanca. In ko je pri\u0161el na Ve\u010der in pozdravil vratarja, smo se mi v drugem nadstropju \u017ee veselo muzali: &quot;Kdo to tam spodaj \u0161epeta?&quot; Seveda: Smail Festi\u0107. Danes se zdi skoraj nemogo\u010de, da je bil ta dobrohotni mo\u017e, poln energije, hkrati zmeraj izjemno urejen, s kravato, odli\u010den in v vseh pogledih pokon\u010den gospod ter povrhu kavalir brez primere. Ne le da je v lokalih zmeraj vpra\u0161al, s \u010dim lahko po\u010dasti dru\u017ebo, prijateljem bi ugodil \u0161e zlasti, ko je bilo treba pomagati v stiski ali nesre\u010di, do roba svojih zmo\u017enosti. Izmed njegovih \u0161tevilnih talentov je treba poudariti dar za nenehno zdru\u017eevanje ljudi na \u0161tevilnih podro\u010djih, ki je z leti dobival vse ve\u010djo veljavo. Rodil se je v Stolcu leta 1939, v begovski dru\u017eini, in v spominu ostaja podoba njegove dostojanstvene matere, kako sedi v parku v muslimanski opravi. \u010ceprav so mu to nekateri zamerili, je iz globokega spo\u0161tovanja do nje in svojih korenin govoril zmeraj le materni jezik. Ko je bil Smail torej \u0161e otro\u010di\u010dek, je dru\u017eino prizadela vojna. Selili so se najprej v Sarajevo in nato v Tuzlo, kjer je kon\u010dal gimnazijo in kjer se mu je pripetilo usodno sre\u010danje: veliki slikar Ismet Mujezinovi\u0107. Cele dneve je presedel v njegovem ateljeju in od tam izvirata njegova neverjetna ljubezen in smisel do likovne umetnosti. Sledil je \u0161tudij novinarstva in politologije, a kar hitro tudi voja\u0161\u010dina. Skoraj takoj po JNA je postal dopisnik Borbe v Mariboru. &quot;Takoj sva se spoprijateljila. Moje razmerje z Mariborom je bilo kot ljubezen na prvi pogled.&quot; Sodeloval je \u0161e z nekaterimi beograjskim\" \/>\n<meta property=\"og:url\" content=\"https:\/\/hudo.com\/si\/aktualno\/smail-festic-1939-2017\/\" \/>\n<meta property=\"og:site_name\" content=\"Hudo Slovenija\" \/>\n<meta property=\"article:publisher\" content=\"https:\/\/www.facebook.com\/hudo.si\" \/>\n<meta property=\"article:published_time\" content=\"2017-02-21T13:30:00+00:00\" \/>\n<meta property=\"article:modified_time\" content=\"2017-02-22T06:32:01+00:00\" \/>\n<meta property=\"og:image\" content=\"https:\/\/hudo.com\/si\/wp-content\/uploads\/sites\/2\/2017\/02\/00507943F-300.jpg\" \/>\n\t<meta property=\"og:image:width\" content=\"450\" \/>\n\t<meta property=\"og:image:height\" content=\"646\" \/>\n\t<meta property=\"og:image:type\" content=\"image\/jpeg\" \/>\n<meta name=\"author\" content=\"hudo\" \/>\n<meta name=\"twitter:card\" content=\"summary_large_image\" \/>\n<meta name=\"twitter:creator\" content=\"@hudo_si\" \/>\n<meta name=\"twitter:site\" content=\"@hudo_si\" \/>\n<meta name=\"twitter:label1\" content=\"Written by\" \/>\n\t<meta name=\"twitter:data1\" content=\"hudo\" \/>\n\t<meta name=\"twitter:label2\" content=\"Est. reading time\" \/>\n\t<meta name=\"twitter:data2\" content=\"2 minuti\" \/>\n<script type=\"application\/ld+json\" class=\"yoast-schema-graph\">{\"@context\":\"https:\/\/schema.org\",\"@graph\":[{\"@type\":\"Article\",\"@id\":\"https:\/\/hudo.com\/si\/aktualno\/smail-festic-1939-2017\/#article\",\"isPartOf\":{\"@id\":\"https:\/\/hudo.com\/si\/aktualno\/smail-festic-1939-2017\/\"},\"author\":{\"name\":\"hudo\",\"@id\":\"https:\/\/hudo.com\/si\/#\/schema\/person\/601cf3379633985b20f7e50f2bb47707\"},\"headline\":\"Smail Festi\u0107 1939-2017\",\"datePublished\":\"2017-02-21T13:30:00+00:00\",\"dateModified\":\"2017-02-22T06:32:01+00:00\",\"mainEntityOfPage\":{\"@id\":\"https:\/\/hudo.com\/si\/aktualno\/smail-festic-1939-2017\/\"},\"wordCount\":359,\"publisher\":{\"@id\":\"https:\/\/hudo.com\/si\/#organization\"},\"articleSection\":[\"Aktualno\"],\"inLanguage\":\"sl-SI\"},{\"@type\":\"WebPage\",\"@id\":\"https:\/\/hudo.com\/si\/aktualno\/smail-festic-1939-2017\/\",\"url\":\"https:\/\/hudo.com\/si\/aktualno\/smail-festic-1939-2017\/\",\"name\":\"Smail Festi\u0107 1939-2017 - Hudo Slovenija\",\"isPartOf\":{\"@id\":\"https:\/\/hudo.com\/si\/#website\"},\"datePublished\":\"2017-02-21T13:30:00+00:00\",\"dateModified\":\"2017-02-22T06:32:01+00:00\",\"breadcrumb\":{\"@id\":\"https:\/\/hudo.com\/si\/aktualno\/smail-festic-1939-2017\/#breadcrumb\"},\"inLanguage\":\"sl-SI\",\"potentialAction\":[{\"@type\":\"ReadAction\",\"target\":[\"https:\/\/hudo.com\/si\/aktualno\/smail-festic-1939-2017\/\"]}]},{\"@type\":\"BreadcrumbList\",\"@id\":\"https:\/\/hudo.com\/si\/aktualno\/smail-festic-1939-2017\/#breadcrumb\",\"itemListElement\":[{\"@type\":\"ListItem\",\"position\":1,\"name\":\"Home\",\"item\":\"https:\/\/hudo.com\/si\/\"},{\"@type\":\"ListItem\",\"position\":2,\"name\":\"Smail Festi\u0107 1939-2017\"}]},{\"@type\":\"WebSite\",\"@id\":\"https:\/\/hudo.com\/si\/#website\",\"url\":\"https:\/\/hudo.com\/si\/\",\"name\":\"Hudo Slovenija\",\"description\":\"Vse novice iz Slovenije in sveta\",\"publisher\":{\"@id\":\"https:\/\/hudo.com\/si\/#organization\"},\"potentialAction\":[{\"@type\":\"SearchAction\",\"target\":{\"@type\":\"EntryPoint\",\"urlTemplate\":\"https:\/\/hudo.com\/si\/?s={search_term_string}\"},\"query-input\":\"required name=search_term_string\"}],\"inLanguage\":\"sl-SI\"},{\"@type\":\"Organization\",\"@id\":\"https:\/\/hudo.com\/si\/#organization\",\"name\":\"VSN Media\",\"url\":\"https:\/\/hudo.com\/si\/\",\"logo\":{\"@type\":\"ImageObject\",\"inLanguage\":\"sl-SI\",\"@id\":\"https:\/\/hudo.com\/si\/#\/schema\/logo\/image\/\",\"url\":\"https:\/\/hudo.com\/si\/wp-content\/uploads\/sites\/2\/2021\/03\/hudo-app-2.png\",\"contentUrl\":\"https:\/\/hudo.com\/si\/wp-content\/uploads\/sites\/2\/2021\/03\/hudo-app-2.png\",\"width\":2185,\"height\":2167,\"caption\":\"VSN Media\"},\"image\":{\"@id\":\"https:\/\/hudo.com\/si\/#\/schema\/logo\/image\/\"},\"sameAs\":[\"https:\/\/www.facebook.com\/hudo.si\",\"https:\/\/twitter.com\/hudo_si\"]},{\"@type\":\"Person\",\"@id\":\"https:\/\/hudo.com\/si\/#\/schema\/person\/601cf3379633985b20f7e50f2bb47707\",\"name\":\"hudo\",\"image\":{\"@type\":\"ImageObject\",\"inLanguage\":\"sl-SI\",\"@id\":\"https:\/\/hudo.com\/si\/#\/schema\/person\/image\/\",\"url\":\"https:\/\/secure.gravatar.com\/avatar\/c4ca25fa72cace7a696b52ff5db9e095?s=96&d=mm&r=g\",\"contentUrl\":\"https:\/\/secure.gravatar.com\/avatar\/c4ca25fa72cace7a696b52ff5db9e095?s=96&d=mm&r=g\",\"caption\":\"hudo\"},\"url\":\"https:\/\/hudo.com\/si\/author\/hudo\/\"}]}<\/script>\n<!-- \/ Yoast SEO plugin. -->","yoast_head_json":{"title":"Smail Festi\u0107 1939-2017 - Hudo Slovenija","robots":{"index":"index","follow":"follow","max-snippet":"max-snippet:-1","max-image-preview":"max-image-preview:large","max-video-preview":"max-video-preview:-1"},"canonical":"https:\/\/hudo.com\/si\/aktualno\/smail-festic-1939-2017\/","og_locale":"sl_SI","og_type":"article","og_title":"Smail Festi\u0107 1939-2017 - Hudo Slovenija","og_description":"Ko je zjutraj prihajal od zgoraj, z vrha Strossmayerjeve, po Slovenski in \u010dez Grajski trg ali pa \u010dez Slom\u0161kovega na Gosposko, je bilo, kot da bi prihajala dobra volja, nov zagon, in z vsakim njegovim korakom se je pove\u010deval utrip starega mesta. Kot da bi pri\u0161el delat bolj\u0161i, bolj vesel dan. Spotoma je pozdravljal in nagovarjal ljudi, se \u0161alil, komu pomahal, se pogovarjal z dvema hkrati, koga potrepljal po ramenu, se glasno zasmejal dovtipu mimo hite\u010dega znanca. In ko je pri\u0161el na Ve\u010der in pozdravil vratarja, smo se mi v drugem nadstropju \u017ee veselo muzali: \"Kdo to tam spodaj \u0161epeta?\" Seveda: Smail Festi\u0107. Danes se zdi skoraj nemogo\u010de, da je bil ta dobrohotni mo\u017e, poln energije, hkrati zmeraj izjemno urejen, s kravato, odli\u010den in v vseh pogledih pokon\u010den gospod ter povrhu kavalir brez primere. Ne le da je v lokalih zmeraj vpra\u0161al, s \u010dim lahko po\u010dasti dru\u017ebo, prijateljem bi ugodil \u0161e zlasti, ko je bilo treba pomagati v stiski ali nesre\u010di, do roba svojih zmo\u017enosti. Izmed njegovih \u0161tevilnih talentov je treba poudariti dar za nenehno zdru\u017eevanje ljudi na \u0161tevilnih podro\u010djih, ki je z leti dobival vse ve\u010djo veljavo. Rodil se je v Stolcu leta 1939, v begovski dru\u017eini, in v spominu ostaja podoba njegove dostojanstvene matere, kako sedi v parku v muslimanski opravi. \u010ceprav so mu to nekateri zamerili, je iz globokega spo\u0161tovanja do nje in svojih korenin govoril zmeraj le materni jezik. Ko je bil Smail torej \u0161e otro\u010di\u010dek, je dru\u017eino prizadela vojna. Selili so se najprej v Sarajevo in nato v Tuzlo, kjer je kon\u010dal gimnazijo in kjer se mu je pripetilo usodno sre\u010danje: veliki slikar Ismet Mujezinovi\u0107. Cele dneve je presedel v njegovem ateljeju in od tam izvirata njegova neverjetna ljubezen in smisel do likovne umetnosti. Sledil je \u0161tudij novinarstva in politologije, a kar hitro tudi voja\u0161\u010dina. Skoraj takoj po JNA je postal dopisnik Borbe v Mariboru. \"Takoj sva se spoprijateljila. Moje razmerje z Mariborom je bilo kot ljubezen na prvi pogled.\" Sodeloval je \u0161e z nekaterimi beograjskim","og_url":"https:\/\/hudo.com\/si\/aktualno\/smail-festic-1939-2017\/","og_site_name":"Hudo Slovenija","article_publisher":"https:\/\/www.facebook.com\/hudo.si","article_published_time":"2017-02-21T13:30:00+00:00","article_modified_time":"2017-02-22T06:32:01+00:00","og_image":[{"width":450,"height":646,"url":"https:\/\/hudo.com\/si\/wp-content\/uploads\/sites\/2\/2017\/02\/00507943F-300.jpg","type":"image\/jpeg"}],"author":"hudo","twitter_card":"summary_large_image","twitter_creator":"@hudo_si","twitter_site":"@hudo_si","twitter_misc":{"Written by":"hudo","Est. reading time":"2 minuti"},"schema":{"@context":"https:\/\/schema.org","@graph":[{"@type":"Article","@id":"https:\/\/hudo.com\/si\/aktualno\/smail-festic-1939-2017\/#article","isPartOf":{"@id":"https:\/\/hudo.com\/si\/aktualno\/smail-festic-1939-2017\/"},"author":{"name":"hudo","@id":"https:\/\/hudo.com\/si\/#\/schema\/person\/601cf3379633985b20f7e50f2bb47707"},"headline":"Smail Festi\u0107 1939-2017","datePublished":"2017-02-21T13:30:00+00:00","dateModified":"2017-02-22T06:32:01+00:00","mainEntityOfPage":{"@id":"https:\/\/hudo.com\/si\/aktualno\/smail-festic-1939-2017\/"},"wordCount":359,"publisher":{"@id":"https:\/\/hudo.com\/si\/#organization"},"articleSection":["Aktualno"],"inLanguage":"sl-SI"},{"@type":"WebPage","@id":"https:\/\/hudo.com\/si\/aktualno\/smail-festic-1939-2017\/","url":"https:\/\/hudo.com\/si\/aktualno\/smail-festic-1939-2017\/","name":"Smail Festi\u0107 1939-2017 - Hudo Slovenija","isPartOf":{"@id":"https:\/\/hudo.com\/si\/#website"},"datePublished":"2017-02-21T13:30:00+00:00","dateModified":"2017-02-22T06:32:01+00:00","breadcrumb":{"@id":"https:\/\/hudo.com\/si\/aktualno\/smail-festic-1939-2017\/#breadcrumb"},"inLanguage":"sl-SI","potentialAction":[{"@type":"ReadAction","target":["https:\/\/hudo.com\/si\/aktualno\/smail-festic-1939-2017\/"]}]},{"@type":"BreadcrumbList","@id":"https:\/\/hudo.com\/si\/aktualno\/smail-festic-1939-2017\/#breadcrumb","itemListElement":[{"@type":"ListItem","position":1,"name":"Home","item":"https:\/\/hudo.com\/si\/"},{"@type":"ListItem","position":2,"name":"Smail Festi\u0107 1939-2017"}]},{"@type":"WebSite","@id":"https:\/\/hudo.com\/si\/#website","url":"https:\/\/hudo.com\/si\/","name":"Hudo Slovenija","description":"Vse novice iz Slovenije in sveta","publisher":{"@id":"https:\/\/hudo.com\/si\/#organization"},"potentialAction":[{"@type":"SearchAction","target":{"@type":"EntryPoint","urlTemplate":"https:\/\/hudo.com\/si\/?s={search_term_string}"},"query-input":"required name=search_term_string"}],"inLanguage":"sl-SI"},{"@type":"Organization","@id":"https:\/\/hudo.com\/si\/#organization","name":"VSN Media","url":"https:\/\/hudo.com\/si\/","logo":{"@type":"ImageObject","inLanguage":"sl-SI","@id":"https:\/\/hudo.com\/si\/#\/schema\/logo\/image\/","url":"https:\/\/hudo.com\/si\/wp-content\/uploads\/sites\/2\/2021\/03\/hudo-app-2.png","contentUrl":"https:\/\/hudo.com\/si\/wp-content\/uploads\/sites\/2\/2021\/03\/hudo-app-2.png","width":2185,"height":2167,"caption":"VSN Media"},"image":{"@id":"https:\/\/hudo.com\/si\/#\/schema\/logo\/image\/"},"sameAs":["https:\/\/www.facebook.com\/hudo.si","https:\/\/twitter.com\/hudo_si"]},{"@type":"Person","@id":"https:\/\/hudo.com\/si\/#\/schema\/person\/601cf3379633985b20f7e50f2bb47707","name":"hudo","image":{"@type":"ImageObject","inLanguage":"sl-SI","@id":"https:\/\/hudo.com\/si\/#\/schema\/person\/image\/","url":"https:\/\/secure.gravatar.com\/avatar\/c4ca25fa72cace7a696b52ff5db9e095?s=96&d=mm&r=g","contentUrl":"https:\/\/secure.gravatar.com\/avatar\/c4ca25fa72cace7a696b52ff5db9e095?s=96&d=mm&r=g","caption":"hudo"},"url":"https:\/\/hudo.com\/si\/author\/hudo\/"}]}},"amp_enabled":true,"_links":{"self":[{"href":"https:\/\/hudo.com\/si\/wp-json\/wp\/v2\/posts\/213862"}],"collection":[{"href":"https:\/\/hudo.com\/si\/wp-json\/wp\/v2\/posts"}],"about":[{"href":"https:\/\/hudo.com\/si\/wp-json\/wp\/v2\/types\/post"}],"author":[{"embeddable":true,"href":"https:\/\/hudo.com\/si\/wp-json\/wp\/v2\/users\/1"}],"replies":[{"embeddable":true,"href":"https:\/\/hudo.com\/si\/wp-json\/wp\/v2\/comments?post=213862"}],"version-history":[{"count":1,"href":"https:\/\/hudo.com\/si\/wp-json\/wp\/v2\/posts\/213862\/revisions"}],"predecessor-version":[{"id":213952,"href":"https:\/\/hudo.com\/si\/wp-json\/wp\/v2\/posts\/213862\/revisions\/213952"}],"wp:attachment":[{"href":"https:\/\/hudo.com\/si\/wp-json\/wp\/v2\/media?parent=213862"}],"wp:term":[{"taxonomy":"category","embeddable":true,"href":"https:\/\/hudo.com\/si\/wp-json\/wp\/v2\/categories?post=213862"},{"taxonomy":"post_tag","embeddable":true,"href":"https:\/\/hudo.com\/si\/wp-json\/wp\/v2\/tags?post=213862"},{"taxonomy":"source","embeddable":true,"href":"https:\/\/hudo.com\/si\/wp-json\/wp\/v2\/source?post=213862"},{"taxonomy":"supertag","embeddable":true,"href":"https:\/\/hudo.com\/si\/wp-json\/wp\/v2\/supertag?post=213862"}],"curies":[{"name":"wp","href":"https:\/\/api.w.org\/{rel}","templated":true}]}}