{"id":214375,"date":"2017-02-22T12:03:58","date_gmt":"2017-02-22T11:03:58","guid":{"rendered":"http:\/\/hudo.com\/si\/?p=214375"},"modified":"2017-02-22T12:03:58","modified_gmt":"2017-02-22T11:03:58","slug":"v-jemnu-lakota-grozi-sedmim-milijonom-ljudi","status":"publish","type":"post","link":"https:\/\/hudo.com\/si\/aktualno\/v-jemnu-lakota-grozi-sedmim-milijonom-ljudi\/","title":{"rendered":"V Jemnu lakota grozi sedmim milijonom ljudi"},"content":{"rendered":"<p>&#8220;Sedem milijonov prebivalcev ne ve, kje bodo dobili naslednji obrok in so bli\u017eje stradanju kot kadarkoli prej,&#8221; je povedal McGoldrick in dodal, da se okoli 17 milijonov ljudi v dr\u017eavi s 27 milijoni prebivalcev ne more ustrezno prehranjevati in so pogosto prisiljeni presko\u010diti obroke. Po njegovih navedbah najbolj trpijo \u017eenske in deklice, ki jedo zadnje in najmanj\u0161e obroke.<\/p>\n<p>Jemen je prizori\u0161\u010de spopadov med vladnimi silami predsednika Abedraba Mansurja Hadija, ki jih podpirajo sile arabske koalicije pod vodstvom Savdske Arabije, in uporni\u0161kimi Hutiji, ki so leta 2014 zavzeli prestolnico Sana.<\/p>\n<p>Konflikt se je \u0161e dodatno razvnel marca 2015, ko so Hutiji napredovali proti mestu Aden, zaradi \u010desar je koalicija proti njim spro\u017eila voja\u0161ko operacijo.<\/p>\n<p>Minuli mesec so sile, zveste predsedniku, spro\u017eile ofenzivo proti upornikom na obmo\u010dju ob Rde\u010dem morju in zavzele tamkaj\u0161nje pristani\u0161\u010de Moka.<\/p>\n<p>&#8220;Zelo sem zaskrbljen nad stopnjevanjem konflikta in militarizacijo jemenske zahodne obale. Zaradi tega najbolj trpijo civilisti,&#8221; je opozoril McGoldrick.<\/p>\n<p>V pristani\u0161ke Hodeida na zahodu Jemna, ki je sicer pod nadzorom hutijskih upornikov, je namre\u010d priletelo ve\u010d neeksplodiranih raket, zaradi \u010desar se je \u0161e dodatno zmanj\u0161alo \u0161tevilo ladij in uvoz, ki je klju\u010den za oskrbo dr\u017eave s hrano, je \u0161e dodal.<\/p>\n<p>&#8220;Dr\u017eava je od 80 do 90 odstotkov odvisna od uvoza hrane, zato sem prisiljen razglasiti alarm,&#8221; je povedal predstavnik ZN, ki meni, da je takoj\u0161nje posredovanje v konflikt nujno za prepre\u010ditev lakote prebivalcev.<\/p>\n<p>Prav tako je Sklad ZN za otroke (Unicef) v torek sporo\u010dil, da zaradi podhranjenosti v Jemnu trpi 462.000 otrok.<\/p>\n<p>Konflikt v Jemnu je po podatkih ZN terjal \u017ee 7400 \u017eivljenj, od tega 1400 otrok.<\/p>\n","protected":false},"excerpt":{"rendered":"<p>V Jemnu zaradi konflikta med vladnimi in uporni\u0161kimi silami lakota grozi okoli sedmim milijonom prebivalcev, je v torek opozoril humanitarni koordinator ZN v Jemnu Jamie McGoldrick. Po podatkih Unicefa zaradi podhranjenosti \u017ee trpi 462.000 otrok, poro\u010da francoska tiskovna agencija AFP.<\/p>\n","protected":false},"author":8,"featured_media":214376,"comment_status":"closed","ping_status":"closed","sticky":false,"template":"","format":"standard","meta":{"footnotes":""},"categories":[1179],"tags":[6378,2772],"source":[4511],"supertag":[6103],"acf":[],"yoast_head":"<!-- This site is optimized with the Yoast SEO plugin v21.3 - https:\/\/yoast.com\/wordpress\/plugins\/seo\/ -->\n<title>V Jemnu lakota grozi sedmim milijonom ljudi - Hudo Slovenija<\/title>\n<meta name=\"robots\" content=\"index, follow, max-snippet:-1, max-image-preview:large, max-video-preview:-1\" \/>\n<link rel=\"canonical\" href=\"https:\/\/hudo.com\/si\/aktualno\/v-jemnu-lakota-grozi-sedmim-milijonom-ljudi\/\" \/>\n<meta property=\"og:locale\" content=\"sl_SI\" \/>\n<meta property=\"og:type\" content=\"article\" \/>\n<meta property=\"og:title\" content=\"V Jemnu lakota grozi sedmim milijonom ljudi - Hudo Slovenija\" \/>\n<meta property=\"og:description\" content=\"V Jemnu zaradi konflikta med vladnimi in uporni\u0161kimi silami lakota grozi okoli sedmim milijonom prebivalcev, je v torek opozoril humanitarni koordinator ZN v Jemnu Jamie McGoldrick. Po podatkih Unicefa zaradi podhranjenosti \u017ee trpi 462.000 otrok, poro\u010da francoska tiskovna agencija AFP.\" \/>\n<meta property=\"og:url\" content=\"https:\/\/hudo.com\/si\/aktualno\/v-jemnu-lakota-grozi-sedmim-milijonom-ljudi\/\" \/>\n<meta property=\"og:site_name\" content=\"Hudo Slovenija\" \/>\n<meta property=\"article:publisher\" content=\"https:\/\/www.facebook.com\/hudo.si\" \/>\n<meta property=\"article:published_time\" content=\"2017-02-22T11:03:58+00:00\" \/>\n<meta property=\"og:image\" content=\"https:\/\/hudo.com\/si\/wp-content\/uploads\/sites\/2\/2017\/02\/profimedia-0321591965.jpg\" \/>\n\t<meta property=\"og:image:width\" content=\"1250\" \/>\n\t<meta property=\"og:image:height\" content=\"833\" \/>\n\t<meta property=\"og:image:type\" content=\"image\/jpeg\" \/>\n<meta name=\"author\" content=\"M. N., STA\" \/>\n<meta name=\"twitter:card\" content=\"summary_large_image\" \/>\n<meta name=\"twitter:creator\" content=\"@hudo_si\" \/>\n<meta name=\"twitter:site\" content=\"@hudo_si\" \/>\n<meta name=\"twitter:label1\" content=\"Written by\" \/>\n\t<meta name=\"twitter:data1\" content=\"M. N., STA\" \/>\n\t<meta name=\"twitter:label2\" content=\"Est. reading time\" \/>\n\t<meta name=\"twitter:data2\" content=\"1 minuta\" \/>\n<script type=\"application\/ld+json\" class=\"yoast-schema-graph\">{\"@context\":\"https:\/\/schema.org\",\"@graph\":[{\"@type\":\"Article\",\"@id\":\"https:\/\/hudo.com\/si\/aktualno\/v-jemnu-lakota-grozi-sedmim-milijonom-ljudi\/#article\",\"isPartOf\":{\"@id\":\"https:\/\/hudo.com\/si\/aktualno\/v-jemnu-lakota-grozi-sedmim-milijonom-ljudi\/\"},\"author\":{\"name\":\"M. N., STA\",\"@id\":\"https:\/\/hudo.com\/si\/#\/schema\/person\/c2f10ce65d2e6ede2aeda5be2a0611fa\"},\"headline\":\"V Jemnu lakota grozi sedmim milijonom ljudi\",\"datePublished\":\"2017-02-22T11:03:58+00:00\",\"dateModified\":\"2017-02-22T11:03:58+00:00\",\"mainEntityOfPage\":{\"@id\":\"https:\/\/hudo.com\/si\/aktualno\/v-jemnu-lakota-grozi-sedmim-milijonom-ljudi\/\"},\"wordCount\":279,\"publisher\":{\"@id\":\"https:\/\/hudo.com\/si\/#organization\"},\"keywords\":[\"Jemen\",\"lakota\"],\"articleSection\":[\"Aktualno\"],\"inLanguage\":\"sl-SI\"},{\"@type\":\"WebPage\",\"@id\":\"https:\/\/hudo.com\/si\/aktualno\/v-jemnu-lakota-grozi-sedmim-milijonom-ljudi\/\",\"url\":\"https:\/\/hudo.com\/si\/aktualno\/v-jemnu-lakota-grozi-sedmim-milijonom-ljudi\/\",\"name\":\"V Jemnu lakota grozi sedmim milijonom ljudi - Hudo Slovenija\",\"isPartOf\":{\"@id\":\"https:\/\/hudo.com\/si\/#website\"},\"datePublished\":\"2017-02-22T11:03:58+00:00\",\"dateModified\":\"2017-02-22T11:03:58+00:00\",\"breadcrumb\":{\"@id\":\"https:\/\/hudo.com\/si\/aktualno\/v-jemnu-lakota-grozi-sedmim-milijonom-ljudi\/#breadcrumb\"},\"inLanguage\":\"sl-SI\",\"potentialAction\":[{\"@type\":\"ReadAction\",\"target\":[\"https:\/\/hudo.com\/si\/aktualno\/v-jemnu-lakota-grozi-sedmim-milijonom-ljudi\/\"]}]},{\"@type\":\"BreadcrumbList\",\"@id\":\"https:\/\/hudo.com\/si\/aktualno\/v-jemnu-lakota-grozi-sedmim-milijonom-ljudi\/#breadcrumb\",\"itemListElement\":[{\"@type\":\"ListItem\",\"position\":1,\"name\":\"Home\",\"item\":\"https:\/\/hudo.com\/si\/\"},{\"@type\":\"ListItem\",\"position\":2,\"name\":\"V Jemnu lakota grozi sedmim milijonom ljudi\"}]},{\"@type\":\"WebSite\",\"@id\":\"https:\/\/hudo.com\/si\/#website\",\"url\":\"https:\/\/hudo.com\/si\/\",\"name\":\"Hudo Slovenija\",\"description\":\"Vse novice iz Slovenije in sveta\",\"publisher\":{\"@id\":\"https:\/\/hudo.com\/si\/#organization\"},\"potentialAction\":[{\"@type\":\"SearchAction\",\"target\":{\"@type\":\"EntryPoint\",\"urlTemplate\":\"https:\/\/hudo.com\/si\/?s={search_term_string}\"},\"query-input\":\"required name=search_term_string\"}],\"inLanguage\":\"sl-SI\"},{\"@type\":\"Organization\",\"@id\":\"https:\/\/hudo.com\/si\/#organization\",\"name\":\"VSN Media\",\"url\":\"https:\/\/hudo.com\/si\/\",\"logo\":{\"@type\":\"ImageObject\",\"inLanguage\":\"sl-SI\",\"@id\":\"https:\/\/hudo.com\/si\/#\/schema\/logo\/image\/\",\"url\":\"https:\/\/hudo.com\/si\/wp-content\/uploads\/sites\/2\/2021\/03\/hudo-app-2.png\",\"contentUrl\":\"https:\/\/hudo.com\/si\/wp-content\/uploads\/sites\/2\/2021\/03\/hudo-app-2.png\",\"width\":2185,\"height\":2167,\"caption\":\"VSN Media\"},\"image\":{\"@id\":\"https:\/\/hudo.com\/si\/#\/schema\/logo\/image\/\"},\"sameAs\":[\"https:\/\/www.facebook.com\/hudo.si\",\"https:\/\/twitter.com\/hudo_si\"]},{\"@type\":\"Person\",\"@id\":\"https:\/\/hudo.com\/si\/#\/schema\/person\/c2f10ce65d2e6ede2aeda5be2a0611fa\",\"name\":\"M. N., STA\",\"image\":{\"@type\":\"ImageObject\",\"inLanguage\":\"sl-SI\",\"@id\":\"https:\/\/hudo.com\/si\/#\/schema\/person\/image\/\",\"url\":\"https:\/\/secure.gravatar.com\/avatar\/f370d38daa10467f755c5c766a4cac20?s=96&d=mm&r=g\",\"contentUrl\":\"https:\/\/secure.gravatar.com\/avatar\/f370d38daa10467f755c5c766a4cac20?s=96&d=mm&r=g\",\"caption\":\"M. N., STA\"},\"url\":\"https:\/\/hudo.com\/si\/author\/mana\/\"}]}<\/script>\n<!-- \/ Yoast SEO plugin. -->","yoast_head_json":{"title":"V Jemnu lakota grozi sedmim milijonom ljudi - Hudo Slovenija","robots":{"index":"index","follow":"follow","max-snippet":"max-snippet:-1","max-image-preview":"max-image-preview:large","max-video-preview":"max-video-preview:-1"},"canonical":"https:\/\/hudo.com\/si\/aktualno\/v-jemnu-lakota-grozi-sedmim-milijonom-ljudi\/","og_locale":"sl_SI","og_type":"article","og_title":"V Jemnu lakota grozi sedmim milijonom ljudi - Hudo Slovenija","og_description":"V Jemnu zaradi konflikta med vladnimi in uporni\u0161kimi silami lakota grozi okoli sedmim milijonom prebivalcev, je v torek opozoril humanitarni koordinator ZN v Jemnu Jamie McGoldrick. Po podatkih Unicefa zaradi podhranjenosti \u017ee trpi 462.000 otrok, poro\u010da francoska tiskovna agencija AFP.","og_url":"https:\/\/hudo.com\/si\/aktualno\/v-jemnu-lakota-grozi-sedmim-milijonom-ljudi\/","og_site_name":"Hudo Slovenija","article_publisher":"https:\/\/www.facebook.com\/hudo.si","article_published_time":"2017-02-22T11:03:58+00:00","og_image":[{"width":1250,"height":833,"url":"https:\/\/hudo.com\/si\/wp-content\/uploads\/sites\/2\/2017\/02\/profimedia-0321591965.jpg","type":"image\/jpeg"}],"author":"M. N., STA","twitter_card":"summary_large_image","twitter_creator":"@hudo_si","twitter_site":"@hudo_si","twitter_misc":{"Written by":"M. N., STA","Est. reading time":"1 minuta"},"schema":{"@context":"https:\/\/schema.org","@graph":[{"@type":"Article","@id":"https:\/\/hudo.com\/si\/aktualno\/v-jemnu-lakota-grozi-sedmim-milijonom-ljudi\/#article","isPartOf":{"@id":"https:\/\/hudo.com\/si\/aktualno\/v-jemnu-lakota-grozi-sedmim-milijonom-ljudi\/"},"author":{"name":"M. N., STA","@id":"https:\/\/hudo.com\/si\/#\/schema\/person\/c2f10ce65d2e6ede2aeda5be2a0611fa"},"headline":"V Jemnu lakota grozi sedmim milijonom ljudi","datePublished":"2017-02-22T11:03:58+00:00","dateModified":"2017-02-22T11:03:58+00:00","mainEntityOfPage":{"@id":"https:\/\/hudo.com\/si\/aktualno\/v-jemnu-lakota-grozi-sedmim-milijonom-ljudi\/"},"wordCount":279,"publisher":{"@id":"https:\/\/hudo.com\/si\/#organization"},"keywords":["Jemen","lakota"],"articleSection":["Aktualno"],"inLanguage":"sl-SI"},{"@type":"WebPage","@id":"https:\/\/hudo.com\/si\/aktualno\/v-jemnu-lakota-grozi-sedmim-milijonom-ljudi\/","url":"https:\/\/hudo.com\/si\/aktualno\/v-jemnu-lakota-grozi-sedmim-milijonom-ljudi\/","name":"V Jemnu lakota grozi sedmim milijonom ljudi - Hudo Slovenija","isPartOf":{"@id":"https:\/\/hudo.com\/si\/#website"},"datePublished":"2017-02-22T11:03:58+00:00","dateModified":"2017-02-22T11:03:58+00:00","breadcrumb":{"@id":"https:\/\/hudo.com\/si\/aktualno\/v-jemnu-lakota-grozi-sedmim-milijonom-ljudi\/#breadcrumb"},"inLanguage":"sl-SI","potentialAction":[{"@type":"ReadAction","target":["https:\/\/hudo.com\/si\/aktualno\/v-jemnu-lakota-grozi-sedmim-milijonom-ljudi\/"]}]},{"@type":"BreadcrumbList","@id":"https:\/\/hudo.com\/si\/aktualno\/v-jemnu-lakota-grozi-sedmim-milijonom-ljudi\/#breadcrumb","itemListElement":[{"@type":"ListItem","position":1,"name":"Home","item":"https:\/\/hudo.com\/si\/"},{"@type":"ListItem","position":2,"name":"V Jemnu lakota grozi sedmim milijonom ljudi"}]},{"@type":"WebSite","@id":"https:\/\/hudo.com\/si\/#website","url":"https:\/\/hudo.com\/si\/","name":"Hudo Slovenija","description":"Vse novice iz Slovenije in sveta","publisher":{"@id":"https:\/\/hudo.com\/si\/#organization"},"potentialAction":[{"@type":"SearchAction","target":{"@type":"EntryPoint","urlTemplate":"https:\/\/hudo.com\/si\/?s={search_term_string}"},"query-input":"required name=search_term_string"}],"inLanguage":"sl-SI"},{"@type":"Organization","@id":"https:\/\/hudo.com\/si\/#organization","name":"VSN Media","url":"https:\/\/hudo.com\/si\/","logo":{"@type":"ImageObject","inLanguage":"sl-SI","@id":"https:\/\/hudo.com\/si\/#\/schema\/logo\/image\/","url":"https:\/\/hudo.com\/si\/wp-content\/uploads\/sites\/2\/2021\/03\/hudo-app-2.png","contentUrl":"https:\/\/hudo.com\/si\/wp-content\/uploads\/sites\/2\/2021\/03\/hudo-app-2.png","width":2185,"height":2167,"caption":"VSN Media"},"image":{"@id":"https:\/\/hudo.com\/si\/#\/schema\/logo\/image\/"},"sameAs":["https:\/\/www.facebook.com\/hudo.si","https:\/\/twitter.com\/hudo_si"]},{"@type":"Person","@id":"https:\/\/hudo.com\/si\/#\/schema\/person\/c2f10ce65d2e6ede2aeda5be2a0611fa","name":"M. N., STA","image":{"@type":"ImageObject","inLanguage":"sl-SI","@id":"https:\/\/hudo.com\/si\/#\/schema\/person\/image\/","url":"https:\/\/secure.gravatar.com\/avatar\/f370d38daa10467f755c5c766a4cac20?s=96&d=mm&r=g","contentUrl":"https:\/\/secure.gravatar.com\/avatar\/f370d38daa10467f755c5c766a4cac20?s=96&d=mm&r=g","caption":"M. N., STA"},"url":"https:\/\/hudo.com\/si\/author\/mana\/"}]}},"amp_enabled":true,"_links":{"self":[{"href":"https:\/\/hudo.com\/si\/wp-json\/wp\/v2\/posts\/214375"}],"collection":[{"href":"https:\/\/hudo.com\/si\/wp-json\/wp\/v2\/posts"}],"about":[{"href":"https:\/\/hudo.com\/si\/wp-json\/wp\/v2\/types\/post"}],"author":[{"embeddable":true,"href":"https:\/\/hudo.com\/si\/wp-json\/wp\/v2\/users\/8"}],"replies":[{"embeddable":true,"href":"https:\/\/hudo.com\/si\/wp-json\/wp\/v2\/comments?post=214375"}],"version-history":[{"count":1,"href":"https:\/\/hudo.com\/si\/wp-json\/wp\/v2\/posts\/214375\/revisions"}],"predecessor-version":[{"id":214377,"href":"https:\/\/hudo.com\/si\/wp-json\/wp\/v2\/posts\/214375\/revisions\/214377"}],"wp:featuredmedia":[{"embeddable":true,"href":"https:\/\/hudo.com\/si\/wp-json\/wp\/v2\/media\/214376"}],"wp:attachment":[{"href":"https:\/\/hudo.com\/si\/wp-json\/wp\/v2\/media?parent=214375"}],"wp:term":[{"taxonomy":"category","embeddable":true,"href":"https:\/\/hudo.com\/si\/wp-json\/wp\/v2\/categories?post=214375"},{"taxonomy":"post_tag","embeddable":true,"href":"https:\/\/hudo.com\/si\/wp-json\/wp\/v2\/tags?post=214375"},{"taxonomy":"source","embeddable":true,"href":"https:\/\/hudo.com\/si\/wp-json\/wp\/v2\/source?post=214375"},{"taxonomy":"supertag","embeddable":true,"href":"https:\/\/hudo.com\/si\/wp-json\/wp\/v2\/supertag?post=214375"}],"curies":[{"name":"wp","href":"https:\/\/api.w.org\/{rel}","templated":true}]}}