{"id":214925,"date":"2017-02-23T08:00:00","date_gmt":"2017-02-23T07:00:00","guid":{"rendered":"http:\/\/hudo.com\/si\/2017\/02\/23\/liga-prvakov-kot-v-casu-eusebia-in-puskasa\/"},"modified":"2017-02-23T10:11:51","modified_gmt":"2017-02-23T09:11:51","slug":"liga-prvakov-kot-v-casu-eusebia-in-puskasa","status":"publish","type":"post","link":"https:\/\/hudo.com\/si\/aktualno\/liga-prvakov-kot-v-casu-eusebia-in-puskasa\/","title":{"rendered":"Liga prvakov kot v \u010dasu Eusebia in Puskasa"},"content":{"rendered":"<p>Kategorija: Nogomet Thu, 23 Feb 2017 09:00:00 +0100  Nogometna dru\u017eina ne pomni u\u010dinkovitosti v ligi prvakov, kakr\u0161no so v torek prikazali v Manchestru in Leverkusnu. Del zgodovinskega ve\u010dera sta bila slovenska reprezentanta Jan Oblak in Kevin Kampl, ki bi \u0161tadion BayArena resda lahko zapustila bolj\u0161e volje.Torkovi strelci so dvignili povpre\u010dje golov na tekmo na okroglih 7, kar je bolj spominjalo na hokejsko tekmo Olimpije v EBEL kot na izlo\u010dilne boje v ligi prvakov. Dejansko bo 21. februar 2017 zapisan v zgodovino kot dan z najvi\u0161jim povpre\u010djem v sodobni ligi prvakov, torej po reformi pred sezono 1992\/93. Prav tako je zavidljivo \u0161tevilo 29 golov na prvih \u0161estih tekmah 1\/8 finala lige prvakov \u2013 v sezonah 2003\/04 in 2006\/07 je padlo 29 golov na vseh 16 tekmah osmine finala skupaj. \u010ce bi za primerjavo vzeli najvi\u0161jo raven v nogometu, finale\u00a0&#8230;<\/p>\n","protected":false},"excerpt":{"rendered":"<p>Kategorija: Nogomet Thu, 23 Feb 2017 09:00:00 +0100  Nogometna dru\u017eina ne pomni u\u010dinkovitosti v ligi prvakov, kakr\u0161no so v torek prikazali v Manchestru in Leverkusnu. Del zgodovinskega ve\u010dera sta bila slovenska reprezentanta Jan Oblak in Kevin Kampl, ki bi \u0161tadion BayArena resda lahko zapustila bolj\u0161e volje.Torkovi strelci so dvignili povpre\u010dje golov na tekmo na okroglih 7, kar je bolj spominjalo na hokejsko tekmo Olimpije v EBEL kot na izlo\u010dilne boje v ligi prvakov. Dejansko bo 21. februar 2017 zapisan v zgodovino kot dan z najvi\u0161jim povpre\u010djem v sodobni ligi prvakov, torej po reformi pred sezono 1992\/93. Prav tako je zavidljivo \u0161tevilo 29 golov na prvih \u0161estih tekmah 1\/8 finala lige prvakov \u2013 v sezonah 2003\/04 in 2006\/07 je padlo 29 golov na vseh 16 tekmah osmine finala skupaj. \u010ce bi za primerjavo vzeli najvi\u0161jo raven v nogometu, finale\u00a0&#8230;<\/p>\n","protected":false},"author":1,"featured_media":0,"comment_status":"closed","ping_status":"closed","sticky":false,"template":"","format":"standard","meta":{"footnotes":""},"categories":[1179],"tags":[],"source":[1703],"supertag":[],"acf":[],"yoast_head":"<!-- This site is optimized with the Yoast SEO plugin v21.3 - https:\/\/yoast.com\/wordpress\/plugins\/seo\/ -->\n<title>Liga prvakov kot v \u010dasu Eusebia in Puskasa - Hudo Slovenija<\/title>\n<meta name=\"robots\" content=\"index, follow, max-snippet:-1, max-image-preview:large, max-video-preview:-1\" \/>\n<link rel=\"canonical\" href=\"https:\/\/hudo.com\/si\/aktualno\/liga-prvakov-kot-v-casu-eusebia-in-puskasa\/\" \/>\n<meta property=\"og:locale\" content=\"sl_SI\" \/>\n<meta property=\"og:type\" content=\"article\" \/>\n<meta property=\"og:title\" content=\"Liga prvakov kot v \u010dasu Eusebia in Puskasa - Hudo Slovenija\" \/>\n<meta property=\"og:description\" content=\"Kategorija: Nogomet Thu, 23 Feb 2017 09:00:00 +0100 Nogometna dru\u017eina ne pomni u\u010dinkovitosti v ligi prvakov, kakr\u0161no so v torek prikazali v Manchestru in Leverkusnu. Del zgodovinskega ve\u010dera sta bila slovenska reprezentanta Jan Oblak in Kevin Kampl, ki bi \u0161tadion BayArena resda lahko zapustila bolj\u0161e volje.Torkovi strelci so dvignili povpre\u010dje golov na tekmo na okroglih 7, kar je bolj spominjalo na hokejsko tekmo Olimpije v EBEL kot na izlo\u010dilne boje v ligi prvakov. Dejansko bo 21. februar 2017 zapisan v zgodovino kot dan z najvi\u0161jim povpre\u010djem v sodobni ligi prvakov, torej po reformi pred sezono 1992\/93. Prav tako je zavidljivo \u0161tevilo 29 golov na prvih \u0161estih tekmah 1\/8 finala lige prvakov \u2013 v sezonah 2003\/04 in 2006\/07 je padlo 29 golov na vseh 16 tekmah osmine finala skupaj. \u010ce bi za primerjavo vzeli najvi\u0161jo raven v nogometu, finale\u00a0...\" \/>\n<meta property=\"og:url\" content=\"https:\/\/hudo.com\/si\/aktualno\/liga-prvakov-kot-v-casu-eusebia-in-puskasa\/\" \/>\n<meta property=\"og:site_name\" content=\"Hudo Slovenija\" \/>\n<meta property=\"article:publisher\" content=\"https:\/\/www.facebook.com\/hudo.si\" \/>\n<meta property=\"article:published_time\" content=\"2017-02-23T07:00:00+00:00\" \/>\n<meta property=\"article:modified_time\" content=\"2017-02-23T09:11:51+00:00\" \/>\n<meta property=\"og:image\" content=\"https:\/\/hudo.com\/si\/wp-content\/uploads\/sites\/2\/2017\/02\/480x290_AFP_Photo-20170221210733-75372000.jpeg\" \/>\n\t<meta property=\"og:image:width\" content=\"480\" \/>\n\t<meta property=\"og:image:height\" content=\"290\" \/>\n\t<meta property=\"og:image:type\" content=\"image\/jpeg\" \/>\n<meta name=\"author\" content=\"hudo\" \/>\n<meta name=\"twitter:card\" content=\"summary_large_image\" \/>\n<meta name=\"twitter:creator\" content=\"@hudo_si\" \/>\n<meta name=\"twitter:site\" content=\"@hudo_si\" \/>\n<meta name=\"twitter:label1\" content=\"Written by\" \/>\n\t<meta name=\"twitter:data1\" content=\"hudo\" \/>\n\t<meta name=\"twitter:label2\" content=\"Est. reading time\" \/>\n\t<meta name=\"twitter:data2\" content=\"1 minuta\" \/>\n<script type=\"application\/ld+json\" class=\"yoast-schema-graph\">{\"@context\":\"https:\/\/schema.org\",\"@graph\":[{\"@type\":\"Article\",\"@id\":\"https:\/\/hudo.com\/si\/aktualno\/liga-prvakov-kot-v-casu-eusebia-in-puskasa\/#article\",\"isPartOf\":{\"@id\":\"https:\/\/hudo.com\/si\/aktualno\/liga-prvakov-kot-v-casu-eusebia-in-puskasa\/\"},\"author\":{\"name\":\"hudo\",\"@id\":\"https:\/\/hudo.com\/si\/#\/schema\/person\/601cf3379633985b20f7e50f2bb47707\"},\"headline\":\"Liga prvakov kot v \u010dasu Eusebia in Puskasa\",\"datePublished\":\"2017-02-23T07:00:00+00:00\",\"dateModified\":\"2017-02-23T09:11:51+00:00\",\"mainEntityOfPage\":{\"@id\":\"https:\/\/hudo.com\/si\/aktualno\/liga-prvakov-kot-v-casu-eusebia-in-puskasa\/\"},\"wordCount\":142,\"publisher\":{\"@id\":\"https:\/\/hudo.com\/si\/#organization\"},\"articleSection\":[\"Aktualno\"],\"inLanguage\":\"sl-SI\"},{\"@type\":\"WebPage\",\"@id\":\"https:\/\/hudo.com\/si\/aktualno\/liga-prvakov-kot-v-casu-eusebia-in-puskasa\/\",\"url\":\"https:\/\/hudo.com\/si\/aktualno\/liga-prvakov-kot-v-casu-eusebia-in-puskasa\/\",\"name\":\"Liga prvakov kot v \u010dasu Eusebia in Puskasa - Hudo Slovenija\",\"isPartOf\":{\"@id\":\"https:\/\/hudo.com\/si\/#website\"},\"datePublished\":\"2017-02-23T07:00:00+00:00\",\"dateModified\":\"2017-02-23T09:11:51+00:00\",\"breadcrumb\":{\"@id\":\"https:\/\/hudo.com\/si\/aktualno\/liga-prvakov-kot-v-casu-eusebia-in-puskasa\/#breadcrumb\"},\"inLanguage\":\"sl-SI\",\"potentialAction\":[{\"@type\":\"ReadAction\",\"target\":[\"https:\/\/hudo.com\/si\/aktualno\/liga-prvakov-kot-v-casu-eusebia-in-puskasa\/\"]}]},{\"@type\":\"BreadcrumbList\",\"@id\":\"https:\/\/hudo.com\/si\/aktualno\/liga-prvakov-kot-v-casu-eusebia-in-puskasa\/#breadcrumb\",\"itemListElement\":[{\"@type\":\"ListItem\",\"position\":1,\"name\":\"Home\",\"item\":\"https:\/\/hudo.com\/si\/\"},{\"@type\":\"ListItem\",\"position\":2,\"name\":\"Liga prvakov kot v \u010dasu Eusebia in Puskasa\"}]},{\"@type\":\"WebSite\",\"@id\":\"https:\/\/hudo.com\/si\/#website\",\"url\":\"https:\/\/hudo.com\/si\/\",\"name\":\"Hudo Slovenija\",\"description\":\"Vse novice iz Slovenije in sveta\",\"publisher\":{\"@id\":\"https:\/\/hudo.com\/si\/#organization\"},\"potentialAction\":[{\"@type\":\"SearchAction\",\"target\":{\"@type\":\"EntryPoint\",\"urlTemplate\":\"https:\/\/hudo.com\/si\/?s={search_term_string}\"},\"query-input\":\"required name=search_term_string\"}],\"inLanguage\":\"sl-SI\"},{\"@type\":\"Organization\",\"@id\":\"https:\/\/hudo.com\/si\/#organization\",\"name\":\"VSN Media\",\"url\":\"https:\/\/hudo.com\/si\/\",\"logo\":{\"@type\":\"ImageObject\",\"inLanguage\":\"sl-SI\",\"@id\":\"https:\/\/hudo.com\/si\/#\/schema\/logo\/image\/\",\"url\":\"https:\/\/hudo.com\/si\/wp-content\/uploads\/sites\/2\/2021\/03\/hudo-app-2.png\",\"contentUrl\":\"https:\/\/hudo.com\/si\/wp-content\/uploads\/sites\/2\/2021\/03\/hudo-app-2.png\",\"width\":2185,\"height\":2167,\"caption\":\"VSN Media\"},\"image\":{\"@id\":\"https:\/\/hudo.com\/si\/#\/schema\/logo\/image\/\"},\"sameAs\":[\"https:\/\/www.facebook.com\/hudo.si\",\"https:\/\/twitter.com\/hudo_si\"]},{\"@type\":\"Person\",\"@id\":\"https:\/\/hudo.com\/si\/#\/schema\/person\/601cf3379633985b20f7e50f2bb47707\",\"name\":\"hudo\",\"image\":{\"@type\":\"ImageObject\",\"inLanguage\":\"sl-SI\",\"@id\":\"https:\/\/hudo.com\/si\/#\/schema\/person\/image\/\",\"url\":\"https:\/\/secure.gravatar.com\/avatar\/c4ca25fa72cace7a696b52ff5db9e095?s=96&d=mm&r=g\",\"contentUrl\":\"https:\/\/secure.gravatar.com\/avatar\/c4ca25fa72cace7a696b52ff5db9e095?s=96&d=mm&r=g\",\"caption\":\"hudo\"},\"url\":\"https:\/\/hudo.com\/si\/author\/hudo\/\"}]}<\/script>\n<!-- \/ Yoast SEO plugin. -->","yoast_head_json":{"title":"Liga prvakov kot v \u010dasu Eusebia in Puskasa - Hudo Slovenija","robots":{"index":"index","follow":"follow","max-snippet":"max-snippet:-1","max-image-preview":"max-image-preview:large","max-video-preview":"max-video-preview:-1"},"canonical":"https:\/\/hudo.com\/si\/aktualno\/liga-prvakov-kot-v-casu-eusebia-in-puskasa\/","og_locale":"sl_SI","og_type":"article","og_title":"Liga prvakov kot v \u010dasu Eusebia in Puskasa - Hudo Slovenija","og_description":"Kategorija: Nogomet Thu, 23 Feb 2017 09:00:00 +0100 Nogometna dru\u017eina ne pomni u\u010dinkovitosti v ligi prvakov, kakr\u0161no so v torek prikazali v Manchestru in Leverkusnu. Del zgodovinskega ve\u010dera sta bila slovenska reprezentanta Jan Oblak in Kevin Kampl, ki bi \u0161tadion BayArena resda lahko zapustila bolj\u0161e volje.Torkovi strelci so dvignili povpre\u010dje golov na tekmo na okroglih 7, kar je bolj spominjalo na hokejsko tekmo Olimpije v EBEL kot na izlo\u010dilne boje v ligi prvakov. Dejansko bo 21. februar 2017 zapisan v zgodovino kot dan z najvi\u0161jim povpre\u010djem v sodobni ligi prvakov, torej po reformi pred sezono 1992\/93. Prav tako je zavidljivo \u0161tevilo 29 golov na prvih \u0161estih tekmah 1\/8 finala lige prvakov \u2013 v sezonah 2003\/04 in 2006\/07 je padlo 29 golov na vseh 16 tekmah osmine finala skupaj. \u010ce bi za primerjavo vzeli najvi\u0161jo raven v nogometu, finale\u00a0...","og_url":"https:\/\/hudo.com\/si\/aktualno\/liga-prvakov-kot-v-casu-eusebia-in-puskasa\/","og_site_name":"Hudo Slovenija","article_publisher":"https:\/\/www.facebook.com\/hudo.si","article_published_time":"2017-02-23T07:00:00+00:00","article_modified_time":"2017-02-23T09:11:51+00:00","og_image":[{"width":480,"height":290,"url":"https:\/\/hudo.com\/si\/wp-content\/uploads\/sites\/2\/2017\/02\/480x290_AFP_Photo-20170221210733-75372000.jpeg","type":"image\/jpeg"}],"author":"hudo","twitter_card":"summary_large_image","twitter_creator":"@hudo_si","twitter_site":"@hudo_si","twitter_misc":{"Written by":"hudo","Est. reading time":"1 minuta"},"schema":{"@context":"https:\/\/schema.org","@graph":[{"@type":"Article","@id":"https:\/\/hudo.com\/si\/aktualno\/liga-prvakov-kot-v-casu-eusebia-in-puskasa\/#article","isPartOf":{"@id":"https:\/\/hudo.com\/si\/aktualno\/liga-prvakov-kot-v-casu-eusebia-in-puskasa\/"},"author":{"name":"hudo","@id":"https:\/\/hudo.com\/si\/#\/schema\/person\/601cf3379633985b20f7e50f2bb47707"},"headline":"Liga prvakov kot v \u010dasu Eusebia in Puskasa","datePublished":"2017-02-23T07:00:00+00:00","dateModified":"2017-02-23T09:11:51+00:00","mainEntityOfPage":{"@id":"https:\/\/hudo.com\/si\/aktualno\/liga-prvakov-kot-v-casu-eusebia-in-puskasa\/"},"wordCount":142,"publisher":{"@id":"https:\/\/hudo.com\/si\/#organization"},"articleSection":["Aktualno"],"inLanguage":"sl-SI"},{"@type":"WebPage","@id":"https:\/\/hudo.com\/si\/aktualno\/liga-prvakov-kot-v-casu-eusebia-in-puskasa\/","url":"https:\/\/hudo.com\/si\/aktualno\/liga-prvakov-kot-v-casu-eusebia-in-puskasa\/","name":"Liga prvakov kot v \u010dasu Eusebia in Puskasa - Hudo Slovenija","isPartOf":{"@id":"https:\/\/hudo.com\/si\/#website"},"datePublished":"2017-02-23T07:00:00+00:00","dateModified":"2017-02-23T09:11:51+00:00","breadcrumb":{"@id":"https:\/\/hudo.com\/si\/aktualno\/liga-prvakov-kot-v-casu-eusebia-in-puskasa\/#breadcrumb"},"inLanguage":"sl-SI","potentialAction":[{"@type":"ReadAction","target":["https:\/\/hudo.com\/si\/aktualno\/liga-prvakov-kot-v-casu-eusebia-in-puskasa\/"]}]},{"@type":"BreadcrumbList","@id":"https:\/\/hudo.com\/si\/aktualno\/liga-prvakov-kot-v-casu-eusebia-in-puskasa\/#breadcrumb","itemListElement":[{"@type":"ListItem","position":1,"name":"Home","item":"https:\/\/hudo.com\/si\/"},{"@type":"ListItem","position":2,"name":"Liga prvakov kot v \u010dasu Eusebia in Puskasa"}]},{"@type":"WebSite","@id":"https:\/\/hudo.com\/si\/#website","url":"https:\/\/hudo.com\/si\/","name":"Hudo Slovenija","description":"Vse novice iz Slovenije in sveta","publisher":{"@id":"https:\/\/hudo.com\/si\/#organization"},"potentialAction":[{"@type":"SearchAction","target":{"@type":"EntryPoint","urlTemplate":"https:\/\/hudo.com\/si\/?s={search_term_string}"},"query-input":"required name=search_term_string"}],"inLanguage":"sl-SI"},{"@type":"Organization","@id":"https:\/\/hudo.com\/si\/#organization","name":"VSN Media","url":"https:\/\/hudo.com\/si\/","logo":{"@type":"ImageObject","inLanguage":"sl-SI","@id":"https:\/\/hudo.com\/si\/#\/schema\/logo\/image\/","url":"https:\/\/hudo.com\/si\/wp-content\/uploads\/sites\/2\/2021\/03\/hudo-app-2.png","contentUrl":"https:\/\/hudo.com\/si\/wp-content\/uploads\/sites\/2\/2021\/03\/hudo-app-2.png","width":2185,"height":2167,"caption":"VSN Media"},"image":{"@id":"https:\/\/hudo.com\/si\/#\/schema\/logo\/image\/"},"sameAs":["https:\/\/www.facebook.com\/hudo.si","https:\/\/twitter.com\/hudo_si"]},{"@type":"Person","@id":"https:\/\/hudo.com\/si\/#\/schema\/person\/601cf3379633985b20f7e50f2bb47707","name":"hudo","image":{"@type":"ImageObject","inLanguage":"sl-SI","@id":"https:\/\/hudo.com\/si\/#\/schema\/person\/image\/","url":"https:\/\/secure.gravatar.com\/avatar\/c4ca25fa72cace7a696b52ff5db9e095?s=96&d=mm&r=g","contentUrl":"https:\/\/secure.gravatar.com\/avatar\/c4ca25fa72cace7a696b52ff5db9e095?s=96&d=mm&r=g","caption":"hudo"},"url":"https:\/\/hudo.com\/si\/author\/hudo\/"}]}},"amp_enabled":true,"_links":{"self":[{"href":"https:\/\/hudo.com\/si\/wp-json\/wp\/v2\/posts\/214925"}],"collection":[{"href":"https:\/\/hudo.com\/si\/wp-json\/wp\/v2\/posts"}],"about":[{"href":"https:\/\/hudo.com\/si\/wp-json\/wp\/v2\/types\/post"}],"author":[{"embeddable":true,"href":"https:\/\/hudo.com\/si\/wp-json\/wp\/v2\/users\/1"}],"replies":[{"embeddable":true,"href":"https:\/\/hudo.com\/si\/wp-json\/wp\/v2\/comments?post=214925"}],"version-history":[{"count":1,"href":"https:\/\/hudo.com\/si\/wp-json\/wp\/v2\/posts\/214925\/revisions"}],"predecessor-version":[{"id":214970,"href":"https:\/\/hudo.com\/si\/wp-json\/wp\/v2\/posts\/214925\/revisions\/214970"}],"wp:attachment":[{"href":"https:\/\/hudo.com\/si\/wp-json\/wp\/v2\/media?parent=214925"}],"wp:term":[{"taxonomy":"category","embeddable":true,"href":"https:\/\/hudo.com\/si\/wp-json\/wp\/v2\/categories?post=214925"},{"taxonomy":"post_tag","embeddable":true,"href":"https:\/\/hudo.com\/si\/wp-json\/wp\/v2\/tags?post=214925"},{"taxonomy":"source","embeddable":true,"href":"https:\/\/hudo.com\/si\/wp-json\/wp\/v2\/source?post=214925"},{"taxonomy":"supertag","embeddable":true,"href":"https:\/\/hudo.com\/si\/wp-json\/wp\/v2\/supertag?post=214925"}],"curies":[{"name":"wp","href":"https:\/\/api.w.org\/{rel}","templated":true}]}}