{"id":215524,"date":"2017-02-24T05:04:00","date_gmt":"2017-02-24T04:04:00","guid":{"rendered":"http:\/\/hudo.com\/si\/2017\/02\/24\/popovic-bi-garazno-hiso-pri-sodiscu\/"},"modified":"2017-02-24T11:31:52","modified_gmt":"2017-02-24T10:31:52","slug":"popovic-bi-garazno-hiso-pri-sodiscu","status":"publish","type":"post","link":"https:\/\/hudo.com\/si\/aktualno\/popovic-bi-garazno-hiso-pri-sodiscu\/","title":{"rendered":"Popovi\u010d bi gara\u017eno hi\u0161o pri sodi\u0161\u010du"},"content":{"rendered":"<p>Pred osmimi leti je koprsko okro\u017eno sodi\u0161\u010de z zapornico in betonskimi koriti zaprlo dostop na parkiri\u0161\u010du ob Ferrarski cesti, \u0161e vedno pa ni znano, \u010digavo pravzaprav je tisto parkiri\u0161\u010de. Dr\u017eava in Mestna ob\u010dina Koper se zanj \u0161e vedno pravdata.<\/p>\n","protected":false},"excerpt":{"rendered":"<p>Pred osmimi leti je koprsko okro\u017eno sodi\u0161\u010de z zapornico in betonskimi koriti zaprlo dostop na parkiri\u0161\u010du ob Ferrarski cesti, \u0161e vedno pa ni znano, \u010digavo pravzaprav je tisto parkiri\u0161\u010de. Dr\u017eava in Mestna ob\u010dina Koper se zanj \u0161e vedno pravdata.<\/p>\n","protected":false},"author":1,"featured_media":0,"comment_status":"closed","ping_status":"closed","sticky":false,"template":"","format":"standard","meta":{"footnotes":""},"categories":[1179],"tags":[],"source":[1707],"supertag":[],"acf":[],"yoast_head":"<!-- This site is optimized with the Yoast SEO plugin v21.3 - https:\/\/yoast.com\/wordpress\/plugins\/seo\/ -->\n<title>Popovi\u010d bi gara\u017eno hi\u0161o pri sodi\u0161\u010du - Hudo Slovenija<\/title>\n<meta name=\"robots\" content=\"index, follow, max-snippet:-1, max-image-preview:large, max-video-preview:-1\" \/>\n<link rel=\"canonical\" href=\"https:\/\/hudo.com\/si\/aktualno\/popovic-bi-garazno-hiso-pri-sodiscu\/\" \/>\n<meta property=\"og:locale\" content=\"sl_SI\" \/>\n<meta property=\"og:type\" content=\"article\" \/>\n<meta property=\"og:title\" content=\"Popovi\u010d bi gara\u017eno hi\u0161o pri sodi\u0161\u010du - Hudo Slovenija\" \/>\n<meta property=\"og:description\" content=\"Pred osmimi leti je koprsko okro\u017eno sodi\u0161\u010de z zapornico in betonskimi koriti zaprlo dostop na parkiri\u0161\u010du ob Ferrarski cesti, \u0161e vedno pa ni znano, \u010digavo pravzaprav je tisto parkiri\u0161\u010de. Dr\u017eava in Mestna ob\u010dina Koper se zanj \u0161e vedno pravdata.\" \/>\n<meta property=\"og:url\" content=\"https:\/\/hudo.com\/si\/aktualno\/popovic-bi-garazno-hiso-pri-sodiscu\/\" \/>\n<meta property=\"og:site_name\" content=\"Hudo Slovenija\" \/>\n<meta property=\"article:publisher\" content=\"https:\/\/www.facebook.com\/hudo.si\" \/>\n<meta property=\"article:published_time\" content=\"2017-02-24T04:04:00+00:00\" \/>\n<meta property=\"article:modified_time\" content=\"2017-02-24T10:31:52+00:00\" \/>\n<meta property=\"og:image\" content=\"https:\/\/hudo.com\/si\/wp-content\/uploads\/sites\/2\/2017\/02\/045-PARKING1B.jpg\" \/>\n\t<meta property=\"og:image:width\" content=\"620\" \/>\n\t<meta property=\"og:image:height\" content=\"399\" \/>\n\t<meta property=\"og:image:type\" content=\"image\/jpeg\" \/>\n<meta name=\"author\" content=\"hudo\" \/>\n<meta name=\"twitter:card\" content=\"summary_large_image\" \/>\n<meta name=\"twitter:creator\" content=\"@hudo_si\" \/>\n<meta name=\"twitter:site\" content=\"@hudo_si\" \/>\n<meta name=\"twitter:label1\" content=\"Written by\" \/>\n\t<meta name=\"twitter:data1\" content=\"hudo\" \/>\n<script type=\"application\/ld+json\" class=\"yoast-schema-graph\">{\"@context\":\"https:\/\/schema.org\",\"@graph\":[{\"@type\":\"Article\",\"@id\":\"https:\/\/hudo.com\/si\/aktualno\/popovic-bi-garazno-hiso-pri-sodiscu\/#article\",\"isPartOf\":{\"@id\":\"https:\/\/hudo.com\/si\/aktualno\/popovic-bi-garazno-hiso-pri-sodiscu\/\"},\"author\":{\"name\":\"hudo\",\"@id\":\"https:\/\/hudo.com\/si\/#\/schema\/person\/601cf3379633985b20f7e50f2bb47707\"},\"headline\":\"Popovi\u010d bi gara\u017eno hi\u0161o pri sodi\u0161\u010du\",\"datePublished\":\"2017-02-24T04:04:00+00:00\",\"dateModified\":\"2017-02-24T10:31:52+00:00\",\"mainEntityOfPage\":{\"@id\":\"https:\/\/hudo.com\/si\/aktualno\/popovic-bi-garazno-hiso-pri-sodiscu\/\"},\"wordCount\":54,\"publisher\":{\"@id\":\"https:\/\/hudo.com\/si\/#organization\"},\"articleSection\":[\"Aktualno\"],\"inLanguage\":\"sl-SI\"},{\"@type\":\"WebPage\",\"@id\":\"https:\/\/hudo.com\/si\/aktualno\/popovic-bi-garazno-hiso-pri-sodiscu\/\",\"url\":\"https:\/\/hudo.com\/si\/aktualno\/popovic-bi-garazno-hiso-pri-sodiscu\/\",\"name\":\"Popovi\u010d bi gara\u017eno hi\u0161o pri sodi\u0161\u010du - Hudo Slovenija\",\"isPartOf\":{\"@id\":\"https:\/\/hudo.com\/si\/#website\"},\"datePublished\":\"2017-02-24T04:04:00+00:00\",\"dateModified\":\"2017-02-24T10:31:52+00:00\",\"breadcrumb\":{\"@id\":\"https:\/\/hudo.com\/si\/aktualno\/popovic-bi-garazno-hiso-pri-sodiscu\/#breadcrumb\"},\"inLanguage\":\"sl-SI\",\"potentialAction\":[{\"@type\":\"ReadAction\",\"target\":[\"https:\/\/hudo.com\/si\/aktualno\/popovic-bi-garazno-hiso-pri-sodiscu\/\"]}]},{\"@type\":\"BreadcrumbList\",\"@id\":\"https:\/\/hudo.com\/si\/aktualno\/popovic-bi-garazno-hiso-pri-sodiscu\/#breadcrumb\",\"itemListElement\":[{\"@type\":\"ListItem\",\"position\":1,\"name\":\"Home\",\"item\":\"https:\/\/hudo.com\/si\/\"},{\"@type\":\"ListItem\",\"position\":2,\"name\":\"Popovi\u010d bi gara\u017eno hi\u0161o pri sodi\u0161\u010du\"}]},{\"@type\":\"WebSite\",\"@id\":\"https:\/\/hudo.com\/si\/#website\",\"url\":\"https:\/\/hudo.com\/si\/\",\"name\":\"Hudo Slovenija\",\"description\":\"Vse novice iz Slovenije in sveta\",\"publisher\":{\"@id\":\"https:\/\/hudo.com\/si\/#organization\"},\"potentialAction\":[{\"@type\":\"SearchAction\",\"target\":{\"@type\":\"EntryPoint\",\"urlTemplate\":\"https:\/\/hudo.com\/si\/?s={search_term_string}\"},\"query-input\":\"required name=search_term_string\"}],\"inLanguage\":\"sl-SI\"},{\"@type\":\"Organization\",\"@id\":\"https:\/\/hudo.com\/si\/#organization\",\"name\":\"VSN Media\",\"url\":\"https:\/\/hudo.com\/si\/\",\"logo\":{\"@type\":\"ImageObject\",\"inLanguage\":\"sl-SI\",\"@id\":\"https:\/\/hudo.com\/si\/#\/schema\/logo\/image\/\",\"url\":\"https:\/\/hudo.com\/si\/wp-content\/uploads\/sites\/2\/2021\/03\/hudo-app-2.png\",\"contentUrl\":\"https:\/\/hudo.com\/si\/wp-content\/uploads\/sites\/2\/2021\/03\/hudo-app-2.png\",\"width\":2185,\"height\":2167,\"caption\":\"VSN Media\"},\"image\":{\"@id\":\"https:\/\/hudo.com\/si\/#\/schema\/logo\/image\/\"},\"sameAs\":[\"https:\/\/www.facebook.com\/hudo.si\",\"https:\/\/twitter.com\/hudo_si\"]},{\"@type\":\"Person\",\"@id\":\"https:\/\/hudo.com\/si\/#\/schema\/person\/601cf3379633985b20f7e50f2bb47707\",\"name\":\"hudo\",\"image\":{\"@type\":\"ImageObject\",\"inLanguage\":\"sl-SI\",\"@id\":\"https:\/\/hudo.com\/si\/#\/schema\/person\/image\/\",\"url\":\"https:\/\/secure.gravatar.com\/avatar\/c4ca25fa72cace7a696b52ff5db9e095?s=96&d=mm&r=g\",\"contentUrl\":\"https:\/\/secure.gravatar.com\/avatar\/c4ca25fa72cace7a696b52ff5db9e095?s=96&d=mm&r=g\",\"caption\":\"hudo\"},\"url\":\"https:\/\/hudo.com\/si\/author\/hudo\/\"}]}<\/script>\n<!-- \/ Yoast SEO plugin. -->","yoast_head_json":{"title":"Popovi\u010d bi gara\u017eno hi\u0161o pri sodi\u0161\u010du - Hudo Slovenija","robots":{"index":"index","follow":"follow","max-snippet":"max-snippet:-1","max-image-preview":"max-image-preview:large","max-video-preview":"max-video-preview:-1"},"canonical":"https:\/\/hudo.com\/si\/aktualno\/popovic-bi-garazno-hiso-pri-sodiscu\/","og_locale":"sl_SI","og_type":"article","og_title":"Popovi\u010d bi gara\u017eno hi\u0161o pri sodi\u0161\u010du - Hudo Slovenija","og_description":"Pred osmimi leti je koprsko okro\u017eno sodi\u0161\u010de z zapornico in betonskimi koriti zaprlo dostop na parkiri\u0161\u010du ob Ferrarski cesti, \u0161e vedno pa ni znano, \u010digavo pravzaprav je tisto parkiri\u0161\u010de. Dr\u017eava in Mestna ob\u010dina Koper se zanj \u0161e vedno pravdata.","og_url":"https:\/\/hudo.com\/si\/aktualno\/popovic-bi-garazno-hiso-pri-sodiscu\/","og_site_name":"Hudo Slovenija","article_publisher":"https:\/\/www.facebook.com\/hudo.si","article_published_time":"2017-02-24T04:04:00+00:00","article_modified_time":"2017-02-24T10:31:52+00:00","og_image":[{"width":620,"height":399,"url":"https:\/\/hudo.com\/si\/wp-content\/uploads\/sites\/2\/2017\/02\/045-PARKING1B.jpg","type":"image\/jpeg"}],"author":"hudo","twitter_card":"summary_large_image","twitter_creator":"@hudo_si","twitter_site":"@hudo_si","twitter_misc":{"Written by":"hudo"},"schema":{"@context":"https:\/\/schema.org","@graph":[{"@type":"Article","@id":"https:\/\/hudo.com\/si\/aktualno\/popovic-bi-garazno-hiso-pri-sodiscu\/#article","isPartOf":{"@id":"https:\/\/hudo.com\/si\/aktualno\/popovic-bi-garazno-hiso-pri-sodiscu\/"},"author":{"name":"hudo","@id":"https:\/\/hudo.com\/si\/#\/schema\/person\/601cf3379633985b20f7e50f2bb47707"},"headline":"Popovi\u010d bi gara\u017eno hi\u0161o pri sodi\u0161\u010du","datePublished":"2017-02-24T04:04:00+00:00","dateModified":"2017-02-24T10:31:52+00:00","mainEntityOfPage":{"@id":"https:\/\/hudo.com\/si\/aktualno\/popovic-bi-garazno-hiso-pri-sodiscu\/"},"wordCount":54,"publisher":{"@id":"https:\/\/hudo.com\/si\/#organization"},"articleSection":["Aktualno"],"inLanguage":"sl-SI"},{"@type":"WebPage","@id":"https:\/\/hudo.com\/si\/aktualno\/popovic-bi-garazno-hiso-pri-sodiscu\/","url":"https:\/\/hudo.com\/si\/aktualno\/popovic-bi-garazno-hiso-pri-sodiscu\/","name":"Popovi\u010d bi gara\u017eno hi\u0161o pri sodi\u0161\u010du - Hudo Slovenija","isPartOf":{"@id":"https:\/\/hudo.com\/si\/#website"},"datePublished":"2017-02-24T04:04:00+00:00","dateModified":"2017-02-24T10:31:52+00:00","breadcrumb":{"@id":"https:\/\/hudo.com\/si\/aktualno\/popovic-bi-garazno-hiso-pri-sodiscu\/#breadcrumb"},"inLanguage":"sl-SI","potentialAction":[{"@type":"ReadAction","target":["https:\/\/hudo.com\/si\/aktualno\/popovic-bi-garazno-hiso-pri-sodiscu\/"]}]},{"@type":"BreadcrumbList","@id":"https:\/\/hudo.com\/si\/aktualno\/popovic-bi-garazno-hiso-pri-sodiscu\/#breadcrumb","itemListElement":[{"@type":"ListItem","position":1,"name":"Home","item":"https:\/\/hudo.com\/si\/"},{"@type":"ListItem","position":2,"name":"Popovi\u010d bi gara\u017eno hi\u0161o pri sodi\u0161\u010du"}]},{"@type":"WebSite","@id":"https:\/\/hudo.com\/si\/#website","url":"https:\/\/hudo.com\/si\/","name":"Hudo Slovenija","description":"Vse novice iz Slovenije in sveta","publisher":{"@id":"https:\/\/hudo.com\/si\/#organization"},"potentialAction":[{"@type":"SearchAction","target":{"@type":"EntryPoint","urlTemplate":"https:\/\/hudo.com\/si\/?s={search_term_string}"},"query-input":"required name=search_term_string"}],"inLanguage":"sl-SI"},{"@type":"Organization","@id":"https:\/\/hudo.com\/si\/#organization","name":"VSN Media","url":"https:\/\/hudo.com\/si\/","logo":{"@type":"ImageObject","inLanguage":"sl-SI","@id":"https:\/\/hudo.com\/si\/#\/schema\/logo\/image\/","url":"https:\/\/hudo.com\/si\/wp-content\/uploads\/sites\/2\/2021\/03\/hudo-app-2.png","contentUrl":"https:\/\/hudo.com\/si\/wp-content\/uploads\/sites\/2\/2021\/03\/hudo-app-2.png","width":2185,"height":2167,"caption":"VSN Media"},"image":{"@id":"https:\/\/hudo.com\/si\/#\/schema\/logo\/image\/"},"sameAs":["https:\/\/www.facebook.com\/hudo.si","https:\/\/twitter.com\/hudo_si"]},{"@type":"Person","@id":"https:\/\/hudo.com\/si\/#\/schema\/person\/601cf3379633985b20f7e50f2bb47707","name":"hudo","image":{"@type":"ImageObject","inLanguage":"sl-SI","@id":"https:\/\/hudo.com\/si\/#\/schema\/person\/image\/","url":"https:\/\/secure.gravatar.com\/avatar\/c4ca25fa72cace7a696b52ff5db9e095?s=96&d=mm&r=g","contentUrl":"https:\/\/secure.gravatar.com\/avatar\/c4ca25fa72cace7a696b52ff5db9e095?s=96&d=mm&r=g","caption":"hudo"},"url":"https:\/\/hudo.com\/si\/author\/hudo\/"}]}},"amp_enabled":true,"_links":{"self":[{"href":"https:\/\/hudo.com\/si\/wp-json\/wp\/v2\/posts\/215524"}],"collection":[{"href":"https:\/\/hudo.com\/si\/wp-json\/wp\/v2\/posts"}],"about":[{"href":"https:\/\/hudo.com\/si\/wp-json\/wp\/v2\/types\/post"}],"author":[{"embeddable":true,"href":"https:\/\/hudo.com\/si\/wp-json\/wp\/v2\/users\/1"}],"replies":[{"embeddable":true,"href":"https:\/\/hudo.com\/si\/wp-json\/wp\/v2\/comments?post=215524"}],"version-history":[{"count":1,"href":"https:\/\/hudo.com\/si\/wp-json\/wp\/v2\/posts\/215524\/revisions"}],"predecessor-version":[{"id":215676,"href":"https:\/\/hudo.com\/si\/wp-json\/wp\/v2\/posts\/215524\/revisions\/215676"}],"wp:attachment":[{"href":"https:\/\/hudo.com\/si\/wp-json\/wp\/v2\/media?parent=215524"}],"wp:term":[{"taxonomy":"category","embeddable":true,"href":"https:\/\/hudo.com\/si\/wp-json\/wp\/v2\/categories?post=215524"},{"taxonomy":"post_tag","embeddable":true,"href":"https:\/\/hudo.com\/si\/wp-json\/wp\/v2\/tags?post=215524"},{"taxonomy":"source","embeddable":true,"href":"https:\/\/hudo.com\/si\/wp-json\/wp\/v2\/source?post=215524"},{"taxonomy":"supertag","embeddable":true,"href":"https:\/\/hudo.com\/si\/wp-json\/wp\/v2\/supertag?post=215524"}],"curies":[{"name":"wp","href":"https:\/\/api.w.org\/{rel}","templated":true}]}}