{"id":215693,"date":"2017-02-24T10:57:53","date_gmt":"2017-02-24T09:57:53","guid":{"rendered":"http:\/\/hudo.com\/si\/?p=215693"},"modified":"2017-02-24T16:48:13","modified_gmt":"2017-02-24T15:48:13","slug":"mocan-veter-ki-je-v-cetrtek-zvecer-ponoci-zajel-severovzhod-drzave-je-povzrocil-kar-nekaj-tezav","status":"publish","type":"post","link":"https:\/\/hudo.com\/si\/aktualno\/mocan-veter-ki-je-v-cetrtek-zvecer-ponoci-zajel-severovzhod-drzave-je-povzrocil-kar-nekaj-tezav\/","title":{"rendered":"Mo\u010dan veter, ki je zajel severovzhod dr\u017eave, povzro\u010dil kar nekaj te\u017eav"},"content":{"rendered":"<p>Kot so za STA pojasnili v dru\u017ebi Elektro Maribor, je pono\u010di brez elektri\u010dne energije ostalo 2790 uporabnikov na obmo\u010djih Pragerskega, \u0160martna na Pohorju in Oplotnice. Zaradi mo\u010dnega vetra, ki je podiral drevesa na nadzemne vode, so bili po\u0161kodovani tudi elektri\u010dni vodi.<\/p>\n<p>Zaradi okvare na daljnovodu so zve\u010der brez elektri\u010dne energije ostali tudi odjemalci naselij Zabukovje nad Sevnico in Vranje. Napako so pono\u010di odpravili de\u017eurni pri Elektro Celje.<\/p>\n<p>Sicer pa je veter po podatkih Uprave RS za za\u0161\u010dito in re\u0161evanje podiral drevesa na obmo\u010djih Slovenske Bistrice, Ptuja, Ormo\u017ea, Destrnika in Mute. V Lovrencu na Pohorju je drevo padlo na objekt, v ob\u010dini Slovenska Bistrica pa je odkrilo streho telovadnice. V tej ob\u010dini se je zaradi vetra zru\u0161il tudi del zidu na podstrehi stanovanjske hi\u0161e.<\/p>\n<p>Tudi s Policijske uprave Maribor so sporo\u010dili, da je mo\u010dan veter povzro\u010dal precej nev\u0161e\u010dnosti. Zaradi podrtih dreves in elektri\u010dnih oz. telefonskih drogov je bilo nekaj \u010dasa neprevoznih ve\u010d cest, po\u0161kodovanih je bilo kar nekaj vozil in objektov.<\/p>\n<p>Veter je odkril bakreno streho na telovadnici Osnovne \u0161ole Antona Ingoli\u010da v Spodnji Polskavi, po navedbah policijske uprave je po\u0161kodovanih tudi okoli 500 kvadratnih metrov izolacije. Materialna \u0161koda zna\u0161a okoli 100.000 evrov. Deli bakrene strehe so po\u0161kodovali \u0161e fasado na sosednjem stanovanjskem objektu.<\/p>\n<p>Kot pa je zapisano na spletni strani uprave za za\u0161\u010dito in re\u0161evanje, so strehe na objektih, ki jih je po\u0161kodoval mo\u010dan veter, \u017ee sanirali gasilci. Pomagali so v Spodnji Polskavi na osnovni \u0161oli, v Pragerskem na cerkvi in trgovini ter v Slovenski Bistrici na ob\u010dinski stavbi.<\/p>\n<p>Po podatkih uprave za za\u0161\u010dito in re\u0161evanje je popoldne veter odkrival strehe na obmo\u010dju ob\u010dine Slovenska Bistrica, drevo pa ogro\u017ea stanovanjski objekt. Na obmo\u010dju ob\u010dine Miklav\u017e na Dravskem polju pa so gasilci odstranili drevesi, ki sta padli na cesti\u0161\u010de. Mo\u010dan veter je na obmo\u010dju ob\u010dine Sveti Toma\u017e razkril 15 kvadratnih metrov strehe gospodarskega objekta, v ob\u010dini \u017dalec je odkril del strehe na stanovanjski hi\u0161i. V obeh primerih so posredovali prostovoljni gasilci.<\/p>\n<p>Veter je \u017ee ponehal ponehal. Zve\u010der in del no\u010di bo obla\u010dno s padavinami. Meja sne\u017eenja se bo v prvi polovici no\u010di spustila do nadmorske vi\u0161ine okoli 500 metrov. Na Primorskem bo zapihala zmerna burja. V drugem delu no\u010di bodo padavine ponehale in do jutra se bo od severa \u017ee ve\u010dinoma razjasnilo. Najni\u017eje jutranje temperature bodo od -1 do 5, v alpskih dolinah do -5 stopinj Celzija.<\/p>\n<p>V soboto bo sprva precej jasno, \u010dez dan bo nastajala plitva kopasta obla\u010dnost. Na Primorskem bo pihala zmerna burja, ki bo popoldne za\u010dela slabeti. Najvi\u0161je dnevne temperature bodo od 5 do 9, na Primorskem do 12 stopinj.<\/p>\n","protected":false},"excerpt":{"rendered":"<p>Mo\u010dan veter, ki je v \u010detrtek zve\u010der in pono\u010di zajel severovzhod dr\u017eave, je povzro\u010dil kar nekaj te\u017eav. Podiral je drevesa in elektri\u010dne drogove ter odkrival strehe. Skoraj 3000 gospodinjstev je zaradi mo\u010dnega vetra ostalo brez elektrike.<\/p>\n","protected":false},"author":8,"featured_media":178619,"comment_status":"closed","ping_status":"closed","sticky":false,"template":"","format":"standard","meta":{"footnotes":""},"categories":[1179],"tags":[6261,1595,3822,2149,7531],"source":[4511],"supertag":[],"acf":[],"yoast_head":"<!-- This site is optimized with the Yoast SEO plugin v21.3 - https:\/\/yoast.com\/wordpress\/plugins\/seo\/ -->\n<title>Mo\u010dan veter, ki je zajel severovzhod dr\u017eave, povzro\u010dil kar nekaj te\u017eav - Hudo Slovenija<\/title>\n<meta name=\"robots\" content=\"index, follow, max-snippet:-1, max-image-preview:large, max-video-preview:-1\" \/>\n<link rel=\"canonical\" href=\"https:\/\/hudo.com\/si\/aktualno\/mocan-veter-ki-je-v-cetrtek-zvecer-ponoci-zajel-severovzhod-drzave-je-povzrocil-kar-nekaj-tezav\/\" \/>\n<meta property=\"og:locale\" content=\"sl_SI\" \/>\n<meta property=\"og:type\" content=\"article\" \/>\n<meta property=\"og:title\" content=\"Mo\u010dan veter, ki je zajel severovzhod dr\u017eave, povzro\u010dil kar nekaj te\u017eav - Hudo Slovenija\" \/>\n<meta property=\"og:description\" content=\"Mo\u010dan veter, ki je v \u010detrtek zve\u010der in pono\u010di zajel severovzhod dr\u017eave, je povzro\u010dil kar nekaj te\u017eav. Podiral je drevesa in elektri\u010dne drogove ter odkrival strehe. Skoraj 3000 gospodinjstev je zaradi mo\u010dnega vetra ostalo brez elektrike.\" \/>\n<meta property=\"og:url\" content=\"https:\/\/hudo.com\/si\/aktualno\/mocan-veter-ki-je-v-cetrtek-zvecer-ponoci-zajel-severovzhod-drzave-je-povzrocil-kar-nekaj-tezav\/\" \/>\n<meta property=\"og:site_name\" content=\"Hudo Slovenija\" \/>\n<meta property=\"article:publisher\" content=\"https:\/\/www.facebook.com\/hudo.si\" \/>\n<meta property=\"article:published_time\" content=\"2017-02-24T09:57:53+00:00\" \/>\n<meta property=\"article:modified_time\" content=\"2017-02-24T15:48:13+00:00\" \/>\n<meta property=\"og:image\" content=\"https:\/\/hudo.com\/si\/wp-content\/uploads\/sites\/2\/2016\/11\/profimedia-0175939210.jpg\" \/>\n\t<meta property=\"og:image:width\" content=\"1250\" \/>\n\t<meta property=\"og:image:height\" content=\"830\" \/>\n\t<meta property=\"og:image:type\" content=\"image\/jpeg\" \/>\n<meta name=\"author\" content=\"M. N., STA\" \/>\n<meta name=\"twitter:card\" content=\"summary_large_image\" \/>\n<meta name=\"twitter:creator\" content=\"@hudo_si\" \/>\n<meta name=\"twitter:site\" content=\"@hudo_si\" \/>\n<meta name=\"twitter:label1\" content=\"Written by\" \/>\n\t<meta name=\"twitter:data1\" content=\"M. N., STA\" \/>\n\t<meta name=\"twitter:label2\" content=\"Est. reading time\" \/>\n\t<meta name=\"twitter:data2\" content=\"2 minuti\" \/>\n<script type=\"application\/ld+json\" class=\"yoast-schema-graph\">{\"@context\":\"https:\/\/schema.org\",\"@graph\":[{\"@type\":\"Article\",\"@id\":\"https:\/\/hudo.com\/si\/aktualno\/mocan-veter-ki-je-v-cetrtek-zvecer-ponoci-zajel-severovzhod-drzave-je-povzrocil-kar-nekaj-tezav\/#article\",\"isPartOf\":{\"@id\":\"https:\/\/hudo.com\/si\/aktualno\/mocan-veter-ki-je-v-cetrtek-zvecer-ponoci-zajel-severovzhod-drzave-je-povzrocil-kar-nekaj-tezav\/\"},\"author\":{\"name\":\"M. N., STA\",\"@id\":\"https:\/\/hudo.com\/si\/#\/schema\/person\/c2f10ce65d2e6ede2aeda5be2a0611fa\"},\"headline\":\"Mo\u010dan veter, ki je zajel severovzhod dr\u017eave, povzro\u010dil kar nekaj te\u017eav\",\"datePublished\":\"2017-02-24T09:57:53+00:00\",\"dateModified\":\"2017-02-24T15:48:13+00:00\",\"mainEntityOfPage\":{\"@id\":\"https:\/\/hudo.com\/si\/aktualno\/mocan-veter-ki-je-v-cetrtek-zvecer-ponoci-zajel-severovzhod-drzave-je-povzrocil-kar-nekaj-tezav\/\"},\"wordCount\":489,\"publisher\":{\"@id\":\"https:\/\/hudo.com\/si\/#organization\"},\"keywords\":[\"elektrika\",\"Slovenija\",\"veter\",\"vreme\",\"vremenske razmere\"],\"articleSection\":[\"Aktualno\"],\"inLanguage\":\"sl-SI\"},{\"@type\":\"WebPage\",\"@id\":\"https:\/\/hudo.com\/si\/aktualno\/mocan-veter-ki-je-v-cetrtek-zvecer-ponoci-zajel-severovzhod-drzave-je-povzrocil-kar-nekaj-tezav\/\",\"url\":\"https:\/\/hudo.com\/si\/aktualno\/mocan-veter-ki-je-v-cetrtek-zvecer-ponoci-zajel-severovzhod-drzave-je-povzrocil-kar-nekaj-tezav\/\",\"name\":\"Mo\u010dan veter, ki je zajel severovzhod dr\u017eave, povzro\u010dil kar nekaj te\u017eav - Hudo Slovenija\",\"isPartOf\":{\"@id\":\"https:\/\/hudo.com\/si\/#website\"},\"datePublished\":\"2017-02-24T09:57:53+00:00\",\"dateModified\":\"2017-02-24T15:48:13+00:00\",\"breadcrumb\":{\"@id\":\"https:\/\/hudo.com\/si\/aktualno\/mocan-veter-ki-je-v-cetrtek-zvecer-ponoci-zajel-severovzhod-drzave-je-povzrocil-kar-nekaj-tezav\/#breadcrumb\"},\"inLanguage\":\"sl-SI\",\"potentialAction\":[{\"@type\":\"ReadAction\",\"target\":[\"https:\/\/hudo.com\/si\/aktualno\/mocan-veter-ki-je-v-cetrtek-zvecer-ponoci-zajel-severovzhod-drzave-je-povzrocil-kar-nekaj-tezav\/\"]}]},{\"@type\":\"BreadcrumbList\",\"@id\":\"https:\/\/hudo.com\/si\/aktualno\/mocan-veter-ki-je-v-cetrtek-zvecer-ponoci-zajel-severovzhod-drzave-je-povzrocil-kar-nekaj-tezav\/#breadcrumb\",\"itemListElement\":[{\"@type\":\"ListItem\",\"position\":1,\"name\":\"Home\",\"item\":\"https:\/\/hudo.com\/si\/\"},{\"@type\":\"ListItem\",\"position\":2,\"name\":\"Mo\u010dan veter, ki je zajel severovzhod dr\u017eave, povzro\u010dil kar nekaj te\u017eav\"}]},{\"@type\":\"WebSite\",\"@id\":\"https:\/\/hudo.com\/si\/#website\",\"url\":\"https:\/\/hudo.com\/si\/\",\"name\":\"Hudo Slovenija\",\"description\":\"Vse novice iz Slovenije in sveta\",\"publisher\":{\"@id\":\"https:\/\/hudo.com\/si\/#organization\"},\"potentialAction\":[{\"@type\":\"SearchAction\",\"target\":{\"@type\":\"EntryPoint\",\"urlTemplate\":\"https:\/\/hudo.com\/si\/?s={search_term_string}\"},\"query-input\":\"required name=search_term_string\"}],\"inLanguage\":\"sl-SI\"},{\"@type\":\"Organization\",\"@id\":\"https:\/\/hudo.com\/si\/#organization\",\"name\":\"VSN Media\",\"url\":\"https:\/\/hudo.com\/si\/\",\"logo\":{\"@type\":\"ImageObject\",\"inLanguage\":\"sl-SI\",\"@id\":\"https:\/\/hudo.com\/si\/#\/schema\/logo\/image\/\",\"url\":\"https:\/\/hudo.com\/si\/wp-content\/uploads\/sites\/2\/2021\/03\/hudo-app-2.png\",\"contentUrl\":\"https:\/\/hudo.com\/si\/wp-content\/uploads\/sites\/2\/2021\/03\/hudo-app-2.png\",\"width\":2185,\"height\":2167,\"caption\":\"VSN Media\"},\"image\":{\"@id\":\"https:\/\/hudo.com\/si\/#\/schema\/logo\/image\/\"},\"sameAs\":[\"https:\/\/www.facebook.com\/hudo.si\",\"https:\/\/twitter.com\/hudo_si\"]},{\"@type\":\"Person\",\"@id\":\"https:\/\/hudo.com\/si\/#\/schema\/person\/c2f10ce65d2e6ede2aeda5be2a0611fa\",\"name\":\"M. N., STA\",\"image\":{\"@type\":\"ImageObject\",\"inLanguage\":\"sl-SI\",\"@id\":\"https:\/\/hudo.com\/si\/#\/schema\/person\/image\/\",\"url\":\"https:\/\/secure.gravatar.com\/avatar\/f370d38daa10467f755c5c766a4cac20?s=96&d=mm&r=g\",\"contentUrl\":\"https:\/\/secure.gravatar.com\/avatar\/f370d38daa10467f755c5c766a4cac20?s=96&d=mm&r=g\",\"caption\":\"M. N., STA\"},\"url\":\"https:\/\/hudo.com\/si\/author\/mana\/\"}]}<\/script>\n<!-- \/ Yoast SEO plugin. -->","yoast_head_json":{"title":"Mo\u010dan veter, ki je zajel severovzhod dr\u017eave, povzro\u010dil kar nekaj te\u017eav - Hudo Slovenija","robots":{"index":"index","follow":"follow","max-snippet":"max-snippet:-1","max-image-preview":"max-image-preview:large","max-video-preview":"max-video-preview:-1"},"canonical":"https:\/\/hudo.com\/si\/aktualno\/mocan-veter-ki-je-v-cetrtek-zvecer-ponoci-zajel-severovzhod-drzave-je-povzrocil-kar-nekaj-tezav\/","og_locale":"sl_SI","og_type":"article","og_title":"Mo\u010dan veter, ki je zajel severovzhod dr\u017eave, povzro\u010dil kar nekaj te\u017eav - Hudo Slovenija","og_description":"Mo\u010dan veter, ki je v \u010detrtek zve\u010der in pono\u010di zajel severovzhod dr\u017eave, je povzro\u010dil kar nekaj te\u017eav. Podiral je drevesa in elektri\u010dne drogove ter odkrival strehe. Skoraj 3000 gospodinjstev je zaradi mo\u010dnega vetra ostalo brez elektrike.","og_url":"https:\/\/hudo.com\/si\/aktualno\/mocan-veter-ki-je-v-cetrtek-zvecer-ponoci-zajel-severovzhod-drzave-je-povzrocil-kar-nekaj-tezav\/","og_site_name":"Hudo Slovenija","article_publisher":"https:\/\/www.facebook.com\/hudo.si","article_published_time":"2017-02-24T09:57:53+00:00","article_modified_time":"2017-02-24T15:48:13+00:00","og_image":[{"width":1250,"height":830,"url":"https:\/\/hudo.com\/si\/wp-content\/uploads\/sites\/2\/2016\/11\/profimedia-0175939210.jpg","type":"image\/jpeg"}],"author":"M. N., STA","twitter_card":"summary_large_image","twitter_creator":"@hudo_si","twitter_site":"@hudo_si","twitter_misc":{"Written by":"M. N., STA","Est. reading time":"2 minuti"},"schema":{"@context":"https:\/\/schema.org","@graph":[{"@type":"Article","@id":"https:\/\/hudo.com\/si\/aktualno\/mocan-veter-ki-je-v-cetrtek-zvecer-ponoci-zajel-severovzhod-drzave-je-povzrocil-kar-nekaj-tezav\/#article","isPartOf":{"@id":"https:\/\/hudo.com\/si\/aktualno\/mocan-veter-ki-je-v-cetrtek-zvecer-ponoci-zajel-severovzhod-drzave-je-povzrocil-kar-nekaj-tezav\/"},"author":{"name":"M. N., STA","@id":"https:\/\/hudo.com\/si\/#\/schema\/person\/c2f10ce65d2e6ede2aeda5be2a0611fa"},"headline":"Mo\u010dan veter, ki je zajel severovzhod dr\u017eave, povzro\u010dil kar nekaj te\u017eav","datePublished":"2017-02-24T09:57:53+00:00","dateModified":"2017-02-24T15:48:13+00:00","mainEntityOfPage":{"@id":"https:\/\/hudo.com\/si\/aktualno\/mocan-veter-ki-je-v-cetrtek-zvecer-ponoci-zajel-severovzhod-drzave-je-povzrocil-kar-nekaj-tezav\/"},"wordCount":489,"publisher":{"@id":"https:\/\/hudo.com\/si\/#organization"},"keywords":["elektrika","Slovenija","veter","vreme","vremenske razmere"],"articleSection":["Aktualno"],"inLanguage":"sl-SI"},{"@type":"WebPage","@id":"https:\/\/hudo.com\/si\/aktualno\/mocan-veter-ki-je-v-cetrtek-zvecer-ponoci-zajel-severovzhod-drzave-je-povzrocil-kar-nekaj-tezav\/","url":"https:\/\/hudo.com\/si\/aktualno\/mocan-veter-ki-je-v-cetrtek-zvecer-ponoci-zajel-severovzhod-drzave-je-povzrocil-kar-nekaj-tezav\/","name":"Mo\u010dan veter, ki je zajel severovzhod dr\u017eave, povzro\u010dil kar nekaj te\u017eav - Hudo Slovenija","isPartOf":{"@id":"https:\/\/hudo.com\/si\/#website"},"datePublished":"2017-02-24T09:57:53+00:00","dateModified":"2017-02-24T15:48:13+00:00","breadcrumb":{"@id":"https:\/\/hudo.com\/si\/aktualno\/mocan-veter-ki-je-v-cetrtek-zvecer-ponoci-zajel-severovzhod-drzave-je-povzrocil-kar-nekaj-tezav\/#breadcrumb"},"inLanguage":"sl-SI","potentialAction":[{"@type":"ReadAction","target":["https:\/\/hudo.com\/si\/aktualno\/mocan-veter-ki-je-v-cetrtek-zvecer-ponoci-zajel-severovzhod-drzave-je-povzrocil-kar-nekaj-tezav\/"]}]},{"@type":"BreadcrumbList","@id":"https:\/\/hudo.com\/si\/aktualno\/mocan-veter-ki-je-v-cetrtek-zvecer-ponoci-zajel-severovzhod-drzave-je-povzrocil-kar-nekaj-tezav\/#breadcrumb","itemListElement":[{"@type":"ListItem","position":1,"name":"Home","item":"https:\/\/hudo.com\/si\/"},{"@type":"ListItem","position":2,"name":"Mo\u010dan veter, ki je zajel severovzhod dr\u017eave, povzro\u010dil kar nekaj te\u017eav"}]},{"@type":"WebSite","@id":"https:\/\/hudo.com\/si\/#website","url":"https:\/\/hudo.com\/si\/","name":"Hudo Slovenija","description":"Vse novice iz Slovenije in sveta","publisher":{"@id":"https:\/\/hudo.com\/si\/#organization"},"potentialAction":[{"@type":"SearchAction","target":{"@type":"EntryPoint","urlTemplate":"https:\/\/hudo.com\/si\/?s={search_term_string}"},"query-input":"required name=search_term_string"}],"inLanguage":"sl-SI"},{"@type":"Organization","@id":"https:\/\/hudo.com\/si\/#organization","name":"VSN Media","url":"https:\/\/hudo.com\/si\/","logo":{"@type":"ImageObject","inLanguage":"sl-SI","@id":"https:\/\/hudo.com\/si\/#\/schema\/logo\/image\/","url":"https:\/\/hudo.com\/si\/wp-content\/uploads\/sites\/2\/2021\/03\/hudo-app-2.png","contentUrl":"https:\/\/hudo.com\/si\/wp-content\/uploads\/sites\/2\/2021\/03\/hudo-app-2.png","width":2185,"height":2167,"caption":"VSN Media"},"image":{"@id":"https:\/\/hudo.com\/si\/#\/schema\/logo\/image\/"},"sameAs":["https:\/\/www.facebook.com\/hudo.si","https:\/\/twitter.com\/hudo_si"]},{"@type":"Person","@id":"https:\/\/hudo.com\/si\/#\/schema\/person\/c2f10ce65d2e6ede2aeda5be2a0611fa","name":"M. N., STA","image":{"@type":"ImageObject","inLanguage":"sl-SI","@id":"https:\/\/hudo.com\/si\/#\/schema\/person\/image\/","url":"https:\/\/secure.gravatar.com\/avatar\/f370d38daa10467f755c5c766a4cac20?s=96&d=mm&r=g","contentUrl":"https:\/\/secure.gravatar.com\/avatar\/f370d38daa10467f755c5c766a4cac20?s=96&d=mm&r=g","caption":"M. N., STA"},"url":"https:\/\/hudo.com\/si\/author\/mana\/"}]}},"amp_enabled":true,"_links":{"self":[{"href":"https:\/\/hudo.com\/si\/wp-json\/wp\/v2\/posts\/215693"}],"collection":[{"href":"https:\/\/hudo.com\/si\/wp-json\/wp\/v2\/posts"}],"about":[{"href":"https:\/\/hudo.com\/si\/wp-json\/wp\/v2\/types\/post"}],"author":[{"embeddable":true,"href":"https:\/\/hudo.com\/si\/wp-json\/wp\/v2\/users\/8"}],"replies":[{"embeddable":true,"href":"https:\/\/hudo.com\/si\/wp-json\/wp\/v2\/comments?post=215693"}],"version-history":[{"count":3,"href":"https:\/\/hudo.com\/si\/wp-json\/wp\/v2\/posts\/215693\/revisions"}],"predecessor-version":[{"id":215971,"href":"https:\/\/hudo.com\/si\/wp-json\/wp\/v2\/posts\/215693\/revisions\/215971"}],"wp:featuredmedia":[{"embeddable":true,"href":"https:\/\/hudo.com\/si\/wp-json\/wp\/v2\/media\/178619"}],"wp:attachment":[{"href":"https:\/\/hudo.com\/si\/wp-json\/wp\/v2\/media?parent=215693"}],"wp:term":[{"taxonomy":"category","embeddable":true,"href":"https:\/\/hudo.com\/si\/wp-json\/wp\/v2\/categories?post=215693"},{"taxonomy":"post_tag","embeddable":true,"href":"https:\/\/hudo.com\/si\/wp-json\/wp\/v2\/tags?post=215693"},{"taxonomy":"source","embeddable":true,"href":"https:\/\/hudo.com\/si\/wp-json\/wp\/v2\/source?post=215693"},{"taxonomy":"supertag","embeddable":true,"href":"https:\/\/hudo.com\/si\/wp-json\/wp\/v2\/supertag?post=215693"}],"curies":[{"name":"wp","href":"https:\/\/api.w.org\/{rel}","templated":true}]}}