{"id":216034,"date":"2017-02-24T15:11:00","date_gmt":"2017-02-24T14:11:00","guid":{"rendered":"http:\/\/hudo.com\/si\/2017\/02\/24\/peter-groznik-ne-bo-vec-clan-uprave-gorenja\/"},"modified":"2017-02-25T06:31:47","modified_gmt":"2017-02-25T05:31:47","slug":"peter-groznik-ne-bo-vec-clan-uprave-gorenja","status":"publish","type":"post","link":"https:\/\/hudo.com\/si\/aktualno\/peter-groznik-ne-bo-vec-clan-uprave-gorenja\/","title":{"rendered":"Peter Groznik ne bo ve\u010d \u010dlan uprave Gorenja"},"content":{"rendered":"<p>Petru Grozniku s torkom na njegov predlog in s soglasjem nadzornega sveta sporazumno preneha funkcija \u010dlana uprave dru\u017ebe Gorenje. Do imenovanja novega \u010dlana uprave bo korporativne finance in poslovno podro\u010dje ekologije, trgovine in industrijskih storitev vodila izvr\u0161na pomo\u010dnica uprave za korporativne finance Jo\u017eica Turk.<\/p>\n","protected":false},"excerpt":{"rendered":"<p>Petru Grozniku s torkom na njegov predlog in s soglasjem nadzornega sveta sporazumno preneha funkcija \u010dlana uprave dru\u017ebe Gorenje. Do imenovanja novega \u010dlana uprave bo korporativne finance in poslovno podro\u010dje ekologije, trgovine in industrijskih storitev vodila izvr\u0161na pomo\u010dnica uprave za korporativne finance Jo\u017eica Turk.<\/p>\n","protected":false},"author":1,"featured_media":0,"comment_status":"closed","ping_status":"closed","sticky":false,"template":"","format":"standard","meta":{"footnotes":""},"categories":[1179],"tags":[],"source":[6627],"supertag":[],"acf":[],"yoast_head":"<!-- This site is optimized with the Yoast SEO plugin v21.3 - https:\/\/yoast.com\/wordpress\/plugins\/seo\/ -->\n<title>Peter Groznik ne bo ve\u010d \u010dlan uprave Gorenja - Hudo Slovenija<\/title>\n<meta name=\"robots\" content=\"index, follow, max-snippet:-1, max-image-preview:large, max-video-preview:-1\" \/>\n<link rel=\"canonical\" href=\"https:\/\/hudo.com\/si\/aktualno\/peter-groznik-ne-bo-vec-clan-uprave-gorenja\/\" \/>\n<meta property=\"og:locale\" content=\"sl_SI\" \/>\n<meta property=\"og:type\" content=\"article\" \/>\n<meta property=\"og:title\" content=\"Peter Groznik ne bo ve\u010d \u010dlan uprave Gorenja - Hudo Slovenija\" \/>\n<meta property=\"og:description\" content=\"Petru Grozniku s torkom na njegov predlog in s soglasjem nadzornega sveta sporazumno preneha funkcija \u010dlana uprave dru\u017ebe Gorenje. Do imenovanja novega \u010dlana uprave bo korporativne finance in poslovno podro\u010dje ekologije, trgovine in industrijskih storitev vodila izvr\u0161na pomo\u010dnica uprave za korporativne finance Jo\u017eica Turk.\" \/>\n<meta property=\"og:url\" content=\"https:\/\/hudo.com\/si\/aktualno\/peter-groznik-ne-bo-vec-clan-uprave-gorenja\/\" \/>\n<meta property=\"og:site_name\" content=\"Hudo Slovenija\" \/>\n<meta property=\"article:publisher\" content=\"https:\/\/www.facebook.com\/hudo.si\" \/>\n<meta property=\"article:published_time\" content=\"2017-02-24T14:11:00+00:00\" \/>\n<meta property=\"article:modified_time\" content=\"2017-02-25T05:31:47+00:00\" \/>\n<meta property=\"og:image\" content=\"https:\/\/hudo.com\/si\/wp-content\/uploads\/sites\/2\/2017\/02\/70ff4be2fbd2c3cf0a94.jpeg\" \/>\n\t<meta property=\"og:image:width\" content=\"950\" \/>\n\t<meta property=\"og:image:height\" content=\"529\" \/>\n\t<meta property=\"og:image:type\" content=\"image\/jpeg\" \/>\n<meta name=\"author\" content=\"hudo\" \/>\n<meta name=\"twitter:card\" content=\"summary_large_image\" \/>\n<meta name=\"twitter:creator\" content=\"@hudo_si\" \/>\n<meta name=\"twitter:site\" content=\"@hudo_si\" \/>\n<meta name=\"twitter:label1\" content=\"Written by\" \/>\n\t<meta name=\"twitter:data1\" content=\"hudo\" \/>\n<script type=\"application\/ld+json\" class=\"yoast-schema-graph\">{\"@context\":\"https:\/\/schema.org\",\"@graph\":[{\"@type\":\"Article\",\"@id\":\"https:\/\/hudo.com\/si\/aktualno\/peter-groznik-ne-bo-vec-clan-uprave-gorenja\/#article\",\"isPartOf\":{\"@id\":\"https:\/\/hudo.com\/si\/aktualno\/peter-groznik-ne-bo-vec-clan-uprave-gorenja\/\"},\"author\":{\"name\":\"hudo\",\"@id\":\"https:\/\/hudo.com\/si\/#\/schema\/person\/601cf3379633985b20f7e50f2bb47707\"},\"headline\":\"Peter Groznik ne bo ve\u010d \u010dlan uprave Gorenja\",\"datePublished\":\"2017-02-24T14:11:00+00:00\",\"dateModified\":\"2017-02-25T05:31:47+00:00\",\"mainEntityOfPage\":{\"@id\":\"https:\/\/hudo.com\/si\/aktualno\/peter-groznik-ne-bo-vec-clan-uprave-gorenja\/\"},\"wordCount\":57,\"publisher\":{\"@id\":\"https:\/\/hudo.com\/si\/#organization\"},\"articleSection\":[\"Aktualno\"],\"inLanguage\":\"sl-SI\"},{\"@type\":\"WebPage\",\"@id\":\"https:\/\/hudo.com\/si\/aktualno\/peter-groznik-ne-bo-vec-clan-uprave-gorenja\/\",\"url\":\"https:\/\/hudo.com\/si\/aktualno\/peter-groznik-ne-bo-vec-clan-uprave-gorenja\/\",\"name\":\"Peter Groznik ne bo ve\u010d \u010dlan uprave Gorenja - Hudo Slovenija\",\"isPartOf\":{\"@id\":\"https:\/\/hudo.com\/si\/#website\"},\"datePublished\":\"2017-02-24T14:11:00+00:00\",\"dateModified\":\"2017-02-25T05:31:47+00:00\",\"breadcrumb\":{\"@id\":\"https:\/\/hudo.com\/si\/aktualno\/peter-groznik-ne-bo-vec-clan-uprave-gorenja\/#breadcrumb\"},\"inLanguage\":\"sl-SI\",\"potentialAction\":[{\"@type\":\"ReadAction\",\"target\":[\"https:\/\/hudo.com\/si\/aktualno\/peter-groznik-ne-bo-vec-clan-uprave-gorenja\/\"]}]},{\"@type\":\"BreadcrumbList\",\"@id\":\"https:\/\/hudo.com\/si\/aktualno\/peter-groznik-ne-bo-vec-clan-uprave-gorenja\/#breadcrumb\",\"itemListElement\":[{\"@type\":\"ListItem\",\"position\":1,\"name\":\"Home\",\"item\":\"https:\/\/hudo.com\/si\/\"},{\"@type\":\"ListItem\",\"position\":2,\"name\":\"Peter Groznik ne bo ve\u010d \u010dlan uprave Gorenja\"}]},{\"@type\":\"WebSite\",\"@id\":\"https:\/\/hudo.com\/si\/#website\",\"url\":\"https:\/\/hudo.com\/si\/\",\"name\":\"Hudo Slovenija\",\"description\":\"Vse novice iz Slovenije in sveta\",\"publisher\":{\"@id\":\"https:\/\/hudo.com\/si\/#organization\"},\"potentialAction\":[{\"@type\":\"SearchAction\",\"target\":{\"@type\":\"EntryPoint\",\"urlTemplate\":\"https:\/\/hudo.com\/si\/?s={search_term_string}\"},\"query-input\":\"required name=search_term_string\"}],\"inLanguage\":\"sl-SI\"},{\"@type\":\"Organization\",\"@id\":\"https:\/\/hudo.com\/si\/#organization\",\"name\":\"VSN Media\",\"url\":\"https:\/\/hudo.com\/si\/\",\"logo\":{\"@type\":\"ImageObject\",\"inLanguage\":\"sl-SI\",\"@id\":\"https:\/\/hudo.com\/si\/#\/schema\/logo\/image\/\",\"url\":\"https:\/\/hudo.com\/si\/wp-content\/uploads\/sites\/2\/2021\/03\/hudo-app-2.png\",\"contentUrl\":\"https:\/\/hudo.com\/si\/wp-content\/uploads\/sites\/2\/2021\/03\/hudo-app-2.png\",\"width\":2185,\"height\":2167,\"caption\":\"VSN Media\"},\"image\":{\"@id\":\"https:\/\/hudo.com\/si\/#\/schema\/logo\/image\/\"},\"sameAs\":[\"https:\/\/www.facebook.com\/hudo.si\",\"https:\/\/twitter.com\/hudo_si\"]},{\"@type\":\"Person\",\"@id\":\"https:\/\/hudo.com\/si\/#\/schema\/person\/601cf3379633985b20f7e50f2bb47707\",\"name\":\"hudo\",\"image\":{\"@type\":\"ImageObject\",\"inLanguage\":\"sl-SI\",\"@id\":\"https:\/\/hudo.com\/si\/#\/schema\/person\/image\/\",\"url\":\"https:\/\/secure.gravatar.com\/avatar\/c4ca25fa72cace7a696b52ff5db9e095?s=96&d=mm&r=g\",\"contentUrl\":\"https:\/\/secure.gravatar.com\/avatar\/c4ca25fa72cace7a696b52ff5db9e095?s=96&d=mm&r=g\",\"caption\":\"hudo\"},\"url\":\"https:\/\/hudo.com\/si\/author\/hudo\/\"}]}<\/script>\n<!-- \/ Yoast SEO plugin. -->","yoast_head_json":{"title":"Peter Groznik ne bo ve\u010d \u010dlan uprave Gorenja - Hudo Slovenija","robots":{"index":"index","follow":"follow","max-snippet":"max-snippet:-1","max-image-preview":"max-image-preview:large","max-video-preview":"max-video-preview:-1"},"canonical":"https:\/\/hudo.com\/si\/aktualno\/peter-groznik-ne-bo-vec-clan-uprave-gorenja\/","og_locale":"sl_SI","og_type":"article","og_title":"Peter Groznik ne bo ve\u010d \u010dlan uprave Gorenja - Hudo Slovenija","og_description":"Petru Grozniku s torkom na njegov predlog in s soglasjem nadzornega sveta sporazumno preneha funkcija \u010dlana uprave dru\u017ebe Gorenje. Do imenovanja novega \u010dlana uprave bo korporativne finance in poslovno podro\u010dje ekologije, trgovine in industrijskih storitev vodila izvr\u0161na pomo\u010dnica uprave za korporativne finance Jo\u017eica Turk.","og_url":"https:\/\/hudo.com\/si\/aktualno\/peter-groznik-ne-bo-vec-clan-uprave-gorenja\/","og_site_name":"Hudo Slovenija","article_publisher":"https:\/\/www.facebook.com\/hudo.si","article_published_time":"2017-02-24T14:11:00+00:00","article_modified_time":"2017-02-25T05:31:47+00:00","og_image":[{"width":950,"height":529,"url":"https:\/\/hudo.com\/si\/wp-content\/uploads\/sites\/2\/2017\/02\/70ff4be2fbd2c3cf0a94.jpeg","type":"image\/jpeg"}],"author":"hudo","twitter_card":"summary_large_image","twitter_creator":"@hudo_si","twitter_site":"@hudo_si","twitter_misc":{"Written by":"hudo"},"schema":{"@context":"https:\/\/schema.org","@graph":[{"@type":"Article","@id":"https:\/\/hudo.com\/si\/aktualno\/peter-groznik-ne-bo-vec-clan-uprave-gorenja\/#article","isPartOf":{"@id":"https:\/\/hudo.com\/si\/aktualno\/peter-groznik-ne-bo-vec-clan-uprave-gorenja\/"},"author":{"name":"hudo","@id":"https:\/\/hudo.com\/si\/#\/schema\/person\/601cf3379633985b20f7e50f2bb47707"},"headline":"Peter Groznik ne bo ve\u010d \u010dlan uprave Gorenja","datePublished":"2017-02-24T14:11:00+00:00","dateModified":"2017-02-25T05:31:47+00:00","mainEntityOfPage":{"@id":"https:\/\/hudo.com\/si\/aktualno\/peter-groznik-ne-bo-vec-clan-uprave-gorenja\/"},"wordCount":57,"publisher":{"@id":"https:\/\/hudo.com\/si\/#organization"},"articleSection":["Aktualno"],"inLanguage":"sl-SI"},{"@type":"WebPage","@id":"https:\/\/hudo.com\/si\/aktualno\/peter-groznik-ne-bo-vec-clan-uprave-gorenja\/","url":"https:\/\/hudo.com\/si\/aktualno\/peter-groznik-ne-bo-vec-clan-uprave-gorenja\/","name":"Peter Groznik ne bo ve\u010d \u010dlan uprave Gorenja - Hudo Slovenija","isPartOf":{"@id":"https:\/\/hudo.com\/si\/#website"},"datePublished":"2017-02-24T14:11:00+00:00","dateModified":"2017-02-25T05:31:47+00:00","breadcrumb":{"@id":"https:\/\/hudo.com\/si\/aktualno\/peter-groznik-ne-bo-vec-clan-uprave-gorenja\/#breadcrumb"},"inLanguage":"sl-SI","potentialAction":[{"@type":"ReadAction","target":["https:\/\/hudo.com\/si\/aktualno\/peter-groznik-ne-bo-vec-clan-uprave-gorenja\/"]}]},{"@type":"BreadcrumbList","@id":"https:\/\/hudo.com\/si\/aktualno\/peter-groznik-ne-bo-vec-clan-uprave-gorenja\/#breadcrumb","itemListElement":[{"@type":"ListItem","position":1,"name":"Home","item":"https:\/\/hudo.com\/si\/"},{"@type":"ListItem","position":2,"name":"Peter Groznik ne bo ve\u010d \u010dlan uprave Gorenja"}]},{"@type":"WebSite","@id":"https:\/\/hudo.com\/si\/#website","url":"https:\/\/hudo.com\/si\/","name":"Hudo Slovenija","description":"Vse novice iz Slovenije in sveta","publisher":{"@id":"https:\/\/hudo.com\/si\/#organization"},"potentialAction":[{"@type":"SearchAction","target":{"@type":"EntryPoint","urlTemplate":"https:\/\/hudo.com\/si\/?s={search_term_string}"},"query-input":"required name=search_term_string"}],"inLanguage":"sl-SI"},{"@type":"Organization","@id":"https:\/\/hudo.com\/si\/#organization","name":"VSN Media","url":"https:\/\/hudo.com\/si\/","logo":{"@type":"ImageObject","inLanguage":"sl-SI","@id":"https:\/\/hudo.com\/si\/#\/schema\/logo\/image\/","url":"https:\/\/hudo.com\/si\/wp-content\/uploads\/sites\/2\/2021\/03\/hudo-app-2.png","contentUrl":"https:\/\/hudo.com\/si\/wp-content\/uploads\/sites\/2\/2021\/03\/hudo-app-2.png","width":2185,"height":2167,"caption":"VSN Media"},"image":{"@id":"https:\/\/hudo.com\/si\/#\/schema\/logo\/image\/"},"sameAs":["https:\/\/www.facebook.com\/hudo.si","https:\/\/twitter.com\/hudo_si"]},{"@type":"Person","@id":"https:\/\/hudo.com\/si\/#\/schema\/person\/601cf3379633985b20f7e50f2bb47707","name":"hudo","image":{"@type":"ImageObject","inLanguage":"sl-SI","@id":"https:\/\/hudo.com\/si\/#\/schema\/person\/image\/","url":"https:\/\/secure.gravatar.com\/avatar\/c4ca25fa72cace7a696b52ff5db9e095?s=96&d=mm&r=g","contentUrl":"https:\/\/secure.gravatar.com\/avatar\/c4ca25fa72cace7a696b52ff5db9e095?s=96&d=mm&r=g","caption":"hudo"},"url":"https:\/\/hudo.com\/si\/author\/hudo\/"}]}},"amp_enabled":true,"_links":{"self":[{"href":"https:\/\/hudo.com\/si\/wp-json\/wp\/v2\/posts\/216034"}],"collection":[{"href":"https:\/\/hudo.com\/si\/wp-json\/wp\/v2\/posts"}],"about":[{"href":"https:\/\/hudo.com\/si\/wp-json\/wp\/v2\/types\/post"}],"author":[{"embeddable":true,"href":"https:\/\/hudo.com\/si\/wp-json\/wp\/v2\/users\/1"}],"replies":[{"embeddable":true,"href":"https:\/\/hudo.com\/si\/wp-json\/wp\/v2\/comments?post=216034"}],"version-history":[{"count":1,"href":"https:\/\/hudo.com\/si\/wp-json\/wp\/v2\/posts\/216034\/revisions"}],"predecessor-version":[{"id":216086,"href":"https:\/\/hudo.com\/si\/wp-json\/wp\/v2\/posts\/216034\/revisions\/216086"}],"wp:attachment":[{"href":"https:\/\/hudo.com\/si\/wp-json\/wp\/v2\/media?parent=216034"}],"wp:term":[{"taxonomy":"category","embeddable":true,"href":"https:\/\/hudo.com\/si\/wp-json\/wp\/v2\/categories?post=216034"},{"taxonomy":"post_tag","embeddable":true,"href":"https:\/\/hudo.com\/si\/wp-json\/wp\/v2\/tags?post=216034"},{"taxonomy":"source","embeddable":true,"href":"https:\/\/hudo.com\/si\/wp-json\/wp\/v2\/source?post=216034"},{"taxonomy":"supertag","embeddable":true,"href":"https:\/\/hudo.com\/si\/wp-json\/wp\/v2\/supertag?post=216034"}],"curies":[{"name":"wp","href":"https:\/\/api.w.org\/{rel}","templated":true}]}}