{"id":216760,"date":"2017-02-26T16:39:11","date_gmt":"2017-02-26T15:39:11","guid":{"rendered":"http:\/\/hudo.com\/si\/?p=216760"},"modified":"2017-02-26T16:39:11","modified_gmt":"2017-02-26T15:39:11","slug":"policija-se-ugotavlja-motiv-nemskega-voznika-za-napad","status":"publish","type":"post","link":"https:\/\/hudo.com\/si\/aktualno\/policija-se-ugotavlja-motiv-nemskega-voznika-za-napad\/","title":{"rendered":"Policija \u0161e ugotavlja motiv nem\u0161kega voznika za napad"},"content":{"rendered":"<p>Policija \u0161e ugotavlja, kaj je 35-letnika napeljalo k temu, da je v soboto popoldne z avtomobilom ranil dva in ubil enega pe\u0161ca. Po dejanju je mo\u0161ki, oboro\u017een z no\u017eem, pobegnil pe\u0161, policisti pa so ga zaustavili s strelom v trebuh in ga huje ranili.<\/p>\n<p>Osumljenec je bil operiran in ostaja v bolni\u0161nici, vse pa ka\u017ee, da bo pre\u017eivel. Kot so sporo\u010dili s policije in dr\u017eavnega to\u017eilstva, mu o\u010ditajo umor, poskus umora, poskus uboja in povzro\u010ditev hudih telesnih po\u0161kodb. Po operaciji so ga prvi\u010d zasli\u0161ali, a na o\u010ditke ni odgovoril. Zanj so izdali zaporni nalog, po okrevanju pa ga bodo premestili v bolni\u0161nico v zaporu.<\/p>\n<p>Zaenkrat ni\u010d ne ka\u017ee, da bi imelo dejanje teroristi\u010dno ozadje, so pojasnili na policiji. Glede identitete mo\u0161kega pa so povedali, da gre za Nemca z obmo\u010dja Heidelberga. Dodali so, da ga organi pregona doslej niso obravnavali. Dejanje je zagre\u0161il z najetim vozilom, njegovo smrtonosno vo\u017enjo pa je zaustavil steber.<\/p>\n<p>V mno\u017eico je avtomobil zapeljal na trgu Bismarckplatz ob vstopu na obmo\u010dje za pe\u0161ce. Umrli mo\u0161ki je bil Nemec, la\u017eje po\u0161kodbe pa sta utrpela dva avstrijska dr\u017eavljana, so danes za avstrijsko tiskovno agencijo APA pojasnili na avstrijskem zunanjem ministrstvu. Oba \u017ee ve\u010d let \u017eivita v Heidelbergu, po ambulantni obravnavi pa sta lahko \u017ee zapustila bolni\u0161nico.<\/p>\n<p>Prva poro\u010dila so navajala, da sta bila v napadu ranjena 32-letni Avstrijec in 29-letna \u017eenska iz Bosne in Hercegovine.<\/p>\n<p>Po navedbah nem\u0161kega Bilda naj bi imel napadalec du\u0161evne te\u017eave, vendar oblasti tega niso potrdile.<\/p>\n<p>Nem\u010dijo je decembra lani pretresel napad na bo\u017ei\u010dnem sejmu v Berlinu, ko je Tunizijec s tovornjakom ubil 12 ljudi in zbe\u017eal. Nekaj dni kasneje so ga ubili policisti v Italiji. Najbolj smrtonosen tovrstni napad pa se je zgodil julija lani v francoski Nici, kjer je tunizijski privr\u017eenec Islamske dr\u017eave s tovornjakom zapeljal v mno\u017eico in ubil 86 ljudi.<\/p>\n","protected":false},"excerpt":{"rendered":"<p>Nem\u0161ka policija \u0161e ugotavlja motiv 35-letnega mo\u0161kega, ki je v soboto v nem\u0161kem Heidelbergu z vozilom zapeljal med pe\u0161ce. Pri tem je ranil tri ljudi, 73-letnik je ranam kasneje podlegel, poro\u010da nem\u0161ka tiskovna agencija dpa. Napad naj ne bi imel teroristi\u010dnega ozadja.<\/p>\n","protected":false},"author":7,"featured_media":216761,"comment_status":"closed","ping_status":"closed","sticky":false,"template":"","format":"standard","meta":{"footnotes":""},"categories":[1179],"tags":[4688,3628,2346],"source":[4511],"supertag":[7150],"acf":[],"yoast_head":"<!-- This site is optimized with the Yoast SEO plugin v21.3 - https:\/\/yoast.com\/wordpress\/plugins\/seo\/ -->\n<title>Policija \u0161e ugotavlja motiv nem\u0161kega voznika za napad - Hudo Slovenija<\/title>\n<meta name=\"robots\" content=\"index, follow, max-snippet:-1, max-image-preview:large, max-video-preview:-1\" \/>\n<link rel=\"canonical\" href=\"https:\/\/hudo.com\/si\/aktualno\/policija-se-ugotavlja-motiv-nemskega-voznika-za-napad\/\" \/>\n<meta property=\"og:locale\" content=\"sl_SI\" \/>\n<meta property=\"og:type\" content=\"article\" \/>\n<meta property=\"og:title\" content=\"Policija \u0161e ugotavlja motiv nem\u0161kega voznika za napad - Hudo Slovenija\" \/>\n<meta property=\"og:description\" content=\"Nem\u0161ka policija \u0161e ugotavlja motiv 35-letnega mo\u0161kega, ki je v soboto v nem\u0161kem Heidelbergu z vozilom zapeljal med pe\u0161ce. Pri tem je ranil tri ljudi, 73-letnik je ranam kasneje podlegel, poro\u010da nem\u0161ka tiskovna agencija dpa. Napad naj ne bi imel teroristi\u010dnega ozadja.\" \/>\n<meta property=\"og:url\" content=\"https:\/\/hudo.com\/si\/aktualno\/policija-se-ugotavlja-motiv-nemskega-voznika-za-napad\/\" \/>\n<meta property=\"og:site_name\" content=\"Hudo Slovenija\" \/>\n<meta property=\"article:publisher\" content=\"https:\/\/www.facebook.com\/hudo.si\" \/>\n<meta property=\"article:published_time\" content=\"2017-02-26T15:39:11+00:00\" \/>\n<meta property=\"og:image\" content=\"https:\/\/hudo.com\/si\/wp-content\/uploads\/sites\/2\/2017\/02\/profimedia-0309396982.jpg\" \/>\n\t<meta property=\"og:image:width\" content=\"1250\" \/>\n\t<meta property=\"og:image:height\" content=\"833\" \/>\n\t<meta property=\"og:image:type\" content=\"image\/jpeg\" \/>\n<meta name=\"author\" content=\"A. P., STA\" \/>\n<meta name=\"twitter:card\" content=\"summary_large_image\" \/>\n<meta name=\"twitter:creator\" content=\"@hudo_si\" \/>\n<meta name=\"twitter:site\" content=\"@hudo_si\" \/>\n<meta name=\"twitter:label1\" content=\"Written by\" \/>\n\t<meta name=\"twitter:data1\" content=\"A. P., STA\" \/>\n\t<meta name=\"twitter:label2\" content=\"Est. reading time\" \/>\n\t<meta name=\"twitter:data2\" content=\"2 minuti\" \/>\n<script type=\"application\/ld+json\" class=\"yoast-schema-graph\">{\"@context\":\"https:\/\/schema.org\",\"@graph\":[{\"@type\":\"Article\",\"@id\":\"https:\/\/hudo.com\/si\/aktualno\/policija-se-ugotavlja-motiv-nemskega-voznika-za-napad\/#article\",\"isPartOf\":{\"@id\":\"https:\/\/hudo.com\/si\/aktualno\/policija-se-ugotavlja-motiv-nemskega-voznika-za-napad\/\"},\"author\":{\"name\":\"A. P., STA\",\"@id\":\"https:\/\/hudo.com\/si\/#\/schema\/person\/18f09c02475ba9e606e941a565b80cff\"},\"headline\":\"Policija \u0161e ugotavlja motiv nem\u0161kega voznika za napad\",\"datePublished\":\"2017-02-26T15:39:11+00:00\",\"dateModified\":\"2017-02-26T15:39:11+00:00\",\"mainEntityOfPage\":{\"@id\":\"https:\/\/hudo.com\/si\/aktualno\/policija-se-ugotavlja-motiv-nemskega-voznika-za-napad\/\"},\"wordCount\":348,\"publisher\":{\"@id\":\"https:\/\/hudo.com\/si\/#organization\"},\"keywords\":[\"\u010drna kronika\",\"nem\u010dija\",\"terorizem\"],\"articleSection\":[\"Aktualno\"],\"inLanguage\":\"sl-SI\"},{\"@type\":\"WebPage\",\"@id\":\"https:\/\/hudo.com\/si\/aktualno\/policija-se-ugotavlja-motiv-nemskega-voznika-za-napad\/\",\"url\":\"https:\/\/hudo.com\/si\/aktualno\/policija-se-ugotavlja-motiv-nemskega-voznika-za-napad\/\",\"name\":\"Policija \u0161e ugotavlja motiv nem\u0161kega voznika za napad - Hudo Slovenija\",\"isPartOf\":{\"@id\":\"https:\/\/hudo.com\/si\/#website\"},\"datePublished\":\"2017-02-26T15:39:11+00:00\",\"dateModified\":\"2017-02-26T15:39:11+00:00\",\"breadcrumb\":{\"@id\":\"https:\/\/hudo.com\/si\/aktualno\/policija-se-ugotavlja-motiv-nemskega-voznika-za-napad\/#breadcrumb\"},\"inLanguage\":\"sl-SI\",\"potentialAction\":[{\"@type\":\"ReadAction\",\"target\":[\"https:\/\/hudo.com\/si\/aktualno\/policija-se-ugotavlja-motiv-nemskega-voznika-za-napad\/\"]}]},{\"@type\":\"BreadcrumbList\",\"@id\":\"https:\/\/hudo.com\/si\/aktualno\/policija-se-ugotavlja-motiv-nemskega-voznika-za-napad\/#breadcrumb\",\"itemListElement\":[{\"@type\":\"ListItem\",\"position\":1,\"name\":\"Home\",\"item\":\"https:\/\/hudo.com\/si\/\"},{\"@type\":\"ListItem\",\"position\":2,\"name\":\"Policija \u0161e ugotavlja motiv nem\u0161kega voznika za napad\"}]},{\"@type\":\"WebSite\",\"@id\":\"https:\/\/hudo.com\/si\/#website\",\"url\":\"https:\/\/hudo.com\/si\/\",\"name\":\"Hudo Slovenija\",\"description\":\"Vse novice iz Slovenije in sveta\",\"publisher\":{\"@id\":\"https:\/\/hudo.com\/si\/#organization\"},\"potentialAction\":[{\"@type\":\"SearchAction\",\"target\":{\"@type\":\"EntryPoint\",\"urlTemplate\":\"https:\/\/hudo.com\/si\/?s={search_term_string}\"},\"query-input\":\"required name=search_term_string\"}],\"inLanguage\":\"sl-SI\"},{\"@type\":\"Organization\",\"@id\":\"https:\/\/hudo.com\/si\/#organization\",\"name\":\"VSN Media\",\"url\":\"https:\/\/hudo.com\/si\/\",\"logo\":{\"@type\":\"ImageObject\",\"inLanguage\":\"sl-SI\",\"@id\":\"https:\/\/hudo.com\/si\/#\/schema\/logo\/image\/\",\"url\":\"https:\/\/hudo.com\/si\/wp-content\/uploads\/sites\/2\/2021\/03\/hudo-app-2.png\",\"contentUrl\":\"https:\/\/hudo.com\/si\/wp-content\/uploads\/sites\/2\/2021\/03\/hudo-app-2.png\",\"width\":2185,\"height\":2167,\"caption\":\"VSN Media\"},\"image\":{\"@id\":\"https:\/\/hudo.com\/si\/#\/schema\/logo\/image\/\"},\"sameAs\":[\"https:\/\/www.facebook.com\/hudo.si\",\"https:\/\/twitter.com\/hudo_si\"]},{\"@type\":\"Person\",\"@id\":\"https:\/\/hudo.com\/si\/#\/schema\/person\/18f09c02475ba9e606e941a565b80cff\",\"name\":\"A. P., STA\",\"image\":{\"@type\":\"ImageObject\",\"inLanguage\":\"sl-SI\",\"@id\":\"https:\/\/hudo.com\/si\/#\/schema\/person\/image\/\",\"url\":\"https:\/\/secure.gravatar.com\/avatar\/03eac8e609f5f04383125d80eaeaaf3e?s=96&d=mm&r=g\",\"contentUrl\":\"https:\/\/secure.gravatar.com\/avatar\/03eac8e609f5f04383125d80eaeaaf3e?s=96&d=mm&r=g\",\"caption\":\"A. P., STA\"},\"url\":\"https:\/\/hudo.com\/si\/author\/lubu\/\"}]}<\/script>\n<!-- \/ Yoast SEO plugin. -->","yoast_head_json":{"title":"Policija \u0161e ugotavlja motiv nem\u0161kega voznika za napad - Hudo Slovenija","robots":{"index":"index","follow":"follow","max-snippet":"max-snippet:-1","max-image-preview":"max-image-preview:large","max-video-preview":"max-video-preview:-1"},"canonical":"https:\/\/hudo.com\/si\/aktualno\/policija-se-ugotavlja-motiv-nemskega-voznika-za-napad\/","og_locale":"sl_SI","og_type":"article","og_title":"Policija \u0161e ugotavlja motiv nem\u0161kega voznika za napad - Hudo Slovenija","og_description":"Nem\u0161ka policija \u0161e ugotavlja motiv 35-letnega mo\u0161kega, ki je v soboto v nem\u0161kem Heidelbergu z vozilom zapeljal med pe\u0161ce. Pri tem je ranil tri ljudi, 73-letnik je ranam kasneje podlegel, poro\u010da nem\u0161ka tiskovna agencija dpa. Napad naj ne bi imel teroristi\u010dnega ozadja.","og_url":"https:\/\/hudo.com\/si\/aktualno\/policija-se-ugotavlja-motiv-nemskega-voznika-za-napad\/","og_site_name":"Hudo Slovenija","article_publisher":"https:\/\/www.facebook.com\/hudo.si","article_published_time":"2017-02-26T15:39:11+00:00","og_image":[{"width":1250,"height":833,"url":"https:\/\/hudo.com\/si\/wp-content\/uploads\/sites\/2\/2017\/02\/profimedia-0309396982.jpg","type":"image\/jpeg"}],"author":"A. P., STA","twitter_card":"summary_large_image","twitter_creator":"@hudo_si","twitter_site":"@hudo_si","twitter_misc":{"Written by":"A. P., STA","Est. reading time":"2 minuti"},"schema":{"@context":"https:\/\/schema.org","@graph":[{"@type":"Article","@id":"https:\/\/hudo.com\/si\/aktualno\/policija-se-ugotavlja-motiv-nemskega-voznika-za-napad\/#article","isPartOf":{"@id":"https:\/\/hudo.com\/si\/aktualno\/policija-se-ugotavlja-motiv-nemskega-voznika-za-napad\/"},"author":{"name":"A. P., STA","@id":"https:\/\/hudo.com\/si\/#\/schema\/person\/18f09c02475ba9e606e941a565b80cff"},"headline":"Policija \u0161e ugotavlja motiv nem\u0161kega voznika za napad","datePublished":"2017-02-26T15:39:11+00:00","dateModified":"2017-02-26T15:39:11+00:00","mainEntityOfPage":{"@id":"https:\/\/hudo.com\/si\/aktualno\/policija-se-ugotavlja-motiv-nemskega-voznika-za-napad\/"},"wordCount":348,"publisher":{"@id":"https:\/\/hudo.com\/si\/#organization"},"keywords":["\u010drna kronika","nem\u010dija","terorizem"],"articleSection":["Aktualno"],"inLanguage":"sl-SI"},{"@type":"WebPage","@id":"https:\/\/hudo.com\/si\/aktualno\/policija-se-ugotavlja-motiv-nemskega-voznika-za-napad\/","url":"https:\/\/hudo.com\/si\/aktualno\/policija-se-ugotavlja-motiv-nemskega-voznika-za-napad\/","name":"Policija \u0161e ugotavlja motiv nem\u0161kega voznika za napad - Hudo Slovenija","isPartOf":{"@id":"https:\/\/hudo.com\/si\/#website"},"datePublished":"2017-02-26T15:39:11+00:00","dateModified":"2017-02-26T15:39:11+00:00","breadcrumb":{"@id":"https:\/\/hudo.com\/si\/aktualno\/policija-se-ugotavlja-motiv-nemskega-voznika-za-napad\/#breadcrumb"},"inLanguage":"sl-SI","potentialAction":[{"@type":"ReadAction","target":["https:\/\/hudo.com\/si\/aktualno\/policija-se-ugotavlja-motiv-nemskega-voznika-za-napad\/"]}]},{"@type":"BreadcrumbList","@id":"https:\/\/hudo.com\/si\/aktualno\/policija-se-ugotavlja-motiv-nemskega-voznika-za-napad\/#breadcrumb","itemListElement":[{"@type":"ListItem","position":1,"name":"Home","item":"https:\/\/hudo.com\/si\/"},{"@type":"ListItem","position":2,"name":"Policija \u0161e ugotavlja motiv nem\u0161kega voznika za napad"}]},{"@type":"WebSite","@id":"https:\/\/hudo.com\/si\/#website","url":"https:\/\/hudo.com\/si\/","name":"Hudo Slovenija","description":"Vse novice iz Slovenije in sveta","publisher":{"@id":"https:\/\/hudo.com\/si\/#organization"},"potentialAction":[{"@type":"SearchAction","target":{"@type":"EntryPoint","urlTemplate":"https:\/\/hudo.com\/si\/?s={search_term_string}"},"query-input":"required name=search_term_string"}],"inLanguage":"sl-SI"},{"@type":"Organization","@id":"https:\/\/hudo.com\/si\/#organization","name":"VSN Media","url":"https:\/\/hudo.com\/si\/","logo":{"@type":"ImageObject","inLanguage":"sl-SI","@id":"https:\/\/hudo.com\/si\/#\/schema\/logo\/image\/","url":"https:\/\/hudo.com\/si\/wp-content\/uploads\/sites\/2\/2021\/03\/hudo-app-2.png","contentUrl":"https:\/\/hudo.com\/si\/wp-content\/uploads\/sites\/2\/2021\/03\/hudo-app-2.png","width":2185,"height":2167,"caption":"VSN Media"},"image":{"@id":"https:\/\/hudo.com\/si\/#\/schema\/logo\/image\/"},"sameAs":["https:\/\/www.facebook.com\/hudo.si","https:\/\/twitter.com\/hudo_si"]},{"@type":"Person","@id":"https:\/\/hudo.com\/si\/#\/schema\/person\/18f09c02475ba9e606e941a565b80cff","name":"A. P., STA","image":{"@type":"ImageObject","inLanguage":"sl-SI","@id":"https:\/\/hudo.com\/si\/#\/schema\/person\/image\/","url":"https:\/\/secure.gravatar.com\/avatar\/03eac8e609f5f04383125d80eaeaaf3e?s=96&d=mm&r=g","contentUrl":"https:\/\/secure.gravatar.com\/avatar\/03eac8e609f5f04383125d80eaeaaf3e?s=96&d=mm&r=g","caption":"A. P., STA"},"url":"https:\/\/hudo.com\/si\/author\/lubu\/"}]}},"amp_enabled":true,"_links":{"self":[{"href":"https:\/\/hudo.com\/si\/wp-json\/wp\/v2\/posts\/216760"}],"collection":[{"href":"https:\/\/hudo.com\/si\/wp-json\/wp\/v2\/posts"}],"about":[{"href":"https:\/\/hudo.com\/si\/wp-json\/wp\/v2\/types\/post"}],"author":[{"embeddable":true,"href":"https:\/\/hudo.com\/si\/wp-json\/wp\/v2\/users\/7"}],"replies":[{"embeddable":true,"href":"https:\/\/hudo.com\/si\/wp-json\/wp\/v2\/comments?post=216760"}],"version-history":[{"count":1,"href":"https:\/\/hudo.com\/si\/wp-json\/wp\/v2\/posts\/216760\/revisions"}],"predecessor-version":[{"id":216762,"href":"https:\/\/hudo.com\/si\/wp-json\/wp\/v2\/posts\/216760\/revisions\/216762"}],"wp:featuredmedia":[{"embeddable":true,"href":"https:\/\/hudo.com\/si\/wp-json\/wp\/v2\/media\/216761"}],"wp:attachment":[{"href":"https:\/\/hudo.com\/si\/wp-json\/wp\/v2\/media?parent=216760"}],"wp:term":[{"taxonomy":"category","embeddable":true,"href":"https:\/\/hudo.com\/si\/wp-json\/wp\/v2\/categories?post=216760"},{"taxonomy":"post_tag","embeddable":true,"href":"https:\/\/hudo.com\/si\/wp-json\/wp\/v2\/tags?post=216760"},{"taxonomy":"source","embeddable":true,"href":"https:\/\/hudo.com\/si\/wp-json\/wp\/v2\/source?post=216760"},{"taxonomy":"supertag","embeddable":true,"href":"https:\/\/hudo.com\/si\/wp-json\/wp\/v2\/supertag?post=216760"}],"curies":[{"name":"wp","href":"https:\/\/api.w.org\/{rel}","templated":true}]}}