{"id":217314,"date":"2017-02-27T15:47:00","date_gmt":"2017-02-27T14:47:00","guid":{"rendered":"http:\/\/hudo.com\/si\/2017\/02\/27\/papez-cetrtic-izbran-za-vodenje-pokojninske-blagajne\/"},"modified":"2017-02-27T18:22:19","modified_gmt":"2017-02-27T17:22:19","slug":"papez-cetrtic-izbran-za-vodenje-pokojninske-blagajne","status":"publish","type":"post","link":"https:\/\/hudo.com\/si\/aktualno\/papez-cetrtic-izbran-za-vodenje-pokojninske-blagajne\/","title":{"rendered":"Pape\u017e \u010detrti\u010d izbran za vodenje pokojninske blagajne"},"content":{"rendered":"<p>Kategorija: Slovenija Mon, 27 Feb 2017 16:47:00 +0100  Ljubljana &#8211; Dosedanjega direktorja zavoda za pokojninsko in invalidsko zavarovanje Marijana Pape\u017ea je podprlo prav vseh 23 navzo\u010dih \u010dlanov sveta zavoda. Odlo\u010ditev o tem, ali bo nastopil \u0161e svoj \u010detrti mandat, je zdaj v rokah vlade. Svet zavoda je v\u010deraj izbiral med Nata\u0161o Tr\u010dek, glavno in\u0161pektorico za delo, Rastom Hartmanom, nekdanjih sekretarjem na finan\u010dnem ministrstvu, ki se zdaj ukvarja z zavarovalni\u0161tvom in dosedanjim direktorjem Pape\u017eem, in izbral slednjega. \u00a0 \u00a0 \u00a0 \u00a0 \u00a0 \u00a0 \u00a0 \u00a0 \u00a0 \u00a0 \u00a0 \u00a0 \u00a0 \u00a0 \u00a0 \u00a0 \u00a0 \u00a0 \u00a0 \u00a0 \u00a0 \u00a0 \u00a0 \u00a0 \u00a0 \u00a0 Marijan Pape\u017e. Foto: Ale\u0161 \u010cernivec\/Delo \u010ce ga bo potrdila tudi vlada, bo svoj \u010detrti mandat na \u010delu zavoda nastopil 12. aprila. Koalicijske stranke so glede podpore novemu staremu direktorju \u0161e dokaj skrivnostne. SMC se bo formalno odzvala, ko bo\u00a0&#8230;<\/p>\n","protected":false},"excerpt":{"rendered":"<p>Kategorija: Slovenija Mon, 27 Feb 2017 16:47:00 +0100  Ljubljana &#8211; Dosedanjega direktorja zavoda za pokojninsko in invalidsko zavarovanje Marijana Pape\u017ea je podprlo prav vseh 23 navzo\u010dih \u010dlanov sveta zavoda. Odlo\u010ditev o tem, ali bo nastopil \u0161e svoj \u010detrti mandat, je zdaj v rokah vlade. Svet zavoda je v\u010deraj izbiral med Nata\u0161o Tr\u010dek, glavno in\u0161pektorico za delo, Rastom Hartmanom, nekdanjih sekretarjem na finan\u010dnem ministrstvu, ki se zdaj ukvarja z zavarovalni\u0161tvom in dosedanjim direktorjem Pape\u017eem, in izbral slednjega. \u00a0 \u00a0 \u00a0 \u00a0 \u00a0 \u00a0 \u00a0 \u00a0 \u00a0 \u00a0 \u00a0 \u00a0 \u00a0 \u00a0 \u00a0 \u00a0 \u00a0 \u00a0 \u00a0 \u00a0 \u00a0 \u00a0 \u00a0 \u00a0 \u00a0 \u00a0 Marijan Pape\u017e. Foto: Ale\u0161 \u010cernivec\/Delo \u010ce ga bo potrdila tudi vlada, bo svoj \u010detrti mandat na \u010delu zavoda nastopil 12. aprila. Koalicijske stranke so glede podpore novemu staremu direktorju \u0161e dokaj skrivnostne. SMC se bo formalno odzvala, ko bo\u00a0&#8230;<\/p>\n","protected":false},"author":1,"featured_media":0,"comment_status":"closed","ping_status":"closed","sticky":false,"template":"","format":"standard","meta":{"footnotes":""},"categories":[1179],"tags":[],"source":[1703],"supertag":[],"acf":[],"yoast_head":"<!-- This site is optimized with the Yoast SEO plugin v21.3 - https:\/\/yoast.com\/wordpress\/plugins\/seo\/ -->\n<title>Pape\u017e \u010detrti\u010d izbran za vodenje pokojninske blagajne - Hudo Slovenija<\/title>\n<meta name=\"robots\" content=\"index, follow, max-snippet:-1, max-image-preview:large, max-video-preview:-1\" \/>\n<link rel=\"canonical\" href=\"https:\/\/hudo.com\/si\/aktualno\/papez-cetrtic-izbran-za-vodenje-pokojninske-blagajne\/\" \/>\n<meta property=\"og:locale\" content=\"sl_SI\" \/>\n<meta property=\"og:type\" content=\"article\" \/>\n<meta property=\"og:title\" content=\"Pape\u017e \u010detrti\u010d izbran za vodenje pokojninske blagajne - Hudo Slovenija\" \/>\n<meta property=\"og:description\" content=\"Kategorija: Slovenija Mon, 27 Feb 2017 16:47:00 +0100 Ljubljana - Dosedanjega direktorja zavoda za pokojninsko in invalidsko zavarovanje Marijana Pape\u017ea je podprlo prav vseh 23 navzo\u010dih \u010dlanov sveta zavoda. Odlo\u010ditev o tem, ali bo nastopil \u0161e svoj \u010detrti mandat, je zdaj v rokah vlade. Svet zavoda je v\u010deraj izbiral med Nata\u0161o Tr\u010dek, glavno in\u0161pektorico za delo, Rastom Hartmanom, nekdanjih sekretarjem na finan\u010dnem ministrstvu, ki se zdaj ukvarja z zavarovalni\u0161tvom in dosedanjim direktorjem Pape\u017eem, in izbral slednjega. \u00a0 \u00a0 \u00a0 \u00a0 \u00a0 \u00a0 \u00a0 \u00a0 \u00a0 \u00a0 \u00a0 \u00a0 \u00a0 \u00a0 \u00a0 \u00a0 \u00a0 \u00a0 \u00a0 \u00a0 \u00a0 \u00a0 \u00a0 \u00a0 \u00a0 \u00a0 Marijan Pape\u017e. Foto: Ale\u0161 \u010cernivec\/Delo \u010ce ga bo potrdila tudi vlada, bo svoj \u010detrti mandat na \u010delu zavoda nastopil 12. aprila. Koalicijske stranke so glede podpore novemu staremu direktorju \u0161e dokaj skrivnostne. SMC se bo formalno odzvala, ko bo\u00a0...\" \/>\n<meta property=\"og:url\" content=\"https:\/\/hudo.com\/si\/aktualno\/papez-cetrtic-izbran-za-vodenje-pokojninske-blagajne\/\" \/>\n<meta property=\"og:site_name\" content=\"Hudo Slovenija\" \/>\n<meta property=\"article:publisher\" content=\"https:\/\/www.facebook.com\/hudo.si\" \/>\n<meta property=\"article:published_time\" content=\"2017-02-27T14:47:00+00:00\" \/>\n<meta property=\"article:modified_time\" content=\"2017-02-27T17:22:19+00:00\" \/>\n<meta property=\"og:image\" content=\"https:\/\/hudo.com\/si\/wp-content\/uploads\/sites\/2\/2017\/02\/480x290_2_stran__djvu_1513062_mdr_i_hires0-1.jpeg\" \/>\n\t<meta property=\"og:image:width\" content=\"480\" \/>\n\t<meta property=\"og:image:height\" content=\"290\" \/>\n\t<meta property=\"og:image:type\" content=\"image\/jpeg\" \/>\n<meta name=\"author\" content=\"hudo\" \/>\n<meta name=\"twitter:card\" content=\"summary_large_image\" \/>\n<meta name=\"twitter:creator\" content=\"@hudo_si\" \/>\n<meta name=\"twitter:site\" content=\"@hudo_si\" \/>\n<meta name=\"twitter:label1\" content=\"Written by\" \/>\n\t<meta name=\"twitter:data1\" content=\"hudo\" \/>\n\t<meta name=\"twitter:label2\" content=\"Est. reading time\" \/>\n\t<meta name=\"twitter:data2\" content=\"1 minuta\" \/>\n<script type=\"application\/ld+json\" class=\"yoast-schema-graph\">{\"@context\":\"https:\/\/schema.org\",\"@graph\":[{\"@type\":\"Article\",\"@id\":\"https:\/\/hudo.com\/si\/aktualno\/papez-cetrtic-izbran-za-vodenje-pokojninske-blagajne\/#article\",\"isPartOf\":{\"@id\":\"https:\/\/hudo.com\/si\/aktualno\/papez-cetrtic-izbran-za-vodenje-pokojninske-blagajne\/\"},\"author\":{\"name\":\"hudo\",\"@id\":\"https:\/\/hudo.com\/si\/#\/schema\/person\/601cf3379633985b20f7e50f2bb47707\"},\"headline\":\"Pape\u017e \u010detrti\u010d izbran za vodenje pokojninske blagajne\",\"datePublished\":\"2017-02-27T14:47:00+00:00\",\"dateModified\":\"2017-02-27T17:22:19+00:00\",\"mainEntityOfPage\":{\"@id\":\"https:\/\/hudo.com\/si\/aktualno\/papez-cetrtic-izbran-za-vodenje-pokojninske-blagajne\/\"},\"wordCount\":127,\"publisher\":{\"@id\":\"https:\/\/hudo.com\/si\/#organization\"},\"articleSection\":[\"Aktualno\"],\"inLanguage\":\"sl-SI\"},{\"@type\":\"WebPage\",\"@id\":\"https:\/\/hudo.com\/si\/aktualno\/papez-cetrtic-izbran-za-vodenje-pokojninske-blagajne\/\",\"url\":\"https:\/\/hudo.com\/si\/aktualno\/papez-cetrtic-izbran-za-vodenje-pokojninske-blagajne\/\",\"name\":\"Pape\u017e \u010detrti\u010d izbran za vodenje pokojninske blagajne - Hudo Slovenija\",\"isPartOf\":{\"@id\":\"https:\/\/hudo.com\/si\/#website\"},\"datePublished\":\"2017-02-27T14:47:00+00:00\",\"dateModified\":\"2017-02-27T17:22:19+00:00\",\"breadcrumb\":{\"@id\":\"https:\/\/hudo.com\/si\/aktualno\/papez-cetrtic-izbran-za-vodenje-pokojninske-blagajne\/#breadcrumb\"},\"inLanguage\":\"sl-SI\",\"potentialAction\":[{\"@type\":\"ReadAction\",\"target\":[\"https:\/\/hudo.com\/si\/aktualno\/papez-cetrtic-izbran-za-vodenje-pokojninske-blagajne\/\"]}]},{\"@type\":\"BreadcrumbList\",\"@id\":\"https:\/\/hudo.com\/si\/aktualno\/papez-cetrtic-izbran-za-vodenje-pokojninske-blagajne\/#breadcrumb\",\"itemListElement\":[{\"@type\":\"ListItem\",\"position\":1,\"name\":\"Home\",\"item\":\"https:\/\/hudo.com\/si\/\"},{\"@type\":\"ListItem\",\"position\":2,\"name\":\"Pape\u017e \u010detrti\u010d izbran za vodenje pokojninske blagajne\"}]},{\"@type\":\"WebSite\",\"@id\":\"https:\/\/hudo.com\/si\/#website\",\"url\":\"https:\/\/hudo.com\/si\/\",\"name\":\"Hudo Slovenija\",\"description\":\"Vse novice iz Slovenije in sveta\",\"publisher\":{\"@id\":\"https:\/\/hudo.com\/si\/#organization\"},\"potentialAction\":[{\"@type\":\"SearchAction\",\"target\":{\"@type\":\"EntryPoint\",\"urlTemplate\":\"https:\/\/hudo.com\/si\/?s={search_term_string}\"},\"query-input\":\"required name=search_term_string\"}],\"inLanguage\":\"sl-SI\"},{\"@type\":\"Organization\",\"@id\":\"https:\/\/hudo.com\/si\/#organization\",\"name\":\"VSN Media\",\"url\":\"https:\/\/hudo.com\/si\/\",\"logo\":{\"@type\":\"ImageObject\",\"inLanguage\":\"sl-SI\",\"@id\":\"https:\/\/hudo.com\/si\/#\/schema\/logo\/image\/\",\"url\":\"https:\/\/hudo.com\/si\/wp-content\/uploads\/sites\/2\/2021\/03\/hudo-app-2.png\",\"contentUrl\":\"https:\/\/hudo.com\/si\/wp-content\/uploads\/sites\/2\/2021\/03\/hudo-app-2.png\",\"width\":2185,\"height\":2167,\"caption\":\"VSN Media\"},\"image\":{\"@id\":\"https:\/\/hudo.com\/si\/#\/schema\/logo\/image\/\"},\"sameAs\":[\"https:\/\/www.facebook.com\/hudo.si\",\"https:\/\/twitter.com\/hudo_si\"]},{\"@type\":\"Person\",\"@id\":\"https:\/\/hudo.com\/si\/#\/schema\/person\/601cf3379633985b20f7e50f2bb47707\",\"name\":\"hudo\",\"image\":{\"@type\":\"ImageObject\",\"inLanguage\":\"sl-SI\",\"@id\":\"https:\/\/hudo.com\/si\/#\/schema\/person\/image\/\",\"url\":\"https:\/\/secure.gravatar.com\/avatar\/c4ca25fa72cace7a696b52ff5db9e095?s=96&d=mm&r=g\",\"contentUrl\":\"https:\/\/secure.gravatar.com\/avatar\/c4ca25fa72cace7a696b52ff5db9e095?s=96&d=mm&r=g\",\"caption\":\"hudo\"},\"url\":\"https:\/\/hudo.com\/si\/author\/hudo\/\"}]}<\/script>\n<!-- \/ Yoast SEO plugin. -->","yoast_head_json":{"title":"Pape\u017e \u010detrti\u010d izbran za vodenje pokojninske blagajne - Hudo Slovenija","robots":{"index":"index","follow":"follow","max-snippet":"max-snippet:-1","max-image-preview":"max-image-preview:large","max-video-preview":"max-video-preview:-1"},"canonical":"https:\/\/hudo.com\/si\/aktualno\/papez-cetrtic-izbran-za-vodenje-pokojninske-blagajne\/","og_locale":"sl_SI","og_type":"article","og_title":"Pape\u017e \u010detrti\u010d izbran za vodenje pokojninske blagajne - Hudo Slovenija","og_description":"Kategorija: Slovenija Mon, 27 Feb 2017 16:47:00 +0100 Ljubljana - Dosedanjega direktorja zavoda za pokojninsko in invalidsko zavarovanje Marijana Pape\u017ea je podprlo prav vseh 23 navzo\u010dih \u010dlanov sveta zavoda. Odlo\u010ditev o tem, ali bo nastopil \u0161e svoj \u010detrti mandat, je zdaj v rokah vlade. Svet zavoda je v\u010deraj izbiral med Nata\u0161o Tr\u010dek, glavno in\u0161pektorico za delo, Rastom Hartmanom, nekdanjih sekretarjem na finan\u010dnem ministrstvu, ki se zdaj ukvarja z zavarovalni\u0161tvom in dosedanjim direktorjem Pape\u017eem, in izbral slednjega. \u00a0 \u00a0 \u00a0 \u00a0 \u00a0 \u00a0 \u00a0 \u00a0 \u00a0 \u00a0 \u00a0 \u00a0 \u00a0 \u00a0 \u00a0 \u00a0 \u00a0 \u00a0 \u00a0 \u00a0 \u00a0 \u00a0 \u00a0 \u00a0 \u00a0 \u00a0 Marijan Pape\u017e. Foto: Ale\u0161 \u010cernivec\/Delo \u010ce ga bo potrdila tudi vlada, bo svoj \u010detrti mandat na \u010delu zavoda nastopil 12. aprila. Koalicijske stranke so glede podpore novemu staremu direktorju \u0161e dokaj skrivnostne. SMC se bo formalno odzvala, ko bo\u00a0...","og_url":"https:\/\/hudo.com\/si\/aktualno\/papez-cetrtic-izbran-za-vodenje-pokojninske-blagajne\/","og_site_name":"Hudo Slovenija","article_publisher":"https:\/\/www.facebook.com\/hudo.si","article_published_time":"2017-02-27T14:47:00+00:00","article_modified_time":"2017-02-27T17:22:19+00:00","og_image":[{"width":480,"height":290,"url":"https:\/\/hudo.com\/si\/wp-content\/uploads\/sites\/2\/2017\/02\/480x290_2_stran__djvu_1513062_mdr_i_hires0-1.jpeg","type":"image\/jpeg"}],"author":"hudo","twitter_card":"summary_large_image","twitter_creator":"@hudo_si","twitter_site":"@hudo_si","twitter_misc":{"Written by":"hudo","Est. reading time":"1 minuta"},"schema":{"@context":"https:\/\/schema.org","@graph":[{"@type":"Article","@id":"https:\/\/hudo.com\/si\/aktualno\/papez-cetrtic-izbran-za-vodenje-pokojninske-blagajne\/#article","isPartOf":{"@id":"https:\/\/hudo.com\/si\/aktualno\/papez-cetrtic-izbran-za-vodenje-pokojninske-blagajne\/"},"author":{"name":"hudo","@id":"https:\/\/hudo.com\/si\/#\/schema\/person\/601cf3379633985b20f7e50f2bb47707"},"headline":"Pape\u017e \u010detrti\u010d izbran za vodenje pokojninske blagajne","datePublished":"2017-02-27T14:47:00+00:00","dateModified":"2017-02-27T17:22:19+00:00","mainEntityOfPage":{"@id":"https:\/\/hudo.com\/si\/aktualno\/papez-cetrtic-izbran-za-vodenje-pokojninske-blagajne\/"},"wordCount":127,"publisher":{"@id":"https:\/\/hudo.com\/si\/#organization"},"articleSection":["Aktualno"],"inLanguage":"sl-SI"},{"@type":"WebPage","@id":"https:\/\/hudo.com\/si\/aktualno\/papez-cetrtic-izbran-za-vodenje-pokojninske-blagajne\/","url":"https:\/\/hudo.com\/si\/aktualno\/papez-cetrtic-izbran-za-vodenje-pokojninske-blagajne\/","name":"Pape\u017e \u010detrti\u010d izbran za vodenje pokojninske blagajne - Hudo Slovenija","isPartOf":{"@id":"https:\/\/hudo.com\/si\/#website"},"datePublished":"2017-02-27T14:47:00+00:00","dateModified":"2017-02-27T17:22:19+00:00","breadcrumb":{"@id":"https:\/\/hudo.com\/si\/aktualno\/papez-cetrtic-izbran-za-vodenje-pokojninske-blagajne\/#breadcrumb"},"inLanguage":"sl-SI","potentialAction":[{"@type":"ReadAction","target":["https:\/\/hudo.com\/si\/aktualno\/papez-cetrtic-izbran-za-vodenje-pokojninske-blagajne\/"]}]},{"@type":"BreadcrumbList","@id":"https:\/\/hudo.com\/si\/aktualno\/papez-cetrtic-izbran-za-vodenje-pokojninske-blagajne\/#breadcrumb","itemListElement":[{"@type":"ListItem","position":1,"name":"Home","item":"https:\/\/hudo.com\/si\/"},{"@type":"ListItem","position":2,"name":"Pape\u017e \u010detrti\u010d izbran za vodenje pokojninske blagajne"}]},{"@type":"WebSite","@id":"https:\/\/hudo.com\/si\/#website","url":"https:\/\/hudo.com\/si\/","name":"Hudo Slovenija","description":"Vse novice iz Slovenije in sveta","publisher":{"@id":"https:\/\/hudo.com\/si\/#organization"},"potentialAction":[{"@type":"SearchAction","target":{"@type":"EntryPoint","urlTemplate":"https:\/\/hudo.com\/si\/?s={search_term_string}"},"query-input":"required name=search_term_string"}],"inLanguage":"sl-SI"},{"@type":"Organization","@id":"https:\/\/hudo.com\/si\/#organization","name":"VSN Media","url":"https:\/\/hudo.com\/si\/","logo":{"@type":"ImageObject","inLanguage":"sl-SI","@id":"https:\/\/hudo.com\/si\/#\/schema\/logo\/image\/","url":"https:\/\/hudo.com\/si\/wp-content\/uploads\/sites\/2\/2021\/03\/hudo-app-2.png","contentUrl":"https:\/\/hudo.com\/si\/wp-content\/uploads\/sites\/2\/2021\/03\/hudo-app-2.png","width":2185,"height":2167,"caption":"VSN Media"},"image":{"@id":"https:\/\/hudo.com\/si\/#\/schema\/logo\/image\/"},"sameAs":["https:\/\/www.facebook.com\/hudo.si","https:\/\/twitter.com\/hudo_si"]},{"@type":"Person","@id":"https:\/\/hudo.com\/si\/#\/schema\/person\/601cf3379633985b20f7e50f2bb47707","name":"hudo","image":{"@type":"ImageObject","inLanguage":"sl-SI","@id":"https:\/\/hudo.com\/si\/#\/schema\/person\/image\/","url":"https:\/\/secure.gravatar.com\/avatar\/c4ca25fa72cace7a696b52ff5db9e095?s=96&d=mm&r=g","contentUrl":"https:\/\/secure.gravatar.com\/avatar\/c4ca25fa72cace7a696b52ff5db9e095?s=96&d=mm&r=g","caption":"hudo"},"url":"https:\/\/hudo.com\/si\/author\/hudo\/"}]}},"amp_enabled":true,"_links":{"self":[{"href":"https:\/\/hudo.com\/si\/wp-json\/wp\/v2\/posts\/217314"}],"collection":[{"href":"https:\/\/hudo.com\/si\/wp-json\/wp\/v2\/posts"}],"about":[{"href":"https:\/\/hudo.com\/si\/wp-json\/wp\/v2\/types\/post"}],"author":[{"embeddable":true,"href":"https:\/\/hudo.com\/si\/wp-json\/wp\/v2\/users\/1"}],"replies":[{"embeddable":true,"href":"https:\/\/hudo.com\/si\/wp-json\/wp\/v2\/comments?post=217314"}],"version-history":[{"count":1,"href":"https:\/\/hudo.com\/si\/wp-json\/wp\/v2\/posts\/217314\/revisions"}],"predecessor-version":[{"id":217341,"href":"https:\/\/hudo.com\/si\/wp-json\/wp\/v2\/posts\/217314\/revisions\/217341"}],"wp:attachment":[{"href":"https:\/\/hudo.com\/si\/wp-json\/wp\/v2\/media?parent=217314"}],"wp:term":[{"taxonomy":"category","embeddable":true,"href":"https:\/\/hudo.com\/si\/wp-json\/wp\/v2\/categories?post=217314"},{"taxonomy":"post_tag","embeddable":true,"href":"https:\/\/hudo.com\/si\/wp-json\/wp\/v2\/tags?post=217314"},{"taxonomy":"source","embeddable":true,"href":"https:\/\/hudo.com\/si\/wp-json\/wp\/v2\/source?post=217314"},{"taxonomy":"supertag","embeddable":true,"href":"https:\/\/hudo.com\/si\/wp-json\/wp\/v2\/supertag?post=217314"}],"curies":[{"name":"wp","href":"https:\/\/api.w.org\/{rel}","templated":true}]}}