{"id":217353,"date":"2017-02-27T17:15:00","date_gmt":"2017-02-27T16:15:00","guid":{"rendered":"http:\/\/hudo.com\/si\/2017\/02\/27\/vucic-zavrnil-moznost-predcasnih-parlamentarnih-volitev\/"},"modified":"2017-02-27T17:15:00","modified_gmt":"2017-02-27T16:15:00","slug":"vucic-zavrnil-moznost-predcasnih-parlamentarnih-volitev","status":"publish","type":"post","link":"https:\/\/hudo.com\/si\/aktualno\/vucic-zavrnil-moznost-predcasnih-parlamentarnih-volitev\/","title":{"rendered":"Vu\u010di\u0107 zavrnil mo\u017enost pred\u010dasnih parlamentarnih volitev"},"content":{"rendered":"<p>Srbski premier Aleksander Vu\u010di\u0107 je danes zavrnil mo\u017enost, da bi pred\u010dasne parlamentarne volitve pripravili so\u010dasno s predsedni\u0161kimi, ki bodo predvidoma aprila. Mo\u017enost pred\u010dasnih parlamentarnih volitev so v minulih dneh napovedovali iz srbskega dr\u017eavnega vrha.  Kot je za srbsko televizijo RTS dejal Vu\u010di\u0107, ne obstajajo razlogi za pred\u010dasne parlamentarne volitve, bodo pa aprila v Srbiji delne lokalne in predsedni\u0161ke volitve. Datuma predsedni\u0161kih volitev pri tem ni omenil. Predsednik srbske vlade je \u0161e ocenil, da je Srbija &#8220;stabilna demokracija in stabilna dr\u017eava z zelo stabilnim gospodarstvom&#8221;, poro\u010da srbska tiskovna agencija Tanjug. &#8220;Potrebujemo rast, potrebujemo resnost, potrebujemo odgovornost. Imamo stabilno parlamentarno ve\u010dino, ki dobro deluje v srbski narodni skup\u0161\u010dini. Parlamentarne volitve bodo leta 2020, naslednje predsedni\u0161ke volitve leta 2022, kot se to dogaja v vseh stabilnih evropskih demokracijah,&#8221; je \u0161e dejal Vu\u010di\u0107, ki je tudi napovedal, da bo Srbija v tem obdobju imela zlato dobo. &#8220;Srbija bo do\u017eivela pravi razcvet in ljudje bodo ob\u010dutili znatno povi\u0161anje standarda,&#8221; je \u0161e dejal srbski premier.  Petletni mandat srbskega predsednika Tomislava Nikoli\u0107a se kon\u010da maja. Zakonski rok za razpis predsedni\u0161kih volitev je 3. marca. Skupni kandidat vladajo\u010de koalicije je srbski premier Vu\u010di\u0107. V tekmo za novega srbskega predsednika so se, kljub temu, da predsedni\u0161ke volitve \u0161e niso uradno razpisane, \u017ee podali nekdanji srbski zunanji minister Vuk Jeremi\u010d, nekdanji varuh \u010dlovekovih pravic Sa\u0161a Jankovi\u0107 in vodja konservativnega gibanja Vrata Bo\u0161ko Obradovi\u0107.Svet<\/p>\n","protected":false},"excerpt":{"rendered":"<p>Srbski premier Aleksander Vu\u010di\u0107 je danes zavrnil mo\u017enost, da bi pred\u010dasne parlamentarne volitve pripravili so\u010dasno s predsedni\u0161kimi, ki bodo predvidoma aprila. Mo\u017enost pred\u010dasnih parlamentarnih volitev so v minulih dneh napovedovali iz srbskega dr\u017eavnega vrha.  Kot je za srbsko televizijo RTS dejal Vu\u010di\u0107, ne obstajajo razlogi za pred\u010dasne parlamentarne volitve, bodo pa aprila v Srbiji delne lokalne in predsedni\u0161ke volitve. Datuma predsedni\u0161kih volitev pri tem ni omenil. Predsednik srbske vlade je \u0161e ocenil, da je Srbija &#8220;stabilna demokracija in stabilna dr\u017eava z zelo stabilnim gospodarstvom&#8221;, poro\u010da srbska tiskovna agencija Tanjug. &#8220;Potrebujemo rast, potrebujemo resnost, potrebujemo odgovornost. Imamo stabilno parlamentarno ve\u010dino, ki dobro deluje v srbski narodni skup\u0161\u010dini. Parlamentarne volitve bodo leta 2020, naslednje predsedni\u0161ke volitve leta 2022, kot se to dogaja v vseh stabilnih evropskih demokracijah,&#8221; je \u0161e dejal Vu\u010di\u0107, ki je tudi napovedal, da bo Srbija v tem obdobju imela zlato dobo. &#8220;Srbija bo do\u017eivela pravi razcvet in ljudje bodo ob\u010dutili znatno povi\u0161anje standarda,&#8221; je \u0161e dejal srbski premier.  Petletni mandat srbskega predsednika Tomislava Nikoli\u0107a se kon\u010da maja. Zakonski rok za razpis predsedni\u0161kih volitev je 3. marca. Skupni kandidat vladajo\u010de koalicije je srbski premier Vu\u010di\u0107. V tekmo za novega srbskega predsednika so se, kljub temu, da predsedni\u0161ke volitve \u0161e niso uradno razpisane, \u017ee podali nekdanji srbski zunanji minister Vuk Jeremi\u010d, nekdanji varuh \u010dlovekovih pravic Sa\u0161a Jankovi\u0107 in vodja konservativnega gibanja Vrata Bo\u0161ko Obradovi\u0107.Svet<\/p>\n","protected":false},"author":1,"featured_media":0,"comment_status":"closed","ping_status":"closed","sticky":false,"template":"","format":"standard","meta":{"footnotes":""},"categories":[1179],"tags":[],"source":[1711],"supertag":[],"acf":[],"yoast_head":"<!-- This site is optimized with the Yoast SEO plugin v21.3 - https:\/\/yoast.com\/wordpress\/plugins\/seo\/ -->\n<title>Vu\u010di\u0107 zavrnil mo\u017enost pred\u010dasnih parlamentarnih volitev - Hudo Slovenija<\/title>\n<meta name=\"robots\" content=\"index, follow, max-snippet:-1, max-image-preview:large, max-video-preview:-1\" \/>\n<link rel=\"canonical\" href=\"https:\/\/hudo.com\/si\/aktualno\/vucic-zavrnil-moznost-predcasnih-parlamentarnih-volitev\/\" \/>\n<meta property=\"og:locale\" content=\"sl_SI\" \/>\n<meta property=\"og:type\" content=\"article\" \/>\n<meta property=\"og:title\" content=\"Vu\u010di\u0107 zavrnil mo\u017enost pred\u010dasnih parlamentarnih volitev - Hudo Slovenija\" \/>\n<meta property=\"og:description\" content=\"Srbski premier Aleksander Vu\u010di\u0107 je danes zavrnil mo\u017enost, da bi pred\u010dasne parlamentarne volitve pripravili so\u010dasno s predsedni\u0161kimi, ki bodo predvidoma aprila. Mo\u017enost pred\u010dasnih parlamentarnih volitev so v minulih dneh napovedovali iz srbskega dr\u017eavnega vrha. Kot je za srbsko televizijo RTS dejal Vu\u010di\u0107, ne obstajajo razlogi za pred\u010dasne parlamentarne volitve, bodo pa aprila v Srbiji delne lokalne in predsedni\u0161ke volitve. Datuma predsedni\u0161kih volitev pri tem ni omenil. Predsednik srbske vlade je \u0161e ocenil, da je Srbija &quot;stabilna demokracija in stabilna dr\u017eava z zelo stabilnim gospodarstvom&quot;, poro\u010da srbska tiskovna agencija Tanjug. &quot;Potrebujemo rast, potrebujemo resnost, potrebujemo odgovornost. Imamo stabilno parlamentarno ve\u010dino, ki dobro deluje v srbski narodni skup\u0161\u010dini. Parlamentarne volitve bodo leta 2020, naslednje predsedni\u0161ke volitve leta 2022, kot se to dogaja v vseh stabilnih evropskih demokracijah,&quot; je \u0161e dejal Vu\u010di\u0107, ki je tudi napovedal, da bo Srbija v tem obdobju imela zlato dobo. &quot;Srbija bo do\u017eivela pravi razcvet in ljudje bodo ob\u010dutili znatno povi\u0161anje standarda,&quot; je \u0161e dejal srbski premier. Petletni mandat srbskega predsednika Tomislava Nikoli\u0107a se kon\u010da maja. Zakonski rok za razpis predsedni\u0161kih volitev je 3. marca. Skupni kandidat vladajo\u010de koalicije je srbski premier Vu\u010di\u0107. V tekmo za novega srbskega predsednika so se, kljub temu, da predsedni\u0161ke volitve \u0161e niso uradno razpisane, \u017ee podali nekdanji srbski zunanji minister Vuk Jeremi\u010d, nekdanji varuh \u010dlovekovih pravic Sa\u0161a Jankovi\u0107 in vodja konservativnega gibanja Vrata Bo\u0161ko Obradovi\u0107.Svet\" \/>\n<meta property=\"og:url\" content=\"https:\/\/hudo.com\/si\/aktualno\/vucic-zavrnil-moznost-predcasnih-parlamentarnih-volitev\/\" \/>\n<meta property=\"og:site_name\" content=\"Hudo Slovenija\" \/>\n<meta property=\"article:publisher\" content=\"https:\/\/www.facebook.com\/hudo.si\" \/>\n<meta property=\"article:published_time\" content=\"2017-02-27T16:15:00+00:00\" \/>\n<meta property=\"og:image\" content=\"https:\/\/hudo.com\/si\/wp-content\/uploads\/sites\/2\/2017\/02\/05791067-300.jpg\" \/>\n\t<meta property=\"og:image:width\" content=\"450\" \/>\n\t<meta property=\"og:image:height\" content=\"337\" \/>\n\t<meta property=\"og:image:type\" content=\"image\/jpeg\" \/>\n<meta name=\"author\" content=\"hudo\" \/>\n<meta name=\"twitter:card\" content=\"summary_large_image\" \/>\n<meta name=\"twitter:creator\" content=\"@hudo_si\" \/>\n<meta name=\"twitter:site\" content=\"@hudo_si\" \/>\n<meta name=\"twitter:label1\" content=\"Written by\" \/>\n\t<meta name=\"twitter:data1\" content=\"hudo\" \/>\n\t<meta name=\"twitter:label2\" content=\"Est. reading time\" \/>\n\t<meta name=\"twitter:data2\" content=\"1 minuta\" \/>\n<script type=\"application\/ld+json\" class=\"yoast-schema-graph\">{\"@context\":\"https:\/\/schema.org\",\"@graph\":[{\"@type\":\"Article\",\"@id\":\"https:\/\/hudo.com\/si\/aktualno\/vucic-zavrnil-moznost-predcasnih-parlamentarnih-volitev\/#article\",\"isPartOf\":{\"@id\":\"https:\/\/hudo.com\/si\/aktualno\/vucic-zavrnil-moznost-predcasnih-parlamentarnih-volitev\/\"},\"author\":{\"name\":\"hudo\",\"@id\":\"https:\/\/hudo.com\/si\/#\/schema\/person\/601cf3379633985b20f7e50f2bb47707\"},\"headline\":\"Vu\u010di\u0107 zavrnil mo\u017enost pred\u010dasnih parlamentarnih volitev\",\"datePublished\":\"2017-02-27T16:15:00+00:00\",\"dateModified\":\"2017-02-27T16:15:00+00:00\",\"mainEntityOfPage\":{\"@id\":\"https:\/\/hudo.com\/si\/aktualno\/vucic-zavrnil-moznost-predcasnih-parlamentarnih-volitev\/\"},\"wordCount\":259,\"publisher\":{\"@id\":\"https:\/\/hudo.com\/si\/#organization\"},\"articleSection\":[\"Aktualno\"],\"inLanguage\":\"sl-SI\"},{\"@type\":\"WebPage\",\"@id\":\"https:\/\/hudo.com\/si\/aktualno\/vucic-zavrnil-moznost-predcasnih-parlamentarnih-volitev\/\",\"url\":\"https:\/\/hudo.com\/si\/aktualno\/vucic-zavrnil-moznost-predcasnih-parlamentarnih-volitev\/\",\"name\":\"Vu\u010di\u0107 zavrnil mo\u017enost pred\u010dasnih parlamentarnih volitev - Hudo Slovenija\",\"isPartOf\":{\"@id\":\"https:\/\/hudo.com\/si\/#website\"},\"datePublished\":\"2017-02-27T16:15:00+00:00\",\"dateModified\":\"2017-02-27T16:15:00+00:00\",\"breadcrumb\":{\"@id\":\"https:\/\/hudo.com\/si\/aktualno\/vucic-zavrnil-moznost-predcasnih-parlamentarnih-volitev\/#breadcrumb\"},\"inLanguage\":\"sl-SI\",\"potentialAction\":[{\"@type\":\"ReadAction\",\"target\":[\"https:\/\/hudo.com\/si\/aktualno\/vucic-zavrnil-moznost-predcasnih-parlamentarnih-volitev\/\"]}]},{\"@type\":\"BreadcrumbList\",\"@id\":\"https:\/\/hudo.com\/si\/aktualno\/vucic-zavrnil-moznost-predcasnih-parlamentarnih-volitev\/#breadcrumb\",\"itemListElement\":[{\"@type\":\"ListItem\",\"position\":1,\"name\":\"Home\",\"item\":\"https:\/\/hudo.com\/si\/\"},{\"@type\":\"ListItem\",\"position\":2,\"name\":\"Vu\u010di\u0107 zavrnil mo\u017enost pred\u010dasnih parlamentarnih volitev\"}]},{\"@type\":\"WebSite\",\"@id\":\"https:\/\/hudo.com\/si\/#website\",\"url\":\"https:\/\/hudo.com\/si\/\",\"name\":\"Hudo Slovenija\",\"description\":\"Vse novice iz Slovenije in sveta\",\"publisher\":{\"@id\":\"https:\/\/hudo.com\/si\/#organization\"},\"potentialAction\":[{\"@type\":\"SearchAction\",\"target\":{\"@type\":\"EntryPoint\",\"urlTemplate\":\"https:\/\/hudo.com\/si\/?s={search_term_string}\"},\"query-input\":\"required name=search_term_string\"}],\"inLanguage\":\"sl-SI\"},{\"@type\":\"Organization\",\"@id\":\"https:\/\/hudo.com\/si\/#organization\",\"name\":\"VSN Media\",\"url\":\"https:\/\/hudo.com\/si\/\",\"logo\":{\"@type\":\"ImageObject\",\"inLanguage\":\"sl-SI\",\"@id\":\"https:\/\/hudo.com\/si\/#\/schema\/logo\/image\/\",\"url\":\"https:\/\/hudo.com\/si\/wp-content\/uploads\/sites\/2\/2021\/03\/hudo-app-2.png\",\"contentUrl\":\"https:\/\/hudo.com\/si\/wp-content\/uploads\/sites\/2\/2021\/03\/hudo-app-2.png\",\"width\":2185,\"height\":2167,\"caption\":\"VSN Media\"},\"image\":{\"@id\":\"https:\/\/hudo.com\/si\/#\/schema\/logo\/image\/\"},\"sameAs\":[\"https:\/\/www.facebook.com\/hudo.si\",\"https:\/\/twitter.com\/hudo_si\"]},{\"@type\":\"Person\",\"@id\":\"https:\/\/hudo.com\/si\/#\/schema\/person\/601cf3379633985b20f7e50f2bb47707\",\"name\":\"hudo\",\"image\":{\"@type\":\"ImageObject\",\"inLanguage\":\"sl-SI\",\"@id\":\"https:\/\/hudo.com\/si\/#\/schema\/person\/image\/\",\"url\":\"https:\/\/secure.gravatar.com\/avatar\/c4ca25fa72cace7a696b52ff5db9e095?s=96&d=mm&r=g\",\"contentUrl\":\"https:\/\/secure.gravatar.com\/avatar\/c4ca25fa72cace7a696b52ff5db9e095?s=96&d=mm&r=g\",\"caption\":\"hudo\"},\"url\":\"https:\/\/hudo.com\/si\/author\/hudo\/\"}]}<\/script>\n<!-- \/ Yoast SEO plugin. -->","yoast_head_json":{"title":"Vu\u010di\u0107 zavrnil mo\u017enost pred\u010dasnih parlamentarnih volitev - Hudo Slovenija","robots":{"index":"index","follow":"follow","max-snippet":"max-snippet:-1","max-image-preview":"max-image-preview:large","max-video-preview":"max-video-preview:-1"},"canonical":"https:\/\/hudo.com\/si\/aktualno\/vucic-zavrnil-moznost-predcasnih-parlamentarnih-volitev\/","og_locale":"sl_SI","og_type":"article","og_title":"Vu\u010di\u0107 zavrnil mo\u017enost pred\u010dasnih parlamentarnih volitev - Hudo Slovenija","og_description":"Srbski premier Aleksander Vu\u010di\u0107 je danes zavrnil mo\u017enost, da bi pred\u010dasne parlamentarne volitve pripravili so\u010dasno s predsedni\u0161kimi, ki bodo predvidoma aprila. Mo\u017enost pred\u010dasnih parlamentarnih volitev so v minulih dneh napovedovali iz srbskega dr\u017eavnega vrha. Kot je za srbsko televizijo RTS dejal Vu\u010di\u0107, ne obstajajo razlogi za pred\u010dasne parlamentarne volitve, bodo pa aprila v Srbiji delne lokalne in predsedni\u0161ke volitve. Datuma predsedni\u0161kih volitev pri tem ni omenil. Predsednik srbske vlade je \u0161e ocenil, da je Srbija \"stabilna demokracija in stabilna dr\u017eava z zelo stabilnim gospodarstvom\", poro\u010da srbska tiskovna agencija Tanjug. \"Potrebujemo rast, potrebujemo resnost, potrebujemo odgovornost. Imamo stabilno parlamentarno ve\u010dino, ki dobro deluje v srbski narodni skup\u0161\u010dini. Parlamentarne volitve bodo leta 2020, naslednje predsedni\u0161ke volitve leta 2022, kot se to dogaja v vseh stabilnih evropskih demokracijah,\" je \u0161e dejal Vu\u010di\u0107, ki je tudi napovedal, da bo Srbija v tem obdobju imela zlato dobo. \"Srbija bo do\u017eivela pravi razcvet in ljudje bodo ob\u010dutili znatno povi\u0161anje standarda,\" je \u0161e dejal srbski premier. Petletni mandat srbskega predsednika Tomislava Nikoli\u0107a se kon\u010da maja. Zakonski rok za razpis predsedni\u0161kih volitev je 3. marca. Skupni kandidat vladajo\u010de koalicije je srbski premier Vu\u010di\u0107. V tekmo za novega srbskega predsednika so se, kljub temu, da predsedni\u0161ke volitve \u0161e niso uradno razpisane, \u017ee podali nekdanji srbski zunanji minister Vuk Jeremi\u010d, nekdanji varuh \u010dlovekovih pravic Sa\u0161a Jankovi\u0107 in vodja konservativnega gibanja Vrata Bo\u0161ko Obradovi\u0107.Svet","og_url":"https:\/\/hudo.com\/si\/aktualno\/vucic-zavrnil-moznost-predcasnih-parlamentarnih-volitev\/","og_site_name":"Hudo Slovenija","article_publisher":"https:\/\/www.facebook.com\/hudo.si","article_published_time":"2017-02-27T16:15:00+00:00","og_image":[{"width":450,"height":337,"url":"https:\/\/hudo.com\/si\/wp-content\/uploads\/sites\/2\/2017\/02\/05791067-300.jpg","type":"image\/jpeg"}],"author":"hudo","twitter_card":"summary_large_image","twitter_creator":"@hudo_si","twitter_site":"@hudo_si","twitter_misc":{"Written by":"hudo","Est. reading time":"1 minuta"},"schema":{"@context":"https:\/\/schema.org","@graph":[{"@type":"Article","@id":"https:\/\/hudo.com\/si\/aktualno\/vucic-zavrnil-moznost-predcasnih-parlamentarnih-volitev\/#article","isPartOf":{"@id":"https:\/\/hudo.com\/si\/aktualno\/vucic-zavrnil-moznost-predcasnih-parlamentarnih-volitev\/"},"author":{"name":"hudo","@id":"https:\/\/hudo.com\/si\/#\/schema\/person\/601cf3379633985b20f7e50f2bb47707"},"headline":"Vu\u010di\u0107 zavrnil mo\u017enost pred\u010dasnih parlamentarnih volitev","datePublished":"2017-02-27T16:15:00+00:00","dateModified":"2017-02-27T16:15:00+00:00","mainEntityOfPage":{"@id":"https:\/\/hudo.com\/si\/aktualno\/vucic-zavrnil-moznost-predcasnih-parlamentarnih-volitev\/"},"wordCount":259,"publisher":{"@id":"https:\/\/hudo.com\/si\/#organization"},"articleSection":["Aktualno"],"inLanguage":"sl-SI"},{"@type":"WebPage","@id":"https:\/\/hudo.com\/si\/aktualno\/vucic-zavrnil-moznost-predcasnih-parlamentarnih-volitev\/","url":"https:\/\/hudo.com\/si\/aktualno\/vucic-zavrnil-moznost-predcasnih-parlamentarnih-volitev\/","name":"Vu\u010di\u0107 zavrnil mo\u017enost pred\u010dasnih parlamentarnih volitev - Hudo Slovenija","isPartOf":{"@id":"https:\/\/hudo.com\/si\/#website"},"datePublished":"2017-02-27T16:15:00+00:00","dateModified":"2017-02-27T16:15:00+00:00","breadcrumb":{"@id":"https:\/\/hudo.com\/si\/aktualno\/vucic-zavrnil-moznost-predcasnih-parlamentarnih-volitev\/#breadcrumb"},"inLanguage":"sl-SI","potentialAction":[{"@type":"ReadAction","target":["https:\/\/hudo.com\/si\/aktualno\/vucic-zavrnil-moznost-predcasnih-parlamentarnih-volitev\/"]}]},{"@type":"BreadcrumbList","@id":"https:\/\/hudo.com\/si\/aktualno\/vucic-zavrnil-moznost-predcasnih-parlamentarnih-volitev\/#breadcrumb","itemListElement":[{"@type":"ListItem","position":1,"name":"Home","item":"https:\/\/hudo.com\/si\/"},{"@type":"ListItem","position":2,"name":"Vu\u010di\u0107 zavrnil mo\u017enost pred\u010dasnih parlamentarnih volitev"}]},{"@type":"WebSite","@id":"https:\/\/hudo.com\/si\/#website","url":"https:\/\/hudo.com\/si\/","name":"Hudo Slovenija","description":"Vse novice iz Slovenije in sveta","publisher":{"@id":"https:\/\/hudo.com\/si\/#organization"},"potentialAction":[{"@type":"SearchAction","target":{"@type":"EntryPoint","urlTemplate":"https:\/\/hudo.com\/si\/?s={search_term_string}"},"query-input":"required name=search_term_string"}],"inLanguage":"sl-SI"},{"@type":"Organization","@id":"https:\/\/hudo.com\/si\/#organization","name":"VSN Media","url":"https:\/\/hudo.com\/si\/","logo":{"@type":"ImageObject","inLanguage":"sl-SI","@id":"https:\/\/hudo.com\/si\/#\/schema\/logo\/image\/","url":"https:\/\/hudo.com\/si\/wp-content\/uploads\/sites\/2\/2021\/03\/hudo-app-2.png","contentUrl":"https:\/\/hudo.com\/si\/wp-content\/uploads\/sites\/2\/2021\/03\/hudo-app-2.png","width":2185,"height":2167,"caption":"VSN Media"},"image":{"@id":"https:\/\/hudo.com\/si\/#\/schema\/logo\/image\/"},"sameAs":["https:\/\/www.facebook.com\/hudo.si","https:\/\/twitter.com\/hudo_si"]},{"@type":"Person","@id":"https:\/\/hudo.com\/si\/#\/schema\/person\/601cf3379633985b20f7e50f2bb47707","name":"hudo","image":{"@type":"ImageObject","inLanguage":"sl-SI","@id":"https:\/\/hudo.com\/si\/#\/schema\/person\/image\/","url":"https:\/\/secure.gravatar.com\/avatar\/c4ca25fa72cace7a696b52ff5db9e095?s=96&d=mm&r=g","contentUrl":"https:\/\/secure.gravatar.com\/avatar\/c4ca25fa72cace7a696b52ff5db9e095?s=96&d=mm&r=g","caption":"hudo"},"url":"https:\/\/hudo.com\/si\/author\/hudo\/"}]}},"amp_enabled":true,"_links":{"self":[{"href":"https:\/\/hudo.com\/si\/wp-json\/wp\/v2\/posts\/217353"}],"collection":[{"href":"https:\/\/hudo.com\/si\/wp-json\/wp\/v2\/posts"}],"about":[{"href":"https:\/\/hudo.com\/si\/wp-json\/wp\/v2\/types\/post"}],"author":[{"embeddable":true,"href":"https:\/\/hudo.com\/si\/wp-json\/wp\/v2\/users\/1"}],"replies":[{"embeddable":true,"href":"https:\/\/hudo.com\/si\/wp-json\/wp\/v2\/comments?post=217353"}],"version-history":[{"count":0,"href":"https:\/\/hudo.com\/si\/wp-json\/wp\/v2\/posts\/217353\/revisions"}],"wp:attachment":[{"href":"https:\/\/hudo.com\/si\/wp-json\/wp\/v2\/media?parent=217353"}],"wp:term":[{"taxonomy":"category","embeddable":true,"href":"https:\/\/hudo.com\/si\/wp-json\/wp\/v2\/categories?post=217353"},{"taxonomy":"post_tag","embeddable":true,"href":"https:\/\/hudo.com\/si\/wp-json\/wp\/v2\/tags?post=217353"},{"taxonomy":"source","embeddable":true,"href":"https:\/\/hudo.com\/si\/wp-json\/wp\/v2\/source?post=217353"},{"taxonomy":"supertag","embeddable":true,"href":"https:\/\/hudo.com\/si\/wp-json\/wp\/v2\/supertag?post=217353"}],"curies":[{"name":"wp","href":"https:\/\/api.w.org\/{rel}","templated":true}]}}