{"id":217385,"date":"2017-02-27T15:30:00","date_gmt":"2017-02-27T14:30:00","guid":{"rendered":"http:\/\/hudo.com\/si\/2017\/02\/27\/slovenci-smo-vse-bolj-zadovoljni-s-stanjem-v-druzbi\/"},"modified":"2017-02-28T07:33:08","modified_gmt":"2017-02-28T06:33:08","slug":"slovenci-smo-vse-bolj-zadovoljni-s-stanjem-v-druzbi","status":"publish","type":"post","link":"https:\/\/hudo.com\/si\/aktualno\/slovenci-smo-vse-bolj-zadovoljni-s-stanjem-v-druzbi\/","title":{"rendered":"Slovenci smo vse bolj zadovoljni s stanjem v dru\u017ebi"},"content":{"rendered":"<p>Rezultati raziskave Ogledalo Slovenije, s katero dru\u017eba Valicon ob\u010dasno meri splo\u0161no stanje v slovenski dru\u017ebi, so tokrat pokazali, da smo Slovenci s stanjem v dru\u017ebi vedno bolj zadovoljni. Nezadovoljnih je sicer \u0161e vedno ve\u010d kot zadovoljnih, a tudi osebno razpolo\u017eenje prebivalcev se izbolj\u0161uje, ka\u017ee februarska raziskava Valicona. V tokratni meritvi se nadaljuje trend pove\u010devanja zadovoljstva s stanjem v slovenski dru\u017ebi. To se je glede na lanskoletne meritve zvi\u0161alo za \u0161est odstotnih to\u010dk. A med zadovoljnimi je malo tistih, ki so z \u017eivljenjem v slovenski dru\u017ebi na splo\u0161no zelo zadovoljni, le dober odstotek. Razkorak med zadovoljnimi in nezadovoljnimi ostaja velik; na vsakega zadovoljnega \u010dloveka so trije in pol nezadovoljni. Nezadovoljnih je skupno 23 odstotkov sodelujo\u010dih, so sporo\u010dili iz dru\u017ebe Valicon. Glede osebnega razpolo\u017eenja je tistih, ki se ozna\u010dujejo za sre\u010dne ali zelo sre\u010dne, manj kot polovica (slabih 47 odstotkov). Dele\u017e tistih, ki menijo, da sploh niso sre\u010dni, se zni\u017euje zelo po\u010dasi, od lanskega decembra do leto\u0161njega februarja se je zni\u017eal za \u0161tiri odstotne to\u010dke. V raziskavi je sodelovalo 1016 dr\u017eavljanov, starih od 18 do 65 let. Izvedena je bila v okviru spletnega panela anketirancev Jazvem.si, zadovoljstvo s splo\u0161nim stanjem v dru\u017ebi in svoje osebno razpolo\u017eenje so sodelujo\u010di ocenjevali med 9. in 19. februarjem.Slovenija<\/p>\n","protected":false},"excerpt":{"rendered":"<p>Rezultati raziskave Ogledalo Slovenije, s katero dru\u017eba Valicon ob\u010dasno meri splo\u0161no stanje v slovenski dru\u017ebi, so tokrat pokazali, da smo Slovenci s stanjem v dru\u017ebi vedno bolj zadovoljni. Nezadovoljnih je sicer \u0161e vedno ve\u010d kot zadovoljnih, a tudi osebno razpolo\u017eenje prebivalcev se izbolj\u0161uje, ka\u017ee februarska raziskava Valicona. V tokratni meritvi se nadaljuje trend pove\u010devanja zadovoljstva s stanjem v slovenski dru\u017ebi. To se je glede na lanskoletne meritve zvi\u0161alo za \u0161est odstotnih to\u010dk. A med zadovoljnimi je malo tistih, ki so z \u017eivljenjem v slovenski dru\u017ebi na splo\u0161no zelo zadovoljni, le dober odstotek. Razkorak med zadovoljnimi in nezadovoljnimi ostaja velik; na vsakega zadovoljnega \u010dloveka so trije in pol nezadovoljni. Nezadovoljnih je skupno 23 odstotkov sodelujo\u010dih, so sporo\u010dili iz dru\u017ebe Valicon. Glede osebnega razpolo\u017eenja je tistih, ki se ozna\u010dujejo za sre\u010dne ali zelo sre\u010dne, manj kot polovica (slabih 47 odstotkov). Dele\u017e tistih, ki menijo, da sploh niso sre\u010dni, se zni\u017euje zelo po\u010dasi, od lanskega decembra do leto\u0161njega februarja se je zni\u017eal za \u0161tiri odstotne to\u010dke. V raziskavi je sodelovalo 1016 dr\u017eavljanov, starih od 18 do 65 let. Izvedena je bila v okviru spletnega panela anketirancev Jazvem.si, zadovoljstvo s splo\u0161nim stanjem v dru\u017ebi in svoje osebno razpolo\u017eenje so sodelujo\u010di ocenjevali med 9. in 19. februarjem.Slovenija<\/p>\n","protected":false},"author":1,"featured_media":0,"comment_status":"closed","ping_status":"closed","sticky":false,"template":"","format":"standard","meta":{"footnotes":""},"categories":[1179],"tags":[],"source":[1711],"supertag":[],"acf":[],"yoast_head":"<!-- This site is optimized with the Yoast SEO plugin v21.3 - https:\/\/yoast.com\/wordpress\/plugins\/seo\/ -->\n<title>Slovenci smo vse bolj zadovoljni s stanjem v dru\u017ebi - Hudo Slovenija<\/title>\n<meta name=\"robots\" content=\"index, follow, max-snippet:-1, max-image-preview:large, max-video-preview:-1\" \/>\n<link rel=\"canonical\" href=\"https:\/\/hudo.com\/si\/aktualno\/slovenci-smo-vse-bolj-zadovoljni-s-stanjem-v-druzbi\/\" \/>\n<meta property=\"og:locale\" content=\"sl_SI\" \/>\n<meta property=\"og:type\" content=\"article\" \/>\n<meta property=\"og:title\" content=\"Slovenci smo vse bolj zadovoljni s stanjem v dru\u017ebi - Hudo Slovenija\" \/>\n<meta property=\"og:description\" content=\"Rezultati raziskave Ogledalo Slovenije, s katero dru\u017eba Valicon ob\u010dasno meri splo\u0161no stanje v slovenski dru\u017ebi, so tokrat pokazali, da smo Slovenci s stanjem v dru\u017ebi vedno bolj zadovoljni. Nezadovoljnih je sicer \u0161e vedno ve\u010d kot zadovoljnih, a tudi osebno razpolo\u017eenje prebivalcev se izbolj\u0161uje, ka\u017ee februarska raziskava Valicona. V tokratni meritvi se nadaljuje trend pove\u010devanja zadovoljstva s stanjem v slovenski dru\u017ebi. To se je glede na lanskoletne meritve zvi\u0161alo za \u0161est odstotnih to\u010dk. A med zadovoljnimi je malo tistih, ki so z \u017eivljenjem v slovenski dru\u017ebi na splo\u0161no zelo zadovoljni, le dober odstotek. Razkorak med zadovoljnimi in nezadovoljnimi ostaja velik; na vsakega zadovoljnega \u010dloveka so trije in pol nezadovoljni. Nezadovoljnih je skupno 23 odstotkov sodelujo\u010dih, so sporo\u010dili iz dru\u017ebe Valicon. Glede osebnega razpolo\u017eenja je tistih, ki se ozna\u010dujejo za sre\u010dne ali zelo sre\u010dne, manj kot polovica (slabih 47 odstotkov). Dele\u017e tistih, ki menijo, da sploh niso sre\u010dni, se zni\u017euje zelo po\u010dasi, od lanskega decembra do leto\u0161njega februarja se je zni\u017eal za \u0161tiri odstotne to\u010dke. V raziskavi je sodelovalo 1016 dr\u017eavljanov, starih od 18 do 65 let. Izvedena je bila v okviru spletnega panela anketirancev Jazvem.si, zadovoljstvo s splo\u0161nim stanjem v dru\u017ebi in svoje osebno razpolo\u017eenje so sodelujo\u010di ocenjevali med 9. in 19. februarjem.Slovenija\" \/>\n<meta property=\"og:url\" content=\"https:\/\/hudo.com\/si\/aktualno\/slovenci-smo-vse-bolj-zadovoljni-s-stanjem-v-druzbi\/\" \/>\n<meta property=\"og:site_name\" content=\"Hudo Slovenija\" \/>\n<meta property=\"article:publisher\" content=\"https:\/\/www.facebook.com\/hudo.si\" \/>\n<meta property=\"article:published_time\" content=\"2017-02-27T14:30:00+00:00\" \/>\n<meta property=\"article:modified_time\" content=\"2017-02-28T06:33:08+00:00\" \/>\n<meta property=\"og:image\" content=\"https:\/\/hudo.com\/si\/wp-content\/uploads\/sites\/2\/2017\/02\/01253602F-300.jpg\" \/>\n\t<meta property=\"og:image:width\" content=\"450\" \/>\n\t<meta property=\"og:image:height\" content=\"220\" \/>\n\t<meta property=\"og:image:type\" content=\"image\/jpeg\" \/>\n<meta name=\"author\" content=\"hudo\" \/>\n<meta name=\"twitter:card\" content=\"summary_large_image\" \/>\n<meta name=\"twitter:creator\" content=\"@hudo_si\" \/>\n<meta name=\"twitter:site\" content=\"@hudo_si\" \/>\n<meta name=\"twitter:label1\" content=\"Written by\" \/>\n\t<meta name=\"twitter:data1\" content=\"hudo\" \/>\n\t<meta name=\"twitter:label2\" content=\"Est. reading time\" \/>\n\t<meta name=\"twitter:data2\" content=\"1 minuta\" \/>\n<script type=\"application\/ld+json\" class=\"yoast-schema-graph\">{\"@context\":\"https:\/\/schema.org\",\"@graph\":[{\"@type\":\"Article\",\"@id\":\"https:\/\/hudo.com\/si\/aktualno\/slovenci-smo-vse-bolj-zadovoljni-s-stanjem-v-druzbi\/#article\",\"isPartOf\":{\"@id\":\"https:\/\/hudo.com\/si\/aktualno\/slovenci-smo-vse-bolj-zadovoljni-s-stanjem-v-druzbi\/\"},\"author\":{\"name\":\"hudo\",\"@id\":\"https:\/\/hudo.com\/si\/#\/schema\/person\/601cf3379633985b20f7e50f2bb47707\"},\"headline\":\"Slovenci smo vse bolj zadovoljni s stanjem v dru\u017ebi\",\"datePublished\":\"2017-02-27T14:30:00+00:00\",\"dateModified\":\"2017-02-28T06:33:08+00:00\",\"mainEntityOfPage\":{\"@id\":\"https:\/\/hudo.com\/si\/aktualno\/slovenci-smo-vse-bolj-zadovoljni-s-stanjem-v-druzbi\/\"},\"wordCount\":239,\"publisher\":{\"@id\":\"https:\/\/hudo.com\/si\/#organization\"},\"articleSection\":[\"Aktualno\"],\"inLanguage\":\"sl-SI\"},{\"@type\":\"WebPage\",\"@id\":\"https:\/\/hudo.com\/si\/aktualno\/slovenci-smo-vse-bolj-zadovoljni-s-stanjem-v-druzbi\/\",\"url\":\"https:\/\/hudo.com\/si\/aktualno\/slovenci-smo-vse-bolj-zadovoljni-s-stanjem-v-druzbi\/\",\"name\":\"Slovenci smo vse bolj zadovoljni s stanjem v dru\u017ebi - Hudo Slovenija\",\"isPartOf\":{\"@id\":\"https:\/\/hudo.com\/si\/#website\"},\"datePublished\":\"2017-02-27T14:30:00+00:00\",\"dateModified\":\"2017-02-28T06:33:08+00:00\",\"breadcrumb\":{\"@id\":\"https:\/\/hudo.com\/si\/aktualno\/slovenci-smo-vse-bolj-zadovoljni-s-stanjem-v-druzbi\/#breadcrumb\"},\"inLanguage\":\"sl-SI\",\"potentialAction\":[{\"@type\":\"ReadAction\",\"target\":[\"https:\/\/hudo.com\/si\/aktualno\/slovenci-smo-vse-bolj-zadovoljni-s-stanjem-v-druzbi\/\"]}]},{\"@type\":\"BreadcrumbList\",\"@id\":\"https:\/\/hudo.com\/si\/aktualno\/slovenci-smo-vse-bolj-zadovoljni-s-stanjem-v-druzbi\/#breadcrumb\",\"itemListElement\":[{\"@type\":\"ListItem\",\"position\":1,\"name\":\"Home\",\"item\":\"https:\/\/hudo.com\/si\/\"},{\"@type\":\"ListItem\",\"position\":2,\"name\":\"Slovenci smo vse bolj zadovoljni s stanjem v dru\u017ebi\"}]},{\"@type\":\"WebSite\",\"@id\":\"https:\/\/hudo.com\/si\/#website\",\"url\":\"https:\/\/hudo.com\/si\/\",\"name\":\"Hudo Slovenija\",\"description\":\"Vse novice iz Slovenije in sveta\",\"publisher\":{\"@id\":\"https:\/\/hudo.com\/si\/#organization\"},\"potentialAction\":[{\"@type\":\"SearchAction\",\"target\":{\"@type\":\"EntryPoint\",\"urlTemplate\":\"https:\/\/hudo.com\/si\/?s={search_term_string}\"},\"query-input\":\"required name=search_term_string\"}],\"inLanguage\":\"sl-SI\"},{\"@type\":\"Organization\",\"@id\":\"https:\/\/hudo.com\/si\/#organization\",\"name\":\"VSN Media\",\"url\":\"https:\/\/hudo.com\/si\/\",\"logo\":{\"@type\":\"ImageObject\",\"inLanguage\":\"sl-SI\",\"@id\":\"https:\/\/hudo.com\/si\/#\/schema\/logo\/image\/\",\"url\":\"https:\/\/hudo.com\/si\/wp-content\/uploads\/sites\/2\/2021\/03\/hudo-app-2.png\",\"contentUrl\":\"https:\/\/hudo.com\/si\/wp-content\/uploads\/sites\/2\/2021\/03\/hudo-app-2.png\",\"width\":2185,\"height\":2167,\"caption\":\"VSN Media\"},\"image\":{\"@id\":\"https:\/\/hudo.com\/si\/#\/schema\/logo\/image\/\"},\"sameAs\":[\"https:\/\/www.facebook.com\/hudo.si\",\"https:\/\/twitter.com\/hudo_si\"]},{\"@type\":\"Person\",\"@id\":\"https:\/\/hudo.com\/si\/#\/schema\/person\/601cf3379633985b20f7e50f2bb47707\",\"name\":\"hudo\",\"image\":{\"@type\":\"ImageObject\",\"inLanguage\":\"sl-SI\",\"@id\":\"https:\/\/hudo.com\/si\/#\/schema\/person\/image\/\",\"url\":\"https:\/\/secure.gravatar.com\/avatar\/c4ca25fa72cace7a696b52ff5db9e095?s=96&d=mm&r=g\",\"contentUrl\":\"https:\/\/secure.gravatar.com\/avatar\/c4ca25fa72cace7a696b52ff5db9e095?s=96&d=mm&r=g\",\"caption\":\"hudo\"},\"url\":\"https:\/\/hudo.com\/si\/author\/hudo\/\"}]}<\/script>\n<!-- \/ Yoast SEO plugin. -->","yoast_head_json":{"title":"Slovenci smo vse bolj zadovoljni s stanjem v dru\u017ebi - Hudo Slovenija","robots":{"index":"index","follow":"follow","max-snippet":"max-snippet:-1","max-image-preview":"max-image-preview:large","max-video-preview":"max-video-preview:-1"},"canonical":"https:\/\/hudo.com\/si\/aktualno\/slovenci-smo-vse-bolj-zadovoljni-s-stanjem-v-druzbi\/","og_locale":"sl_SI","og_type":"article","og_title":"Slovenci smo vse bolj zadovoljni s stanjem v dru\u017ebi - Hudo Slovenija","og_description":"Rezultati raziskave Ogledalo Slovenije, s katero dru\u017eba Valicon ob\u010dasno meri splo\u0161no stanje v slovenski dru\u017ebi, so tokrat pokazali, da smo Slovenci s stanjem v dru\u017ebi vedno bolj zadovoljni. Nezadovoljnih je sicer \u0161e vedno ve\u010d kot zadovoljnih, a tudi osebno razpolo\u017eenje prebivalcev se izbolj\u0161uje, ka\u017ee februarska raziskava Valicona. V tokratni meritvi se nadaljuje trend pove\u010devanja zadovoljstva s stanjem v slovenski dru\u017ebi. To se je glede na lanskoletne meritve zvi\u0161alo za \u0161est odstotnih to\u010dk. A med zadovoljnimi je malo tistih, ki so z \u017eivljenjem v slovenski dru\u017ebi na splo\u0161no zelo zadovoljni, le dober odstotek. Razkorak med zadovoljnimi in nezadovoljnimi ostaja velik; na vsakega zadovoljnega \u010dloveka so trije in pol nezadovoljni. Nezadovoljnih je skupno 23 odstotkov sodelujo\u010dih, so sporo\u010dili iz dru\u017ebe Valicon. Glede osebnega razpolo\u017eenja je tistih, ki se ozna\u010dujejo za sre\u010dne ali zelo sre\u010dne, manj kot polovica (slabih 47 odstotkov). Dele\u017e tistih, ki menijo, da sploh niso sre\u010dni, se zni\u017euje zelo po\u010dasi, od lanskega decembra do leto\u0161njega februarja se je zni\u017eal za \u0161tiri odstotne to\u010dke. V raziskavi je sodelovalo 1016 dr\u017eavljanov, starih od 18 do 65 let. Izvedena je bila v okviru spletnega panela anketirancev Jazvem.si, zadovoljstvo s splo\u0161nim stanjem v dru\u017ebi in svoje osebno razpolo\u017eenje so sodelujo\u010di ocenjevali med 9. in 19. februarjem.Slovenija","og_url":"https:\/\/hudo.com\/si\/aktualno\/slovenci-smo-vse-bolj-zadovoljni-s-stanjem-v-druzbi\/","og_site_name":"Hudo Slovenija","article_publisher":"https:\/\/www.facebook.com\/hudo.si","article_published_time":"2017-02-27T14:30:00+00:00","article_modified_time":"2017-02-28T06:33:08+00:00","og_image":[{"width":450,"height":220,"url":"https:\/\/hudo.com\/si\/wp-content\/uploads\/sites\/2\/2017\/02\/01253602F-300.jpg","type":"image\/jpeg"}],"author":"hudo","twitter_card":"summary_large_image","twitter_creator":"@hudo_si","twitter_site":"@hudo_si","twitter_misc":{"Written by":"hudo","Est. reading time":"1 minuta"},"schema":{"@context":"https:\/\/schema.org","@graph":[{"@type":"Article","@id":"https:\/\/hudo.com\/si\/aktualno\/slovenci-smo-vse-bolj-zadovoljni-s-stanjem-v-druzbi\/#article","isPartOf":{"@id":"https:\/\/hudo.com\/si\/aktualno\/slovenci-smo-vse-bolj-zadovoljni-s-stanjem-v-druzbi\/"},"author":{"name":"hudo","@id":"https:\/\/hudo.com\/si\/#\/schema\/person\/601cf3379633985b20f7e50f2bb47707"},"headline":"Slovenci smo vse bolj zadovoljni s stanjem v dru\u017ebi","datePublished":"2017-02-27T14:30:00+00:00","dateModified":"2017-02-28T06:33:08+00:00","mainEntityOfPage":{"@id":"https:\/\/hudo.com\/si\/aktualno\/slovenci-smo-vse-bolj-zadovoljni-s-stanjem-v-druzbi\/"},"wordCount":239,"publisher":{"@id":"https:\/\/hudo.com\/si\/#organization"},"articleSection":["Aktualno"],"inLanguage":"sl-SI"},{"@type":"WebPage","@id":"https:\/\/hudo.com\/si\/aktualno\/slovenci-smo-vse-bolj-zadovoljni-s-stanjem-v-druzbi\/","url":"https:\/\/hudo.com\/si\/aktualno\/slovenci-smo-vse-bolj-zadovoljni-s-stanjem-v-druzbi\/","name":"Slovenci smo vse bolj zadovoljni s stanjem v dru\u017ebi - Hudo Slovenija","isPartOf":{"@id":"https:\/\/hudo.com\/si\/#website"},"datePublished":"2017-02-27T14:30:00+00:00","dateModified":"2017-02-28T06:33:08+00:00","breadcrumb":{"@id":"https:\/\/hudo.com\/si\/aktualno\/slovenci-smo-vse-bolj-zadovoljni-s-stanjem-v-druzbi\/#breadcrumb"},"inLanguage":"sl-SI","potentialAction":[{"@type":"ReadAction","target":["https:\/\/hudo.com\/si\/aktualno\/slovenci-smo-vse-bolj-zadovoljni-s-stanjem-v-druzbi\/"]}]},{"@type":"BreadcrumbList","@id":"https:\/\/hudo.com\/si\/aktualno\/slovenci-smo-vse-bolj-zadovoljni-s-stanjem-v-druzbi\/#breadcrumb","itemListElement":[{"@type":"ListItem","position":1,"name":"Home","item":"https:\/\/hudo.com\/si\/"},{"@type":"ListItem","position":2,"name":"Slovenci smo vse bolj zadovoljni s stanjem v dru\u017ebi"}]},{"@type":"WebSite","@id":"https:\/\/hudo.com\/si\/#website","url":"https:\/\/hudo.com\/si\/","name":"Hudo Slovenija","description":"Vse novice iz Slovenije in sveta","publisher":{"@id":"https:\/\/hudo.com\/si\/#organization"},"potentialAction":[{"@type":"SearchAction","target":{"@type":"EntryPoint","urlTemplate":"https:\/\/hudo.com\/si\/?s={search_term_string}"},"query-input":"required name=search_term_string"}],"inLanguage":"sl-SI"},{"@type":"Organization","@id":"https:\/\/hudo.com\/si\/#organization","name":"VSN Media","url":"https:\/\/hudo.com\/si\/","logo":{"@type":"ImageObject","inLanguage":"sl-SI","@id":"https:\/\/hudo.com\/si\/#\/schema\/logo\/image\/","url":"https:\/\/hudo.com\/si\/wp-content\/uploads\/sites\/2\/2021\/03\/hudo-app-2.png","contentUrl":"https:\/\/hudo.com\/si\/wp-content\/uploads\/sites\/2\/2021\/03\/hudo-app-2.png","width":2185,"height":2167,"caption":"VSN Media"},"image":{"@id":"https:\/\/hudo.com\/si\/#\/schema\/logo\/image\/"},"sameAs":["https:\/\/www.facebook.com\/hudo.si","https:\/\/twitter.com\/hudo_si"]},{"@type":"Person","@id":"https:\/\/hudo.com\/si\/#\/schema\/person\/601cf3379633985b20f7e50f2bb47707","name":"hudo","image":{"@type":"ImageObject","inLanguage":"sl-SI","@id":"https:\/\/hudo.com\/si\/#\/schema\/person\/image\/","url":"https:\/\/secure.gravatar.com\/avatar\/c4ca25fa72cace7a696b52ff5db9e095?s=96&d=mm&r=g","contentUrl":"https:\/\/secure.gravatar.com\/avatar\/c4ca25fa72cace7a696b52ff5db9e095?s=96&d=mm&r=g","caption":"hudo"},"url":"https:\/\/hudo.com\/si\/author\/hudo\/"}]}},"amp_enabled":true,"_links":{"self":[{"href":"https:\/\/hudo.com\/si\/wp-json\/wp\/v2\/posts\/217385"}],"collection":[{"href":"https:\/\/hudo.com\/si\/wp-json\/wp\/v2\/posts"}],"about":[{"href":"https:\/\/hudo.com\/si\/wp-json\/wp\/v2\/types\/post"}],"author":[{"embeddable":true,"href":"https:\/\/hudo.com\/si\/wp-json\/wp\/v2\/users\/1"}],"replies":[{"embeddable":true,"href":"https:\/\/hudo.com\/si\/wp-json\/wp\/v2\/comments?post=217385"}],"version-history":[{"count":1,"href":"https:\/\/hudo.com\/si\/wp-json\/wp\/v2\/posts\/217385\/revisions"}],"predecessor-version":[{"id":217435,"href":"https:\/\/hudo.com\/si\/wp-json\/wp\/v2\/posts\/217385\/revisions\/217435"}],"wp:attachment":[{"href":"https:\/\/hudo.com\/si\/wp-json\/wp\/v2\/media?parent=217385"}],"wp:term":[{"taxonomy":"category","embeddable":true,"href":"https:\/\/hudo.com\/si\/wp-json\/wp\/v2\/categories?post=217385"},{"taxonomy":"post_tag","embeddable":true,"href":"https:\/\/hudo.com\/si\/wp-json\/wp\/v2\/tags?post=217385"},{"taxonomy":"source","embeddable":true,"href":"https:\/\/hudo.com\/si\/wp-json\/wp\/v2\/source?post=217385"},{"taxonomy":"supertag","embeddable":true,"href":"https:\/\/hudo.com\/si\/wp-json\/wp\/v2\/supertag?post=217385"}],"curies":[{"name":"wp","href":"https:\/\/api.w.org\/{rel}","templated":true}]}}