{"id":217391,"date":"2017-02-27T15:00:00","date_gmt":"2017-02-27T14:00:00","guid":{"rendered":"http:\/\/hudo.com\/si\/2017\/02\/27\/madzarska-zacela-gradnjo-druge-ograje-ob-meji-s-srbijo\/"},"modified":"2017-02-28T00:41:11","modified_gmt":"2017-02-27T23:41:11","slug":"madzarska-zacela-gradnjo-druge-ograje-ob-meji-s-srbijo","status":"publish","type":"post","link":"https:\/\/hudo.com\/si\/aktualno\/madzarska-zacela-gradnjo-druge-ograje-ob-meji-s-srbijo\/","title":{"rendered":"Mad\u017earska za\u010dela gradnjo druge ograje ob meji s Srbijo"},"content":{"rendered":"<p>\u200bMad\u017earska vlada je ob meji s Srbijo vzdol\u017e \u017ee zgrajene ograje za\u010dela graditi \u0161e eno za\u0161\u010ditno ograjo, je danes dejal svetovalec mad\u017earskega premierja Viktorja Orbana za varnostna vpra\u0161anja Gy\u00f6rgy Bakondi. Mad\u017earska je ob 175 kilometrov dolgi meji s Srbijo \u017ee jeseni 2015 postavila ograjo in uvedla stroge kazni za nezakonito pre\u010dkanje meje. Zdaj bodo postavili \u0161e eno ograjo, ki bo opremljena z nadzornimi in termovizijskimi kamerami. Namestili bodo tudi senzorje gibanja. Gradnjo naj bi kon\u010dali v za\u010detku maja, poro\u010danje mad\u017earskih medijev povzema avstrijska tiskovna agencija APA. Kot je Bakondi dejal v pogovoru za mad\u017earski \u010dasnik Magyar Hirlap, bo vlada v Budimpe\u0161ti za gradnjo nove ograje in centrov za migrante ob meji namenila 123,14 milijona evrov. V skladu z novimi spremembami zakona pa bodo na meji za prosilce za azil vzpostavili centre, kjer bodo \u010dakali na odgovor po kon\u010dani obravnavi pro\u0161nje za azil. Vodja premierjevega kabineta Jano\u0161 Lazar je pretekli teden povedal, da vlada ob meji na\u010drtuje postavitev dodatnih namestitvenih zmogljivosti za 400 migrantov. Ko bodo postavljene, bodo tam namestili prosilce za azil, ki jih je sedaj okoli 600 in so trenutno name\u0161\u010deni v odprtih ali zaprtih tabori\u0161\u010dih po dr\u017eavi. Tiskovna agencija Reuters medtem na spletni strani poro\u010da, da sta nevladni organizaciji za \u010dlovekove pravice Helsin\u0161ki odbor in Human Rights Watch pretekli teden naslovili protestno pismo na evropskega komisarja za migracije Dimitrisa Avramopulosa. Kritizirali sta predvsem namestitev migrantov v centre ob meji, dokler ne bodo re\u0161ene njihove pro\u0161nje za azil. Po zaprtju meje s Srbijo se je \u0161tevilo prihodov migrantov in beguncev na Mad\u017earsko krepko zmanj\u0161alo, \u0161e vedno pa jih pride pribli\u017eno 300 na teden. V Srbiji je medtem po lanskem zaprtju balkanske begunske poti obstalo ve\u010d tiso\u010d migrantov.Svet<\/p>\n","protected":false},"excerpt":{"rendered":"<p>\u200bMad\u017earska vlada je ob meji s Srbijo vzdol\u017e \u017ee zgrajene ograje za\u010dela graditi \u0161e eno za\u0161\u010ditno ograjo, je danes dejal svetovalec mad\u017earskega premierja Viktorja Orbana za varnostna vpra\u0161anja Gy\u00f6rgy Bakondi. Mad\u017earska je ob 175 kilometrov dolgi meji s Srbijo \u017ee jeseni 2015 postavila ograjo in uvedla stroge kazni za nezakonito pre\u010dkanje meje. Zdaj bodo postavili \u0161e eno ograjo, ki bo opremljena z nadzornimi in termovizijskimi kamerami. Namestili bodo tudi senzorje gibanja. Gradnjo naj bi kon\u010dali v za\u010detku maja, poro\u010danje mad\u017earskih medijev povzema avstrijska tiskovna agencija APA. Kot je Bakondi dejal v pogovoru za mad\u017earski \u010dasnik Magyar Hirlap, bo vlada v Budimpe\u0161ti za gradnjo nove ograje in centrov za migrante ob meji namenila 123,14 milijona evrov. V skladu z novimi spremembami zakona pa bodo na meji za prosilce za azil vzpostavili centre, kjer bodo \u010dakali na odgovor po kon\u010dani obravnavi pro\u0161nje za azil. Vodja premierjevega kabineta Jano\u0161 Lazar je pretekli teden povedal, da vlada ob meji na\u010drtuje postavitev dodatnih namestitvenih zmogljivosti za 400 migrantov. Ko bodo postavljene, bodo tam namestili prosilce za azil, ki jih je sedaj okoli 600 in so trenutno name\u0161\u010deni v odprtih ali zaprtih tabori\u0161\u010dih po dr\u017eavi. Tiskovna agencija Reuters medtem na spletni strani poro\u010da, da sta nevladni organizaciji za \u010dlovekove pravice Helsin\u0161ki odbor in Human Rights Watch pretekli teden naslovili protestno pismo na evropskega komisarja za migracije Dimitrisa Avramopulosa. Kritizirali sta predvsem namestitev migrantov v centre ob meji, dokler ne bodo re\u0161ene njihove pro\u0161nje za azil. Po zaprtju meje s Srbijo se je \u0161tevilo prihodov migrantov in beguncev na Mad\u017earsko krepko zmanj\u0161alo, \u0161e vedno pa jih pride pribli\u017eno 300 na teden. V Srbiji je medtem po lanskem zaprtju balkanske begunske poti obstalo ve\u010d tiso\u010d migrantov.Svet<\/p>\n","protected":false},"author":1,"featured_media":0,"comment_status":"closed","ping_status":"closed","sticky":false,"template":"","format":"standard","meta":{"footnotes":""},"categories":[1179],"tags":[],"source":[1711],"supertag":[],"acf":[],"yoast_head":"<!-- This site is optimized with the Yoast SEO plugin v21.3 - https:\/\/yoast.com\/wordpress\/plugins\/seo\/ -->\n<title>Mad\u017earska za\u010dela gradnjo druge ograje ob meji s Srbijo - Hudo Slovenija<\/title>\n<meta name=\"robots\" content=\"index, follow, max-snippet:-1, max-image-preview:large, max-video-preview:-1\" \/>\n<link rel=\"canonical\" href=\"https:\/\/hudo.com\/si\/aktualno\/madzarska-zacela-gradnjo-druge-ograje-ob-meji-s-srbijo\/\" \/>\n<meta property=\"og:locale\" content=\"sl_SI\" \/>\n<meta property=\"og:type\" content=\"article\" \/>\n<meta property=\"og:title\" content=\"Mad\u017earska za\u010dela gradnjo druge ograje ob meji s Srbijo - Hudo Slovenija\" \/>\n<meta property=\"og:description\" content=\"\u200bMad\u017earska vlada je ob meji s Srbijo vzdol\u017e \u017ee zgrajene ograje za\u010dela graditi \u0161e eno za\u0161\u010ditno ograjo, je danes dejal svetovalec mad\u017earskega premierja Viktorja Orbana za varnostna vpra\u0161anja Gy\u00f6rgy Bakondi. Mad\u017earska je ob 175 kilometrov dolgi meji s Srbijo \u017ee jeseni 2015 postavila ograjo in uvedla stroge kazni za nezakonito pre\u010dkanje meje. Zdaj bodo postavili \u0161e eno ograjo, ki bo opremljena z nadzornimi in termovizijskimi kamerami. Namestili bodo tudi senzorje gibanja. Gradnjo naj bi kon\u010dali v za\u010detku maja, poro\u010danje mad\u017earskih medijev povzema avstrijska tiskovna agencija APA. Kot je Bakondi dejal v pogovoru za mad\u017earski \u010dasnik Magyar Hirlap, bo vlada v Budimpe\u0161ti za gradnjo nove ograje in centrov za migrante ob meji namenila 123,14 milijona evrov. V skladu z novimi spremembami zakona pa bodo na meji za prosilce za azil vzpostavili centre, kjer bodo \u010dakali na odgovor po kon\u010dani obravnavi pro\u0161nje za azil. Vodja premierjevega kabineta Jano\u0161 Lazar je pretekli teden povedal, da vlada ob meji na\u010drtuje postavitev dodatnih namestitvenih zmogljivosti za 400 migrantov. Ko bodo postavljene, bodo tam namestili prosilce za azil, ki jih je sedaj okoli 600 in so trenutno name\u0161\u010deni v odprtih ali zaprtih tabori\u0161\u010dih po dr\u017eavi. Tiskovna agencija Reuters medtem na spletni strani poro\u010da, da sta nevladni organizaciji za \u010dlovekove pravice Helsin\u0161ki odbor in Human Rights Watch pretekli teden naslovili protestno pismo na evropskega komisarja za migracije Dimitrisa Avramopulosa. Kritizirali sta predvsem namestitev migrantov v centre ob meji, dokler ne bodo re\u0161ene njihove pro\u0161nje za azil. Po zaprtju meje s Srbijo se je \u0161tevilo prihodov migrantov in beguncev na Mad\u017earsko krepko zmanj\u0161alo, \u0161e vedno pa jih pride pribli\u017eno 300 na teden. V Srbiji je medtem po lanskem zaprtju balkanske begunske poti obstalo ve\u010d tiso\u010d migrantov.Svet\" \/>\n<meta property=\"og:url\" content=\"https:\/\/hudo.com\/si\/aktualno\/madzarska-zacela-gradnjo-druge-ograje-ob-meji-s-srbijo\/\" \/>\n<meta property=\"og:site_name\" content=\"Hudo Slovenija\" \/>\n<meta property=\"article:publisher\" content=\"https:\/\/www.facebook.com\/hudo.si\" \/>\n<meta property=\"article:published_time\" content=\"2017-02-27T14:00:00+00:00\" \/>\n<meta property=\"article:modified_time\" content=\"2017-02-27T23:41:11+00:00\" \/>\n<meta property=\"og:image\" content=\"https:\/\/hudo.com\/si\/wp-content\/uploads\/sites\/2\/2017\/02\/055836221-300.jpg\" \/>\n\t<meta property=\"og:image:width\" content=\"450\" \/>\n\t<meta property=\"og:image:height\" content=\"288\" \/>\n\t<meta property=\"og:image:type\" content=\"image\/jpeg\" \/>\n<meta name=\"author\" content=\"hudo\" \/>\n<meta name=\"twitter:card\" content=\"summary_large_image\" \/>\n<meta name=\"twitter:creator\" content=\"@hudo_si\" \/>\n<meta name=\"twitter:site\" content=\"@hudo_si\" \/>\n<meta name=\"twitter:label1\" content=\"Written by\" \/>\n\t<meta name=\"twitter:data1\" content=\"hudo\" \/>\n\t<meta name=\"twitter:label2\" content=\"Est. reading time\" \/>\n\t<meta name=\"twitter:data2\" content=\"2 minuti\" \/>\n<script type=\"application\/ld+json\" class=\"yoast-schema-graph\">{\"@context\":\"https:\/\/schema.org\",\"@graph\":[{\"@type\":\"Article\",\"@id\":\"https:\/\/hudo.com\/si\/aktualno\/madzarska-zacela-gradnjo-druge-ograje-ob-meji-s-srbijo\/#article\",\"isPartOf\":{\"@id\":\"https:\/\/hudo.com\/si\/aktualno\/madzarska-zacela-gradnjo-druge-ograje-ob-meji-s-srbijo\/\"},\"author\":{\"name\":\"hudo\",\"@id\":\"https:\/\/hudo.com\/si\/#\/schema\/person\/601cf3379633985b20f7e50f2bb47707\"},\"headline\":\"Mad\u017earska za\u010dela gradnjo druge ograje ob meji s Srbijo\",\"datePublished\":\"2017-02-27T14:00:00+00:00\",\"dateModified\":\"2017-02-27T23:41:11+00:00\",\"mainEntityOfPage\":{\"@id\":\"https:\/\/hudo.com\/si\/aktualno\/madzarska-zacela-gradnjo-druge-ograje-ob-meji-s-srbijo\/\"},\"wordCount\":311,\"publisher\":{\"@id\":\"https:\/\/hudo.com\/si\/#organization\"},\"articleSection\":[\"Aktualno\"],\"inLanguage\":\"sl-SI\"},{\"@type\":\"WebPage\",\"@id\":\"https:\/\/hudo.com\/si\/aktualno\/madzarska-zacela-gradnjo-druge-ograje-ob-meji-s-srbijo\/\",\"url\":\"https:\/\/hudo.com\/si\/aktualno\/madzarska-zacela-gradnjo-druge-ograje-ob-meji-s-srbijo\/\",\"name\":\"Mad\u017earska za\u010dela gradnjo druge ograje ob meji s Srbijo - Hudo Slovenija\",\"isPartOf\":{\"@id\":\"https:\/\/hudo.com\/si\/#website\"},\"datePublished\":\"2017-02-27T14:00:00+00:00\",\"dateModified\":\"2017-02-27T23:41:11+00:00\",\"breadcrumb\":{\"@id\":\"https:\/\/hudo.com\/si\/aktualno\/madzarska-zacela-gradnjo-druge-ograje-ob-meji-s-srbijo\/#breadcrumb\"},\"inLanguage\":\"sl-SI\",\"potentialAction\":[{\"@type\":\"ReadAction\",\"target\":[\"https:\/\/hudo.com\/si\/aktualno\/madzarska-zacela-gradnjo-druge-ograje-ob-meji-s-srbijo\/\"]}]},{\"@type\":\"BreadcrumbList\",\"@id\":\"https:\/\/hudo.com\/si\/aktualno\/madzarska-zacela-gradnjo-druge-ograje-ob-meji-s-srbijo\/#breadcrumb\",\"itemListElement\":[{\"@type\":\"ListItem\",\"position\":1,\"name\":\"Home\",\"item\":\"https:\/\/hudo.com\/si\/\"},{\"@type\":\"ListItem\",\"position\":2,\"name\":\"Mad\u017earska za\u010dela gradnjo druge ograje ob meji s Srbijo\"}]},{\"@type\":\"WebSite\",\"@id\":\"https:\/\/hudo.com\/si\/#website\",\"url\":\"https:\/\/hudo.com\/si\/\",\"name\":\"Hudo Slovenija\",\"description\":\"Vse novice iz Slovenije in sveta\",\"publisher\":{\"@id\":\"https:\/\/hudo.com\/si\/#organization\"},\"potentialAction\":[{\"@type\":\"SearchAction\",\"target\":{\"@type\":\"EntryPoint\",\"urlTemplate\":\"https:\/\/hudo.com\/si\/?s={search_term_string}\"},\"query-input\":\"required name=search_term_string\"}],\"inLanguage\":\"sl-SI\"},{\"@type\":\"Organization\",\"@id\":\"https:\/\/hudo.com\/si\/#organization\",\"name\":\"VSN Media\",\"url\":\"https:\/\/hudo.com\/si\/\",\"logo\":{\"@type\":\"ImageObject\",\"inLanguage\":\"sl-SI\",\"@id\":\"https:\/\/hudo.com\/si\/#\/schema\/logo\/image\/\",\"url\":\"https:\/\/hudo.com\/si\/wp-content\/uploads\/sites\/2\/2021\/03\/hudo-app-2.png\",\"contentUrl\":\"https:\/\/hudo.com\/si\/wp-content\/uploads\/sites\/2\/2021\/03\/hudo-app-2.png\",\"width\":2185,\"height\":2167,\"caption\":\"VSN Media\"},\"image\":{\"@id\":\"https:\/\/hudo.com\/si\/#\/schema\/logo\/image\/\"},\"sameAs\":[\"https:\/\/www.facebook.com\/hudo.si\",\"https:\/\/twitter.com\/hudo_si\"]},{\"@type\":\"Person\",\"@id\":\"https:\/\/hudo.com\/si\/#\/schema\/person\/601cf3379633985b20f7e50f2bb47707\",\"name\":\"hudo\",\"image\":{\"@type\":\"ImageObject\",\"inLanguage\":\"sl-SI\",\"@id\":\"https:\/\/hudo.com\/si\/#\/schema\/person\/image\/\",\"url\":\"https:\/\/secure.gravatar.com\/avatar\/c4ca25fa72cace7a696b52ff5db9e095?s=96&d=mm&r=g\",\"contentUrl\":\"https:\/\/secure.gravatar.com\/avatar\/c4ca25fa72cace7a696b52ff5db9e095?s=96&d=mm&r=g\",\"caption\":\"hudo\"},\"url\":\"https:\/\/hudo.com\/si\/author\/hudo\/\"}]}<\/script>\n<!-- \/ Yoast SEO plugin. -->","yoast_head_json":{"title":"Mad\u017earska za\u010dela gradnjo druge ograje ob meji s Srbijo - Hudo Slovenija","robots":{"index":"index","follow":"follow","max-snippet":"max-snippet:-1","max-image-preview":"max-image-preview:large","max-video-preview":"max-video-preview:-1"},"canonical":"https:\/\/hudo.com\/si\/aktualno\/madzarska-zacela-gradnjo-druge-ograje-ob-meji-s-srbijo\/","og_locale":"sl_SI","og_type":"article","og_title":"Mad\u017earska za\u010dela gradnjo druge ograje ob meji s Srbijo - Hudo Slovenija","og_description":"\u200bMad\u017earska vlada je ob meji s Srbijo vzdol\u017e \u017ee zgrajene ograje za\u010dela graditi \u0161e eno za\u0161\u010ditno ograjo, je danes dejal svetovalec mad\u017earskega premierja Viktorja Orbana za varnostna vpra\u0161anja Gy\u00f6rgy Bakondi. Mad\u017earska je ob 175 kilometrov dolgi meji s Srbijo \u017ee jeseni 2015 postavila ograjo in uvedla stroge kazni za nezakonito pre\u010dkanje meje. Zdaj bodo postavili \u0161e eno ograjo, ki bo opremljena z nadzornimi in termovizijskimi kamerami. Namestili bodo tudi senzorje gibanja. Gradnjo naj bi kon\u010dali v za\u010detku maja, poro\u010danje mad\u017earskih medijev povzema avstrijska tiskovna agencija APA. Kot je Bakondi dejal v pogovoru za mad\u017earski \u010dasnik Magyar Hirlap, bo vlada v Budimpe\u0161ti za gradnjo nove ograje in centrov za migrante ob meji namenila 123,14 milijona evrov. V skladu z novimi spremembami zakona pa bodo na meji za prosilce za azil vzpostavili centre, kjer bodo \u010dakali na odgovor po kon\u010dani obravnavi pro\u0161nje za azil. Vodja premierjevega kabineta Jano\u0161 Lazar je pretekli teden povedal, da vlada ob meji na\u010drtuje postavitev dodatnih namestitvenih zmogljivosti za 400 migrantov. Ko bodo postavljene, bodo tam namestili prosilce za azil, ki jih je sedaj okoli 600 in so trenutno name\u0161\u010deni v odprtih ali zaprtih tabori\u0161\u010dih po dr\u017eavi. Tiskovna agencija Reuters medtem na spletni strani poro\u010da, da sta nevladni organizaciji za \u010dlovekove pravice Helsin\u0161ki odbor in Human Rights Watch pretekli teden naslovili protestno pismo na evropskega komisarja za migracije Dimitrisa Avramopulosa. Kritizirali sta predvsem namestitev migrantov v centre ob meji, dokler ne bodo re\u0161ene njihove pro\u0161nje za azil. Po zaprtju meje s Srbijo se je \u0161tevilo prihodov migrantov in beguncev na Mad\u017earsko krepko zmanj\u0161alo, \u0161e vedno pa jih pride pribli\u017eno 300 na teden. V Srbiji je medtem po lanskem zaprtju balkanske begunske poti obstalo ve\u010d tiso\u010d migrantov.Svet","og_url":"https:\/\/hudo.com\/si\/aktualno\/madzarska-zacela-gradnjo-druge-ograje-ob-meji-s-srbijo\/","og_site_name":"Hudo Slovenija","article_publisher":"https:\/\/www.facebook.com\/hudo.si","article_published_time":"2017-02-27T14:00:00+00:00","article_modified_time":"2017-02-27T23:41:11+00:00","og_image":[{"width":450,"height":288,"url":"https:\/\/hudo.com\/si\/wp-content\/uploads\/sites\/2\/2017\/02\/055836221-300.jpg","type":"image\/jpeg"}],"author":"hudo","twitter_card":"summary_large_image","twitter_creator":"@hudo_si","twitter_site":"@hudo_si","twitter_misc":{"Written by":"hudo","Est. reading time":"2 minuti"},"schema":{"@context":"https:\/\/schema.org","@graph":[{"@type":"Article","@id":"https:\/\/hudo.com\/si\/aktualno\/madzarska-zacela-gradnjo-druge-ograje-ob-meji-s-srbijo\/#article","isPartOf":{"@id":"https:\/\/hudo.com\/si\/aktualno\/madzarska-zacela-gradnjo-druge-ograje-ob-meji-s-srbijo\/"},"author":{"name":"hudo","@id":"https:\/\/hudo.com\/si\/#\/schema\/person\/601cf3379633985b20f7e50f2bb47707"},"headline":"Mad\u017earska za\u010dela gradnjo druge ograje ob meji s Srbijo","datePublished":"2017-02-27T14:00:00+00:00","dateModified":"2017-02-27T23:41:11+00:00","mainEntityOfPage":{"@id":"https:\/\/hudo.com\/si\/aktualno\/madzarska-zacela-gradnjo-druge-ograje-ob-meji-s-srbijo\/"},"wordCount":311,"publisher":{"@id":"https:\/\/hudo.com\/si\/#organization"},"articleSection":["Aktualno"],"inLanguage":"sl-SI"},{"@type":"WebPage","@id":"https:\/\/hudo.com\/si\/aktualno\/madzarska-zacela-gradnjo-druge-ograje-ob-meji-s-srbijo\/","url":"https:\/\/hudo.com\/si\/aktualno\/madzarska-zacela-gradnjo-druge-ograje-ob-meji-s-srbijo\/","name":"Mad\u017earska za\u010dela gradnjo druge ograje ob meji s Srbijo - Hudo Slovenija","isPartOf":{"@id":"https:\/\/hudo.com\/si\/#website"},"datePublished":"2017-02-27T14:00:00+00:00","dateModified":"2017-02-27T23:41:11+00:00","breadcrumb":{"@id":"https:\/\/hudo.com\/si\/aktualno\/madzarska-zacela-gradnjo-druge-ograje-ob-meji-s-srbijo\/#breadcrumb"},"inLanguage":"sl-SI","potentialAction":[{"@type":"ReadAction","target":["https:\/\/hudo.com\/si\/aktualno\/madzarska-zacela-gradnjo-druge-ograje-ob-meji-s-srbijo\/"]}]},{"@type":"BreadcrumbList","@id":"https:\/\/hudo.com\/si\/aktualno\/madzarska-zacela-gradnjo-druge-ograje-ob-meji-s-srbijo\/#breadcrumb","itemListElement":[{"@type":"ListItem","position":1,"name":"Home","item":"https:\/\/hudo.com\/si\/"},{"@type":"ListItem","position":2,"name":"Mad\u017earska za\u010dela gradnjo druge ograje ob meji s Srbijo"}]},{"@type":"WebSite","@id":"https:\/\/hudo.com\/si\/#website","url":"https:\/\/hudo.com\/si\/","name":"Hudo Slovenija","description":"Vse novice iz Slovenije in sveta","publisher":{"@id":"https:\/\/hudo.com\/si\/#organization"},"potentialAction":[{"@type":"SearchAction","target":{"@type":"EntryPoint","urlTemplate":"https:\/\/hudo.com\/si\/?s={search_term_string}"},"query-input":"required name=search_term_string"}],"inLanguage":"sl-SI"},{"@type":"Organization","@id":"https:\/\/hudo.com\/si\/#organization","name":"VSN Media","url":"https:\/\/hudo.com\/si\/","logo":{"@type":"ImageObject","inLanguage":"sl-SI","@id":"https:\/\/hudo.com\/si\/#\/schema\/logo\/image\/","url":"https:\/\/hudo.com\/si\/wp-content\/uploads\/sites\/2\/2021\/03\/hudo-app-2.png","contentUrl":"https:\/\/hudo.com\/si\/wp-content\/uploads\/sites\/2\/2021\/03\/hudo-app-2.png","width":2185,"height":2167,"caption":"VSN Media"},"image":{"@id":"https:\/\/hudo.com\/si\/#\/schema\/logo\/image\/"},"sameAs":["https:\/\/www.facebook.com\/hudo.si","https:\/\/twitter.com\/hudo_si"]},{"@type":"Person","@id":"https:\/\/hudo.com\/si\/#\/schema\/person\/601cf3379633985b20f7e50f2bb47707","name":"hudo","image":{"@type":"ImageObject","inLanguage":"sl-SI","@id":"https:\/\/hudo.com\/si\/#\/schema\/person\/image\/","url":"https:\/\/secure.gravatar.com\/avatar\/c4ca25fa72cace7a696b52ff5db9e095?s=96&d=mm&r=g","contentUrl":"https:\/\/secure.gravatar.com\/avatar\/c4ca25fa72cace7a696b52ff5db9e095?s=96&d=mm&r=g","caption":"hudo"},"url":"https:\/\/hudo.com\/si\/author\/hudo\/"}]}},"amp_enabled":true,"_links":{"self":[{"href":"https:\/\/hudo.com\/si\/wp-json\/wp\/v2\/posts\/217391"}],"collection":[{"href":"https:\/\/hudo.com\/si\/wp-json\/wp\/v2\/posts"}],"about":[{"href":"https:\/\/hudo.com\/si\/wp-json\/wp\/v2\/types\/post"}],"author":[{"embeddable":true,"href":"https:\/\/hudo.com\/si\/wp-json\/wp\/v2\/users\/1"}],"replies":[{"embeddable":true,"href":"https:\/\/hudo.com\/si\/wp-json\/wp\/v2\/comments?post=217391"}],"version-history":[{"count":1,"href":"https:\/\/hudo.com\/si\/wp-json\/wp\/v2\/posts\/217391\/revisions"}],"predecessor-version":[{"id":217438,"href":"https:\/\/hudo.com\/si\/wp-json\/wp\/v2\/posts\/217391\/revisions\/217438"}],"wp:attachment":[{"href":"https:\/\/hudo.com\/si\/wp-json\/wp\/v2\/media?parent=217391"}],"wp:term":[{"taxonomy":"category","embeddable":true,"href":"https:\/\/hudo.com\/si\/wp-json\/wp\/v2\/categories?post=217391"},{"taxonomy":"post_tag","embeddable":true,"href":"https:\/\/hudo.com\/si\/wp-json\/wp\/v2\/tags?post=217391"},{"taxonomy":"source","embeddable":true,"href":"https:\/\/hudo.com\/si\/wp-json\/wp\/v2\/source?post=217391"},{"taxonomy":"supertag","embeddable":true,"href":"https:\/\/hudo.com\/si\/wp-json\/wp\/v2\/supertag?post=217391"}],"curies":[{"name":"wp","href":"https:\/\/api.w.org\/{rel}","templated":true}]}}