{"id":218109,"date":"2017-02-28T23:00:00","date_gmt":"2017-02-28T22:00:00","guid":{"rendered":"http:\/\/hudo.com\/si\/2017\/02\/28\/sinica-bo-merila-zrak-le-obcasno\/"},"modified":"2017-03-01T04:11:06","modified_gmt":"2017-03-01T03:11:06","slug":"sinica-bo-merila-zrak-le-obcasno","status":"publish","type":"post","link":"https:\/\/hudo.com\/si\/aktualno\/sinica-bo-merila-zrak-le-obcasno\/","title":{"rendered":"Sinica bo merila zrak le ob\u010dasno"},"content":{"rendered":"<p>Kak\u0161en zrak dihamo in ali je ozra\u010dje onesna\u017eeno, zlasti na industrijskih obmo\u010djih, ki so na\u010deloma podvr\u017eena ve\u010djim okoljskim obremenitvam, sta vpra\u0161anji, na kateri je praviloma mogo\u010de dobiti odgovore le za ve\u010dja mesta na podlagi meritev kakovosti zraka. Na Koro\u0161kem za zdaj ni merilnega mesta, na katerem bi ugotavljali ravni delcev PM10 v ozra\u010dju, ki so v Sloveniji v zadnjem obdobju izpostavljeni kot najbolj problemati\u010dni. V okviru okoljske sanacije zgornje Me\u017ei\u0161ke doline pa Agencija RS za okolje (Arso) v industrijskem \u017derjavu tudi zaradi aktualne predelave svinca in ne le zaradi posledic pretekle degradacije okolja \u017ee skoraj desetletje spremlja koncentracije te\u017ekih kovin v delcih PM10 (svinec, kadmij, cink in arzen). Kakovost zraka se je z leti v \u017derjavu bistveno izbolj\u0161ala. Kljub temu so \u0161e vedno ugotovljene v povpre\u010dju vi\u0161je ravni svinca in kadmija kot na drugih merilnih mestih v Sloveniji. Na merilnem mestu \u017derjav je tako raven svinca v letu 2015 zna\u0161ala pribli\u017eno dve tretjini mejne vrednosti, raven kadmija pa se je pribli\u017eala ciljni vrednosti. Na drugih merilnih mestih v Sloveniji so ravni arzena, kadmija, niklja in svinca mo\u010dno pod mejnimi oziroma ciljnimi vrednostmi, pojasnjuje Arso. Arso: Merilnih mest ve\u010d od zahtev Dr\u017eavno mre\u017eo kakovosti zraka upravlja Arso in je, kot pojasnjuje, tako glede \u0161tevila mest kot njihove umestitve zasnovana skladno z zahtevami EU-zakonodaje s podro\u010dja kakovosti zraka (direktive o kakovosti zunanjega zraka, ki je vpeljana v slovenski pravni red s Pravilnikom o ocenjevanju kakovosti zunanjega zraka). Gostota merilnih mest v Sloveniji je ve\u010dja, kot je v povpre\u010dju v EU, in tudi presega minimalne zahteve direktive, poudarjajo na Arsu. &#8220;Tako je v EU eno stalno merilno mesto za delce PM10 v povpre\u010dju na 190.000 prebivalcev, v Sloveniji pa na 130.000 prebivalcev. V EU je eno merilno mesto za delce v povpre\u010dju na 1600 km2, v Sloveniji pa na 1300 km2 povr\u0161ine ozemlja. Merilna mesta so v Sloveniji in tudi v EU ve\u010dinoma ume\u0161\u010dena v ve\u010djih urb<\/p>\n","protected":false},"excerpt":{"rendered":"<p>Kak\u0161en zrak dihamo in ali je ozra\u010dje onesna\u017eeno, zlasti na industrijskih obmo\u010djih, ki so na\u010deloma podvr\u017eena ve\u010djim okoljskim obremenitvam, sta vpra\u0161anji, na kateri je praviloma mogo\u010de dobiti odgovore le za ve\u010dja mesta na podlagi meritev kakovosti zraka. Na Koro\u0161kem za zdaj ni merilnega mesta, na katerem bi ugotavljali ravni delcev PM10 v ozra\u010dju, ki so v Sloveniji v zadnjem obdobju izpostavljeni kot najbolj problemati\u010dni. V okviru okoljske sanacije zgornje Me\u017ei\u0161ke doline pa Agencija RS za okolje (Arso) v industrijskem \u017derjavu tudi zaradi aktualne predelave svinca in ne le zaradi posledic pretekle degradacije okolja \u017ee skoraj desetletje spremlja koncentracije te\u017ekih kovin v delcih PM10 (svinec, kadmij, cink in arzen). Kakovost zraka se je z leti v \u017derjavu bistveno izbolj\u0161ala. Kljub temu so \u0161e vedno ugotovljene v povpre\u010dju vi\u0161je ravni svinca in kadmija kot na drugih merilnih mestih v Sloveniji. Na merilnem mestu \u017derjav je tako raven svinca v letu 2015 zna\u0161ala pribli\u017eno dve tretjini mejne vrednosti, raven kadmija pa se je pribli\u017eala ciljni vrednosti. Na drugih merilnih mestih v Sloveniji so ravni arzena, kadmija, niklja in svinca mo\u010dno pod mejnimi oziroma ciljnimi vrednostmi, pojasnjuje Arso. Arso: Merilnih mest ve\u010d od zahtev Dr\u017eavno mre\u017eo kakovosti zraka upravlja Arso in je, kot pojasnjuje, tako glede \u0161tevila mest kot njihove umestitve zasnovana skladno z zahtevami EU-zakonodaje s podro\u010dja kakovosti zraka (direktive o kakovosti zunanjega zraka, ki je vpeljana v slovenski pravni red s Pravilnikom o ocenjevanju kakovosti zunanjega zraka). Gostota merilnih mest v Sloveniji je ve\u010dja, kot je v povpre\u010dju v EU, in tudi presega minimalne zahteve direktive, poudarjajo na Arsu. &#8220;Tako je v EU eno stalno merilno mesto za delce PM10 v povpre\u010dju na 190.000 prebivalcev, v Sloveniji pa na 130.000 prebivalcev. V EU je eno merilno mesto za delce v povpre\u010dju na 1600 km2, v Sloveniji pa na 1300 km2 povr\u0161ine ozemlja. Merilna mesta so v Sloveniji in tudi v EU ve\u010dinoma ume\u0161\u010dena v ve\u010djih urb<\/p>\n","protected":false},"author":1,"featured_media":0,"comment_status":"closed","ping_status":"closed","sticky":false,"template":"","format":"standard","meta":{"footnotes":""},"categories":[1179],"tags":[],"source":[1711],"supertag":[],"acf":[],"yoast_head":"<!-- This site is optimized with the Yoast SEO plugin v21.3 - https:\/\/yoast.com\/wordpress\/plugins\/seo\/ -->\n<title>Sinica bo merila zrak le ob\u010dasno - Hudo Slovenija<\/title>\n<meta name=\"robots\" content=\"index, follow, max-snippet:-1, max-image-preview:large, max-video-preview:-1\" \/>\n<link rel=\"canonical\" href=\"https:\/\/hudo.com\/si\/aktualno\/sinica-bo-merila-zrak-le-obcasno\/\" \/>\n<meta property=\"og:locale\" content=\"sl_SI\" \/>\n<meta property=\"og:type\" content=\"article\" \/>\n<meta property=\"og:title\" content=\"Sinica bo merila zrak le ob\u010dasno - Hudo Slovenija\" \/>\n<meta property=\"og:description\" content=\"Kak\u0161en zrak dihamo in ali je ozra\u010dje onesna\u017eeno, zlasti na industrijskih obmo\u010djih, ki so na\u010deloma podvr\u017eena ve\u010djim okoljskim obremenitvam, sta vpra\u0161anji, na kateri je praviloma mogo\u010de dobiti odgovore le za ve\u010dja mesta na podlagi meritev kakovosti zraka. Na Koro\u0161kem za zdaj ni merilnega mesta, na katerem bi ugotavljali ravni delcev PM10 v ozra\u010dju, ki so v Sloveniji v zadnjem obdobju izpostavljeni kot najbolj problemati\u010dni. V okviru okoljske sanacije zgornje Me\u017ei\u0161ke doline pa Agencija RS za okolje (Arso) v industrijskem \u017derjavu tudi zaradi aktualne predelave svinca in ne le zaradi posledic pretekle degradacije okolja \u017ee skoraj desetletje spremlja koncentracije te\u017ekih kovin v delcih PM10 (svinec, kadmij, cink in arzen). Kakovost zraka se je z leti v \u017derjavu bistveno izbolj\u0161ala. Kljub temu so \u0161e vedno ugotovljene v povpre\u010dju vi\u0161je ravni svinca in kadmija kot na drugih merilnih mestih v Sloveniji. Na merilnem mestu \u017derjav je tako raven svinca v letu 2015 zna\u0161ala pribli\u017eno dve tretjini mejne vrednosti, raven kadmija pa se je pribli\u017eala ciljni vrednosti. Na drugih merilnih mestih v Sloveniji so ravni arzena, kadmija, niklja in svinca mo\u010dno pod mejnimi oziroma ciljnimi vrednostmi, pojasnjuje Arso. Arso: Merilnih mest ve\u010d od zahtev Dr\u017eavno mre\u017eo kakovosti zraka upravlja Arso in je, kot pojasnjuje, tako glede \u0161tevila mest kot njihove umestitve zasnovana skladno z zahtevami EU-zakonodaje s podro\u010dja kakovosti zraka (direktive o kakovosti zunanjega zraka, ki je vpeljana v slovenski pravni red s Pravilnikom o ocenjevanju kakovosti zunanjega zraka). Gostota merilnih mest v Sloveniji je ve\u010dja, kot je v povpre\u010dju v EU, in tudi presega minimalne zahteve direktive, poudarjajo na Arsu. &quot;Tako je v EU eno stalno merilno mesto za delce PM10 v povpre\u010dju na 190.000 prebivalcev, v Sloveniji pa na 130.000 prebivalcev. V EU je eno merilno mesto za delce v povpre\u010dju na 1600 km2, v Sloveniji pa na 1300 km2 povr\u0161ine ozemlja. Merilna mesta so v Sloveniji in tudi v EU ve\u010dinoma ume\u0161\u010dena v ve\u010djih urb\" \/>\n<meta property=\"og:url\" content=\"https:\/\/hudo.com\/si\/aktualno\/sinica-bo-merila-zrak-le-obcasno\/\" \/>\n<meta property=\"og:site_name\" content=\"Hudo Slovenija\" \/>\n<meta property=\"article:publisher\" content=\"https:\/\/www.facebook.com\/hudo.si\" \/>\n<meta property=\"article:published_time\" content=\"2017-02-28T22:00:00+00:00\" \/>\n<meta property=\"article:modified_time\" content=\"2017-03-01T03:11:06+00:00\" \/>\n<meta property=\"og:image\" content=\"https:\/\/hudo.com\/si\/wp-content\/uploads\/sites\/2\/2017\/03\/01525267F-300.jpg\" \/>\n\t<meta property=\"og:image:width\" content=\"450\" \/>\n\t<meta property=\"og:image:height\" content=\"300\" \/>\n\t<meta property=\"og:image:type\" content=\"image\/jpeg\" \/>\n<meta name=\"author\" content=\"hudo\" \/>\n<meta name=\"twitter:card\" content=\"summary_large_image\" \/>\n<meta name=\"twitter:creator\" content=\"@hudo_si\" \/>\n<meta name=\"twitter:site\" content=\"@hudo_si\" \/>\n<meta name=\"twitter:label1\" content=\"Written by\" \/>\n\t<meta name=\"twitter:data1\" content=\"hudo\" \/>\n\t<meta name=\"twitter:label2\" content=\"Est. reading time\" \/>\n\t<meta name=\"twitter:data2\" content=\"2 minuti\" \/>\n<script type=\"application\/ld+json\" class=\"yoast-schema-graph\">{\"@context\":\"https:\/\/schema.org\",\"@graph\":[{\"@type\":\"Article\",\"@id\":\"https:\/\/hudo.com\/si\/aktualno\/sinica-bo-merila-zrak-le-obcasno\/#article\",\"isPartOf\":{\"@id\":\"https:\/\/hudo.com\/si\/aktualno\/sinica-bo-merila-zrak-le-obcasno\/\"},\"author\":{\"name\":\"hudo\",\"@id\":\"https:\/\/hudo.com\/si\/#\/schema\/person\/601cf3379633985b20f7e50f2bb47707\"},\"headline\":\"Sinica bo merila zrak le ob\u010dasno\",\"datePublished\":\"2017-02-28T22:00:00+00:00\",\"dateModified\":\"2017-03-01T03:11:06+00:00\",\"mainEntityOfPage\":{\"@id\":\"https:\/\/hudo.com\/si\/aktualno\/sinica-bo-merila-zrak-le-obcasno\/\"},\"wordCount\":350,\"publisher\":{\"@id\":\"https:\/\/hudo.com\/si\/#organization\"},\"articleSection\":[\"Aktualno\"],\"inLanguage\":\"sl-SI\"},{\"@type\":\"WebPage\",\"@id\":\"https:\/\/hudo.com\/si\/aktualno\/sinica-bo-merila-zrak-le-obcasno\/\",\"url\":\"https:\/\/hudo.com\/si\/aktualno\/sinica-bo-merila-zrak-le-obcasno\/\",\"name\":\"Sinica bo merila zrak le ob\u010dasno - Hudo Slovenija\",\"isPartOf\":{\"@id\":\"https:\/\/hudo.com\/si\/#website\"},\"datePublished\":\"2017-02-28T22:00:00+00:00\",\"dateModified\":\"2017-03-01T03:11:06+00:00\",\"breadcrumb\":{\"@id\":\"https:\/\/hudo.com\/si\/aktualno\/sinica-bo-merila-zrak-le-obcasno\/#breadcrumb\"},\"inLanguage\":\"sl-SI\",\"potentialAction\":[{\"@type\":\"ReadAction\",\"target\":[\"https:\/\/hudo.com\/si\/aktualno\/sinica-bo-merila-zrak-le-obcasno\/\"]}]},{\"@type\":\"BreadcrumbList\",\"@id\":\"https:\/\/hudo.com\/si\/aktualno\/sinica-bo-merila-zrak-le-obcasno\/#breadcrumb\",\"itemListElement\":[{\"@type\":\"ListItem\",\"position\":1,\"name\":\"Home\",\"item\":\"https:\/\/hudo.com\/si\/\"},{\"@type\":\"ListItem\",\"position\":2,\"name\":\"Sinica bo merila zrak le ob\u010dasno\"}]},{\"@type\":\"WebSite\",\"@id\":\"https:\/\/hudo.com\/si\/#website\",\"url\":\"https:\/\/hudo.com\/si\/\",\"name\":\"Hudo Slovenija\",\"description\":\"Vse novice iz Slovenije in sveta\",\"publisher\":{\"@id\":\"https:\/\/hudo.com\/si\/#organization\"},\"potentialAction\":[{\"@type\":\"SearchAction\",\"target\":{\"@type\":\"EntryPoint\",\"urlTemplate\":\"https:\/\/hudo.com\/si\/?s={search_term_string}\"},\"query-input\":\"required name=search_term_string\"}],\"inLanguage\":\"sl-SI\"},{\"@type\":\"Organization\",\"@id\":\"https:\/\/hudo.com\/si\/#organization\",\"name\":\"VSN Media\",\"url\":\"https:\/\/hudo.com\/si\/\",\"logo\":{\"@type\":\"ImageObject\",\"inLanguage\":\"sl-SI\",\"@id\":\"https:\/\/hudo.com\/si\/#\/schema\/logo\/image\/\",\"url\":\"https:\/\/hudo.com\/si\/wp-content\/uploads\/sites\/2\/2021\/03\/hudo-app-2.png\",\"contentUrl\":\"https:\/\/hudo.com\/si\/wp-content\/uploads\/sites\/2\/2021\/03\/hudo-app-2.png\",\"width\":2185,\"height\":2167,\"caption\":\"VSN Media\"},\"image\":{\"@id\":\"https:\/\/hudo.com\/si\/#\/schema\/logo\/image\/\"},\"sameAs\":[\"https:\/\/www.facebook.com\/hudo.si\",\"https:\/\/twitter.com\/hudo_si\"]},{\"@type\":\"Person\",\"@id\":\"https:\/\/hudo.com\/si\/#\/schema\/person\/601cf3379633985b20f7e50f2bb47707\",\"name\":\"hudo\",\"image\":{\"@type\":\"ImageObject\",\"inLanguage\":\"sl-SI\",\"@id\":\"https:\/\/hudo.com\/si\/#\/schema\/person\/image\/\",\"url\":\"https:\/\/secure.gravatar.com\/avatar\/c4ca25fa72cace7a696b52ff5db9e095?s=96&d=mm&r=g\",\"contentUrl\":\"https:\/\/secure.gravatar.com\/avatar\/c4ca25fa72cace7a696b52ff5db9e095?s=96&d=mm&r=g\",\"caption\":\"hudo\"},\"url\":\"https:\/\/hudo.com\/si\/author\/hudo\/\"}]}<\/script>\n<!-- \/ Yoast SEO plugin. -->","yoast_head_json":{"title":"Sinica bo merila zrak le ob\u010dasno - Hudo Slovenija","robots":{"index":"index","follow":"follow","max-snippet":"max-snippet:-1","max-image-preview":"max-image-preview:large","max-video-preview":"max-video-preview:-1"},"canonical":"https:\/\/hudo.com\/si\/aktualno\/sinica-bo-merila-zrak-le-obcasno\/","og_locale":"sl_SI","og_type":"article","og_title":"Sinica bo merila zrak le ob\u010dasno - Hudo Slovenija","og_description":"Kak\u0161en zrak dihamo in ali je ozra\u010dje onesna\u017eeno, zlasti na industrijskih obmo\u010djih, ki so na\u010deloma podvr\u017eena ve\u010djim okoljskim obremenitvam, sta vpra\u0161anji, na kateri je praviloma mogo\u010de dobiti odgovore le za ve\u010dja mesta na podlagi meritev kakovosti zraka. Na Koro\u0161kem za zdaj ni merilnega mesta, na katerem bi ugotavljali ravni delcev PM10 v ozra\u010dju, ki so v Sloveniji v zadnjem obdobju izpostavljeni kot najbolj problemati\u010dni. V okviru okoljske sanacije zgornje Me\u017ei\u0161ke doline pa Agencija RS za okolje (Arso) v industrijskem \u017derjavu tudi zaradi aktualne predelave svinca in ne le zaradi posledic pretekle degradacije okolja \u017ee skoraj desetletje spremlja koncentracije te\u017ekih kovin v delcih PM10 (svinec, kadmij, cink in arzen). Kakovost zraka se je z leti v \u017derjavu bistveno izbolj\u0161ala. Kljub temu so \u0161e vedno ugotovljene v povpre\u010dju vi\u0161je ravni svinca in kadmija kot na drugih merilnih mestih v Sloveniji. Na merilnem mestu \u017derjav je tako raven svinca v letu 2015 zna\u0161ala pribli\u017eno dve tretjini mejne vrednosti, raven kadmija pa se je pribli\u017eala ciljni vrednosti. Na drugih merilnih mestih v Sloveniji so ravni arzena, kadmija, niklja in svinca mo\u010dno pod mejnimi oziroma ciljnimi vrednostmi, pojasnjuje Arso. Arso: Merilnih mest ve\u010d od zahtev Dr\u017eavno mre\u017eo kakovosti zraka upravlja Arso in je, kot pojasnjuje, tako glede \u0161tevila mest kot njihove umestitve zasnovana skladno z zahtevami EU-zakonodaje s podro\u010dja kakovosti zraka (direktive o kakovosti zunanjega zraka, ki je vpeljana v slovenski pravni red s Pravilnikom o ocenjevanju kakovosti zunanjega zraka). Gostota merilnih mest v Sloveniji je ve\u010dja, kot je v povpre\u010dju v EU, in tudi presega minimalne zahteve direktive, poudarjajo na Arsu. \"Tako je v EU eno stalno merilno mesto za delce PM10 v povpre\u010dju na 190.000 prebivalcev, v Sloveniji pa na 130.000 prebivalcev. V EU je eno merilno mesto za delce v povpre\u010dju na 1600 km2, v Sloveniji pa na 1300 km2 povr\u0161ine ozemlja. Merilna mesta so v Sloveniji in tudi v EU ve\u010dinoma ume\u0161\u010dena v ve\u010djih urb","og_url":"https:\/\/hudo.com\/si\/aktualno\/sinica-bo-merila-zrak-le-obcasno\/","og_site_name":"Hudo Slovenija","article_publisher":"https:\/\/www.facebook.com\/hudo.si","article_published_time":"2017-02-28T22:00:00+00:00","article_modified_time":"2017-03-01T03:11:06+00:00","og_image":[{"width":450,"height":300,"url":"https:\/\/hudo.com\/si\/wp-content\/uploads\/sites\/2\/2017\/03\/01525267F-300.jpg","type":"image\/jpeg"}],"author":"hudo","twitter_card":"summary_large_image","twitter_creator":"@hudo_si","twitter_site":"@hudo_si","twitter_misc":{"Written by":"hudo","Est. reading time":"2 minuti"},"schema":{"@context":"https:\/\/schema.org","@graph":[{"@type":"Article","@id":"https:\/\/hudo.com\/si\/aktualno\/sinica-bo-merila-zrak-le-obcasno\/#article","isPartOf":{"@id":"https:\/\/hudo.com\/si\/aktualno\/sinica-bo-merila-zrak-le-obcasno\/"},"author":{"name":"hudo","@id":"https:\/\/hudo.com\/si\/#\/schema\/person\/601cf3379633985b20f7e50f2bb47707"},"headline":"Sinica bo merila zrak le ob\u010dasno","datePublished":"2017-02-28T22:00:00+00:00","dateModified":"2017-03-01T03:11:06+00:00","mainEntityOfPage":{"@id":"https:\/\/hudo.com\/si\/aktualno\/sinica-bo-merila-zrak-le-obcasno\/"},"wordCount":350,"publisher":{"@id":"https:\/\/hudo.com\/si\/#organization"},"articleSection":["Aktualno"],"inLanguage":"sl-SI"},{"@type":"WebPage","@id":"https:\/\/hudo.com\/si\/aktualno\/sinica-bo-merila-zrak-le-obcasno\/","url":"https:\/\/hudo.com\/si\/aktualno\/sinica-bo-merila-zrak-le-obcasno\/","name":"Sinica bo merila zrak le ob\u010dasno - Hudo Slovenija","isPartOf":{"@id":"https:\/\/hudo.com\/si\/#website"},"datePublished":"2017-02-28T22:00:00+00:00","dateModified":"2017-03-01T03:11:06+00:00","breadcrumb":{"@id":"https:\/\/hudo.com\/si\/aktualno\/sinica-bo-merila-zrak-le-obcasno\/#breadcrumb"},"inLanguage":"sl-SI","potentialAction":[{"@type":"ReadAction","target":["https:\/\/hudo.com\/si\/aktualno\/sinica-bo-merila-zrak-le-obcasno\/"]}]},{"@type":"BreadcrumbList","@id":"https:\/\/hudo.com\/si\/aktualno\/sinica-bo-merila-zrak-le-obcasno\/#breadcrumb","itemListElement":[{"@type":"ListItem","position":1,"name":"Home","item":"https:\/\/hudo.com\/si\/"},{"@type":"ListItem","position":2,"name":"Sinica bo merila zrak le ob\u010dasno"}]},{"@type":"WebSite","@id":"https:\/\/hudo.com\/si\/#website","url":"https:\/\/hudo.com\/si\/","name":"Hudo Slovenija","description":"Vse novice iz Slovenije in sveta","publisher":{"@id":"https:\/\/hudo.com\/si\/#organization"},"potentialAction":[{"@type":"SearchAction","target":{"@type":"EntryPoint","urlTemplate":"https:\/\/hudo.com\/si\/?s={search_term_string}"},"query-input":"required name=search_term_string"}],"inLanguage":"sl-SI"},{"@type":"Organization","@id":"https:\/\/hudo.com\/si\/#organization","name":"VSN Media","url":"https:\/\/hudo.com\/si\/","logo":{"@type":"ImageObject","inLanguage":"sl-SI","@id":"https:\/\/hudo.com\/si\/#\/schema\/logo\/image\/","url":"https:\/\/hudo.com\/si\/wp-content\/uploads\/sites\/2\/2021\/03\/hudo-app-2.png","contentUrl":"https:\/\/hudo.com\/si\/wp-content\/uploads\/sites\/2\/2021\/03\/hudo-app-2.png","width":2185,"height":2167,"caption":"VSN Media"},"image":{"@id":"https:\/\/hudo.com\/si\/#\/schema\/logo\/image\/"},"sameAs":["https:\/\/www.facebook.com\/hudo.si","https:\/\/twitter.com\/hudo_si"]},{"@type":"Person","@id":"https:\/\/hudo.com\/si\/#\/schema\/person\/601cf3379633985b20f7e50f2bb47707","name":"hudo","image":{"@type":"ImageObject","inLanguage":"sl-SI","@id":"https:\/\/hudo.com\/si\/#\/schema\/person\/image\/","url":"https:\/\/secure.gravatar.com\/avatar\/c4ca25fa72cace7a696b52ff5db9e095?s=96&d=mm&r=g","contentUrl":"https:\/\/secure.gravatar.com\/avatar\/c4ca25fa72cace7a696b52ff5db9e095?s=96&d=mm&r=g","caption":"hudo"},"url":"https:\/\/hudo.com\/si\/author\/hudo\/"}]}},"amp_enabled":true,"_links":{"self":[{"href":"https:\/\/hudo.com\/si\/wp-json\/wp\/v2\/posts\/218109"}],"collection":[{"href":"https:\/\/hudo.com\/si\/wp-json\/wp\/v2\/posts"}],"about":[{"href":"https:\/\/hudo.com\/si\/wp-json\/wp\/v2\/types\/post"}],"author":[{"embeddable":true,"href":"https:\/\/hudo.com\/si\/wp-json\/wp\/v2\/users\/1"}],"replies":[{"embeddable":true,"href":"https:\/\/hudo.com\/si\/wp-json\/wp\/v2\/comments?post=218109"}],"version-history":[{"count":1,"href":"https:\/\/hudo.com\/si\/wp-json\/wp\/v2\/posts\/218109\/revisions"}],"predecessor-version":[{"id":218147,"href":"https:\/\/hudo.com\/si\/wp-json\/wp\/v2\/posts\/218109\/revisions\/218147"}],"wp:attachment":[{"href":"https:\/\/hudo.com\/si\/wp-json\/wp\/v2\/media?parent=218109"}],"wp:term":[{"taxonomy":"category","embeddable":true,"href":"https:\/\/hudo.com\/si\/wp-json\/wp\/v2\/categories?post=218109"},{"taxonomy":"post_tag","embeddable":true,"href":"https:\/\/hudo.com\/si\/wp-json\/wp\/v2\/tags?post=218109"},{"taxonomy":"source","embeddable":true,"href":"https:\/\/hudo.com\/si\/wp-json\/wp\/v2\/source?post=218109"},{"taxonomy":"supertag","embeddable":true,"href":"https:\/\/hudo.com\/si\/wp-json\/wp\/v2\/supertag?post=218109"}],"curies":[{"name":"wp","href":"https:\/\/api.w.org\/{rel}","templated":true}]}}