{"id":218131,"date":"2017-02-28T23:00:00","date_gmt":"2017-02-28T22:00:00","guid":{"rendered":"http:\/\/hudo.com\/si\/2017\/02\/28\/hrvaski-adris-z-nadzornikom\/"},"modified":"2017-03-01T07:52:01","modified_gmt":"2017-03-01T06:52:01","slug":"hrvaski-adris-z-nadzornikom","status":"publish","type":"post","link":"https:\/\/hudo.com\/si\/aktualno\/hrvaski-adris-z-nadzornikom\/","title":{"rendered":"Hrva\u0161ki Adris z nadzornikom?"},"content":{"rendered":"<p>Pozavarovalni\u0161ka skupina Sava Re, ki vklju\u010duje tudi Zavarovalnico Sava (pod njo sodita tudi nekdanji Zavarovalnica Maribor in Tilia), bo imela 7. marca zanimivo volilno skup\u0161\u010dino delni\u010darjev. Izbirali bodo \u0161tiri nadzornike, ki jim bo \u0161tiriletni mandat pri\u010del te\u010di 16. julija letos, enemu od njih pa \u017ee z dnem skup\u0161\u010dine. Ravno za to nadzorni\u0161ko mesto sta Modra zavarovalnica in Kapitalska dru\u017eba predlagali ameri\u0161kega dr\u017eavljana hrva\u0161kih korenin Davorja Ivana Gjivojeta, hrva\u0161ka Adris grupa (formalno ima nekaj pod 20 odstotkov lastni\u0161tva Save Re, neuradno pa celo okrog 30 odstotkov) pa si v nadzornem svetu \u017eeli 78-letnega dr. Petra Kralji\u010da, ki je nekdaj \u017ee bil nadzornik tudi v ljubljanskem Leku in velenjskem Gorenju. Za preostala tri nadzorni\u0161ka mesta so predlagani Mateja Lov\u0161in Heri\u010d, ki je trenutno \u017ee predsednica nadzornega sveta Save Re, Keith William Morris, ki je prav tako \u017ee \u010dlan nadzornega sveta, na novo pa je predlagan tudi Andrej Kren iz Kolektorjevega FMR. Okrog imenovanja novih nadzornikov se pojavljajo razli\u010dne neuradne informacije, od tega, da v Adris grupi nepregledno kopi\u010dijo lastni\u0161tvo v Savi Re, tudi nad prevzemni prag, s \u010dimer naj bi odganjali druge potencialne prevzemnike Save Re. Pa tudi, da bi z novim nadzornikom dobili dodaten, \u0161e natan\u010dnej\u0161i pregled v poslovanje Save Re. Delnica Save Re je letos z ravni 14 evrov odsko\u010dila \u017ee nad 17 evrov, ve\u010d je bilo tudi prometa z delnicami te (po)zavarovalni\u0161ke skupine. Po drugi strani pa se na Hrva\u0161kem ime Davor Ivan Gjivoje povezuje z nepreglednimi posli in o\u0161kodovanjem zlasti Croatie Airlines. Ne gre pozabiti, da je Adris grupa \u017ee lastnica najve\u010dje hrva\u0161ke zavarovalnice Croatie Osiguranje, za Savo Re pa naj bi menda interes kazali tudi v poljskem PZU in tr\u017ea\u0161kem Generaliju. Lani se je z mesta predsednika uprave moral posloviti Zvonko Ivanu\u0161i\u010d, ki je bil krivdno razre\u0161en zaradi domnevno nepravilnih poslov pri nakupu nekdanje ACH-jeve nepremi\u010dnine za Be\u017eigradom, za\u010dasno ga je potem kot predsednik uprave nasledil<\/p>\n","protected":false},"excerpt":{"rendered":"<p>Pozavarovalni\u0161ka skupina Sava Re, ki vklju\u010duje tudi Zavarovalnico Sava (pod njo sodita tudi nekdanji Zavarovalnica Maribor in Tilia), bo imela 7. marca zanimivo volilno skup\u0161\u010dino delni\u010darjev. Izbirali bodo \u0161tiri nadzornike, ki jim bo \u0161tiriletni mandat pri\u010del te\u010di 16. julija letos, enemu od njih pa \u017ee z dnem skup\u0161\u010dine. Ravno za to nadzorni\u0161ko mesto sta Modra zavarovalnica in Kapitalska dru\u017eba predlagali ameri\u0161kega dr\u017eavljana hrva\u0161kih korenin Davorja Ivana Gjivojeta, hrva\u0161ka Adris grupa (formalno ima nekaj pod 20 odstotkov lastni\u0161tva Save Re, neuradno pa celo okrog 30 odstotkov) pa si v nadzornem svetu \u017eeli 78-letnega dr. Petra Kralji\u010da, ki je nekdaj \u017ee bil nadzornik tudi v ljubljanskem Leku in velenjskem Gorenju. Za preostala tri nadzorni\u0161ka mesta so predlagani Mateja Lov\u0161in Heri\u010d, ki je trenutno \u017ee predsednica nadzornega sveta Save Re, Keith William Morris, ki je prav tako \u017ee \u010dlan nadzornega sveta, na novo pa je predlagan tudi Andrej Kren iz Kolektorjevega FMR. Okrog imenovanja novih nadzornikov se pojavljajo razli\u010dne neuradne informacije, od tega, da v Adris grupi nepregledno kopi\u010dijo lastni\u0161tvo v Savi Re, tudi nad prevzemni prag, s \u010dimer naj bi odganjali druge potencialne prevzemnike Save Re. Pa tudi, da bi z novim nadzornikom dobili dodaten, \u0161e natan\u010dnej\u0161i pregled v poslovanje Save Re. Delnica Save Re je letos z ravni 14 evrov odsko\u010dila \u017ee nad 17 evrov, ve\u010d je bilo tudi prometa z delnicami te (po)zavarovalni\u0161ke skupine. Po drugi strani pa se na Hrva\u0161kem ime Davor Ivan Gjivoje povezuje z nepreglednimi posli in o\u0161kodovanjem zlasti Croatie Airlines. Ne gre pozabiti, da je Adris grupa \u017ee lastnica najve\u010dje hrva\u0161ke zavarovalnice Croatie Osiguranje, za Savo Re pa naj bi menda interes kazali tudi v poljskem PZU in tr\u017ea\u0161kem Generaliju. Lani se je z mesta predsednika uprave moral posloviti Zvonko Ivanu\u0161i\u010d, ki je bil krivdno razre\u0161en zaradi domnevno nepravilnih poslov pri nakupu nekdanje ACH-jeve nepremi\u010dnine za Be\u017eigradom, za\u010dasno ga je potem kot predsednik uprave nasledil<\/p>\n","protected":false},"author":1,"featured_media":0,"comment_status":"closed","ping_status":"closed","sticky":false,"template":"","format":"standard","meta":{"footnotes":""},"categories":[1179],"tags":[],"source":[1711],"supertag":[],"acf":[],"yoast_head":"<!-- This site is optimized with the Yoast SEO plugin v21.3 - https:\/\/yoast.com\/wordpress\/plugins\/seo\/ -->\n<title>Hrva\u0161ki Adris z nadzornikom? - Hudo Slovenija<\/title>\n<meta name=\"robots\" content=\"index, follow, max-snippet:-1, max-image-preview:large, max-video-preview:-1\" \/>\n<link rel=\"canonical\" href=\"https:\/\/hudo.com\/si\/aktualno\/hrvaski-adris-z-nadzornikom\/\" \/>\n<meta property=\"og:locale\" content=\"sl_SI\" \/>\n<meta property=\"og:type\" content=\"article\" \/>\n<meta property=\"og:title\" content=\"Hrva\u0161ki Adris z nadzornikom? - Hudo Slovenija\" \/>\n<meta property=\"og:description\" content=\"Pozavarovalni\u0161ka skupina Sava Re, ki vklju\u010duje tudi Zavarovalnico Sava (pod njo sodita tudi nekdanji Zavarovalnica Maribor in Tilia), bo imela 7. marca zanimivo volilno skup\u0161\u010dino delni\u010darjev. Izbirali bodo \u0161tiri nadzornike, ki jim bo \u0161tiriletni mandat pri\u010del te\u010di 16. julija letos, enemu od njih pa \u017ee z dnem skup\u0161\u010dine. Ravno za to nadzorni\u0161ko mesto sta Modra zavarovalnica in Kapitalska dru\u017eba predlagali ameri\u0161kega dr\u017eavljana hrva\u0161kih korenin Davorja Ivana Gjivojeta, hrva\u0161ka Adris grupa (formalno ima nekaj pod 20 odstotkov lastni\u0161tva Save Re, neuradno pa celo okrog 30 odstotkov) pa si v nadzornem svetu \u017eeli 78-letnega dr. Petra Kralji\u010da, ki je nekdaj \u017ee bil nadzornik tudi v ljubljanskem Leku in velenjskem Gorenju. Za preostala tri nadzorni\u0161ka mesta so predlagani Mateja Lov\u0161in Heri\u010d, ki je trenutno \u017ee predsednica nadzornega sveta Save Re, Keith William Morris, ki je prav tako \u017ee \u010dlan nadzornega sveta, na novo pa je predlagan tudi Andrej Kren iz Kolektorjevega FMR. Okrog imenovanja novih nadzornikov se pojavljajo razli\u010dne neuradne informacije, od tega, da v Adris grupi nepregledno kopi\u010dijo lastni\u0161tvo v Savi Re, tudi nad prevzemni prag, s \u010dimer naj bi odganjali druge potencialne prevzemnike Save Re. Pa tudi, da bi z novim nadzornikom dobili dodaten, \u0161e natan\u010dnej\u0161i pregled v poslovanje Save Re. Delnica Save Re je letos z ravni 14 evrov odsko\u010dila \u017ee nad 17 evrov, ve\u010d je bilo tudi prometa z delnicami te (po)zavarovalni\u0161ke skupine. Po drugi strani pa se na Hrva\u0161kem ime Davor Ivan Gjivoje povezuje z nepreglednimi posli in o\u0161kodovanjem zlasti Croatie Airlines. Ne gre pozabiti, da je Adris grupa \u017ee lastnica najve\u010dje hrva\u0161ke zavarovalnice Croatie Osiguranje, za Savo Re pa naj bi menda interes kazali tudi v poljskem PZU in tr\u017ea\u0161kem Generaliju. Lani se je z mesta predsednika uprave moral posloviti Zvonko Ivanu\u0161i\u010d, ki je bil krivdno razre\u0161en zaradi domnevno nepravilnih poslov pri nakupu nekdanje ACH-jeve nepremi\u010dnine za Be\u017eigradom, za\u010dasno ga je potem kot predsednik uprave nasledil\" \/>\n<meta property=\"og:url\" content=\"https:\/\/hudo.com\/si\/aktualno\/hrvaski-adris-z-nadzornikom\/\" \/>\n<meta property=\"og:site_name\" content=\"Hudo Slovenija\" \/>\n<meta property=\"article:publisher\" content=\"https:\/\/www.facebook.com\/hudo.si\" \/>\n<meta property=\"article:published_time\" content=\"2017-02-28T22:00:00+00:00\" \/>\n<meta property=\"article:modified_time\" content=\"2017-03-01T06:52:01+00:00\" \/>\n<meta property=\"og:image\" content=\"https:\/\/hudo.com\/si\/wp-content\/uploads\/sites\/2\/2017\/03\/1103M52-300.jpg\" \/>\n\t<meta property=\"og:image:width\" content=\"450\" \/>\n\t<meta property=\"og:image:height\" content=\"300\" \/>\n\t<meta property=\"og:image:type\" content=\"image\/jpeg\" \/>\n<meta name=\"author\" content=\"hudo\" \/>\n<meta name=\"twitter:card\" content=\"summary_large_image\" \/>\n<meta name=\"twitter:creator\" content=\"@hudo_si\" \/>\n<meta name=\"twitter:site\" content=\"@hudo_si\" \/>\n<meta name=\"twitter:label1\" content=\"Written by\" \/>\n\t<meta name=\"twitter:data1\" content=\"hudo\" \/>\n\t<meta name=\"twitter:label2\" content=\"Est. reading time\" \/>\n\t<meta name=\"twitter:data2\" content=\"2 minuti\" \/>\n<script type=\"application\/ld+json\" class=\"yoast-schema-graph\">{\"@context\":\"https:\/\/schema.org\",\"@graph\":[{\"@type\":\"Article\",\"@id\":\"https:\/\/hudo.com\/si\/aktualno\/hrvaski-adris-z-nadzornikom\/#article\",\"isPartOf\":{\"@id\":\"https:\/\/hudo.com\/si\/aktualno\/hrvaski-adris-z-nadzornikom\/\"},\"author\":{\"name\":\"hudo\",\"@id\":\"https:\/\/hudo.com\/si\/#\/schema\/person\/601cf3379633985b20f7e50f2bb47707\"},\"headline\":\"Hrva\u0161ki Adris z nadzornikom?\",\"datePublished\":\"2017-02-28T22:00:00+00:00\",\"dateModified\":\"2017-03-01T06:52:01+00:00\",\"mainEntityOfPage\":{\"@id\":\"https:\/\/hudo.com\/si\/aktualno\/hrvaski-adris-z-nadzornikom\/\"},\"wordCount\":344,\"publisher\":{\"@id\":\"https:\/\/hudo.com\/si\/#organization\"},\"articleSection\":[\"Aktualno\"],\"inLanguage\":\"sl-SI\"},{\"@type\":\"WebPage\",\"@id\":\"https:\/\/hudo.com\/si\/aktualno\/hrvaski-adris-z-nadzornikom\/\",\"url\":\"https:\/\/hudo.com\/si\/aktualno\/hrvaski-adris-z-nadzornikom\/\",\"name\":\"Hrva\u0161ki Adris z nadzornikom? - Hudo Slovenija\",\"isPartOf\":{\"@id\":\"https:\/\/hudo.com\/si\/#website\"},\"datePublished\":\"2017-02-28T22:00:00+00:00\",\"dateModified\":\"2017-03-01T06:52:01+00:00\",\"breadcrumb\":{\"@id\":\"https:\/\/hudo.com\/si\/aktualno\/hrvaski-adris-z-nadzornikom\/#breadcrumb\"},\"inLanguage\":\"sl-SI\",\"potentialAction\":[{\"@type\":\"ReadAction\",\"target\":[\"https:\/\/hudo.com\/si\/aktualno\/hrvaski-adris-z-nadzornikom\/\"]}]},{\"@type\":\"BreadcrumbList\",\"@id\":\"https:\/\/hudo.com\/si\/aktualno\/hrvaski-adris-z-nadzornikom\/#breadcrumb\",\"itemListElement\":[{\"@type\":\"ListItem\",\"position\":1,\"name\":\"Home\",\"item\":\"https:\/\/hudo.com\/si\/\"},{\"@type\":\"ListItem\",\"position\":2,\"name\":\"Hrva\u0161ki Adris z nadzornikom?\"}]},{\"@type\":\"WebSite\",\"@id\":\"https:\/\/hudo.com\/si\/#website\",\"url\":\"https:\/\/hudo.com\/si\/\",\"name\":\"Hudo Slovenija\",\"description\":\"Vse novice iz Slovenije in sveta\",\"publisher\":{\"@id\":\"https:\/\/hudo.com\/si\/#organization\"},\"potentialAction\":[{\"@type\":\"SearchAction\",\"target\":{\"@type\":\"EntryPoint\",\"urlTemplate\":\"https:\/\/hudo.com\/si\/?s={search_term_string}\"},\"query-input\":\"required name=search_term_string\"}],\"inLanguage\":\"sl-SI\"},{\"@type\":\"Organization\",\"@id\":\"https:\/\/hudo.com\/si\/#organization\",\"name\":\"VSN Media\",\"url\":\"https:\/\/hudo.com\/si\/\",\"logo\":{\"@type\":\"ImageObject\",\"inLanguage\":\"sl-SI\",\"@id\":\"https:\/\/hudo.com\/si\/#\/schema\/logo\/image\/\",\"url\":\"https:\/\/hudo.com\/si\/wp-content\/uploads\/sites\/2\/2021\/03\/hudo-app-2.png\",\"contentUrl\":\"https:\/\/hudo.com\/si\/wp-content\/uploads\/sites\/2\/2021\/03\/hudo-app-2.png\",\"width\":2185,\"height\":2167,\"caption\":\"VSN Media\"},\"image\":{\"@id\":\"https:\/\/hudo.com\/si\/#\/schema\/logo\/image\/\"},\"sameAs\":[\"https:\/\/www.facebook.com\/hudo.si\",\"https:\/\/twitter.com\/hudo_si\"]},{\"@type\":\"Person\",\"@id\":\"https:\/\/hudo.com\/si\/#\/schema\/person\/601cf3379633985b20f7e50f2bb47707\",\"name\":\"hudo\",\"image\":{\"@type\":\"ImageObject\",\"inLanguage\":\"sl-SI\",\"@id\":\"https:\/\/hudo.com\/si\/#\/schema\/person\/image\/\",\"url\":\"https:\/\/secure.gravatar.com\/avatar\/c4ca25fa72cace7a696b52ff5db9e095?s=96&d=mm&r=g\",\"contentUrl\":\"https:\/\/secure.gravatar.com\/avatar\/c4ca25fa72cace7a696b52ff5db9e095?s=96&d=mm&r=g\",\"caption\":\"hudo\"},\"url\":\"https:\/\/hudo.com\/si\/author\/hudo\/\"}]}<\/script>\n<!-- \/ Yoast SEO plugin. -->","yoast_head_json":{"title":"Hrva\u0161ki Adris z nadzornikom? - Hudo Slovenija","robots":{"index":"index","follow":"follow","max-snippet":"max-snippet:-1","max-image-preview":"max-image-preview:large","max-video-preview":"max-video-preview:-1"},"canonical":"https:\/\/hudo.com\/si\/aktualno\/hrvaski-adris-z-nadzornikom\/","og_locale":"sl_SI","og_type":"article","og_title":"Hrva\u0161ki Adris z nadzornikom? - Hudo Slovenija","og_description":"Pozavarovalni\u0161ka skupina Sava Re, ki vklju\u010duje tudi Zavarovalnico Sava (pod njo sodita tudi nekdanji Zavarovalnica Maribor in Tilia), bo imela 7. marca zanimivo volilno skup\u0161\u010dino delni\u010darjev. Izbirali bodo \u0161tiri nadzornike, ki jim bo \u0161tiriletni mandat pri\u010del te\u010di 16. julija letos, enemu od njih pa \u017ee z dnem skup\u0161\u010dine. Ravno za to nadzorni\u0161ko mesto sta Modra zavarovalnica in Kapitalska dru\u017eba predlagali ameri\u0161kega dr\u017eavljana hrva\u0161kih korenin Davorja Ivana Gjivojeta, hrva\u0161ka Adris grupa (formalno ima nekaj pod 20 odstotkov lastni\u0161tva Save Re, neuradno pa celo okrog 30 odstotkov) pa si v nadzornem svetu \u017eeli 78-letnega dr. Petra Kralji\u010da, ki je nekdaj \u017ee bil nadzornik tudi v ljubljanskem Leku in velenjskem Gorenju. Za preostala tri nadzorni\u0161ka mesta so predlagani Mateja Lov\u0161in Heri\u010d, ki je trenutno \u017ee predsednica nadzornega sveta Save Re, Keith William Morris, ki je prav tako \u017ee \u010dlan nadzornega sveta, na novo pa je predlagan tudi Andrej Kren iz Kolektorjevega FMR. Okrog imenovanja novih nadzornikov se pojavljajo razli\u010dne neuradne informacije, od tega, da v Adris grupi nepregledno kopi\u010dijo lastni\u0161tvo v Savi Re, tudi nad prevzemni prag, s \u010dimer naj bi odganjali druge potencialne prevzemnike Save Re. Pa tudi, da bi z novim nadzornikom dobili dodaten, \u0161e natan\u010dnej\u0161i pregled v poslovanje Save Re. Delnica Save Re je letos z ravni 14 evrov odsko\u010dila \u017ee nad 17 evrov, ve\u010d je bilo tudi prometa z delnicami te (po)zavarovalni\u0161ke skupine. Po drugi strani pa se na Hrva\u0161kem ime Davor Ivan Gjivoje povezuje z nepreglednimi posli in o\u0161kodovanjem zlasti Croatie Airlines. Ne gre pozabiti, da je Adris grupa \u017ee lastnica najve\u010dje hrva\u0161ke zavarovalnice Croatie Osiguranje, za Savo Re pa naj bi menda interes kazali tudi v poljskem PZU in tr\u017ea\u0161kem Generaliju. Lani se je z mesta predsednika uprave moral posloviti Zvonko Ivanu\u0161i\u010d, ki je bil krivdno razre\u0161en zaradi domnevno nepravilnih poslov pri nakupu nekdanje ACH-jeve nepremi\u010dnine za Be\u017eigradom, za\u010dasno ga je potem kot predsednik uprave nasledil","og_url":"https:\/\/hudo.com\/si\/aktualno\/hrvaski-adris-z-nadzornikom\/","og_site_name":"Hudo Slovenija","article_publisher":"https:\/\/www.facebook.com\/hudo.si","article_published_time":"2017-02-28T22:00:00+00:00","article_modified_time":"2017-03-01T06:52:01+00:00","og_image":[{"width":450,"height":300,"url":"https:\/\/hudo.com\/si\/wp-content\/uploads\/sites\/2\/2017\/03\/1103M52-300.jpg","type":"image\/jpeg"}],"author":"hudo","twitter_card":"summary_large_image","twitter_creator":"@hudo_si","twitter_site":"@hudo_si","twitter_misc":{"Written by":"hudo","Est. reading time":"2 minuti"},"schema":{"@context":"https:\/\/schema.org","@graph":[{"@type":"Article","@id":"https:\/\/hudo.com\/si\/aktualno\/hrvaski-adris-z-nadzornikom\/#article","isPartOf":{"@id":"https:\/\/hudo.com\/si\/aktualno\/hrvaski-adris-z-nadzornikom\/"},"author":{"name":"hudo","@id":"https:\/\/hudo.com\/si\/#\/schema\/person\/601cf3379633985b20f7e50f2bb47707"},"headline":"Hrva\u0161ki Adris z nadzornikom?","datePublished":"2017-02-28T22:00:00+00:00","dateModified":"2017-03-01T06:52:01+00:00","mainEntityOfPage":{"@id":"https:\/\/hudo.com\/si\/aktualno\/hrvaski-adris-z-nadzornikom\/"},"wordCount":344,"publisher":{"@id":"https:\/\/hudo.com\/si\/#organization"},"articleSection":["Aktualno"],"inLanguage":"sl-SI"},{"@type":"WebPage","@id":"https:\/\/hudo.com\/si\/aktualno\/hrvaski-adris-z-nadzornikom\/","url":"https:\/\/hudo.com\/si\/aktualno\/hrvaski-adris-z-nadzornikom\/","name":"Hrva\u0161ki Adris z nadzornikom? - Hudo Slovenija","isPartOf":{"@id":"https:\/\/hudo.com\/si\/#website"},"datePublished":"2017-02-28T22:00:00+00:00","dateModified":"2017-03-01T06:52:01+00:00","breadcrumb":{"@id":"https:\/\/hudo.com\/si\/aktualno\/hrvaski-adris-z-nadzornikom\/#breadcrumb"},"inLanguage":"sl-SI","potentialAction":[{"@type":"ReadAction","target":["https:\/\/hudo.com\/si\/aktualno\/hrvaski-adris-z-nadzornikom\/"]}]},{"@type":"BreadcrumbList","@id":"https:\/\/hudo.com\/si\/aktualno\/hrvaski-adris-z-nadzornikom\/#breadcrumb","itemListElement":[{"@type":"ListItem","position":1,"name":"Home","item":"https:\/\/hudo.com\/si\/"},{"@type":"ListItem","position":2,"name":"Hrva\u0161ki Adris z nadzornikom?"}]},{"@type":"WebSite","@id":"https:\/\/hudo.com\/si\/#website","url":"https:\/\/hudo.com\/si\/","name":"Hudo Slovenija","description":"Vse novice iz Slovenije in sveta","publisher":{"@id":"https:\/\/hudo.com\/si\/#organization"},"potentialAction":[{"@type":"SearchAction","target":{"@type":"EntryPoint","urlTemplate":"https:\/\/hudo.com\/si\/?s={search_term_string}"},"query-input":"required name=search_term_string"}],"inLanguage":"sl-SI"},{"@type":"Organization","@id":"https:\/\/hudo.com\/si\/#organization","name":"VSN Media","url":"https:\/\/hudo.com\/si\/","logo":{"@type":"ImageObject","inLanguage":"sl-SI","@id":"https:\/\/hudo.com\/si\/#\/schema\/logo\/image\/","url":"https:\/\/hudo.com\/si\/wp-content\/uploads\/sites\/2\/2021\/03\/hudo-app-2.png","contentUrl":"https:\/\/hudo.com\/si\/wp-content\/uploads\/sites\/2\/2021\/03\/hudo-app-2.png","width":2185,"height":2167,"caption":"VSN Media"},"image":{"@id":"https:\/\/hudo.com\/si\/#\/schema\/logo\/image\/"},"sameAs":["https:\/\/www.facebook.com\/hudo.si","https:\/\/twitter.com\/hudo_si"]},{"@type":"Person","@id":"https:\/\/hudo.com\/si\/#\/schema\/person\/601cf3379633985b20f7e50f2bb47707","name":"hudo","image":{"@type":"ImageObject","inLanguage":"sl-SI","@id":"https:\/\/hudo.com\/si\/#\/schema\/person\/image\/","url":"https:\/\/secure.gravatar.com\/avatar\/c4ca25fa72cace7a696b52ff5db9e095?s=96&d=mm&r=g","contentUrl":"https:\/\/secure.gravatar.com\/avatar\/c4ca25fa72cace7a696b52ff5db9e095?s=96&d=mm&r=g","caption":"hudo"},"url":"https:\/\/hudo.com\/si\/author\/hudo\/"}]}},"amp_enabled":true,"_links":{"self":[{"href":"https:\/\/hudo.com\/si\/wp-json\/wp\/v2\/posts\/218131"}],"collection":[{"href":"https:\/\/hudo.com\/si\/wp-json\/wp\/v2\/posts"}],"about":[{"href":"https:\/\/hudo.com\/si\/wp-json\/wp\/v2\/types\/post"}],"author":[{"embeddable":true,"href":"https:\/\/hudo.com\/si\/wp-json\/wp\/v2\/users\/1"}],"replies":[{"embeddable":true,"href":"https:\/\/hudo.com\/si\/wp-json\/wp\/v2\/comments?post=218131"}],"version-history":[{"count":1,"href":"https:\/\/hudo.com\/si\/wp-json\/wp\/v2\/posts\/218131\/revisions"}],"predecessor-version":[{"id":218158,"href":"https:\/\/hudo.com\/si\/wp-json\/wp\/v2\/posts\/218131\/revisions\/218158"}],"wp:attachment":[{"href":"https:\/\/hudo.com\/si\/wp-json\/wp\/v2\/media?parent=218131"}],"wp:term":[{"taxonomy":"category","embeddable":true,"href":"https:\/\/hudo.com\/si\/wp-json\/wp\/v2\/categories?post=218131"},{"taxonomy":"post_tag","embeddable":true,"href":"https:\/\/hudo.com\/si\/wp-json\/wp\/v2\/tags?post=218131"},{"taxonomy":"source","embeddable":true,"href":"https:\/\/hudo.com\/si\/wp-json\/wp\/v2\/source?post=218131"},{"taxonomy":"supertag","embeddable":true,"href":"https:\/\/hudo.com\/si\/wp-json\/wp\/v2\/supertag?post=218131"}],"curies":[{"name":"wp","href":"https:\/\/api.w.org\/{rel}","templated":true}]}}