{"id":218166,"date":"2017-03-01T06:03:00","date_gmt":"2017-03-01T05:03:00","guid":{"rendered":"http:\/\/hudo.com\/si\/2017\/03\/01\/trump-v-kongresnem-govoru-zda-postavil-na-prvo-mesto\/"},"modified":"2017-03-01T08:12:28","modified_gmt":"2017-03-01T07:12:28","slug":"trump-v-kongresnem-govoru-zda-postavil-na-prvo-mesto","status":"publish","type":"post","link":"https:\/\/hudo.com\/si\/aktualno\/trump-v-kongresnem-govoru-zda-postavil-na-prvo-mesto\/","title":{"rendered":"Trump v kongresnem govoru ZDA postavil na prvo mesto"},"content":{"rendered":"<p>Ameri\u0161ki predsednik Donald Trump je v svojem prvem govoru pred obema domovoma kongresa postavil Ameri\u010dane, ZDA in ameri\u0161ke interese na prvo mesto. Na\u0161tel je dose\u017eeno od prisege na polo\u017eaj 20. januarja naprej in napovedal svetlo prihodnost, polno delovnih mest, nizkih davkov, dostopnega zdravstva, v zunanji politiki pa zavzemanje za mir. Glede notranje politike ni Trump povedal ni\u010d tak\u0161nega, kar ne bi govoril v zadnjem letu in pol, razen tega, da je omogo\u010dil mo\u017enost imigracijske reforme. Glede zunanje politike pa je zagotovil, da si \u017eeli miru in ne bo iskal spopadov z vpletanjem v notranje zadeve drugih dr\u017eav. Trump je izrekel trdno podporo zvezi Nato ob spo\u0161tovanju finan\u010dnih obveznosti zaveznic in denar je po &#8220;odkritih pogovorih&#8221; menda \u017ee za\u010del pritekati v potokih. Ameri\u0161ka zunanja politika bo mo\u010dno povezana s svetom, ZDA bodo spo\u0161tovale zavezni\u0161tva in zgodovinske ustanove, vendar tudi pravice suverenih dr\u017eav. &#8220;Amerika spo\u0161tuje pravico vseh dr\u017eav do svoje poti. Moje delo ni predstavljati sveta, ampak Ameriko,&#8221; je dejal Trump. &#8220;Amerika se mora iz preteklih napak nekaj nau\u010diti, Amerika je pripravljena na nove prijatelje in partnerstva. \u017delimo si harmonije in stabilnosti, ne pa vojne in konflikta,&#8221; je dejal in zagotovil, da Amerika \u017eeli mir.Svet<\/p>\n","protected":false},"excerpt":{"rendered":"<p>Ameri\u0161ki predsednik Donald Trump je v svojem prvem govoru pred obema domovoma kongresa postavil Ameri\u010dane, ZDA in ameri\u0161ke interese na prvo mesto. Na\u0161tel je dose\u017eeno od prisege na polo\u017eaj 20. januarja naprej in napovedal svetlo prihodnost, polno delovnih mest, nizkih davkov, dostopnega zdravstva, v zunanji politiki pa zavzemanje za mir. Glede notranje politike ni Trump povedal ni\u010d tak\u0161nega, kar ne bi govoril v zadnjem letu in pol, razen tega, da je omogo\u010dil mo\u017enost imigracijske reforme. Glede zunanje politike pa je zagotovil, da si \u017eeli miru in ne bo iskal spopadov z vpletanjem v notranje zadeve drugih dr\u017eav. Trump je izrekel trdno podporo zvezi Nato ob spo\u0161tovanju finan\u010dnih obveznosti zaveznic in denar je po &#8220;odkritih pogovorih&#8221; menda \u017ee za\u010del pritekati v potokih. Ameri\u0161ka zunanja politika bo mo\u010dno povezana s svetom, ZDA bodo spo\u0161tovale zavezni\u0161tva in zgodovinske ustanove, vendar tudi pravice suverenih dr\u017eav. &#8220;Amerika spo\u0161tuje pravico vseh dr\u017eav do svoje poti. Moje delo ni predstavljati sveta, ampak Ameriko,&#8221; je dejal Trump. &#8220;Amerika se mora iz preteklih napak nekaj nau\u010diti, Amerika je pripravljena na nove prijatelje in partnerstva. \u017delimo si harmonije in stabilnosti, ne pa vojne in konflikta,&#8221; je dejal in zagotovil, da Amerika \u017eeli mir.Svet<\/p>\n","protected":false},"author":1,"featured_media":0,"comment_status":"closed","ping_status":"closed","sticky":false,"template":"","format":"standard","meta":{"footnotes":""},"categories":[1179],"tags":[],"source":[1711],"supertag":[],"acf":[],"yoast_head":"<!-- This site is optimized with the Yoast SEO plugin v21.3 - https:\/\/yoast.com\/wordpress\/plugins\/seo\/ -->\n<title>Trump v kongresnem govoru ZDA postavil na prvo mesto - Hudo Slovenija<\/title>\n<meta name=\"robots\" content=\"index, follow, max-snippet:-1, max-image-preview:large, max-video-preview:-1\" \/>\n<link rel=\"canonical\" href=\"https:\/\/hudo.com\/si\/aktualno\/trump-v-kongresnem-govoru-zda-postavil-na-prvo-mesto\/\" \/>\n<meta property=\"og:locale\" content=\"sl_SI\" \/>\n<meta property=\"og:type\" content=\"article\" \/>\n<meta property=\"og:title\" content=\"Trump v kongresnem govoru ZDA postavil na prvo mesto - Hudo Slovenija\" \/>\n<meta property=\"og:description\" content=\"Ameri\u0161ki predsednik Donald Trump je v svojem prvem govoru pred obema domovoma kongresa postavil Ameri\u010dane, ZDA in ameri\u0161ke interese na prvo mesto. Na\u0161tel je dose\u017eeno od prisege na polo\u017eaj 20. januarja naprej in napovedal svetlo prihodnost, polno delovnih mest, nizkih davkov, dostopnega zdravstva, v zunanji politiki pa zavzemanje za mir. Glede notranje politike ni Trump povedal ni\u010d tak\u0161nega, kar ne bi govoril v zadnjem letu in pol, razen tega, da je omogo\u010dil mo\u017enost imigracijske reforme. Glede zunanje politike pa je zagotovil, da si \u017eeli miru in ne bo iskal spopadov z vpletanjem v notranje zadeve drugih dr\u017eav. Trump je izrekel trdno podporo zvezi Nato ob spo\u0161tovanju finan\u010dnih obveznosti zaveznic in denar je po &quot;odkritih pogovorih&quot; menda \u017ee za\u010del pritekati v potokih. Ameri\u0161ka zunanja politika bo mo\u010dno povezana s svetom, ZDA bodo spo\u0161tovale zavezni\u0161tva in zgodovinske ustanove, vendar tudi pravice suverenih dr\u017eav. &quot;Amerika spo\u0161tuje pravico vseh dr\u017eav do svoje poti. Moje delo ni predstavljati sveta, ampak Ameriko,&quot; je dejal Trump. &quot;Amerika se mora iz preteklih napak nekaj nau\u010diti, Amerika je pripravljena na nove prijatelje in partnerstva. \u017delimo si harmonije in stabilnosti, ne pa vojne in konflikta,&quot; je dejal in zagotovil, da Amerika \u017eeli mir.Svet\" \/>\n<meta property=\"og:url\" content=\"https:\/\/hudo.com\/si\/aktualno\/trump-v-kongresnem-govoru-zda-postavil-na-prvo-mesto\/\" \/>\n<meta property=\"og:site_name\" content=\"Hudo Slovenija\" \/>\n<meta property=\"article:publisher\" content=\"https:\/\/www.facebook.com\/hudo.si\" \/>\n<meta property=\"article:published_time\" content=\"2017-03-01T05:03:00+00:00\" \/>\n<meta property=\"article:modified_time\" content=\"2017-03-01T07:12:28+00:00\" \/>\n<meta property=\"og:image\" content=\"https:\/\/hudo.com\/si\/wp-content\/uploads\/sites\/2\/2017\/03\/05821937-300.jpg\" \/>\n\t<meta property=\"og:image:width\" content=\"450\" \/>\n\t<meta property=\"og:image:height\" content=\"299\" \/>\n\t<meta property=\"og:image:type\" content=\"image\/jpeg\" \/>\n<meta name=\"author\" content=\"hudo\" \/>\n<meta name=\"twitter:card\" content=\"summary_large_image\" \/>\n<meta name=\"twitter:creator\" content=\"@hudo_si\" \/>\n<meta name=\"twitter:site\" content=\"@hudo_si\" \/>\n<meta name=\"twitter:label1\" content=\"Written by\" \/>\n\t<meta name=\"twitter:data1\" content=\"hudo\" \/>\n\t<meta name=\"twitter:label2\" content=\"Est. reading time\" \/>\n\t<meta name=\"twitter:data2\" content=\"1 minuta\" \/>\n<script type=\"application\/ld+json\" class=\"yoast-schema-graph\">{\"@context\":\"https:\/\/schema.org\",\"@graph\":[{\"@type\":\"Article\",\"@id\":\"https:\/\/hudo.com\/si\/aktualno\/trump-v-kongresnem-govoru-zda-postavil-na-prvo-mesto\/#article\",\"isPartOf\":{\"@id\":\"https:\/\/hudo.com\/si\/aktualno\/trump-v-kongresnem-govoru-zda-postavil-na-prvo-mesto\/\"},\"author\":{\"name\":\"hudo\",\"@id\":\"https:\/\/hudo.com\/si\/#\/schema\/person\/601cf3379633985b20f7e50f2bb47707\"},\"headline\":\"Trump v kongresnem govoru ZDA postavil na prvo mesto\",\"datePublished\":\"2017-03-01T05:03:00+00:00\",\"dateModified\":\"2017-03-01T07:12:28+00:00\",\"mainEntityOfPage\":{\"@id\":\"https:\/\/hudo.com\/si\/aktualno\/trump-v-kongresnem-govoru-zda-postavil-na-prvo-mesto\/\"},\"wordCount\":223,\"publisher\":{\"@id\":\"https:\/\/hudo.com\/si\/#organization\"},\"articleSection\":[\"Aktualno\"],\"inLanguage\":\"sl-SI\"},{\"@type\":\"WebPage\",\"@id\":\"https:\/\/hudo.com\/si\/aktualno\/trump-v-kongresnem-govoru-zda-postavil-na-prvo-mesto\/\",\"url\":\"https:\/\/hudo.com\/si\/aktualno\/trump-v-kongresnem-govoru-zda-postavil-na-prvo-mesto\/\",\"name\":\"Trump v kongresnem govoru ZDA postavil na prvo mesto - Hudo Slovenija\",\"isPartOf\":{\"@id\":\"https:\/\/hudo.com\/si\/#website\"},\"datePublished\":\"2017-03-01T05:03:00+00:00\",\"dateModified\":\"2017-03-01T07:12:28+00:00\",\"breadcrumb\":{\"@id\":\"https:\/\/hudo.com\/si\/aktualno\/trump-v-kongresnem-govoru-zda-postavil-na-prvo-mesto\/#breadcrumb\"},\"inLanguage\":\"sl-SI\",\"potentialAction\":[{\"@type\":\"ReadAction\",\"target\":[\"https:\/\/hudo.com\/si\/aktualno\/trump-v-kongresnem-govoru-zda-postavil-na-prvo-mesto\/\"]}]},{\"@type\":\"BreadcrumbList\",\"@id\":\"https:\/\/hudo.com\/si\/aktualno\/trump-v-kongresnem-govoru-zda-postavil-na-prvo-mesto\/#breadcrumb\",\"itemListElement\":[{\"@type\":\"ListItem\",\"position\":1,\"name\":\"Home\",\"item\":\"https:\/\/hudo.com\/si\/\"},{\"@type\":\"ListItem\",\"position\":2,\"name\":\"Trump v kongresnem govoru ZDA postavil na prvo mesto\"}]},{\"@type\":\"WebSite\",\"@id\":\"https:\/\/hudo.com\/si\/#website\",\"url\":\"https:\/\/hudo.com\/si\/\",\"name\":\"Hudo Slovenija\",\"description\":\"Vse novice iz Slovenije in sveta\",\"publisher\":{\"@id\":\"https:\/\/hudo.com\/si\/#organization\"},\"potentialAction\":[{\"@type\":\"SearchAction\",\"target\":{\"@type\":\"EntryPoint\",\"urlTemplate\":\"https:\/\/hudo.com\/si\/?s={search_term_string}\"},\"query-input\":\"required name=search_term_string\"}],\"inLanguage\":\"sl-SI\"},{\"@type\":\"Organization\",\"@id\":\"https:\/\/hudo.com\/si\/#organization\",\"name\":\"VSN Media\",\"url\":\"https:\/\/hudo.com\/si\/\",\"logo\":{\"@type\":\"ImageObject\",\"inLanguage\":\"sl-SI\",\"@id\":\"https:\/\/hudo.com\/si\/#\/schema\/logo\/image\/\",\"url\":\"https:\/\/hudo.com\/si\/wp-content\/uploads\/sites\/2\/2021\/03\/hudo-app-2.png\",\"contentUrl\":\"https:\/\/hudo.com\/si\/wp-content\/uploads\/sites\/2\/2021\/03\/hudo-app-2.png\",\"width\":2185,\"height\":2167,\"caption\":\"VSN Media\"},\"image\":{\"@id\":\"https:\/\/hudo.com\/si\/#\/schema\/logo\/image\/\"},\"sameAs\":[\"https:\/\/www.facebook.com\/hudo.si\",\"https:\/\/twitter.com\/hudo_si\"]},{\"@type\":\"Person\",\"@id\":\"https:\/\/hudo.com\/si\/#\/schema\/person\/601cf3379633985b20f7e50f2bb47707\",\"name\":\"hudo\",\"image\":{\"@type\":\"ImageObject\",\"inLanguage\":\"sl-SI\",\"@id\":\"https:\/\/hudo.com\/si\/#\/schema\/person\/image\/\",\"url\":\"https:\/\/secure.gravatar.com\/avatar\/c4ca25fa72cace7a696b52ff5db9e095?s=96&d=mm&r=g\",\"contentUrl\":\"https:\/\/secure.gravatar.com\/avatar\/c4ca25fa72cace7a696b52ff5db9e095?s=96&d=mm&r=g\",\"caption\":\"hudo\"},\"url\":\"https:\/\/hudo.com\/si\/author\/hudo\/\"}]}<\/script>\n<!-- \/ Yoast SEO plugin. -->","yoast_head_json":{"title":"Trump v kongresnem govoru ZDA postavil na prvo mesto - Hudo Slovenija","robots":{"index":"index","follow":"follow","max-snippet":"max-snippet:-1","max-image-preview":"max-image-preview:large","max-video-preview":"max-video-preview:-1"},"canonical":"https:\/\/hudo.com\/si\/aktualno\/trump-v-kongresnem-govoru-zda-postavil-na-prvo-mesto\/","og_locale":"sl_SI","og_type":"article","og_title":"Trump v kongresnem govoru ZDA postavil na prvo mesto - Hudo Slovenija","og_description":"Ameri\u0161ki predsednik Donald Trump je v svojem prvem govoru pred obema domovoma kongresa postavil Ameri\u010dane, ZDA in ameri\u0161ke interese na prvo mesto. Na\u0161tel je dose\u017eeno od prisege na polo\u017eaj 20. januarja naprej in napovedal svetlo prihodnost, polno delovnih mest, nizkih davkov, dostopnega zdravstva, v zunanji politiki pa zavzemanje za mir. Glede notranje politike ni Trump povedal ni\u010d tak\u0161nega, kar ne bi govoril v zadnjem letu in pol, razen tega, da je omogo\u010dil mo\u017enost imigracijske reforme. Glede zunanje politike pa je zagotovil, da si \u017eeli miru in ne bo iskal spopadov z vpletanjem v notranje zadeve drugih dr\u017eav. Trump je izrekel trdno podporo zvezi Nato ob spo\u0161tovanju finan\u010dnih obveznosti zaveznic in denar je po \"odkritih pogovorih\" menda \u017ee za\u010del pritekati v potokih. Ameri\u0161ka zunanja politika bo mo\u010dno povezana s svetom, ZDA bodo spo\u0161tovale zavezni\u0161tva in zgodovinske ustanove, vendar tudi pravice suverenih dr\u017eav. \"Amerika spo\u0161tuje pravico vseh dr\u017eav do svoje poti. Moje delo ni predstavljati sveta, ampak Ameriko,\" je dejal Trump. \"Amerika se mora iz preteklih napak nekaj nau\u010diti, Amerika je pripravljena na nove prijatelje in partnerstva. \u017delimo si harmonije in stabilnosti, ne pa vojne in konflikta,\" je dejal in zagotovil, da Amerika \u017eeli mir.Svet","og_url":"https:\/\/hudo.com\/si\/aktualno\/trump-v-kongresnem-govoru-zda-postavil-na-prvo-mesto\/","og_site_name":"Hudo Slovenija","article_publisher":"https:\/\/www.facebook.com\/hudo.si","article_published_time":"2017-03-01T05:03:00+00:00","article_modified_time":"2017-03-01T07:12:28+00:00","og_image":[{"width":450,"height":299,"url":"https:\/\/hudo.com\/si\/wp-content\/uploads\/sites\/2\/2017\/03\/05821937-300.jpg","type":"image\/jpeg"}],"author":"hudo","twitter_card":"summary_large_image","twitter_creator":"@hudo_si","twitter_site":"@hudo_si","twitter_misc":{"Written by":"hudo","Est. reading time":"1 minuta"},"schema":{"@context":"https:\/\/schema.org","@graph":[{"@type":"Article","@id":"https:\/\/hudo.com\/si\/aktualno\/trump-v-kongresnem-govoru-zda-postavil-na-prvo-mesto\/#article","isPartOf":{"@id":"https:\/\/hudo.com\/si\/aktualno\/trump-v-kongresnem-govoru-zda-postavil-na-prvo-mesto\/"},"author":{"name":"hudo","@id":"https:\/\/hudo.com\/si\/#\/schema\/person\/601cf3379633985b20f7e50f2bb47707"},"headline":"Trump v kongresnem govoru ZDA postavil na prvo mesto","datePublished":"2017-03-01T05:03:00+00:00","dateModified":"2017-03-01T07:12:28+00:00","mainEntityOfPage":{"@id":"https:\/\/hudo.com\/si\/aktualno\/trump-v-kongresnem-govoru-zda-postavil-na-prvo-mesto\/"},"wordCount":223,"publisher":{"@id":"https:\/\/hudo.com\/si\/#organization"},"articleSection":["Aktualno"],"inLanguage":"sl-SI"},{"@type":"WebPage","@id":"https:\/\/hudo.com\/si\/aktualno\/trump-v-kongresnem-govoru-zda-postavil-na-prvo-mesto\/","url":"https:\/\/hudo.com\/si\/aktualno\/trump-v-kongresnem-govoru-zda-postavil-na-prvo-mesto\/","name":"Trump v kongresnem govoru ZDA postavil na prvo mesto - Hudo Slovenija","isPartOf":{"@id":"https:\/\/hudo.com\/si\/#website"},"datePublished":"2017-03-01T05:03:00+00:00","dateModified":"2017-03-01T07:12:28+00:00","breadcrumb":{"@id":"https:\/\/hudo.com\/si\/aktualno\/trump-v-kongresnem-govoru-zda-postavil-na-prvo-mesto\/#breadcrumb"},"inLanguage":"sl-SI","potentialAction":[{"@type":"ReadAction","target":["https:\/\/hudo.com\/si\/aktualno\/trump-v-kongresnem-govoru-zda-postavil-na-prvo-mesto\/"]}]},{"@type":"BreadcrumbList","@id":"https:\/\/hudo.com\/si\/aktualno\/trump-v-kongresnem-govoru-zda-postavil-na-prvo-mesto\/#breadcrumb","itemListElement":[{"@type":"ListItem","position":1,"name":"Home","item":"https:\/\/hudo.com\/si\/"},{"@type":"ListItem","position":2,"name":"Trump v kongresnem govoru ZDA postavil na prvo mesto"}]},{"@type":"WebSite","@id":"https:\/\/hudo.com\/si\/#website","url":"https:\/\/hudo.com\/si\/","name":"Hudo Slovenija","description":"Vse novice iz Slovenije in sveta","publisher":{"@id":"https:\/\/hudo.com\/si\/#organization"},"potentialAction":[{"@type":"SearchAction","target":{"@type":"EntryPoint","urlTemplate":"https:\/\/hudo.com\/si\/?s={search_term_string}"},"query-input":"required name=search_term_string"}],"inLanguage":"sl-SI"},{"@type":"Organization","@id":"https:\/\/hudo.com\/si\/#organization","name":"VSN Media","url":"https:\/\/hudo.com\/si\/","logo":{"@type":"ImageObject","inLanguage":"sl-SI","@id":"https:\/\/hudo.com\/si\/#\/schema\/logo\/image\/","url":"https:\/\/hudo.com\/si\/wp-content\/uploads\/sites\/2\/2021\/03\/hudo-app-2.png","contentUrl":"https:\/\/hudo.com\/si\/wp-content\/uploads\/sites\/2\/2021\/03\/hudo-app-2.png","width":2185,"height":2167,"caption":"VSN Media"},"image":{"@id":"https:\/\/hudo.com\/si\/#\/schema\/logo\/image\/"},"sameAs":["https:\/\/www.facebook.com\/hudo.si","https:\/\/twitter.com\/hudo_si"]},{"@type":"Person","@id":"https:\/\/hudo.com\/si\/#\/schema\/person\/601cf3379633985b20f7e50f2bb47707","name":"hudo","image":{"@type":"ImageObject","inLanguage":"sl-SI","@id":"https:\/\/hudo.com\/si\/#\/schema\/person\/image\/","url":"https:\/\/secure.gravatar.com\/avatar\/c4ca25fa72cace7a696b52ff5db9e095?s=96&d=mm&r=g","contentUrl":"https:\/\/secure.gravatar.com\/avatar\/c4ca25fa72cace7a696b52ff5db9e095?s=96&d=mm&r=g","caption":"hudo"},"url":"https:\/\/hudo.com\/si\/author\/hudo\/"}]}},"amp_enabled":true,"_links":{"self":[{"href":"https:\/\/hudo.com\/si\/wp-json\/wp\/v2\/posts\/218166"}],"collection":[{"href":"https:\/\/hudo.com\/si\/wp-json\/wp\/v2\/posts"}],"about":[{"href":"https:\/\/hudo.com\/si\/wp-json\/wp\/v2\/types\/post"}],"author":[{"embeddable":true,"href":"https:\/\/hudo.com\/si\/wp-json\/wp\/v2\/users\/1"}],"replies":[{"embeddable":true,"href":"https:\/\/hudo.com\/si\/wp-json\/wp\/v2\/comments?post=218166"}],"version-history":[{"count":1,"href":"https:\/\/hudo.com\/si\/wp-json\/wp\/v2\/posts\/218166\/revisions"}],"predecessor-version":[{"id":218268,"href":"https:\/\/hudo.com\/si\/wp-json\/wp\/v2\/posts\/218166\/revisions\/218268"}],"wp:attachment":[{"href":"https:\/\/hudo.com\/si\/wp-json\/wp\/v2\/media?parent=218166"}],"wp:term":[{"taxonomy":"category","embeddable":true,"href":"https:\/\/hudo.com\/si\/wp-json\/wp\/v2\/categories?post=218166"},{"taxonomy":"post_tag","embeddable":true,"href":"https:\/\/hudo.com\/si\/wp-json\/wp\/v2\/tags?post=218166"},{"taxonomy":"source","embeddable":true,"href":"https:\/\/hudo.com\/si\/wp-json\/wp\/v2\/source?post=218166"},{"taxonomy":"supertag","embeddable":true,"href":"https:\/\/hudo.com\/si\/wp-json\/wp\/v2\/supertag?post=218166"}],"curies":[{"name":"wp","href":"https:\/\/api.w.org\/{rel}","templated":true}]}}