{"id":218342,"date":"2017-03-01T09:25:27","date_gmt":"2017-03-01T08:25:27","guid":{"rendered":"http:\/\/hudo.com\/si\/?p=218342"},"modified":"2017-03-01T14:49:45","modified_gmt":"2017-03-01T13:49:45","slug":"dedek-v-prekmurju-po-nesreci-ustrelil-dveletnika-v-glavo","status":"publish","type":"post","link":"https:\/\/hudo.com\/si\/aktualno\/dedek-v-prekmurju-po-nesreci-ustrelil-dveletnika-v-glavo\/","title":{"rendered":"Dedek v Prekmurju po nesre\u010di ustrelil dveletnika v glavo"},"content":{"rendered":"<p>Za Planet TV so murskosobo\u0161ki policisti v torek potrdili, da je po\u0161kodba otroka nastala zaradi predelane \u0161tartne pi\u0161tole. Dedek naj bi vnuku kazal, kako pi\u0161tola deluje, ni pa vedel, da so v pi\u0161toli naboji, je poro\u010dala televizija.<\/p>\n<p>&#8220;Pred leti smo jo kot igra\u010do nabavili na sobo\u0161ki tr\u017enici. V ponedeljek pa sta vnu\u010dka, stara dve in tri leta, nekje na\u0161la to igra\u010do, ki je o\u010ditno bila nekoliko predelana, tako da niti sam nisem vedel za to. Starej\u0161i fant jo je imel v roki in sem mu rekel, naj se s tem ne igra. Hotel sem mu jo vzeti in pospraviti, pa je po\u010dilo,&#8221; pa je 61-letni dedek pojasnil za Slovenske novice.<\/p>\n<p>Policisti so za \u010dasnik potrdili, da je bil otrok po\u0161kodovan s strelom iz startne pi\u0161tole. Po neuradnih informacijah \u010dasnika naj bi strel odjeknil iz pi\u0161tole pla\u0161ilke, kakr\u0161no uporabljajo starterji pri \u0161portnih tekmovanjih. Pi\u0161tola naj bi bila predelana za uporabo malokalibrskih nabojev in eden naj bi zadel otroka.<\/p>\n<p>&#8220;Dobil je zdravni\u0161ko pomo\u010d, policisti pa zadevo obravnavajo kot sum storitve kaznivega dejanja povzro\u010ditve splo\u0161ne nevarnosti,&#8221; so za \u010dasnik pojasnili z murskosobo\u0161ke policijske uprave. Potrdili so tudi, da so ranjenega otroka najprej prepeljali v murskosobo\u0161ko bolni\u0161nico, od koder so ga prepeljali v Univerzitetni klini\u010dni center Maribor in ga tam tudi \u017ee operirali.<\/p>\n","protected":false},"excerpt":{"rendered":"<p>V ob\u010dini Moravske Toplice se je po poro\u010danju portala Sobotainfo v ponedeljek popoldne zgodila nesre\u010da, v kateri se je s strelnim oro\u017ejem hudo po\u0161kodoval dveletni otrok. O tem so poro\u010dali tudi drugi mediji. Kot navajajo dana\u0161nje Slovenske novice, je 61-letni dedek ponesre\u010di s predelano \u0161tartno pi\u0161tolo dveletnega vnuka zadel v zgornji predel glave.<\/p>\n","protected":false},"author":7,"featured_media":218343,"comment_status":"closed","ping_status":"closed","sticky":false,"template":"","format":"standard","meta":{"footnotes":""},"categories":[1179],"tags":[4688,7105,4895,5627,1595],"source":[4511],"supertag":[7150],"acf":[],"yoast_head":"<!-- This site is optimized with the Yoast SEO plugin v21.3 - https:\/\/yoast.com\/wordpress\/plugins\/seo\/ -->\n<title>Dedek v Prekmurju po nesre\u010di ustrelil dveletnika v glavo - Hudo Slovenija<\/title>\n<meta name=\"robots\" content=\"index, follow, max-snippet:-1, max-image-preview:large, max-video-preview:-1\" \/>\n<link rel=\"canonical\" href=\"https:\/\/hudo.com\/si\/aktualno\/dedek-v-prekmurju-po-nesreci-ustrelil-dveletnika-v-glavo\/\" \/>\n<meta property=\"og:locale\" content=\"sl_SI\" \/>\n<meta property=\"og:type\" content=\"article\" \/>\n<meta property=\"og:title\" content=\"Dedek v Prekmurju po nesre\u010di ustrelil dveletnika v glavo - Hudo Slovenija\" \/>\n<meta property=\"og:description\" content=\"V ob\u010dini Moravske Toplice se je po poro\u010danju portala Sobotainfo v ponedeljek popoldne zgodila nesre\u010da, v kateri se je s strelnim oro\u017ejem hudo po\u0161kodoval dveletni otrok. O tem so poro\u010dali tudi drugi mediji. Kot navajajo dana\u0161nje Slovenske novice, je 61-letni dedek ponesre\u010di s predelano \u0161tartno pi\u0161tolo dveletnega vnuka zadel v zgornji predel glave.\" \/>\n<meta property=\"og:url\" content=\"https:\/\/hudo.com\/si\/aktualno\/dedek-v-prekmurju-po-nesreci-ustrelil-dveletnika-v-glavo\/\" \/>\n<meta property=\"og:site_name\" content=\"Hudo Slovenija\" \/>\n<meta property=\"article:publisher\" content=\"https:\/\/www.facebook.com\/hudo.si\" \/>\n<meta property=\"article:published_time\" content=\"2017-03-01T08:25:27+00:00\" \/>\n<meta property=\"article:modified_time\" content=\"2017-03-01T13:49:45+00:00\" \/>\n<meta property=\"og:image\" content=\"https:\/\/hudo.com\/si\/wp-content\/uploads\/sites\/2\/2017\/03\/profimedia-0170884535.jpg\" \/>\n\t<meta property=\"og:image:width\" content=\"1237\" \/>\n\t<meta property=\"og:image:height\" content=\"1250\" \/>\n\t<meta property=\"og:image:type\" content=\"image\/jpeg\" \/>\n<meta name=\"author\" content=\"A. P., STA\" \/>\n<meta name=\"twitter:card\" content=\"summary_large_image\" \/>\n<meta name=\"twitter:creator\" content=\"@hudo_si\" \/>\n<meta name=\"twitter:site\" content=\"@hudo_si\" \/>\n<meta name=\"twitter:label1\" content=\"Written by\" \/>\n\t<meta name=\"twitter:data1\" content=\"A. P., STA\" \/>\n\t<meta name=\"twitter:label2\" content=\"Est. reading time\" \/>\n\t<meta name=\"twitter:data2\" content=\"1 minuta\" \/>\n<script type=\"application\/ld+json\" class=\"yoast-schema-graph\">{\"@context\":\"https:\/\/schema.org\",\"@graph\":[{\"@type\":\"Article\",\"@id\":\"https:\/\/hudo.com\/si\/aktualno\/dedek-v-prekmurju-po-nesreci-ustrelil-dveletnika-v-glavo\/#article\",\"isPartOf\":{\"@id\":\"https:\/\/hudo.com\/si\/aktualno\/dedek-v-prekmurju-po-nesreci-ustrelil-dveletnika-v-glavo\/\"},\"author\":{\"name\":\"A. P., STA\",\"@id\":\"https:\/\/hudo.com\/si\/#\/schema\/person\/18f09c02475ba9e606e941a565b80cff\"},\"headline\":\"Dedek v Prekmurju po nesre\u010di ustrelil dveletnika v glavo\",\"datePublished\":\"2017-03-01T08:25:27+00:00\",\"dateModified\":\"2017-03-01T13:49:45+00:00\",\"mainEntityOfPage\":{\"@id\":\"https:\/\/hudo.com\/si\/aktualno\/dedek-v-prekmurju-po-nesreci-ustrelil-dveletnika-v-glavo\/\"},\"wordCount\":247,\"publisher\":{\"@id\":\"https:\/\/hudo.com\/si\/#organization\"},\"keywords\":[\"\u010drna kronika\",\"nesre\u010da\",\"oro\u017eje\",\"Prekmurje\",\"Slovenija\"],\"articleSection\":[\"Aktualno\"],\"inLanguage\":\"sl-SI\"},{\"@type\":\"WebPage\",\"@id\":\"https:\/\/hudo.com\/si\/aktualno\/dedek-v-prekmurju-po-nesreci-ustrelil-dveletnika-v-glavo\/\",\"url\":\"https:\/\/hudo.com\/si\/aktualno\/dedek-v-prekmurju-po-nesreci-ustrelil-dveletnika-v-glavo\/\",\"name\":\"Dedek v Prekmurju po nesre\u010di ustrelil dveletnika v glavo - Hudo Slovenija\",\"isPartOf\":{\"@id\":\"https:\/\/hudo.com\/si\/#website\"},\"datePublished\":\"2017-03-01T08:25:27+00:00\",\"dateModified\":\"2017-03-01T13:49:45+00:00\",\"breadcrumb\":{\"@id\":\"https:\/\/hudo.com\/si\/aktualno\/dedek-v-prekmurju-po-nesreci-ustrelil-dveletnika-v-glavo\/#breadcrumb\"},\"inLanguage\":\"sl-SI\",\"potentialAction\":[{\"@type\":\"ReadAction\",\"target\":[\"https:\/\/hudo.com\/si\/aktualno\/dedek-v-prekmurju-po-nesreci-ustrelil-dveletnika-v-glavo\/\"]}]},{\"@type\":\"BreadcrumbList\",\"@id\":\"https:\/\/hudo.com\/si\/aktualno\/dedek-v-prekmurju-po-nesreci-ustrelil-dveletnika-v-glavo\/#breadcrumb\",\"itemListElement\":[{\"@type\":\"ListItem\",\"position\":1,\"name\":\"Home\",\"item\":\"https:\/\/hudo.com\/si\/\"},{\"@type\":\"ListItem\",\"position\":2,\"name\":\"Dedek v Prekmurju po nesre\u010di ustrelil dveletnika v glavo\"}]},{\"@type\":\"WebSite\",\"@id\":\"https:\/\/hudo.com\/si\/#website\",\"url\":\"https:\/\/hudo.com\/si\/\",\"name\":\"Hudo Slovenija\",\"description\":\"Vse novice iz Slovenije in sveta\",\"publisher\":{\"@id\":\"https:\/\/hudo.com\/si\/#organization\"},\"potentialAction\":[{\"@type\":\"SearchAction\",\"target\":{\"@type\":\"EntryPoint\",\"urlTemplate\":\"https:\/\/hudo.com\/si\/?s={search_term_string}\"},\"query-input\":\"required name=search_term_string\"}],\"inLanguage\":\"sl-SI\"},{\"@type\":\"Organization\",\"@id\":\"https:\/\/hudo.com\/si\/#organization\",\"name\":\"VSN Media\",\"url\":\"https:\/\/hudo.com\/si\/\",\"logo\":{\"@type\":\"ImageObject\",\"inLanguage\":\"sl-SI\",\"@id\":\"https:\/\/hudo.com\/si\/#\/schema\/logo\/image\/\",\"url\":\"https:\/\/hudo.com\/si\/wp-content\/uploads\/sites\/2\/2021\/03\/hudo-app-2.png\",\"contentUrl\":\"https:\/\/hudo.com\/si\/wp-content\/uploads\/sites\/2\/2021\/03\/hudo-app-2.png\",\"width\":2185,\"height\":2167,\"caption\":\"VSN Media\"},\"image\":{\"@id\":\"https:\/\/hudo.com\/si\/#\/schema\/logo\/image\/\"},\"sameAs\":[\"https:\/\/www.facebook.com\/hudo.si\",\"https:\/\/twitter.com\/hudo_si\"]},{\"@type\":\"Person\",\"@id\":\"https:\/\/hudo.com\/si\/#\/schema\/person\/18f09c02475ba9e606e941a565b80cff\",\"name\":\"A. P., STA\",\"image\":{\"@type\":\"ImageObject\",\"inLanguage\":\"sl-SI\",\"@id\":\"https:\/\/hudo.com\/si\/#\/schema\/person\/image\/\",\"url\":\"https:\/\/secure.gravatar.com\/avatar\/03eac8e609f5f04383125d80eaeaaf3e?s=96&d=mm&r=g\",\"contentUrl\":\"https:\/\/secure.gravatar.com\/avatar\/03eac8e609f5f04383125d80eaeaaf3e?s=96&d=mm&r=g\",\"caption\":\"A. P., STA\"},\"url\":\"https:\/\/hudo.com\/si\/author\/lubu\/\"}]}<\/script>\n<!-- \/ Yoast SEO plugin. -->","yoast_head_json":{"title":"Dedek v Prekmurju po nesre\u010di ustrelil dveletnika v glavo - Hudo Slovenija","robots":{"index":"index","follow":"follow","max-snippet":"max-snippet:-1","max-image-preview":"max-image-preview:large","max-video-preview":"max-video-preview:-1"},"canonical":"https:\/\/hudo.com\/si\/aktualno\/dedek-v-prekmurju-po-nesreci-ustrelil-dveletnika-v-glavo\/","og_locale":"sl_SI","og_type":"article","og_title":"Dedek v Prekmurju po nesre\u010di ustrelil dveletnika v glavo - Hudo Slovenija","og_description":"V ob\u010dini Moravske Toplice se je po poro\u010danju portala Sobotainfo v ponedeljek popoldne zgodila nesre\u010da, v kateri se je s strelnim oro\u017ejem hudo po\u0161kodoval dveletni otrok. O tem so poro\u010dali tudi drugi mediji. Kot navajajo dana\u0161nje Slovenske novice, je 61-letni dedek ponesre\u010di s predelano \u0161tartno pi\u0161tolo dveletnega vnuka zadel v zgornji predel glave.","og_url":"https:\/\/hudo.com\/si\/aktualno\/dedek-v-prekmurju-po-nesreci-ustrelil-dveletnika-v-glavo\/","og_site_name":"Hudo Slovenija","article_publisher":"https:\/\/www.facebook.com\/hudo.si","article_published_time":"2017-03-01T08:25:27+00:00","article_modified_time":"2017-03-01T13:49:45+00:00","og_image":[{"width":1237,"height":1250,"url":"https:\/\/hudo.com\/si\/wp-content\/uploads\/sites\/2\/2017\/03\/profimedia-0170884535.jpg","type":"image\/jpeg"}],"author":"A. P., STA","twitter_card":"summary_large_image","twitter_creator":"@hudo_si","twitter_site":"@hudo_si","twitter_misc":{"Written by":"A. P., STA","Est. reading time":"1 minuta"},"schema":{"@context":"https:\/\/schema.org","@graph":[{"@type":"Article","@id":"https:\/\/hudo.com\/si\/aktualno\/dedek-v-prekmurju-po-nesreci-ustrelil-dveletnika-v-glavo\/#article","isPartOf":{"@id":"https:\/\/hudo.com\/si\/aktualno\/dedek-v-prekmurju-po-nesreci-ustrelil-dveletnika-v-glavo\/"},"author":{"name":"A. P., STA","@id":"https:\/\/hudo.com\/si\/#\/schema\/person\/18f09c02475ba9e606e941a565b80cff"},"headline":"Dedek v Prekmurju po nesre\u010di ustrelil dveletnika v glavo","datePublished":"2017-03-01T08:25:27+00:00","dateModified":"2017-03-01T13:49:45+00:00","mainEntityOfPage":{"@id":"https:\/\/hudo.com\/si\/aktualno\/dedek-v-prekmurju-po-nesreci-ustrelil-dveletnika-v-glavo\/"},"wordCount":247,"publisher":{"@id":"https:\/\/hudo.com\/si\/#organization"},"keywords":["\u010drna kronika","nesre\u010da","oro\u017eje","Prekmurje","Slovenija"],"articleSection":["Aktualno"],"inLanguage":"sl-SI"},{"@type":"WebPage","@id":"https:\/\/hudo.com\/si\/aktualno\/dedek-v-prekmurju-po-nesreci-ustrelil-dveletnika-v-glavo\/","url":"https:\/\/hudo.com\/si\/aktualno\/dedek-v-prekmurju-po-nesreci-ustrelil-dveletnika-v-glavo\/","name":"Dedek v Prekmurju po nesre\u010di ustrelil dveletnika v glavo - Hudo Slovenija","isPartOf":{"@id":"https:\/\/hudo.com\/si\/#website"},"datePublished":"2017-03-01T08:25:27+00:00","dateModified":"2017-03-01T13:49:45+00:00","breadcrumb":{"@id":"https:\/\/hudo.com\/si\/aktualno\/dedek-v-prekmurju-po-nesreci-ustrelil-dveletnika-v-glavo\/#breadcrumb"},"inLanguage":"sl-SI","potentialAction":[{"@type":"ReadAction","target":["https:\/\/hudo.com\/si\/aktualno\/dedek-v-prekmurju-po-nesreci-ustrelil-dveletnika-v-glavo\/"]}]},{"@type":"BreadcrumbList","@id":"https:\/\/hudo.com\/si\/aktualno\/dedek-v-prekmurju-po-nesreci-ustrelil-dveletnika-v-glavo\/#breadcrumb","itemListElement":[{"@type":"ListItem","position":1,"name":"Home","item":"https:\/\/hudo.com\/si\/"},{"@type":"ListItem","position":2,"name":"Dedek v Prekmurju po nesre\u010di ustrelil dveletnika v glavo"}]},{"@type":"WebSite","@id":"https:\/\/hudo.com\/si\/#website","url":"https:\/\/hudo.com\/si\/","name":"Hudo Slovenija","description":"Vse novice iz Slovenije in sveta","publisher":{"@id":"https:\/\/hudo.com\/si\/#organization"},"potentialAction":[{"@type":"SearchAction","target":{"@type":"EntryPoint","urlTemplate":"https:\/\/hudo.com\/si\/?s={search_term_string}"},"query-input":"required name=search_term_string"}],"inLanguage":"sl-SI"},{"@type":"Organization","@id":"https:\/\/hudo.com\/si\/#organization","name":"VSN Media","url":"https:\/\/hudo.com\/si\/","logo":{"@type":"ImageObject","inLanguage":"sl-SI","@id":"https:\/\/hudo.com\/si\/#\/schema\/logo\/image\/","url":"https:\/\/hudo.com\/si\/wp-content\/uploads\/sites\/2\/2021\/03\/hudo-app-2.png","contentUrl":"https:\/\/hudo.com\/si\/wp-content\/uploads\/sites\/2\/2021\/03\/hudo-app-2.png","width":2185,"height":2167,"caption":"VSN Media"},"image":{"@id":"https:\/\/hudo.com\/si\/#\/schema\/logo\/image\/"},"sameAs":["https:\/\/www.facebook.com\/hudo.si","https:\/\/twitter.com\/hudo_si"]},{"@type":"Person","@id":"https:\/\/hudo.com\/si\/#\/schema\/person\/18f09c02475ba9e606e941a565b80cff","name":"A. P., STA","image":{"@type":"ImageObject","inLanguage":"sl-SI","@id":"https:\/\/hudo.com\/si\/#\/schema\/person\/image\/","url":"https:\/\/secure.gravatar.com\/avatar\/03eac8e609f5f04383125d80eaeaaf3e?s=96&d=mm&r=g","contentUrl":"https:\/\/secure.gravatar.com\/avatar\/03eac8e609f5f04383125d80eaeaaf3e?s=96&d=mm&r=g","caption":"A. P., STA"},"url":"https:\/\/hudo.com\/si\/author\/lubu\/"}]}},"amp_enabled":true,"_links":{"self":[{"href":"https:\/\/hudo.com\/si\/wp-json\/wp\/v2\/posts\/218342"}],"collection":[{"href":"https:\/\/hudo.com\/si\/wp-json\/wp\/v2\/posts"}],"about":[{"href":"https:\/\/hudo.com\/si\/wp-json\/wp\/v2\/types\/post"}],"author":[{"embeddable":true,"href":"https:\/\/hudo.com\/si\/wp-json\/wp\/v2\/users\/7"}],"replies":[{"embeddable":true,"href":"https:\/\/hudo.com\/si\/wp-json\/wp\/v2\/comments?post=218342"}],"version-history":[{"count":3,"href":"https:\/\/hudo.com\/si\/wp-json\/wp\/v2\/posts\/218342\/revisions"}],"predecessor-version":[{"id":218567,"href":"https:\/\/hudo.com\/si\/wp-json\/wp\/v2\/posts\/218342\/revisions\/218567"}],"wp:featuredmedia":[{"embeddable":true,"href":"https:\/\/hudo.com\/si\/wp-json\/wp\/v2\/media\/218343"}],"wp:attachment":[{"href":"https:\/\/hudo.com\/si\/wp-json\/wp\/v2\/media?parent=218342"}],"wp:term":[{"taxonomy":"category","embeddable":true,"href":"https:\/\/hudo.com\/si\/wp-json\/wp\/v2\/categories?post=218342"},{"taxonomy":"post_tag","embeddable":true,"href":"https:\/\/hudo.com\/si\/wp-json\/wp\/v2\/tags?post=218342"},{"taxonomy":"source","embeddable":true,"href":"https:\/\/hudo.com\/si\/wp-json\/wp\/v2\/source?post=218342"},{"taxonomy":"supertag","embeddable":true,"href":"https:\/\/hudo.com\/si\/wp-json\/wp\/v2\/supertag?post=218342"}],"curies":[{"name":"wp","href":"https:\/\/api.w.org\/{rel}","templated":true}]}}