{"id":218762,"date":"2017-03-01T23:00:00","date_gmt":"2017-03-01T22:00:00","guid":{"rendered":"http:\/\/hudo.com\/si\/2017\/03\/01\/krajina-na-slikah\/"},"modified":"2017-03-02T06:12:28","modified_gmt":"2017-03-02T05:12:28","slug":"krajina-na-slikah","status":"publish","type":"post","link":"https:\/\/hudo.com\/si\/aktualno\/krajina-na-slikah\/","title":{"rendered":"Krajina na slikah"},"content":{"rendered":"<p>V Knji\u017enici Radlje ob Dravi bodo danes, v \u010detrtek, odprli likovno razstavo Franja Maro\u0161ka z naslovom Slike. Na ogled je postavil 21 slik, ki so nastale lani in letos. Na njih so naslikani razli\u010dni koro\u0161ki kraji in krajine (Ojstrica, Le\u0161e, Peca\u00a0&#8230;). Franjo Maro\u0161ek \u017eivi v Dravogradu. Njegovo ustvarjanje se je intenzivneje za\u010delo pred 16 leti s kiparjenjem v kamnu, lesu in \u017eelezu, s slikarstvom pa se ukvarja \u0161tiri leta. Slika pod mentorstvom Sre\u010dka Fr\u00fchaufa in drugih slikarjev, ki jih dru\u0161tvo povabi kot mentorje. Vrsto let je namre\u010d aktiven \u010dlan likovne sekcije Dravograd in \u017ee tretji mandat njen predsednik. Je tudi \u010dlan Kulturno-umetni\u0161kega dru\u0161tva Karinta s Prevalj in Dru\u0161tva rezbarjev Slovenije. Pogosto sodeluje na kiparsko-slikarskih kolonijah, poleg tega \u017ee vrsto let organizira likovno kolonijo na Ojstrici, zadnje leto pa tudi v Trbonjah in Mislinji. V radeljski knji\u017enici je \u017ee razstavil svoja kiparska dela, na tokratni razstavi, ki bo na ogled do konca marca, pa predstavlja poglede na koro\u0161ko krajino. (jd)Koro\u0161ka<\/p>\n","protected":false},"excerpt":{"rendered":"<p>V Knji\u017enici Radlje ob Dravi bodo danes, v \u010detrtek, odprli likovno razstavo Franja Maro\u0161ka z naslovom Slike. Na ogled je postavil 21 slik, ki so nastale lani in letos. Na njih so naslikani razli\u010dni koro\u0161ki kraji in krajine (Ojstrica, Le\u0161e, Peca\u00a0&#8230;). Franjo Maro\u0161ek \u017eivi v Dravogradu. Njegovo ustvarjanje se je intenzivneje za\u010delo pred 16 leti s kiparjenjem v kamnu, lesu in \u017eelezu, s slikarstvom pa se ukvarja \u0161tiri leta. Slika pod mentorstvom Sre\u010dka Fr\u00fchaufa in drugih slikarjev, ki jih dru\u0161tvo povabi kot mentorje. Vrsto let je namre\u010d aktiven \u010dlan likovne sekcije Dravograd in \u017ee tretji mandat njen predsednik. Je tudi \u010dlan Kulturno-umetni\u0161kega dru\u0161tva Karinta s Prevalj in Dru\u0161tva rezbarjev Slovenije. Pogosto sodeluje na kiparsko-slikarskih kolonijah, poleg tega \u017ee vrsto let organizira likovno kolonijo na Ojstrici, zadnje leto pa tudi v Trbonjah in Mislinji. V radeljski knji\u017enici je \u017ee razstavil svoja kiparska dela, na tokratni razstavi, ki bo na ogled do konca marca, pa predstavlja poglede na koro\u0161ko krajino. (jd)Koro\u0161ka<\/p>\n","protected":false},"author":1,"featured_media":0,"comment_status":"closed","ping_status":"closed","sticky":false,"template":"","format":"standard","meta":{"footnotes":""},"categories":[1179],"tags":[],"source":[1711],"supertag":[],"acf":[],"yoast_head":"<!-- This site is optimized with the Yoast SEO plugin v21.3 - https:\/\/yoast.com\/wordpress\/plugins\/seo\/ -->\n<title>Krajina na slikah - Hudo Slovenija<\/title>\n<meta name=\"robots\" content=\"index, follow, max-snippet:-1, max-image-preview:large, max-video-preview:-1\" \/>\n<link rel=\"canonical\" href=\"https:\/\/hudo.com\/si\/aktualno\/krajina-na-slikah\/\" \/>\n<meta property=\"og:locale\" content=\"sl_SI\" \/>\n<meta property=\"og:type\" content=\"article\" \/>\n<meta property=\"og:title\" content=\"Krajina na slikah - Hudo Slovenija\" \/>\n<meta property=\"og:description\" content=\"V Knji\u017enici Radlje ob Dravi bodo danes, v \u010detrtek, odprli likovno razstavo Franja Maro\u0161ka z naslovom Slike. Na ogled je postavil 21 slik, ki so nastale lani in letos. Na njih so naslikani razli\u010dni koro\u0161ki kraji in krajine (Ojstrica, Le\u0161e, Peca\u00a0...). Franjo Maro\u0161ek \u017eivi v Dravogradu. Njegovo ustvarjanje se je intenzivneje za\u010delo pred 16 leti s kiparjenjem v kamnu, lesu in \u017eelezu, s slikarstvom pa se ukvarja \u0161tiri leta. Slika pod mentorstvom Sre\u010dka Fr\u00fchaufa in drugih slikarjev, ki jih dru\u0161tvo povabi kot mentorje. Vrsto let je namre\u010d aktiven \u010dlan likovne sekcije Dravograd in \u017ee tretji mandat njen predsednik. Je tudi \u010dlan Kulturno-umetni\u0161kega dru\u0161tva Karinta s Prevalj in Dru\u0161tva rezbarjev Slovenije. Pogosto sodeluje na kiparsko-slikarskih kolonijah, poleg tega \u017ee vrsto let organizira likovno kolonijo na Ojstrici, zadnje leto pa tudi v Trbonjah in Mislinji. V radeljski knji\u017enici je \u017ee razstavil svoja kiparska dela, na tokratni razstavi, ki bo na ogled do konca marca, pa predstavlja poglede na koro\u0161ko krajino. (jd)Koro\u0161ka\" \/>\n<meta property=\"og:url\" content=\"https:\/\/hudo.com\/si\/aktualno\/krajina-na-slikah\/\" \/>\n<meta property=\"og:site_name\" content=\"Hudo Slovenija\" \/>\n<meta property=\"article:publisher\" content=\"https:\/\/www.facebook.com\/hudo.si\" \/>\n<meta property=\"article:published_time\" content=\"2017-03-01T22:00:00+00:00\" \/>\n<meta property=\"article:modified_time\" content=\"2017-03-02T05:12:28+00:00\" \/>\n<meta property=\"og:image\" content=\"https:\/\/hudo.com\/si\/wp-content\/uploads\/sites\/2\/2017\/03\/franjo-300.jpg\" \/>\n\t<meta property=\"og:image:width\" content=\"450\" \/>\n\t<meta property=\"og:image:height\" content=\"337\" \/>\n\t<meta property=\"og:image:type\" content=\"image\/jpeg\" \/>\n<meta name=\"author\" content=\"hudo\" \/>\n<meta name=\"twitter:card\" content=\"summary_large_image\" \/>\n<meta name=\"twitter:creator\" content=\"@hudo_si\" \/>\n<meta name=\"twitter:site\" content=\"@hudo_si\" \/>\n<meta name=\"twitter:label1\" content=\"Written by\" \/>\n\t<meta name=\"twitter:data1\" content=\"hudo\" \/>\n\t<meta name=\"twitter:label2\" content=\"Est. reading time\" \/>\n\t<meta name=\"twitter:data2\" content=\"1 minuta\" \/>\n<script type=\"application\/ld+json\" class=\"yoast-schema-graph\">{\"@context\":\"https:\/\/schema.org\",\"@graph\":[{\"@type\":\"Article\",\"@id\":\"https:\/\/hudo.com\/si\/aktualno\/krajina-na-slikah\/#article\",\"isPartOf\":{\"@id\":\"https:\/\/hudo.com\/si\/aktualno\/krajina-na-slikah\/\"},\"author\":{\"name\":\"hudo\",\"@id\":\"https:\/\/hudo.com\/si\/#\/schema\/person\/601cf3379633985b20f7e50f2bb47707\"},\"headline\":\"Krajina na slikah\",\"datePublished\":\"2017-03-01T22:00:00+00:00\",\"dateModified\":\"2017-03-02T05:12:28+00:00\",\"mainEntityOfPage\":{\"@id\":\"https:\/\/hudo.com\/si\/aktualno\/krajina-na-slikah\/\"},\"wordCount\":177,\"publisher\":{\"@id\":\"https:\/\/hudo.com\/si\/#organization\"},\"articleSection\":[\"Aktualno\"],\"inLanguage\":\"sl-SI\"},{\"@type\":\"WebPage\",\"@id\":\"https:\/\/hudo.com\/si\/aktualno\/krajina-na-slikah\/\",\"url\":\"https:\/\/hudo.com\/si\/aktualno\/krajina-na-slikah\/\",\"name\":\"Krajina na slikah - Hudo Slovenija\",\"isPartOf\":{\"@id\":\"https:\/\/hudo.com\/si\/#website\"},\"datePublished\":\"2017-03-01T22:00:00+00:00\",\"dateModified\":\"2017-03-02T05:12:28+00:00\",\"breadcrumb\":{\"@id\":\"https:\/\/hudo.com\/si\/aktualno\/krajina-na-slikah\/#breadcrumb\"},\"inLanguage\":\"sl-SI\",\"potentialAction\":[{\"@type\":\"ReadAction\",\"target\":[\"https:\/\/hudo.com\/si\/aktualno\/krajina-na-slikah\/\"]}]},{\"@type\":\"BreadcrumbList\",\"@id\":\"https:\/\/hudo.com\/si\/aktualno\/krajina-na-slikah\/#breadcrumb\",\"itemListElement\":[{\"@type\":\"ListItem\",\"position\":1,\"name\":\"Home\",\"item\":\"https:\/\/hudo.com\/si\/\"},{\"@type\":\"ListItem\",\"position\":2,\"name\":\"Krajina na slikah\"}]},{\"@type\":\"WebSite\",\"@id\":\"https:\/\/hudo.com\/si\/#website\",\"url\":\"https:\/\/hudo.com\/si\/\",\"name\":\"Hudo Slovenija\",\"description\":\"Vse novice iz Slovenije in sveta\",\"publisher\":{\"@id\":\"https:\/\/hudo.com\/si\/#organization\"},\"potentialAction\":[{\"@type\":\"SearchAction\",\"target\":{\"@type\":\"EntryPoint\",\"urlTemplate\":\"https:\/\/hudo.com\/si\/?s={search_term_string}\"},\"query-input\":\"required name=search_term_string\"}],\"inLanguage\":\"sl-SI\"},{\"@type\":\"Organization\",\"@id\":\"https:\/\/hudo.com\/si\/#organization\",\"name\":\"VSN Media\",\"url\":\"https:\/\/hudo.com\/si\/\",\"logo\":{\"@type\":\"ImageObject\",\"inLanguage\":\"sl-SI\",\"@id\":\"https:\/\/hudo.com\/si\/#\/schema\/logo\/image\/\",\"url\":\"https:\/\/hudo.com\/si\/wp-content\/uploads\/sites\/2\/2021\/03\/hudo-app-2.png\",\"contentUrl\":\"https:\/\/hudo.com\/si\/wp-content\/uploads\/sites\/2\/2021\/03\/hudo-app-2.png\",\"width\":2185,\"height\":2167,\"caption\":\"VSN Media\"},\"image\":{\"@id\":\"https:\/\/hudo.com\/si\/#\/schema\/logo\/image\/\"},\"sameAs\":[\"https:\/\/www.facebook.com\/hudo.si\",\"https:\/\/twitter.com\/hudo_si\"]},{\"@type\":\"Person\",\"@id\":\"https:\/\/hudo.com\/si\/#\/schema\/person\/601cf3379633985b20f7e50f2bb47707\",\"name\":\"hudo\",\"image\":{\"@type\":\"ImageObject\",\"inLanguage\":\"sl-SI\",\"@id\":\"https:\/\/hudo.com\/si\/#\/schema\/person\/image\/\",\"url\":\"https:\/\/secure.gravatar.com\/avatar\/c4ca25fa72cace7a696b52ff5db9e095?s=96&d=mm&r=g\",\"contentUrl\":\"https:\/\/secure.gravatar.com\/avatar\/c4ca25fa72cace7a696b52ff5db9e095?s=96&d=mm&r=g\",\"caption\":\"hudo\"},\"url\":\"https:\/\/hudo.com\/si\/author\/hudo\/\"}]}<\/script>\n<!-- \/ Yoast SEO plugin. -->","yoast_head_json":{"title":"Krajina na slikah - Hudo Slovenija","robots":{"index":"index","follow":"follow","max-snippet":"max-snippet:-1","max-image-preview":"max-image-preview:large","max-video-preview":"max-video-preview:-1"},"canonical":"https:\/\/hudo.com\/si\/aktualno\/krajina-na-slikah\/","og_locale":"sl_SI","og_type":"article","og_title":"Krajina na slikah - Hudo Slovenija","og_description":"V Knji\u017enici Radlje ob Dravi bodo danes, v \u010detrtek, odprli likovno razstavo Franja Maro\u0161ka z naslovom Slike. Na ogled je postavil 21 slik, ki so nastale lani in letos. Na njih so naslikani razli\u010dni koro\u0161ki kraji in krajine (Ojstrica, Le\u0161e, Peca\u00a0...). Franjo Maro\u0161ek \u017eivi v Dravogradu. Njegovo ustvarjanje se je intenzivneje za\u010delo pred 16 leti s kiparjenjem v kamnu, lesu in \u017eelezu, s slikarstvom pa se ukvarja \u0161tiri leta. Slika pod mentorstvom Sre\u010dka Fr\u00fchaufa in drugih slikarjev, ki jih dru\u0161tvo povabi kot mentorje. Vrsto let je namre\u010d aktiven \u010dlan likovne sekcije Dravograd in \u017ee tretji mandat njen predsednik. Je tudi \u010dlan Kulturno-umetni\u0161kega dru\u0161tva Karinta s Prevalj in Dru\u0161tva rezbarjev Slovenije. Pogosto sodeluje na kiparsko-slikarskih kolonijah, poleg tega \u017ee vrsto let organizira likovno kolonijo na Ojstrici, zadnje leto pa tudi v Trbonjah in Mislinji. V radeljski knji\u017enici je \u017ee razstavil svoja kiparska dela, na tokratni razstavi, ki bo na ogled do konca marca, pa predstavlja poglede na koro\u0161ko krajino. (jd)Koro\u0161ka","og_url":"https:\/\/hudo.com\/si\/aktualno\/krajina-na-slikah\/","og_site_name":"Hudo Slovenija","article_publisher":"https:\/\/www.facebook.com\/hudo.si","article_published_time":"2017-03-01T22:00:00+00:00","article_modified_time":"2017-03-02T05:12:28+00:00","og_image":[{"width":450,"height":337,"url":"https:\/\/hudo.com\/si\/wp-content\/uploads\/sites\/2\/2017\/03\/franjo-300.jpg","type":"image\/jpeg"}],"author":"hudo","twitter_card":"summary_large_image","twitter_creator":"@hudo_si","twitter_site":"@hudo_si","twitter_misc":{"Written by":"hudo","Est. reading time":"1 minuta"},"schema":{"@context":"https:\/\/schema.org","@graph":[{"@type":"Article","@id":"https:\/\/hudo.com\/si\/aktualno\/krajina-na-slikah\/#article","isPartOf":{"@id":"https:\/\/hudo.com\/si\/aktualno\/krajina-na-slikah\/"},"author":{"name":"hudo","@id":"https:\/\/hudo.com\/si\/#\/schema\/person\/601cf3379633985b20f7e50f2bb47707"},"headline":"Krajina na slikah","datePublished":"2017-03-01T22:00:00+00:00","dateModified":"2017-03-02T05:12:28+00:00","mainEntityOfPage":{"@id":"https:\/\/hudo.com\/si\/aktualno\/krajina-na-slikah\/"},"wordCount":177,"publisher":{"@id":"https:\/\/hudo.com\/si\/#organization"},"articleSection":["Aktualno"],"inLanguage":"sl-SI"},{"@type":"WebPage","@id":"https:\/\/hudo.com\/si\/aktualno\/krajina-na-slikah\/","url":"https:\/\/hudo.com\/si\/aktualno\/krajina-na-slikah\/","name":"Krajina na slikah - Hudo Slovenija","isPartOf":{"@id":"https:\/\/hudo.com\/si\/#website"},"datePublished":"2017-03-01T22:00:00+00:00","dateModified":"2017-03-02T05:12:28+00:00","breadcrumb":{"@id":"https:\/\/hudo.com\/si\/aktualno\/krajina-na-slikah\/#breadcrumb"},"inLanguage":"sl-SI","potentialAction":[{"@type":"ReadAction","target":["https:\/\/hudo.com\/si\/aktualno\/krajina-na-slikah\/"]}]},{"@type":"BreadcrumbList","@id":"https:\/\/hudo.com\/si\/aktualno\/krajina-na-slikah\/#breadcrumb","itemListElement":[{"@type":"ListItem","position":1,"name":"Home","item":"https:\/\/hudo.com\/si\/"},{"@type":"ListItem","position":2,"name":"Krajina na slikah"}]},{"@type":"WebSite","@id":"https:\/\/hudo.com\/si\/#website","url":"https:\/\/hudo.com\/si\/","name":"Hudo Slovenija","description":"Vse novice iz Slovenije in sveta","publisher":{"@id":"https:\/\/hudo.com\/si\/#organization"},"potentialAction":[{"@type":"SearchAction","target":{"@type":"EntryPoint","urlTemplate":"https:\/\/hudo.com\/si\/?s={search_term_string}"},"query-input":"required name=search_term_string"}],"inLanguage":"sl-SI"},{"@type":"Organization","@id":"https:\/\/hudo.com\/si\/#organization","name":"VSN Media","url":"https:\/\/hudo.com\/si\/","logo":{"@type":"ImageObject","inLanguage":"sl-SI","@id":"https:\/\/hudo.com\/si\/#\/schema\/logo\/image\/","url":"https:\/\/hudo.com\/si\/wp-content\/uploads\/sites\/2\/2021\/03\/hudo-app-2.png","contentUrl":"https:\/\/hudo.com\/si\/wp-content\/uploads\/sites\/2\/2021\/03\/hudo-app-2.png","width":2185,"height":2167,"caption":"VSN Media"},"image":{"@id":"https:\/\/hudo.com\/si\/#\/schema\/logo\/image\/"},"sameAs":["https:\/\/www.facebook.com\/hudo.si","https:\/\/twitter.com\/hudo_si"]},{"@type":"Person","@id":"https:\/\/hudo.com\/si\/#\/schema\/person\/601cf3379633985b20f7e50f2bb47707","name":"hudo","image":{"@type":"ImageObject","inLanguage":"sl-SI","@id":"https:\/\/hudo.com\/si\/#\/schema\/person\/image\/","url":"https:\/\/secure.gravatar.com\/avatar\/c4ca25fa72cace7a696b52ff5db9e095?s=96&d=mm&r=g","contentUrl":"https:\/\/secure.gravatar.com\/avatar\/c4ca25fa72cace7a696b52ff5db9e095?s=96&d=mm&r=g","caption":"hudo"},"url":"https:\/\/hudo.com\/si\/author\/hudo\/"}]}},"amp_enabled":true,"_links":{"self":[{"href":"https:\/\/hudo.com\/si\/wp-json\/wp\/v2\/posts\/218762"}],"collection":[{"href":"https:\/\/hudo.com\/si\/wp-json\/wp\/v2\/posts"}],"about":[{"href":"https:\/\/hudo.com\/si\/wp-json\/wp\/v2\/types\/post"}],"author":[{"embeddable":true,"href":"https:\/\/hudo.com\/si\/wp-json\/wp\/v2\/users\/1"}],"replies":[{"embeddable":true,"href":"https:\/\/hudo.com\/si\/wp-json\/wp\/v2\/comments?post=218762"}],"version-history":[{"count":1,"href":"https:\/\/hudo.com\/si\/wp-json\/wp\/v2\/posts\/218762\/revisions"}],"predecessor-version":[{"id":218798,"href":"https:\/\/hudo.com\/si\/wp-json\/wp\/v2\/posts\/218762\/revisions\/218798"}],"wp:attachment":[{"href":"https:\/\/hudo.com\/si\/wp-json\/wp\/v2\/media?parent=218762"}],"wp:term":[{"taxonomy":"category","embeddable":true,"href":"https:\/\/hudo.com\/si\/wp-json\/wp\/v2\/categories?post=218762"},{"taxonomy":"post_tag","embeddable":true,"href":"https:\/\/hudo.com\/si\/wp-json\/wp\/v2\/tags?post=218762"},{"taxonomy":"source","embeddable":true,"href":"https:\/\/hudo.com\/si\/wp-json\/wp\/v2\/source?post=218762"},{"taxonomy":"supertag","embeddable":true,"href":"https:\/\/hudo.com\/si\/wp-json\/wp\/v2\/supertag?post=218762"}],"curies":[{"name":"wp","href":"https:\/\/api.w.org\/{rel}","templated":true}]}}