{"id":219475,"date":"2017-03-03T06:00:00","date_gmt":"2017-03-03T05:00:00","guid":{"rendered":"http:\/\/hudo.com\/si\/2017\/03\/03\/sprejeti-moramo-evropo-vec-hitrosti\/"},"modified":"2017-03-03T06:00:00","modified_gmt":"2017-03-03T05:00:00","slug":"sprejeti-moramo-evropo-vec-hitrosti","status":"publish","type":"post","link":"https:\/\/hudo.com\/si\/aktualno\/sprejeti-moramo-evropo-vec-hitrosti\/","title":{"rendered":"\u00bbSprejeti moramo Evropo ve\u010d hitrosti\u00ab"},"content":{"rendered":"<p>Kategorija: Politika Fri, 03 Mar 2017 07:00:00 +0100  Predsednik evropske komisije se je prvi dan svojega obiska udele\u017eil javne razprave o prihodnosti EU in mladih v njej v ljubljanski Festivalni dvorani. Na vpra\u0161anja ob\u010dinstva, ki je bilo sestavljeno iz predstavnikom mlaj\u0161ih generacij, sta poleg Junckerja odgovarjala tudi premier Miro Cerar in evropska komisarka za promet Violeta Bulc. Ob\u010dinstvo so zanimale razli\u010dne tematike, od bele knjige in razli\u010dnih scenarijev razvoja EU po brexitu do migrantske krize in vpra\u0161anja izginjajo\u010dih vrednot. Nekatera od vpra\u0161anj so obravnavala polo\u017eaj mladih. Premajhna strukturiranost je interakcijo med nastopajo\u010dimi in javnostjo na trenutke naredila zmedeno. Ve\u010dina odgovorov je bila posplo\u0161ena. Sporo\u010dila treh govorcev so bila precej podobna. Vsi so se zavzeli za ve\u010d vklju\u010devanja mladih v procese sprejemanja odlo\u010ditev, vsi so poudarili vlogo mladih in njen pomen za prihodnost sedemindvajseterice. Predsednik komisije Juncker je \u017ee na za\u010detku\u00a0&#8230;<\/p>\n","protected":false},"excerpt":{"rendered":"<p>Kategorija: Politika Fri, 03 Mar 2017 07:00:00 +0100  Predsednik evropske komisije se je prvi dan svojega obiska udele\u017eil javne razprave o prihodnosti EU in mladih v njej v ljubljanski Festivalni dvorani. Na vpra\u0161anja ob\u010dinstva, ki je bilo sestavljeno iz predstavnikom mlaj\u0161ih generacij, sta poleg Junckerja odgovarjala tudi premier Miro Cerar in evropska komisarka za promet Violeta Bulc. Ob\u010dinstvo so zanimale razli\u010dne tematike, od bele knjige in razli\u010dnih scenarijev razvoja EU po brexitu do migrantske krize in vpra\u0161anja izginjajo\u010dih vrednot. Nekatera od vpra\u0161anj so obravnavala polo\u017eaj mladih. Premajhna strukturiranost je interakcijo med nastopajo\u010dimi in javnostjo na trenutke naredila zmedeno. Ve\u010dina odgovorov je bila posplo\u0161ena. Sporo\u010dila treh govorcev so bila precej podobna. Vsi so se zavzeli za ve\u010d vklju\u010devanja mladih v procese sprejemanja odlo\u010ditev, vsi so poudarili vlogo mladih in njen pomen za prihodnost sedemindvajseterice. Predsednik komisije Juncker je \u017ee na za\u010detku\u00a0&#8230;<\/p>\n","protected":false},"author":1,"featured_media":0,"comment_status":"closed","ping_status":"closed","sticky":false,"template":"","format":"standard","meta":{"footnotes":""},"categories":[1179],"tags":[],"source":[1703],"supertag":[],"acf":[],"yoast_head":"<!-- This site is optimized with the Yoast SEO plugin v21.3 - https:\/\/yoast.com\/wordpress\/plugins\/seo\/ -->\n<title>\u00bbSprejeti moramo Evropo ve\u010d hitrosti\u00ab - Hudo Slovenija<\/title>\n<meta name=\"robots\" content=\"index, follow, max-snippet:-1, max-image-preview:large, max-video-preview:-1\" \/>\n<link rel=\"canonical\" href=\"https:\/\/hudo.com\/si\/aktualno\/sprejeti-moramo-evropo-vec-hitrosti\/\" \/>\n<meta property=\"og:locale\" content=\"sl_SI\" \/>\n<meta property=\"og:type\" content=\"article\" \/>\n<meta property=\"og:title\" content=\"\u00bbSprejeti moramo Evropo ve\u010d hitrosti\u00ab - Hudo Slovenija\" \/>\n<meta property=\"og:description\" content=\"Kategorija: Politika Fri, 03 Mar 2017 07:00:00 +0100 Predsednik evropske komisije se je prvi dan svojega obiska udele\u017eil javne razprave o prihodnosti EU in mladih v njej v ljubljanski Festivalni dvorani. Na vpra\u0161anja ob\u010dinstva, ki je bilo sestavljeno iz predstavnikom mlaj\u0161ih generacij, sta poleg Junckerja odgovarjala tudi premier Miro Cerar in evropska komisarka za promet Violeta Bulc. Ob\u010dinstvo so zanimale razli\u010dne tematike, od bele knjige in razli\u010dnih scenarijev razvoja EU po brexitu do migrantske krize in vpra\u0161anja izginjajo\u010dih vrednot. Nekatera od vpra\u0161anj so obravnavala polo\u017eaj mladih. Premajhna strukturiranost je interakcijo med nastopajo\u010dimi in javnostjo na trenutke naredila zmedeno. Ve\u010dina odgovorov je bila posplo\u0161ena. Sporo\u010dila treh govorcev so bila precej podobna. Vsi so se zavzeli za ve\u010d vklju\u010devanja mladih v procese sprejemanja odlo\u010ditev, vsi so poudarili vlogo mladih in njen pomen za prihodnost sedemindvajseterice. Predsednik komisije Juncker je \u017ee na za\u010detku\u00a0...\" \/>\n<meta property=\"og:url\" content=\"https:\/\/hudo.com\/si\/aktualno\/sprejeti-moramo-evropo-vec-hitrosti\/\" \/>\n<meta property=\"og:site_name\" content=\"Hudo Slovenija\" \/>\n<meta property=\"article:publisher\" content=\"https:\/\/www.facebook.com\/hudo.si\" \/>\n<meta property=\"article:published_time\" content=\"2017-03-03T05:00:00+00:00\" \/>\n<meta property=\"og:image\" content=\"https:\/\/hudo.com\/si\/wp-content\/uploads\/sites\/2\/2017\/03\/480x290_3_stran__Delo_Foto_20170302_hires3.jpeg\" \/>\n\t<meta property=\"og:image:width\" content=\"480\" \/>\n\t<meta property=\"og:image:height\" content=\"290\" \/>\n\t<meta property=\"og:image:type\" content=\"image\/jpeg\" \/>\n<meta name=\"author\" content=\"hudo\" \/>\n<meta name=\"twitter:card\" content=\"summary_large_image\" \/>\n<meta name=\"twitter:creator\" content=\"@hudo_si\" \/>\n<meta name=\"twitter:site\" content=\"@hudo_si\" \/>\n<meta name=\"twitter:label1\" content=\"Written by\" \/>\n\t<meta name=\"twitter:data1\" content=\"hudo\" \/>\n\t<meta name=\"twitter:label2\" content=\"Est. reading time\" \/>\n\t<meta name=\"twitter:data2\" content=\"1 minuta\" \/>\n<script type=\"application\/ld+json\" class=\"yoast-schema-graph\">{\"@context\":\"https:\/\/schema.org\",\"@graph\":[{\"@type\":\"Article\",\"@id\":\"https:\/\/hudo.com\/si\/aktualno\/sprejeti-moramo-evropo-vec-hitrosti\/#article\",\"isPartOf\":{\"@id\":\"https:\/\/hudo.com\/si\/aktualno\/sprejeti-moramo-evropo-vec-hitrosti\/\"},\"author\":{\"name\":\"hudo\",\"@id\":\"https:\/\/hudo.com\/si\/#\/schema\/person\/601cf3379633985b20f7e50f2bb47707\"},\"headline\":\"\u00bbSprejeti moramo Evropo ve\u010d hitrosti\u00ab\",\"datePublished\":\"2017-03-03T05:00:00+00:00\",\"dateModified\":\"2017-03-03T05:00:00+00:00\",\"mainEntityOfPage\":{\"@id\":\"https:\/\/hudo.com\/si\/aktualno\/sprejeti-moramo-evropo-vec-hitrosti\/\"},\"wordCount\":159,\"publisher\":{\"@id\":\"https:\/\/hudo.com\/si\/#organization\"},\"articleSection\":[\"Aktualno\"],\"inLanguage\":\"sl-SI\"},{\"@type\":\"WebPage\",\"@id\":\"https:\/\/hudo.com\/si\/aktualno\/sprejeti-moramo-evropo-vec-hitrosti\/\",\"url\":\"https:\/\/hudo.com\/si\/aktualno\/sprejeti-moramo-evropo-vec-hitrosti\/\",\"name\":\"\u00bbSprejeti moramo Evropo ve\u010d hitrosti\u00ab - Hudo Slovenija\",\"isPartOf\":{\"@id\":\"https:\/\/hudo.com\/si\/#website\"},\"datePublished\":\"2017-03-03T05:00:00+00:00\",\"dateModified\":\"2017-03-03T05:00:00+00:00\",\"breadcrumb\":{\"@id\":\"https:\/\/hudo.com\/si\/aktualno\/sprejeti-moramo-evropo-vec-hitrosti\/#breadcrumb\"},\"inLanguage\":\"sl-SI\",\"potentialAction\":[{\"@type\":\"ReadAction\",\"target\":[\"https:\/\/hudo.com\/si\/aktualno\/sprejeti-moramo-evropo-vec-hitrosti\/\"]}]},{\"@type\":\"BreadcrumbList\",\"@id\":\"https:\/\/hudo.com\/si\/aktualno\/sprejeti-moramo-evropo-vec-hitrosti\/#breadcrumb\",\"itemListElement\":[{\"@type\":\"ListItem\",\"position\":1,\"name\":\"Home\",\"item\":\"https:\/\/hudo.com\/si\/\"},{\"@type\":\"ListItem\",\"position\":2,\"name\":\"\u00bbSprejeti moramo Evropo ve\u010d hitrosti\u00ab\"}]},{\"@type\":\"WebSite\",\"@id\":\"https:\/\/hudo.com\/si\/#website\",\"url\":\"https:\/\/hudo.com\/si\/\",\"name\":\"Hudo Slovenija\",\"description\":\"Vse novice iz Slovenije in sveta\",\"publisher\":{\"@id\":\"https:\/\/hudo.com\/si\/#organization\"},\"potentialAction\":[{\"@type\":\"SearchAction\",\"target\":{\"@type\":\"EntryPoint\",\"urlTemplate\":\"https:\/\/hudo.com\/si\/?s={search_term_string}\"},\"query-input\":\"required name=search_term_string\"}],\"inLanguage\":\"sl-SI\"},{\"@type\":\"Organization\",\"@id\":\"https:\/\/hudo.com\/si\/#organization\",\"name\":\"VSN Media\",\"url\":\"https:\/\/hudo.com\/si\/\",\"logo\":{\"@type\":\"ImageObject\",\"inLanguage\":\"sl-SI\",\"@id\":\"https:\/\/hudo.com\/si\/#\/schema\/logo\/image\/\",\"url\":\"https:\/\/hudo.com\/si\/wp-content\/uploads\/sites\/2\/2021\/03\/hudo-app-2.png\",\"contentUrl\":\"https:\/\/hudo.com\/si\/wp-content\/uploads\/sites\/2\/2021\/03\/hudo-app-2.png\",\"width\":2185,\"height\":2167,\"caption\":\"VSN Media\"},\"image\":{\"@id\":\"https:\/\/hudo.com\/si\/#\/schema\/logo\/image\/\"},\"sameAs\":[\"https:\/\/www.facebook.com\/hudo.si\",\"https:\/\/twitter.com\/hudo_si\"]},{\"@type\":\"Person\",\"@id\":\"https:\/\/hudo.com\/si\/#\/schema\/person\/601cf3379633985b20f7e50f2bb47707\",\"name\":\"hudo\",\"image\":{\"@type\":\"ImageObject\",\"inLanguage\":\"sl-SI\",\"@id\":\"https:\/\/hudo.com\/si\/#\/schema\/person\/image\/\",\"url\":\"https:\/\/secure.gravatar.com\/avatar\/c4ca25fa72cace7a696b52ff5db9e095?s=96&d=mm&r=g\",\"contentUrl\":\"https:\/\/secure.gravatar.com\/avatar\/c4ca25fa72cace7a696b52ff5db9e095?s=96&d=mm&r=g\",\"caption\":\"hudo\"},\"url\":\"https:\/\/hudo.com\/si\/author\/hudo\/\"}]}<\/script>\n<!-- \/ Yoast SEO plugin. -->","yoast_head_json":{"title":"\u00bbSprejeti moramo Evropo ve\u010d hitrosti\u00ab - Hudo Slovenija","robots":{"index":"index","follow":"follow","max-snippet":"max-snippet:-1","max-image-preview":"max-image-preview:large","max-video-preview":"max-video-preview:-1"},"canonical":"https:\/\/hudo.com\/si\/aktualno\/sprejeti-moramo-evropo-vec-hitrosti\/","og_locale":"sl_SI","og_type":"article","og_title":"\u00bbSprejeti moramo Evropo ve\u010d hitrosti\u00ab - Hudo Slovenija","og_description":"Kategorija: Politika Fri, 03 Mar 2017 07:00:00 +0100 Predsednik evropske komisije se je prvi dan svojega obiska udele\u017eil javne razprave o prihodnosti EU in mladih v njej v ljubljanski Festivalni dvorani. Na vpra\u0161anja ob\u010dinstva, ki je bilo sestavljeno iz predstavnikom mlaj\u0161ih generacij, sta poleg Junckerja odgovarjala tudi premier Miro Cerar in evropska komisarka za promet Violeta Bulc. Ob\u010dinstvo so zanimale razli\u010dne tematike, od bele knjige in razli\u010dnih scenarijev razvoja EU po brexitu do migrantske krize in vpra\u0161anja izginjajo\u010dih vrednot. Nekatera od vpra\u0161anj so obravnavala polo\u017eaj mladih. Premajhna strukturiranost je interakcijo med nastopajo\u010dimi in javnostjo na trenutke naredila zmedeno. Ve\u010dina odgovorov je bila posplo\u0161ena. Sporo\u010dila treh govorcev so bila precej podobna. Vsi so se zavzeli za ve\u010d vklju\u010devanja mladih v procese sprejemanja odlo\u010ditev, vsi so poudarili vlogo mladih in njen pomen za prihodnost sedemindvajseterice. Predsednik komisije Juncker je \u017ee na za\u010detku\u00a0...","og_url":"https:\/\/hudo.com\/si\/aktualno\/sprejeti-moramo-evropo-vec-hitrosti\/","og_site_name":"Hudo Slovenija","article_publisher":"https:\/\/www.facebook.com\/hudo.si","article_published_time":"2017-03-03T05:00:00+00:00","og_image":[{"width":480,"height":290,"url":"https:\/\/hudo.com\/si\/wp-content\/uploads\/sites\/2\/2017\/03\/480x290_3_stran__Delo_Foto_20170302_hires3.jpeg","type":"image\/jpeg"}],"author":"hudo","twitter_card":"summary_large_image","twitter_creator":"@hudo_si","twitter_site":"@hudo_si","twitter_misc":{"Written by":"hudo","Est. reading time":"1 minuta"},"schema":{"@context":"https:\/\/schema.org","@graph":[{"@type":"Article","@id":"https:\/\/hudo.com\/si\/aktualno\/sprejeti-moramo-evropo-vec-hitrosti\/#article","isPartOf":{"@id":"https:\/\/hudo.com\/si\/aktualno\/sprejeti-moramo-evropo-vec-hitrosti\/"},"author":{"name":"hudo","@id":"https:\/\/hudo.com\/si\/#\/schema\/person\/601cf3379633985b20f7e50f2bb47707"},"headline":"\u00bbSprejeti moramo Evropo ve\u010d hitrosti\u00ab","datePublished":"2017-03-03T05:00:00+00:00","dateModified":"2017-03-03T05:00:00+00:00","mainEntityOfPage":{"@id":"https:\/\/hudo.com\/si\/aktualno\/sprejeti-moramo-evropo-vec-hitrosti\/"},"wordCount":159,"publisher":{"@id":"https:\/\/hudo.com\/si\/#organization"},"articleSection":["Aktualno"],"inLanguage":"sl-SI"},{"@type":"WebPage","@id":"https:\/\/hudo.com\/si\/aktualno\/sprejeti-moramo-evropo-vec-hitrosti\/","url":"https:\/\/hudo.com\/si\/aktualno\/sprejeti-moramo-evropo-vec-hitrosti\/","name":"\u00bbSprejeti moramo Evropo ve\u010d hitrosti\u00ab - Hudo Slovenija","isPartOf":{"@id":"https:\/\/hudo.com\/si\/#website"},"datePublished":"2017-03-03T05:00:00+00:00","dateModified":"2017-03-03T05:00:00+00:00","breadcrumb":{"@id":"https:\/\/hudo.com\/si\/aktualno\/sprejeti-moramo-evropo-vec-hitrosti\/#breadcrumb"},"inLanguage":"sl-SI","potentialAction":[{"@type":"ReadAction","target":["https:\/\/hudo.com\/si\/aktualno\/sprejeti-moramo-evropo-vec-hitrosti\/"]}]},{"@type":"BreadcrumbList","@id":"https:\/\/hudo.com\/si\/aktualno\/sprejeti-moramo-evropo-vec-hitrosti\/#breadcrumb","itemListElement":[{"@type":"ListItem","position":1,"name":"Home","item":"https:\/\/hudo.com\/si\/"},{"@type":"ListItem","position":2,"name":"\u00bbSprejeti moramo Evropo ve\u010d hitrosti\u00ab"}]},{"@type":"WebSite","@id":"https:\/\/hudo.com\/si\/#website","url":"https:\/\/hudo.com\/si\/","name":"Hudo Slovenija","description":"Vse novice iz Slovenije in sveta","publisher":{"@id":"https:\/\/hudo.com\/si\/#organization"},"potentialAction":[{"@type":"SearchAction","target":{"@type":"EntryPoint","urlTemplate":"https:\/\/hudo.com\/si\/?s={search_term_string}"},"query-input":"required name=search_term_string"}],"inLanguage":"sl-SI"},{"@type":"Organization","@id":"https:\/\/hudo.com\/si\/#organization","name":"VSN Media","url":"https:\/\/hudo.com\/si\/","logo":{"@type":"ImageObject","inLanguage":"sl-SI","@id":"https:\/\/hudo.com\/si\/#\/schema\/logo\/image\/","url":"https:\/\/hudo.com\/si\/wp-content\/uploads\/sites\/2\/2021\/03\/hudo-app-2.png","contentUrl":"https:\/\/hudo.com\/si\/wp-content\/uploads\/sites\/2\/2021\/03\/hudo-app-2.png","width":2185,"height":2167,"caption":"VSN Media"},"image":{"@id":"https:\/\/hudo.com\/si\/#\/schema\/logo\/image\/"},"sameAs":["https:\/\/www.facebook.com\/hudo.si","https:\/\/twitter.com\/hudo_si"]},{"@type":"Person","@id":"https:\/\/hudo.com\/si\/#\/schema\/person\/601cf3379633985b20f7e50f2bb47707","name":"hudo","image":{"@type":"ImageObject","inLanguage":"sl-SI","@id":"https:\/\/hudo.com\/si\/#\/schema\/person\/image\/","url":"https:\/\/secure.gravatar.com\/avatar\/c4ca25fa72cace7a696b52ff5db9e095?s=96&d=mm&r=g","contentUrl":"https:\/\/secure.gravatar.com\/avatar\/c4ca25fa72cace7a696b52ff5db9e095?s=96&d=mm&r=g","caption":"hudo"},"url":"https:\/\/hudo.com\/si\/author\/hudo\/"}]}},"amp_enabled":true,"_links":{"self":[{"href":"https:\/\/hudo.com\/si\/wp-json\/wp\/v2\/posts\/219475"}],"collection":[{"href":"https:\/\/hudo.com\/si\/wp-json\/wp\/v2\/posts"}],"about":[{"href":"https:\/\/hudo.com\/si\/wp-json\/wp\/v2\/types\/post"}],"author":[{"embeddable":true,"href":"https:\/\/hudo.com\/si\/wp-json\/wp\/v2\/users\/1"}],"replies":[{"embeddable":true,"href":"https:\/\/hudo.com\/si\/wp-json\/wp\/v2\/comments?post=219475"}],"version-history":[{"count":0,"href":"https:\/\/hudo.com\/si\/wp-json\/wp\/v2\/posts\/219475\/revisions"}],"wp:attachment":[{"href":"https:\/\/hudo.com\/si\/wp-json\/wp\/v2\/media?parent=219475"}],"wp:term":[{"taxonomy":"category","embeddable":true,"href":"https:\/\/hudo.com\/si\/wp-json\/wp\/v2\/categories?post=219475"},{"taxonomy":"post_tag","embeddable":true,"href":"https:\/\/hudo.com\/si\/wp-json\/wp\/v2\/tags?post=219475"},{"taxonomy":"source","embeddable":true,"href":"https:\/\/hudo.com\/si\/wp-json\/wp\/v2\/source?post=219475"},{"taxonomy":"supertag","embeddable":true,"href":"https:\/\/hudo.com\/si\/wp-json\/wp\/v2\/supertag?post=219475"}],"curies":[{"name":"wp","href":"https:\/\/api.w.org\/{rel}","templated":true}]}}