{"id":219540,"date":"2017-03-03T06:10:00","date_gmt":"2017-03-03T05:10:00","guid":{"rendered":"http:\/\/hudo.com\/si\/2017\/03\/03\/ilka-stuhec-na-treningu-smuka-le-desetinko-za-vonnovo\/"},"modified":"2017-03-03T10:21:44","modified_gmt":"2017-03-03T09:21:44","slug":"ilka-stuhec-na-treningu-smuka-le-desetinko-za-vonnovo","status":"publish","type":"post","link":"https:\/\/hudo.com\/si\/aktualno\/ilka-stuhec-na-treningu-smuka-le-desetinko-za-vonnovo\/","title":{"rendered":"Ilka \u0160tuhec na treningu smuka le desetinko za Vonnovo"},"content":{"rendered":"<p>Najbolj\u0161a slovenska alpska smu\u010darka Ilka \u0160tuhec nadaljuje odli\u010dne nastope na generalki pred olimpijskimi igrami v ju\u017enokorejskem Pyeogchandu, ki bo igre gostil prihodnje leto. Tudi na drugem treningu na olimpijski progi je bila od \u0160tuh\u010deve hitrej\u0161a le Ameri\u010danka Lindsay Vonn, tekmovalki pa je lo\u010dila desetinka sekunde.  Vrstni red pri vrhu je prakti\u010dno enak kot v \u010detrtek, le med vodilnima se je s 17 stotink sekunde zmanj\u0161ala na 10, tretja pa je bila vnovi\u010d Italijanka Sofia Goggia, ki pa je zaostajala \u017ee 93 stotink.  Druga Slovenka Maru\u0161a Ferk je bila 36., njen zaostanek pa je zna\u0161al kar 4,15 sekunde  V soboto in nedeljo smu\u010darke v Pyoengchangu \u010dakata smuk in superveleslalom. Obe tekmi se bosta za\u010deli ob 3. uri po slovenskem \u010dasu.  Pomemben bo predvsem smuk, kjer ima \u0160tuh\u010deva v skupnem se\u0161tevku 137 to\u010dk prednosti pred Goggio in s tem \u017ee prilo\u017enost, da po kombinacijskem osvoji \u0161e smuka\u0161ki in s tem drugi mali kristalni globus v sezoni.  Po zmagi prej\u0161nji konec tedna na superveleslalomu v Crans Montani, je Maribor\u010danka v boju za skupno zmago tudi v tej disciplini alpskega smu\u010danja.\u0160tuh\u010deva odli\u010dna tudi na petkovem treningu  Pyeongchang, 3. marca &#8211; Najbolj\u0161a slovenska alpska smu\u010darka Ilka \u0160tuhec nadaljuje odli\u010dne nastope na generalki pred olimpijskimi igrami v ju\u017enokorejskem Pyeogchandu, ki bo igre gostil prihodnje leto. Tudi na drugem treningu na olimpijski progi je bila od \u0160tuh\u010deve hitrej\u0161a le Ameri\u010danka Lindsay Vonn, tekmovalki pa je lo\u010dila desetinka sekunde.  Vrstni red pri vrhu je prakti\u010dno enak kot v \u010detrtek, le med vodilnima se je s 17 stotink sekunde zmanj\u0161ala na 10, tretja pa je bila vnovi\u010d Italijanka Sofia Goggia, ki pa je zaostajala \u017ee 93 stotink.  Druga Slovenka Maru\u0161a Ferk je bila 36., njen zaostanek pa je zna\u0161al kar 4,15 sekunde  V soboto in nedeljo smu\u010darke v Pyoengchangu \u010dakata smuk in superveleslalom. Obe tekmi se bosta za\u010deli ob 3. uri po slovenskem \u010dasu.  Pomemben bo predvsem smuk, kjer ima \u0160tuh\u010deva v skupnem se\u0161tevku 137 to\u010dk prednosti pred Goggio in s<\/p>\n","protected":false},"excerpt":{"rendered":"<p>Najbolj\u0161a slovenska alpska smu\u010darka Ilka \u0160tuhec nadaljuje odli\u010dne nastope na generalki pred olimpijskimi igrami v ju\u017enokorejskem Pyeogchandu, ki bo igre gostil prihodnje leto. Tudi na drugem treningu na olimpijski progi je bila od \u0160tuh\u010deve hitrej\u0161a le Ameri\u010danka Lindsay Vonn, tekmovalki pa je lo\u010dila desetinka sekunde.  Vrstni red pri vrhu je prakti\u010dno enak kot v \u010detrtek, le med vodilnima se je s 17 stotink sekunde zmanj\u0161ala na 10, tretja pa je bila vnovi\u010d Italijanka Sofia Goggia, ki pa je zaostajala \u017ee 93 stotink.  Druga Slovenka Maru\u0161a Ferk je bila 36., njen zaostanek pa je zna\u0161al kar 4,15 sekunde  V soboto in nedeljo smu\u010darke v Pyoengchangu \u010dakata smuk in superveleslalom. Obe tekmi se bosta za\u010deli ob 3. uri po slovenskem \u010dasu.  Pomemben bo predvsem smuk, kjer ima \u0160tuh\u010deva v skupnem se\u0161tevku 137 to\u010dk prednosti pred Goggio in s tem \u017ee prilo\u017enost, da po kombinacijskem osvoji \u0161e smuka\u0161ki in s tem drugi mali kristalni globus v sezoni.  Po zmagi prej\u0161nji konec tedna na superveleslalomu v Crans Montani, je Maribor\u010danka v boju za skupno zmago tudi v tej disciplini alpskega smu\u010danja.\u0160tuh\u010deva odli\u010dna tudi na petkovem treningu  Pyeongchang, 3. marca &#8211; Najbolj\u0161a slovenska alpska smu\u010darka Ilka \u0160tuhec nadaljuje odli\u010dne nastope na generalki pred olimpijskimi igrami v ju\u017enokorejskem Pyeogchandu, ki bo igre gostil prihodnje leto. Tudi na drugem treningu na olimpijski progi je bila od \u0160tuh\u010deve hitrej\u0161a le Ameri\u010danka Lindsay Vonn, tekmovalki pa je lo\u010dila desetinka sekunde.  Vrstni red pri vrhu je prakti\u010dno enak kot v \u010detrtek, le med vodilnima se je s 17 stotink sekunde zmanj\u0161ala na 10, tretja pa je bila vnovi\u010d Italijanka Sofia Goggia, ki pa je zaostajala \u017ee 93 stotink.  Druga Slovenka Maru\u0161a Ferk je bila 36., njen zaostanek pa je zna\u0161al kar 4,15 sekunde  V soboto in nedeljo smu\u010darke v Pyoengchangu \u010dakata smuk in superveleslalom. Obe tekmi se bosta za\u010deli ob 3. uri po slovenskem \u010dasu.  Pomemben bo predvsem smuk, kjer ima \u0160tuh\u010deva v skupnem se\u0161tevku 137 to\u010dk prednosti pred Goggio in s<\/p>\n","protected":false},"author":1,"featured_media":0,"comment_status":"closed","ping_status":"closed","sticky":false,"template":"","format":"standard","meta":{"footnotes":""},"categories":[1179],"tags":[],"source":[1711],"supertag":[],"acf":[],"yoast_head":"<!-- This site is optimized with the Yoast SEO plugin v21.3 - https:\/\/yoast.com\/wordpress\/plugins\/seo\/ -->\n<title>Ilka \u0160tuhec na treningu smuka le desetinko za Vonnovo - Hudo Slovenija<\/title>\n<meta name=\"robots\" content=\"index, follow, max-snippet:-1, max-image-preview:large, max-video-preview:-1\" \/>\n<link rel=\"canonical\" href=\"https:\/\/hudo.com\/si\/aktualno\/ilka-stuhec-na-treningu-smuka-le-desetinko-za-vonnovo\/\" \/>\n<meta property=\"og:locale\" content=\"sl_SI\" \/>\n<meta property=\"og:type\" content=\"article\" \/>\n<meta property=\"og:title\" content=\"Ilka \u0160tuhec na treningu smuka le desetinko za Vonnovo - Hudo Slovenija\" \/>\n<meta property=\"og:description\" content=\"Najbolj\u0161a slovenska alpska smu\u010darka Ilka \u0160tuhec nadaljuje odli\u010dne nastope na generalki pred olimpijskimi igrami v ju\u017enokorejskem Pyeogchandu, ki bo igre gostil prihodnje leto. Tudi na drugem treningu na olimpijski progi je bila od \u0160tuh\u010deve hitrej\u0161a le Ameri\u010danka Lindsay Vonn, tekmovalki pa je lo\u010dila desetinka sekunde. Vrstni red pri vrhu je prakti\u010dno enak kot v \u010detrtek, le med vodilnima se je s 17 stotink sekunde zmanj\u0161ala na 10, tretja pa je bila vnovi\u010d Italijanka Sofia Goggia, ki pa je zaostajala \u017ee 93 stotink. Druga Slovenka Maru\u0161a Ferk je bila 36., njen zaostanek pa je zna\u0161al kar 4,15 sekunde V soboto in nedeljo smu\u010darke v Pyoengchangu \u010dakata smuk in superveleslalom. Obe tekmi se bosta za\u010deli ob 3. uri po slovenskem \u010dasu. Pomemben bo predvsem smuk, kjer ima \u0160tuh\u010deva v skupnem se\u0161tevku 137 to\u010dk prednosti pred Goggio in s tem \u017ee prilo\u017enost, da po kombinacijskem osvoji \u0161e smuka\u0161ki in s tem drugi mali kristalni globus v sezoni. Po zmagi prej\u0161nji konec tedna na superveleslalomu v Crans Montani, je Maribor\u010danka v boju za skupno zmago tudi v tej disciplini alpskega smu\u010danja.\u0160tuh\u010deva odli\u010dna tudi na petkovem treningu Pyeongchang, 3. marca - Najbolj\u0161a slovenska alpska smu\u010darka Ilka \u0160tuhec nadaljuje odli\u010dne nastope na generalki pred olimpijskimi igrami v ju\u017enokorejskem Pyeogchandu, ki bo igre gostil prihodnje leto. Tudi na drugem treningu na olimpijski progi je bila od \u0160tuh\u010deve hitrej\u0161a le Ameri\u010danka Lindsay Vonn, tekmovalki pa je lo\u010dila desetinka sekunde. Vrstni red pri vrhu je prakti\u010dno enak kot v \u010detrtek, le med vodilnima se je s 17 stotink sekunde zmanj\u0161ala na 10, tretja pa je bila vnovi\u010d Italijanka Sofia Goggia, ki pa je zaostajala \u017ee 93 stotink. Druga Slovenka Maru\u0161a Ferk je bila 36., njen zaostanek pa je zna\u0161al kar 4,15 sekunde V soboto in nedeljo smu\u010darke v Pyoengchangu \u010dakata smuk in superveleslalom. Obe tekmi se bosta za\u010deli ob 3. uri po slovenskem \u010dasu. Pomemben bo predvsem smuk, kjer ima \u0160tuh\u010deva v skupnem se\u0161tevku 137 to\u010dk prednosti pred Goggio in s\" \/>\n<meta property=\"og:url\" content=\"https:\/\/hudo.com\/si\/aktualno\/ilka-stuhec-na-treningu-smuka-le-desetinko-za-vonnovo\/\" \/>\n<meta property=\"og:site_name\" content=\"Hudo Slovenija\" \/>\n<meta property=\"article:publisher\" content=\"https:\/\/www.facebook.com\/hudo.si\" \/>\n<meta property=\"article:published_time\" content=\"2017-03-03T05:10:00+00:00\" \/>\n<meta property=\"article:modified_time\" content=\"2017-03-03T09:21:44+00:00\" \/>\n<meta property=\"og:image\" content=\"https:\/\/hudo.com\/si\/wp-content\/uploads\/sites\/2\/2017\/03\/05826045-300.jpg\" \/>\n\t<meta property=\"og:image:width\" content=\"450\" \/>\n\t<meta property=\"og:image:height\" content=\"551\" \/>\n\t<meta property=\"og:image:type\" content=\"image\/jpeg\" \/>\n<meta name=\"author\" content=\"hudo\" \/>\n<meta name=\"twitter:card\" content=\"summary_large_image\" \/>\n<meta name=\"twitter:creator\" content=\"@hudo_si\" \/>\n<meta name=\"twitter:site\" content=\"@hudo_si\" \/>\n<meta name=\"twitter:label1\" content=\"Written by\" \/>\n\t<meta name=\"twitter:data1\" content=\"hudo\" \/>\n\t<meta name=\"twitter:label2\" content=\"Est. reading time\" \/>\n\t<meta name=\"twitter:data2\" content=\"2 minuti\" \/>\n<script type=\"application\/ld+json\" class=\"yoast-schema-graph\">{\"@context\":\"https:\/\/schema.org\",\"@graph\":[{\"@type\":\"Article\",\"@id\":\"https:\/\/hudo.com\/si\/aktualno\/ilka-stuhec-na-treningu-smuka-le-desetinko-za-vonnovo\/#article\",\"isPartOf\":{\"@id\":\"https:\/\/hudo.com\/si\/aktualno\/ilka-stuhec-na-treningu-smuka-le-desetinko-za-vonnovo\/\"},\"author\":{\"name\":\"hudo\",\"@id\":\"https:\/\/hudo.com\/si\/#\/schema\/person\/601cf3379633985b20f7e50f2bb47707\"},\"headline\":\"Ilka \u0160tuhec na treningu smuka le desetinko za Vonnovo\",\"datePublished\":\"2017-03-03T05:10:00+00:00\",\"dateModified\":\"2017-03-03T09:21:44+00:00\",\"mainEntityOfPage\":{\"@id\":\"https:\/\/hudo.com\/si\/aktualno\/ilka-stuhec-na-treningu-smuka-le-desetinko-za-vonnovo\/\"},\"wordCount\":358,\"publisher\":{\"@id\":\"https:\/\/hudo.com\/si\/#organization\"},\"articleSection\":[\"Aktualno\"],\"inLanguage\":\"sl-SI\"},{\"@type\":\"WebPage\",\"@id\":\"https:\/\/hudo.com\/si\/aktualno\/ilka-stuhec-na-treningu-smuka-le-desetinko-za-vonnovo\/\",\"url\":\"https:\/\/hudo.com\/si\/aktualno\/ilka-stuhec-na-treningu-smuka-le-desetinko-za-vonnovo\/\",\"name\":\"Ilka \u0160tuhec na treningu smuka le desetinko za Vonnovo - Hudo Slovenija\",\"isPartOf\":{\"@id\":\"https:\/\/hudo.com\/si\/#website\"},\"datePublished\":\"2017-03-03T05:10:00+00:00\",\"dateModified\":\"2017-03-03T09:21:44+00:00\",\"breadcrumb\":{\"@id\":\"https:\/\/hudo.com\/si\/aktualno\/ilka-stuhec-na-treningu-smuka-le-desetinko-za-vonnovo\/#breadcrumb\"},\"inLanguage\":\"sl-SI\",\"potentialAction\":[{\"@type\":\"ReadAction\",\"target\":[\"https:\/\/hudo.com\/si\/aktualno\/ilka-stuhec-na-treningu-smuka-le-desetinko-za-vonnovo\/\"]}]},{\"@type\":\"BreadcrumbList\",\"@id\":\"https:\/\/hudo.com\/si\/aktualno\/ilka-stuhec-na-treningu-smuka-le-desetinko-za-vonnovo\/#breadcrumb\",\"itemListElement\":[{\"@type\":\"ListItem\",\"position\":1,\"name\":\"Home\",\"item\":\"https:\/\/hudo.com\/si\/\"},{\"@type\":\"ListItem\",\"position\":2,\"name\":\"Ilka \u0160tuhec na treningu smuka le desetinko za Vonnovo\"}]},{\"@type\":\"WebSite\",\"@id\":\"https:\/\/hudo.com\/si\/#website\",\"url\":\"https:\/\/hudo.com\/si\/\",\"name\":\"Hudo Slovenija\",\"description\":\"Vse novice iz Slovenije in sveta\",\"publisher\":{\"@id\":\"https:\/\/hudo.com\/si\/#organization\"},\"potentialAction\":[{\"@type\":\"SearchAction\",\"target\":{\"@type\":\"EntryPoint\",\"urlTemplate\":\"https:\/\/hudo.com\/si\/?s={search_term_string}\"},\"query-input\":\"required name=search_term_string\"}],\"inLanguage\":\"sl-SI\"},{\"@type\":\"Organization\",\"@id\":\"https:\/\/hudo.com\/si\/#organization\",\"name\":\"VSN Media\",\"url\":\"https:\/\/hudo.com\/si\/\",\"logo\":{\"@type\":\"ImageObject\",\"inLanguage\":\"sl-SI\",\"@id\":\"https:\/\/hudo.com\/si\/#\/schema\/logo\/image\/\",\"url\":\"https:\/\/hudo.com\/si\/wp-content\/uploads\/sites\/2\/2021\/03\/hudo-app-2.png\",\"contentUrl\":\"https:\/\/hudo.com\/si\/wp-content\/uploads\/sites\/2\/2021\/03\/hudo-app-2.png\",\"width\":2185,\"height\":2167,\"caption\":\"VSN Media\"},\"image\":{\"@id\":\"https:\/\/hudo.com\/si\/#\/schema\/logo\/image\/\"},\"sameAs\":[\"https:\/\/www.facebook.com\/hudo.si\",\"https:\/\/twitter.com\/hudo_si\"]},{\"@type\":\"Person\",\"@id\":\"https:\/\/hudo.com\/si\/#\/schema\/person\/601cf3379633985b20f7e50f2bb47707\",\"name\":\"hudo\",\"image\":{\"@type\":\"ImageObject\",\"inLanguage\":\"sl-SI\",\"@id\":\"https:\/\/hudo.com\/si\/#\/schema\/person\/image\/\",\"url\":\"https:\/\/secure.gravatar.com\/avatar\/c4ca25fa72cace7a696b52ff5db9e095?s=96&d=mm&r=g\",\"contentUrl\":\"https:\/\/secure.gravatar.com\/avatar\/c4ca25fa72cace7a696b52ff5db9e095?s=96&d=mm&r=g\",\"caption\":\"hudo\"},\"url\":\"https:\/\/hudo.com\/si\/author\/hudo\/\"}]}<\/script>\n<!-- \/ Yoast SEO plugin. -->","yoast_head_json":{"title":"Ilka \u0160tuhec na treningu smuka le desetinko za Vonnovo - Hudo Slovenija","robots":{"index":"index","follow":"follow","max-snippet":"max-snippet:-1","max-image-preview":"max-image-preview:large","max-video-preview":"max-video-preview:-1"},"canonical":"https:\/\/hudo.com\/si\/aktualno\/ilka-stuhec-na-treningu-smuka-le-desetinko-za-vonnovo\/","og_locale":"sl_SI","og_type":"article","og_title":"Ilka \u0160tuhec na treningu smuka le desetinko za Vonnovo - Hudo Slovenija","og_description":"Najbolj\u0161a slovenska alpska smu\u010darka Ilka \u0160tuhec nadaljuje odli\u010dne nastope na generalki pred olimpijskimi igrami v ju\u017enokorejskem Pyeogchandu, ki bo igre gostil prihodnje leto. Tudi na drugem treningu na olimpijski progi je bila od \u0160tuh\u010deve hitrej\u0161a le Ameri\u010danka Lindsay Vonn, tekmovalki pa je lo\u010dila desetinka sekunde. Vrstni red pri vrhu je prakti\u010dno enak kot v \u010detrtek, le med vodilnima se je s 17 stotink sekunde zmanj\u0161ala na 10, tretja pa je bila vnovi\u010d Italijanka Sofia Goggia, ki pa je zaostajala \u017ee 93 stotink. Druga Slovenka Maru\u0161a Ferk je bila 36., njen zaostanek pa je zna\u0161al kar 4,15 sekunde V soboto in nedeljo smu\u010darke v Pyoengchangu \u010dakata smuk in superveleslalom. Obe tekmi se bosta za\u010deli ob 3. uri po slovenskem \u010dasu. Pomemben bo predvsem smuk, kjer ima \u0160tuh\u010deva v skupnem se\u0161tevku 137 to\u010dk prednosti pred Goggio in s tem \u017ee prilo\u017enost, da po kombinacijskem osvoji \u0161e smuka\u0161ki in s tem drugi mali kristalni globus v sezoni. Po zmagi prej\u0161nji konec tedna na superveleslalomu v Crans Montani, je Maribor\u010danka v boju za skupno zmago tudi v tej disciplini alpskega smu\u010danja.\u0160tuh\u010deva odli\u010dna tudi na petkovem treningu Pyeongchang, 3. marca - Najbolj\u0161a slovenska alpska smu\u010darka Ilka \u0160tuhec nadaljuje odli\u010dne nastope na generalki pred olimpijskimi igrami v ju\u017enokorejskem Pyeogchandu, ki bo igre gostil prihodnje leto. Tudi na drugem treningu na olimpijski progi je bila od \u0160tuh\u010deve hitrej\u0161a le Ameri\u010danka Lindsay Vonn, tekmovalki pa je lo\u010dila desetinka sekunde. Vrstni red pri vrhu je prakti\u010dno enak kot v \u010detrtek, le med vodilnima se je s 17 stotink sekunde zmanj\u0161ala na 10, tretja pa je bila vnovi\u010d Italijanka Sofia Goggia, ki pa je zaostajala \u017ee 93 stotink. Druga Slovenka Maru\u0161a Ferk je bila 36., njen zaostanek pa je zna\u0161al kar 4,15 sekunde V soboto in nedeljo smu\u010darke v Pyoengchangu \u010dakata smuk in superveleslalom. Obe tekmi se bosta za\u010deli ob 3. uri po slovenskem \u010dasu. Pomemben bo predvsem smuk, kjer ima \u0160tuh\u010deva v skupnem se\u0161tevku 137 to\u010dk prednosti pred Goggio in s","og_url":"https:\/\/hudo.com\/si\/aktualno\/ilka-stuhec-na-treningu-smuka-le-desetinko-za-vonnovo\/","og_site_name":"Hudo Slovenija","article_publisher":"https:\/\/www.facebook.com\/hudo.si","article_published_time":"2017-03-03T05:10:00+00:00","article_modified_time":"2017-03-03T09:21:44+00:00","og_image":[{"width":450,"height":551,"url":"https:\/\/hudo.com\/si\/wp-content\/uploads\/sites\/2\/2017\/03\/05826045-300.jpg","type":"image\/jpeg"}],"author":"hudo","twitter_card":"summary_large_image","twitter_creator":"@hudo_si","twitter_site":"@hudo_si","twitter_misc":{"Written by":"hudo","Est. reading time":"2 minuti"},"schema":{"@context":"https:\/\/schema.org","@graph":[{"@type":"Article","@id":"https:\/\/hudo.com\/si\/aktualno\/ilka-stuhec-na-treningu-smuka-le-desetinko-za-vonnovo\/#article","isPartOf":{"@id":"https:\/\/hudo.com\/si\/aktualno\/ilka-stuhec-na-treningu-smuka-le-desetinko-za-vonnovo\/"},"author":{"name":"hudo","@id":"https:\/\/hudo.com\/si\/#\/schema\/person\/601cf3379633985b20f7e50f2bb47707"},"headline":"Ilka \u0160tuhec na treningu smuka le desetinko za Vonnovo","datePublished":"2017-03-03T05:10:00+00:00","dateModified":"2017-03-03T09:21:44+00:00","mainEntityOfPage":{"@id":"https:\/\/hudo.com\/si\/aktualno\/ilka-stuhec-na-treningu-smuka-le-desetinko-za-vonnovo\/"},"wordCount":358,"publisher":{"@id":"https:\/\/hudo.com\/si\/#organization"},"articleSection":["Aktualno"],"inLanguage":"sl-SI"},{"@type":"WebPage","@id":"https:\/\/hudo.com\/si\/aktualno\/ilka-stuhec-na-treningu-smuka-le-desetinko-za-vonnovo\/","url":"https:\/\/hudo.com\/si\/aktualno\/ilka-stuhec-na-treningu-smuka-le-desetinko-za-vonnovo\/","name":"Ilka \u0160tuhec na treningu smuka le desetinko za Vonnovo - Hudo Slovenija","isPartOf":{"@id":"https:\/\/hudo.com\/si\/#website"},"datePublished":"2017-03-03T05:10:00+00:00","dateModified":"2017-03-03T09:21:44+00:00","breadcrumb":{"@id":"https:\/\/hudo.com\/si\/aktualno\/ilka-stuhec-na-treningu-smuka-le-desetinko-za-vonnovo\/#breadcrumb"},"inLanguage":"sl-SI","potentialAction":[{"@type":"ReadAction","target":["https:\/\/hudo.com\/si\/aktualno\/ilka-stuhec-na-treningu-smuka-le-desetinko-za-vonnovo\/"]}]},{"@type":"BreadcrumbList","@id":"https:\/\/hudo.com\/si\/aktualno\/ilka-stuhec-na-treningu-smuka-le-desetinko-za-vonnovo\/#breadcrumb","itemListElement":[{"@type":"ListItem","position":1,"name":"Home","item":"https:\/\/hudo.com\/si\/"},{"@type":"ListItem","position":2,"name":"Ilka \u0160tuhec na treningu smuka le desetinko za Vonnovo"}]},{"@type":"WebSite","@id":"https:\/\/hudo.com\/si\/#website","url":"https:\/\/hudo.com\/si\/","name":"Hudo Slovenija","description":"Vse novice iz Slovenije in sveta","publisher":{"@id":"https:\/\/hudo.com\/si\/#organization"},"potentialAction":[{"@type":"SearchAction","target":{"@type":"EntryPoint","urlTemplate":"https:\/\/hudo.com\/si\/?s={search_term_string}"},"query-input":"required name=search_term_string"}],"inLanguage":"sl-SI"},{"@type":"Organization","@id":"https:\/\/hudo.com\/si\/#organization","name":"VSN Media","url":"https:\/\/hudo.com\/si\/","logo":{"@type":"ImageObject","inLanguage":"sl-SI","@id":"https:\/\/hudo.com\/si\/#\/schema\/logo\/image\/","url":"https:\/\/hudo.com\/si\/wp-content\/uploads\/sites\/2\/2021\/03\/hudo-app-2.png","contentUrl":"https:\/\/hudo.com\/si\/wp-content\/uploads\/sites\/2\/2021\/03\/hudo-app-2.png","width":2185,"height":2167,"caption":"VSN Media"},"image":{"@id":"https:\/\/hudo.com\/si\/#\/schema\/logo\/image\/"},"sameAs":["https:\/\/www.facebook.com\/hudo.si","https:\/\/twitter.com\/hudo_si"]},{"@type":"Person","@id":"https:\/\/hudo.com\/si\/#\/schema\/person\/601cf3379633985b20f7e50f2bb47707","name":"hudo","image":{"@type":"ImageObject","inLanguage":"sl-SI","@id":"https:\/\/hudo.com\/si\/#\/schema\/person\/image\/","url":"https:\/\/secure.gravatar.com\/avatar\/c4ca25fa72cace7a696b52ff5db9e095?s=96&d=mm&r=g","contentUrl":"https:\/\/secure.gravatar.com\/avatar\/c4ca25fa72cace7a696b52ff5db9e095?s=96&d=mm&r=g","caption":"hudo"},"url":"https:\/\/hudo.com\/si\/author\/hudo\/"}]}},"amp_enabled":true,"_links":{"self":[{"href":"https:\/\/hudo.com\/si\/wp-json\/wp\/v2\/posts\/219540"}],"collection":[{"href":"https:\/\/hudo.com\/si\/wp-json\/wp\/v2\/posts"}],"about":[{"href":"https:\/\/hudo.com\/si\/wp-json\/wp\/v2\/types\/post"}],"author":[{"embeddable":true,"href":"https:\/\/hudo.com\/si\/wp-json\/wp\/v2\/users\/1"}],"replies":[{"embeddable":true,"href":"https:\/\/hudo.com\/si\/wp-json\/wp\/v2\/comments?post=219540"}],"version-history":[{"count":1,"href":"https:\/\/hudo.com\/si\/wp-json\/wp\/v2\/posts\/219540\/revisions"}],"predecessor-version":[{"id":219644,"href":"https:\/\/hudo.com\/si\/wp-json\/wp\/v2\/posts\/219540\/revisions\/219644"}],"wp:attachment":[{"href":"https:\/\/hudo.com\/si\/wp-json\/wp\/v2\/media?parent=219540"}],"wp:term":[{"taxonomy":"category","embeddable":true,"href":"https:\/\/hudo.com\/si\/wp-json\/wp\/v2\/categories?post=219540"},{"taxonomy":"post_tag","embeddable":true,"href":"https:\/\/hudo.com\/si\/wp-json\/wp\/v2\/tags?post=219540"},{"taxonomy":"source","embeddable":true,"href":"https:\/\/hudo.com\/si\/wp-json\/wp\/v2\/source?post=219540"},{"taxonomy":"supertag","embeddable":true,"href":"https:\/\/hudo.com\/si\/wp-json\/wp\/v2\/supertag?post=219540"}],"curies":[{"name":"wp","href":"https:\/\/api.w.org\/{rel}","templated":true}]}}