{"id":219554,"date":"2017-03-03T05:02:00","date_gmt":"2017-03-03T04:02:00","guid":{"rendered":"http:\/\/hudo.com\/si\/2017\/03\/03\/podjetje-najprej-pripojila-nato-prodala-odgovornosti-se-izogiba\/"},"modified":"2017-03-03T10:22:40","modified_gmt":"2017-03-03T09:22:40","slug":"podjetje-najprej-pripojila-nato-prodala-odgovornosti-se-izogiba","status":"publish","type":"post","link":"https:\/\/hudo.com\/si\/aktualno\/podjetje-najprej-pripojila-nato-prodala-odgovornosti-se-izogiba\/","title":{"rendered":"Podjetje najprej pripojila, nato prodala, odgovornosti se izogiba"},"content":{"rendered":"<p>Nekdanja upravnica kurilnice na Markovcu Nata\u0161a Fabris v sredo ni pri\u0161la na koprsko sodi\u0161\u010de, kjer jo kurilni odbor prek novega upravnika, dru\u017ebe Istrabenz plini, to\u017ei. Po njihovem prepri\u010danju namre\u010d ob primopredaji ni izro\u010dila popolne dokumentacije in denarja na ra\u010dunu podjetja Za Gradom, ki je takrat upravljalo kotlovnico.<\/p>\n","protected":false},"excerpt":{"rendered":"<p>Nekdanja upravnica kurilnice na Markovcu Nata\u0161a Fabris v sredo ni pri\u0161la na koprsko sodi\u0161\u010de, kjer jo kurilni odbor prek novega upravnika, dru\u017ebe Istrabenz plini, to\u017ei. Po njihovem prepri\u010danju namre\u010d ob primopredaji ni izro\u010dila popolne dokumentacije in denarja na ra\u010dunu podjetja Za Gradom, ki je takrat upravljalo kotlovnico.<\/p>\n","protected":false},"author":1,"featured_media":0,"comment_status":"closed","ping_status":"closed","sticky":false,"template":"","format":"standard","meta":{"footnotes":""},"categories":[1179],"tags":[],"source":[1707],"supertag":[],"acf":[],"yoast_head":"<!-- This site is optimized with the Yoast SEO plugin v21.3 - https:\/\/yoast.com\/wordpress\/plugins\/seo\/ -->\n<title>Podjetje najprej pripojila, nato prodala, odgovornosti se izogiba - Hudo Slovenija<\/title>\n<meta name=\"robots\" content=\"index, follow, max-snippet:-1, max-image-preview:large, max-video-preview:-1\" \/>\n<link rel=\"canonical\" href=\"https:\/\/hudo.com\/si\/aktualno\/podjetje-najprej-pripojila-nato-prodala-odgovornosti-se-izogiba\/\" \/>\n<meta property=\"og:locale\" content=\"sl_SI\" \/>\n<meta property=\"og:type\" content=\"article\" \/>\n<meta property=\"og:title\" content=\"Podjetje najprej pripojila, nato prodala, odgovornosti se izogiba - Hudo Slovenija\" \/>\n<meta property=\"og:description\" content=\"Nekdanja upravnica kurilnice na Markovcu Nata\u0161a Fabris v sredo ni pri\u0161la na koprsko sodi\u0161\u010de, kjer jo kurilni odbor prek novega upravnika, dru\u017ebe Istrabenz plini, to\u017ei. Po njihovem prepri\u010danju namre\u010d ob primopredaji ni izro\u010dila popolne dokumentacije in denarja na ra\u010dunu podjetja Za Gradom, ki je takrat upravljalo kotlovnico.\" \/>\n<meta property=\"og:url\" content=\"https:\/\/hudo.com\/si\/aktualno\/podjetje-najprej-pripojila-nato-prodala-odgovornosti-se-izogiba\/\" \/>\n<meta property=\"og:site_name\" content=\"Hudo Slovenija\" \/>\n<meta property=\"article:publisher\" content=\"https:\/\/www.facebook.com\/hudo.si\" \/>\n<meta property=\"article:published_time\" content=\"2017-03-03T04:02:00+00:00\" \/>\n<meta property=\"article:modified_time\" content=\"2017-03-03T09:22:40+00:00\" \/>\n<meta property=\"og:image\" content=\"https:\/\/hudo.com\/si\/wp-content\/uploads\/sites\/2\/2017\/03\/012-_kotlovnica_markovec.jpg\" \/>\n\t<meta property=\"og:image:width\" content=\"620\" \/>\n\t<meta property=\"og:image:height\" content=\"465\" \/>\n\t<meta property=\"og:image:type\" content=\"image\/jpeg\" \/>\n<meta name=\"author\" content=\"hudo\" \/>\n<meta name=\"twitter:card\" content=\"summary_large_image\" \/>\n<meta name=\"twitter:creator\" content=\"@hudo_si\" \/>\n<meta name=\"twitter:site\" content=\"@hudo_si\" \/>\n<meta name=\"twitter:label1\" content=\"Written by\" \/>\n\t<meta name=\"twitter:data1\" content=\"hudo\" \/>\n<script type=\"application\/ld+json\" class=\"yoast-schema-graph\">{\"@context\":\"https:\/\/schema.org\",\"@graph\":[{\"@type\":\"Article\",\"@id\":\"https:\/\/hudo.com\/si\/aktualno\/podjetje-najprej-pripojila-nato-prodala-odgovornosti-se-izogiba\/#article\",\"isPartOf\":{\"@id\":\"https:\/\/hudo.com\/si\/aktualno\/podjetje-najprej-pripojila-nato-prodala-odgovornosti-se-izogiba\/\"},\"author\":{\"name\":\"hudo\",\"@id\":\"https:\/\/hudo.com\/si\/#\/schema\/person\/601cf3379633985b20f7e50f2bb47707\"},\"headline\":\"Podjetje najprej pripojila, nato prodala, odgovornosti se izogiba\",\"datePublished\":\"2017-03-03T04:02:00+00:00\",\"dateModified\":\"2017-03-03T09:22:40+00:00\",\"mainEntityOfPage\":{\"@id\":\"https:\/\/hudo.com\/si\/aktualno\/podjetje-najprej-pripojila-nato-prodala-odgovornosti-se-izogiba\/\"},\"wordCount\":63,\"publisher\":{\"@id\":\"https:\/\/hudo.com\/si\/#organization\"},\"articleSection\":[\"Aktualno\"],\"inLanguage\":\"sl-SI\"},{\"@type\":\"WebPage\",\"@id\":\"https:\/\/hudo.com\/si\/aktualno\/podjetje-najprej-pripojila-nato-prodala-odgovornosti-se-izogiba\/\",\"url\":\"https:\/\/hudo.com\/si\/aktualno\/podjetje-najprej-pripojila-nato-prodala-odgovornosti-se-izogiba\/\",\"name\":\"Podjetje najprej pripojila, nato prodala, odgovornosti se izogiba - Hudo Slovenija\",\"isPartOf\":{\"@id\":\"https:\/\/hudo.com\/si\/#website\"},\"datePublished\":\"2017-03-03T04:02:00+00:00\",\"dateModified\":\"2017-03-03T09:22:40+00:00\",\"breadcrumb\":{\"@id\":\"https:\/\/hudo.com\/si\/aktualno\/podjetje-najprej-pripojila-nato-prodala-odgovornosti-se-izogiba\/#breadcrumb\"},\"inLanguage\":\"sl-SI\",\"potentialAction\":[{\"@type\":\"ReadAction\",\"target\":[\"https:\/\/hudo.com\/si\/aktualno\/podjetje-najprej-pripojila-nato-prodala-odgovornosti-se-izogiba\/\"]}]},{\"@type\":\"BreadcrumbList\",\"@id\":\"https:\/\/hudo.com\/si\/aktualno\/podjetje-najprej-pripojila-nato-prodala-odgovornosti-se-izogiba\/#breadcrumb\",\"itemListElement\":[{\"@type\":\"ListItem\",\"position\":1,\"name\":\"Home\",\"item\":\"https:\/\/hudo.com\/si\/\"},{\"@type\":\"ListItem\",\"position\":2,\"name\":\"Podjetje najprej pripojila, nato prodala, odgovornosti se izogiba\"}]},{\"@type\":\"WebSite\",\"@id\":\"https:\/\/hudo.com\/si\/#website\",\"url\":\"https:\/\/hudo.com\/si\/\",\"name\":\"Hudo Slovenija\",\"description\":\"Vse novice iz Slovenije in sveta\",\"publisher\":{\"@id\":\"https:\/\/hudo.com\/si\/#organization\"},\"potentialAction\":[{\"@type\":\"SearchAction\",\"target\":{\"@type\":\"EntryPoint\",\"urlTemplate\":\"https:\/\/hudo.com\/si\/?s={search_term_string}\"},\"query-input\":\"required name=search_term_string\"}],\"inLanguage\":\"sl-SI\"},{\"@type\":\"Organization\",\"@id\":\"https:\/\/hudo.com\/si\/#organization\",\"name\":\"VSN Media\",\"url\":\"https:\/\/hudo.com\/si\/\",\"logo\":{\"@type\":\"ImageObject\",\"inLanguage\":\"sl-SI\",\"@id\":\"https:\/\/hudo.com\/si\/#\/schema\/logo\/image\/\",\"url\":\"https:\/\/hudo.com\/si\/wp-content\/uploads\/sites\/2\/2021\/03\/hudo-app-2.png\",\"contentUrl\":\"https:\/\/hudo.com\/si\/wp-content\/uploads\/sites\/2\/2021\/03\/hudo-app-2.png\",\"width\":2185,\"height\":2167,\"caption\":\"VSN Media\"},\"image\":{\"@id\":\"https:\/\/hudo.com\/si\/#\/schema\/logo\/image\/\"},\"sameAs\":[\"https:\/\/www.facebook.com\/hudo.si\",\"https:\/\/twitter.com\/hudo_si\"]},{\"@type\":\"Person\",\"@id\":\"https:\/\/hudo.com\/si\/#\/schema\/person\/601cf3379633985b20f7e50f2bb47707\",\"name\":\"hudo\",\"image\":{\"@type\":\"ImageObject\",\"inLanguage\":\"sl-SI\",\"@id\":\"https:\/\/hudo.com\/si\/#\/schema\/person\/image\/\",\"url\":\"https:\/\/secure.gravatar.com\/avatar\/c4ca25fa72cace7a696b52ff5db9e095?s=96&d=mm&r=g\",\"contentUrl\":\"https:\/\/secure.gravatar.com\/avatar\/c4ca25fa72cace7a696b52ff5db9e095?s=96&d=mm&r=g\",\"caption\":\"hudo\"},\"url\":\"https:\/\/hudo.com\/si\/author\/hudo\/\"}]}<\/script>\n<!-- \/ Yoast SEO plugin. -->","yoast_head_json":{"title":"Podjetje najprej pripojila, nato prodala, odgovornosti se izogiba - Hudo Slovenija","robots":{"index":"index","follow":"follow","max-snippet":"max-snippet:-1","max-image-preview":"max-image-preview:large","max-video-preview":"max-video-preview:-1"},"canonical":"https:\/\/hudo.com\/si\/aktualno\/podjetje-najprej-pripojila-nato-prodala-odgovornosti-se-izogiba\/","og_locale":"sl_SI","og_type":"article","og_title":"Podjetje najprej pripojila, nato prodala, odgovornosti se izogiba - Hudo Slovenija","og_description":"Nekdanja upravnica kurilnice na Markovcu Nata\u0161a Fabris v sredo ni pri\u0161la na koprsko sodi\u0161\u010de, kjer jo kurilni odbor prek novega upravnika, dru\u017ebe Istrabenz plini, to\u017ei. Po njihovem prepri\u010danju namre\u010d ob primopredaji ni izro\u010dila popolne dokumentacije in denarja na ra\u010dunu podjetja Za Gradom, ki je takrat upravljalo kotlovnico.","og_url":"https:\/\/hudo.com\/si\/aktualno\/podjetje-najprej-pripojila-nato-prodala-odgovornosti-se-izogiba\/","og_site_name":"Hudo Slovenija","article_publisher":"https:\/\/www.facebook.com\/hudo.si","article_published_time":"2017-03-03T04:02:00+00:00","article_modified_time":"2017-03-03T09:22:40+00:00","og_image":[{"width":620,"height":465,"url":"https:\/\/hudo.com\/si\/wp-content\/uploads\/sites\/2\/2017\/03\/012-_kotlovnica_markovec.jpg","type":"image\/jpeg"}],"author":"hudo","twitter_card":"summary_large_image","twitter_creator":"@hudo_si","twitter_site":"@hudo_si","twitter_misc":{"Written by":"hudo"},"schema":{"@context":"https:\/\/schema.org","@graph":[{"@type":"Article","@id":"https:\/\/hudo.com\/si\/aktualno\/podjetje-najprej-pripojila-nato-prodala-odgovornosti-se-izogiba\/#article","isPartOf":{"@id":"https:\/\/hudo.com\/si\/aktualno\/podjetje-najprej-pripojila-nato-prodala-odgovornosti-se-izogiba\/"},"author":{"name":"hudo","@id":"https:\/\/hudo.com\/si\/#\/schema\/person\/601cf3379633985b20f7e50f2bb47707"},"headline":"Podjetje najprej pripojila, nato prodala, odgovornosti se izogiba","datePublished":"2017-03-03T04:02:00+00:00","dateModified":"2017-03-03T09:22:40+00:00","mainEntityOfPage":{"@id":"https:\/\/hudo.com\/si\/aktualno\/podjetje-najprej-pripojila-nato-prodala-odgovornosti-se-izogiba\/"},"wordCount":63,"publisher":{"@id":"https:\/\/hudo.com\/si\/#organization"},"articleSection":["Aktualno"],"inLanguage":"sl-SI"},{"@type":"WebPage","@id":"https:\/\/hudo.com\/si\/aktualno\/podjetje-najprej-pripojila-nato-prodala-odgovornosti-se-izogiba\/","url":"https:\/\/hudo.com\/si\/aktualno\/podjetje-najprej-pripojila-nato-prodala-odgovornosti-se-izogiba\/","name":"Podjetje najprej pripojila, nato prodala, odgovornosti se izogiba - Hudo Slovenija","isPartOf":{"@id":"https:\/\/hudo.com\/si\/#website"},"datePublished":"2017-03-03T04:02:00+00:00","dateModified":"2017-03-03T09:22:40+00:00","breadcrumb":{"@id":"https:\/\/hudo.com\/si\/aktualno\/podjetje-najprej-pripojila-nato-prodala-odgovornosti-se-izogiba\/#breadcrumb"},"inLanguage":"sl-SI","potentialAction":[{"@type":"ReadAction","target":["https:\/\/hudo.com\/si\/aktualno\/podjetje-najprej-pripojila-nato-prodala-odgovornosti-se-izogiba\/"]}]},{"@type":"BreadcrumbList","@id":"https:\/\/hudo.com\/si\/aktualno\/podjetje-najprej-pripojila-nato-prodala-odgovornosti-se-izogiba\/#breadcrumb","itemListElement":[{"@type":"ListItem","position":1,"name":"Home","item":"https:\/\/hudo.com\/si\/"},{"@type":"ListItem","position":2,"name":"Podjetje najprej pripojila, nato prodala, odgovornosti se izogiba"}]},{"@type":"WebSite","@id":"https:\/\/hudo.com\/si\/#website","url":"https:\/\/hudo.com\/si\/","name":"Hudo Slovenija","description":"Vse novice iz Slovenije in sveta","publisher":{"@id":"https:\/\/hudo.com\/si\/#organization"},"potentialAction":[{"@type":"SearchAction","target":{"@type":"EntryPoint","urlTemplate":"https:\/\/hudo.com\/si\/?s={search_term_string}"},"query-input":"required name=search_term_string"}],"inLanguage":"sl-SI"},{"@type":"Organization","@id":"https:\/\/hudo.com\/si\/#organization","name":"VSN Media","url":"https:\/\/hudo.com\/si\/","logo":{"@type":"ImageObject","inLanguage":"sl-SI","@id":"https:\/\/hudo.com\/si\/#\/schema\/logo\/image\/","url":"https:\/\/hudo.com\/si\/wp-content\/uploads\/sites\/2\/2021\/03\/hudo-app-2.png","contentUrl":"https:\/\/hudo.com\/si\/wp-content\/uploads\/sites\/2\/2021\/03\/hudo-app-2.png","width":2185,"height":2167,"caption":"VSN Media"},"image":{"@id":"https:\/\/hudo.com\/si\/#\/schema\/logo\/image\/"},"sameAs":["https:\/\/www.facebook.com\/hudo.si","https:\/\/twitter.com\/hudo_si"]},{"@type":"Person","@id":"https:\/\/hudo.com\/si\/#\/schema\/person\/601cf3379633985b20f7e50f2bb47707","name":"hudo","image":{"@type":"ImageObject","inLanguage":"sl-SI","@id":"https:\/\/hudo.com\/si\/#\/schema\/person\/image\/","url":"https:\/\/secure.gravatar.com\/avatar\/c4ca25fa72cace7a696b52ff5db9e095?s=96&d=mm&r=g","contentUrl":"https:\/\/secure.gravatar.com\/avatar\/c4ca25fa72cace7a696b52ff5db9e095?s=96&d=mm&r=g","caption":"hudo"},"url":"https:\/\/hudo.com\/si\/author\/hudo\/"}]}},"amp_enabled":true,"_links":{"self":[{"href":"https:\/\/hudo.com\/si\/wp-json\/wp\/v2\/posts\/219554"}],"collection":[{"href":"https:\/\/hudo.com\/si\/wp-json\/wp\/v2\/posts"}],"about":[{"href":"https:\/\/hudo.com\/si\/wp-json\/wp\/v2\/types\/post"}],"author":[{"embeddable":true,"href":"https:\/\/hudo.com\/si\/wp-json\/wp\/v2\/users\/1"}],"replies":[{"embeddable":true,"href":"https:\/\/hudo.com\/si\/wp-json\/wp\/v2\/comments?post=219554"}],"version-history":[{"count":1,"href":"https:\/\/hudo.com\/si\/wp-json\/wp\/v2\/posts\/219554\/revisions"}],"predecessor-version":[{"id":219649,"href":"https:\/\/hudo.com\/si\/wp-json\/wp\/v2\/posts\/219554\/revisions\/219649"}],"wp:attachment":[{"href":"https:\/\/hudo.com\/si\/wp-json\/wp\/v2\/media?parent=219554"}],"wp:term":[{"taxonomy":"category","embeddable":true,"href":"https:\/\/hudo.com\/si\/wp-json\/wp\/v2\/categories?post=219554"},{"taxonomy":"post_tag","embeddable":true,"href":"https:\/\/hudo.com\/si\/wp-json\/wp\/v2\/tags?post=219554"},{"taxonomy":"source","embeddable":true,"href":"https:\/\/hudo.com\/si\/wp-json\/wp\/v2\/source?post=219554"},{"taxonomy":"supertag","embeddable":true,"href":"https:\/\/hudo.com\/si\/wp-json\/wp\/v2\/supertag?post=219554"}],"curies":[{"name":"wp","href":"https:\/\/api.w.org\/{rel}","templated":true}]}}