{"id":219618,"date":"2017-03-03T08:17:00","date_gmt":"2017-03-03T07:17:00","guid":{"rendered":"http:\/\/hudo.com\/si\/2017\/03\/03\/ivanov-zavrnil-poziv-mogherinijeve-naj-vodji-opozicije-podeli-mandat\/"},"modified":"2017-03-03T08:17:00","modified_gmt":"2017-03-03T07:17:00","slug":"ivanov-zavrnil-poziv-mogherinijeve-naj-vodji-opozicije-podeli-mandat","status":"publish","type":"post","link":"https:\/\/hudo.com\/si\/aktualno\/ivanov-zavrnil-poziv-mogherinijeve-naj-vodji-opozicije-podeli-mandat\/","title":{"rendered":"Ivanov zavrnil poziv Mogherinijeve, naj vodji opozicije podeli mandat"},"content":{"rendered":"<p>Kategorija: Evropa Fri, 03 Mar 2017 09:17:00 +0100  Iz kabineta makedonskega predsednika Gjorga Ivanova so v \u010detrtek zve\u010der sporo\u010dili, da predsednik ne more sprejeti poziva visoke zunanjepoliti\u010dne predstavnice Makedonski predsednik vztraja, da ne more podeliti mandata nekomu, ki ogro\u017ea neodvisnost in suverenost Makedonije. naj umakne svojo sredino odlo\u010ditev in vodji opozicijske SDSM Zoranu Zaevu podeli mandat za sestavo nove vlade, poro\u010da Slovenska tiskovna agencija. Po \u010detrtkovih pogovorih v Skopju je Mogherinijeva Ivanova pozvala, naj odlo\u010ditev umakne v interesu vseh dr\u017eavljanov. Izpostavila je, da ustava obvezuje predsednika dr\u017eave, da mandat za sestavo vlade podeli kandidatu stranke z ve\u010dino v parlamentu. Ivanov je v sredo zavrnil podelitev mandata Zaevu, \u010deprav mu je ta v ponedeljek predal podpise podpore 67 poslancev v 120-\u010dlanskem parlamentu. Kot je dejal, ne more podeliti mandata nekomu, ki ogro\u017ea\u00a0&#8230;<\/p>\n","protected":false},"excerpt":{"rendered":"<p>Kategorija: Evropa Fri, 03 Mar 2017 09:17:00 +0100  Iz kabineta makedonskega predsednika Gjorga Ivanova so v \u010detrtek zve\u010der sporo\u010dili, da predsednik ne more sprejeti poziva visoke zunanjepoliti\u010dne predstavnice Makedonski predsednik vztraja, da ne more podeliti mandata nekomu, ki ogro\u017ea neodvisnost in suverenost Makedonije. naj umakne svojo sredino odlo\u010ditev in vodji opozicijske SDSM Zoranu Zaevu podeli mandat za sestavo nove vlade, poro\u010da Slovenska tiskovna agencija. Po \u010detrtkovih pogovorih v Skopju je Mogherinijeva Ivanova pozvala, naj odlo\u010ditev umakne v interesu vseh dr\u017eavljanov. Izpostavila je, da ustava obvezuje predsednika dr\u017eave, da mandat za sestavo vlade podeli kandidatu stranke z ve\u010dino v parlamentu. Ivanov je v sredo zavrnil podelitev mandata Zaevu, \u010deprav mu je ta v ponedeljek predal podpise podpore 67 poslancev v 120-\u010dlanskem parlamentu. Kot je dejal, ne more podeliti mandata nekomu, ki ogro\u017ea\u00a0&#8230;<\/p>\n","protected":false},"author":1,"featured_media":0,"comment_status":"closed","ping_status":"closed","sticky":false,"template":"","format":"standard","meta":{"footnotes":""},"categories":[1179],"tags":[],"source":[1703],"supertag":[],"acf":[],"yoast_head":"<!-- This site is optimized with the Yoast SEO plugin v21.3 - https:\/\/yoast.com\/wordpress\/plugins\/seo\/ -->\n<title>Ivanov zavrnil poziv Mogherinijeve, naj vodji opozicije podeli mandat - Hudo Slovenija<\/title>\n<meta name=\"robots\" content=\"index, follow, max-snippet:-1, max-image-preview:large, max-video-preview:-1\" \/>\n<link rel=\"canonical\" href=\"https:\/\/hudo.com\/si\/aktualno\/ivanov-zavrnil-poziv-mogherinijeve-naj-vodji-opozicije-podeli-mandat\/\" \/>\n<meta property=\"og:locale\" content=\"sl_SI\" \/>\n<meta property=\"og:type\" content=\"article\" \/>\n<meta property=\"og:title\" content=\"Ivanov zavrnil poziv Mogherinijeve, naj vodji opozicije podeli mandat - Hudo Slovenija\" \/>\n<meta property=\"og:description\" content=\"Kategorija: Evropa Fri, 03 Mar 2017 09:17:00 +0100 Iz kabineta makedonskega predsednika Gjorga Ivanova so v \u010detrtek zve\u010der sporo\u010dili, da predsednik ne more sprejeti poziva visoke zunanjepoliti\u010dne predstavnice Makedonski predsednik vztraja, da ne more podeliti mandata nekomu, ki ogro\u017ea neodvisnost in suverenost Makedonije. naj umakne svojo sredino odlo\u010ditev in vodji opozicijske SDSM Zoranu Zaevu podeli mandat za sestavo nove vlade, poro\u010da Slovenska tiskovna agencija. Po \u010detrtkovih pogovorih v Skopju je Mogherinijeva Ivanova pozvala, naj odlo\u010ditev umakne v interesu vseh dr\u017eavljanov. Izpostavila je, da ustava obvezuje predsednika dr\u017eave, da mandat za sestavo vlade podeli kandidatu stranke z ve\u010dino v parlamentu. Ivanov je v sredo zavrnil podelitev mandata Zaevu, \u010deprav mu je ta v ponedeljek predal podpise podpore 67 poslancev v 120-\u010dlanskem parlamentu. Kot je dejal, ne more podeliti mandata nekomu, ki ogro\u017ea\u00a0...\" \/>\n<meta property=\"og:url\" content=\"https:\/\/hudo.com\/si\/aktualno\/ivanov-zavrnil-poziv-mogherinijeve-naj-vodji-opozicije-podeli-mandat\/\" \/>\n<meta property=\"og:site_name\" content=\"Hudo Slovenija\" \/>\n<meta property=\"article:publisher\" content=\"https:\/\/www.facebook.com\/hudo.si\" \/>\n<meta property=\"article:published_time\" content=\"2017-03-03T07:17:00+00:00\" \/>\n<meta property=\"og:image\" content=\"https:\/\/hudo.com\/si\/wp-content\/uploads\/sites\/2\/2017\/03\/480x290_AFP_Photo-20170228212113-34541000.jpeg\" \/>\n\t<meta property=\"og:image:width\" content=\"480\" \/>\n\t<meta property=\"og:image:height\" content=\"290\" \/>\n\t<meta property=\"og:image:type\" content=\"image\/jpeg\" \/>\n<meta name=\"author\" content=\"hudo\" \/>\n<meta name=\"twitter:card\" content=\"summary_large_image\" \/>\n<meta name=\"twitter:creator\" content=\"@hudo_si\" \/>\n<meta name=\"twitter:site\" content=\"@hudo_si\" \/>\n<meta name=\"twitter:label1\" content=\"Written by\" \/>\n\t<meta name=\"twitter:data1\" content=\"hudo\" \/>\n\t<meta name=\"twitter:label2\" content=\"Est. reading time\" \/>\n\t<meta name=\"twitter:data2\" content=\"1 minuta\" \/>\n<script type=\"application\/ld+json\" class=\"yoast-schema-graph\">{\"@context\":\"https:\/\/schema.org\",\"@graph\":[{\"@type\":\"Article\",\"@id\":\"https:\/\/hudo.com\/si\/aktualno\/ivanov-zavrnil-poziv-mogherinijeve-naj-vodji-opozicije-podeli-mandat\/#article\",\"isPartOf\":{\"@id\":\"https:\/\/hudo.com\/si\/aktualno\/ivanov-zavrnil-poziv-mogherinijeve-naj-vodji-opozicije-podeli-mandat\/\"},\"author\":{\"name\":\"hudo\",\"@id\":\"https:\/\/hudo.com\/si\/#\/schema\/person\/601cf3379633985b20f7e50f2bb47707\"},\"headline\":\"Ivanov zavrnil poziv Mogherinijeve, naj vodji opozicije podeli mandat\",\"datePublished\":\"2017-03-03T07:17:00+00:00\",\"dateModified\":\"2017-03-03T07:17:00+00:00\",\"mainEntityOfPage\":{\"@id\":\"https:\/\/hudo.com\/si\/aktualno\/ivanov-zavrnil-poziv-mogherinijeve-naj-vodji-opozicije-podeli-mandat\/\"},\"wordCount\":147,\"publisher\":{\"@id\":\"https:\/\/hudo.com\/si\/#organization\"},\"articleSection\":[\"Aktualno\"],\"inLanguage\":\"sl-SI\"},{\"@type\":\"WebPage\",\"@id\":\"https:\/\/hudo.com\/si\/aktualno\/ivanov-zavrnil-poziv-mogherinijeve-naj-vodji-opozicije-podeli-mandat\/\",\"url\":\"https:\/\/hudo.com\/si\/aktualno\/ivanov-zavrnil-poziv-mogherinijeve-naj-vodji-opozicije-podeli-mandat\/\",\"name\":\"Ivanov zavrnil poziv Mogherinijeve, naj vodji opozicije podeli mandat - Hudo Slovenija\",\"isPartOf\":{\"@id\":\"https:\/\/hudo.com\/si\/#website\"},\"datePublished\":\"2017-03-03T07:17:00+00:00\",\"dateModified\":\"2017-03-03T07:17:00+00:00\",\"breadcrumb\":{\"@id\":\"https:\/\/hudo.com\/si\/aktualno\/ivanov-zavrnil-poziv-mogherinijeve-naj-vodji-opozicije-podeli-mandat\/#breadcrumb\"},\"inLanguage\":\"sl-SI\",\"potentialAction\":[{\"@type\":\"ReadAction\",\"target\":[\"https:\/\/hudo.com\/si\/aktualno\/ivanov-zavrnil-poziv-mogherinijeve-naj-vodji-opozicije-podeli-mandat\/\"]}]},{\"@type\":\"BreadcrumbList\",\"@id\":\"https:\/\/hudo.com\/si\/aktualno\/ivanov-zavrnil-poziv-mogherinijeve-naj-vodji-opozicije-podeli-mandat\/#breadcrumb\",\"itemListElement\":[{\"@type\":\"ListItem\",\"position\":1,\"name\":\"Home\",\"item\":\"https:\/\/hudo.com\/si\/\"},{\"@type\":\"ListItem\",\"position\":2,\"name\":\"Ivanov zavrnil poziv Mogherinijeve, naj vodji opozicije podeli mandat\"}]},{\"@type\":\"WebSite\",\"@id\":\"https:\/\/hudo.com\/si\/#website\",\"url\":\"https:\/\/hudo.com\/si\/\",\"name\":\"Hudo Slovenija\",\"description\":\"Vse novice iz Slovenije in sveta\",\"publisher\":{\"@id\":\"https:\/\/hudo.com\/si\/#organization\"},\"potentialAction\":[{\"@type\":\"SearchAction\",\"target\":{\"@type\":\"EntryPoint\",\"urlTemplate\":\"https:\/\/hudo.com\/si\/?s={search_term_string}\"},\"query-input\":\"required name=search_term_string\"}],\"inLanguage\":\"sl-SI\"},{\"@type\":\"Organization\",\"@id\":\"https:\/\/hudo.com\/si\/#organization\",\"name\":\"VSN Media\",\"url\":\"https:\/\/hudo.com\/si\/\",\"logo\":{\"@type\":\"ImageObject\",\"inLanguage\":\"sl-SI\",\"@id\":\"https:\/\/hudo.com\/si\/#\/schema\/logo\/image\/\",\"url\":\"https:\/\/hudo.com\/si\/wp-content\/uploads\/sites\/2\/2021\/03\/hudo-app-2.png\",\"contentUrl\":\"https:\/\/hudo.com\/si\/wp-content\/uploads\/sites\/2\/2021\/03\/hudo-app-2.png\",\"width\":2185,\"height\":2167,\"caption\":\"VSN Media\"},\"image\":{\"@id\":\"https:\/\/hudo.com\/si\/#\/schema\/logo\/image\/\"},\"sameAs\":[\"https:\/\/www.facebook.com\/hudo.si\",\"https:\/\/twitter.com\/hudo_si\"]},{\"@type\":\"Person\",\"@id\":\"https:\/\/hudo.com\/si\/#\/schema\/person\/601cf3379633985b20f7e50f2bb47707\",\"name\":\"hudo\",\"image\":{\"@type\":\"ImageObject\",\"inLanguage\":\"sl-SI\",\"@id\":\"https:\/\/hudo.com\/si\/#\/schema\/person\/image\/\",\"url\":\"https:\/\/secure.gravatar.com\/avatar\/c4ca25fa72cace7a696b52ff5db9e095?s=96&d=mm&r=g\",\"contentUrl\":\"https:\/\/secure.gravatar.com\/avatar\/c4ca25fa72cace7a696b52ff5db9e095?s=96&d=mm&r=g\",\"caption\":\"hudo\"},\"url\":\"https:\/\/hudo.com\/si\/author\/hudo\/\"}]}<\/script>\n<!-- \/ Yoast SEO plugin. -->","yoast_head_json":{"title":"Ivanov zavrnil poziv Mogherinijeve, naj vodji opozicije podeli mandat - Hudo Slovenija","robots":{"index":"index","follow":"follow","max-snippet":"max-snippet:-1","max-image-preview":"max-image-preview:large","max-video-preview":"max-video-preview:-1"},"canonical":"https:\/\/hudo.com\/si\/aktualno\/ivanov-zavrnil-poziv-mogherinijeve-naj-vodji-opozicije-podeli-mandat\/","og_locale":"sl_SI","og_type":"article","og_title":"Ivanov zavrnil poziv Mogherinijeve, naj vodji opozicije podeli mandat - Hudo Slovenija","og_description":"Kategorija: Evropa Fri, 03 Mar 2017 09:17:00 +0100 Iz kabineta makedonskega predsednika Gjorga Ivanova so v \u010detrtek zve\u010der sporo\u010dili, da predsednik ne more sprejeti poziva visoke zunanjepoliti\u010dne predstavnice Makedonski predsednik vztraja, da ne more podeliti mandata nekomu, ki ogro\u017ea neodvisnost in suverenost Makedonije. naj umakne svojo sredino odlo\u010ditev in vodji opozicijske SDSM Zoranu Zaevu podeli mandat za sestavo nove vlade, poro\u010da Slovenska tiskovna agencija. Po \u010detrtkovih pogovorih v Skopju je Mogherinijeva Ivanova pozvala, naj odlo\u010ditev umakne v interesu vseh dr\u017eavljanov. Izpostavila je, da ustava obvezuje predsednika dr\u017eave, da mandat za sestavo vlade podeli kandidatu stranke z ve\u010dino v parlamentu. Ivanov je v sredo zavrnil podelitev mandata Zaevu, \u010deprav mu je ta v ponedeljek predal podpise podpore 67 poslancev v 120-\u010dlanskem parlamentu. Kot je dejal, ne more podeliti mandata nekomu, ki ogro\u017ea\u00a0...","og_url":"https:\/\/hudo.com\/si\/aktualno\/ivanov-zavrnil-poziv-mogherinijeve-naj-vodji-opozicije-podeli-mandat\/","og_site_name":"Hudo Slovenija","article_publisher":"https:\/\/www.facebook.com\/hudo.si","article_published_time":"2017-03-03T07:17:00+00:00","og_image":[{"width":480,"height":290,"url":"https:\/\/hudo.com\/si\/wp-content\/uploads\/sites\/2\/2017\/03\/480x290_AFP_Photo-20170228212113-34541000.jpeg","type":"image\/jpeg"}],"author":"hudo","twitter_card":"summary_large_image","twitter_creator":"@hudo_si","twitter_site":"@hudo_si","twitter_misc":{"Written by":"hudo","Est. reading time":"1 minuta"},"schema":{"@context":"https:\/\/schema.org","@graph":[{"@type":"Article","@id":"https:\/\/hudo.com\/si\/aktualno\/ivanov-zavrnil-poziv-mogherinijeve-naj-vodji-opozicije-podeli-mandat\/#article","isPartOf":{"@id":"https:\/\/hudo.com\/si\/aktualno\/ivanov-zavrnil-poziv-mogherinijeve-naj-vodji-opozicije-podeli-mandat\/"},"author":{"name":"hudo","@id":"https:\/\/hudo.com\/si\/#\/schema\/person\/601cf3379633985b20f7e50f2bb47707"},"headline":"Ivanov zavrnil poziv Mogherinijeve, naj vodji opozicije podeli mandat","datePublished":"2017-03-03T07:17:00+00:00","dateModified":"2017-03-03T07:17:00+00:00","mainEntityOfPage":{"@id":"https:\/\/hudo.com\/si\/aktualno\/ivanov-zavrnil-poziv-mogherinijeve-naj-vodji-opozicije-podeli-mandat\/"},"wordCount":147,"publisher":{"@id":"https:\/\/hudo.com\/si\/#organization"},"articleSection":["Aktualno"],"inLanguage":"sl-SI"},{"@type":"WebPage","@id":"https:\/\/hudo.com\/si\/aktualno\/ivanov-zavrnil-poziv-mogherinijeve-naj-vodji-opozicije-podeli-mandat\/","url":"https:\/\/hudo.com\/si\/aktualno\/ivanov-zavrnil-poziv-mogherinijeve-naj-vodji-opozicije-podeli-mandat\/","name":"Ivanov zavrnil poziv Mogherinijeve, naj vodji opozicije podeli mandat - Hudo Slovenija","isPartOf":{"@id":"https:\/\/hudo.com\/si\/#website"},"datePublished":"2017-03-03T07:17:00+00:00","dateModified":"2017-03-03T07:17:00+00:00","breadcrumb":{"@id":"https:\/\/hudo.com\/si\/aktualno\/ivanov-zavrnil-poziv-mogherinijeve-naj-vodji-opozicije-podeli-mandat\/#breadcrumb"},"inLanguage":"sl-SI","potentialAction":[{"@type":"ReadAction","target":["https:\/\/hudo.com\/si\/aktualno\/ivanov-zavrnil-poziv-mogherinijeve-naj-vodji-opozicije-podeli-mandat\/"]}]},{"@type":"BreadcrumbList","@id":"https:\/\/hudo.com\/si\/aktualno\/ivanov-zavrnil-poziv-mogherinijeve-naj-vodji-opozicije-podeli-mandat\/#breadcrumb","itemListElement":[{"@type":"ListItem","position":1,"name":"Home","item":"https:\/\/hudo.com\/si\/"},{"@type":"ListItem","position":2,"name":"Ivanov zavrnil poziv Mogherinijeve, naj vodji opozicije podeli mandat"}]},{"@type":"WebSite","@id":"https:\/\/hudo.com\/si\/#website","url":"https:\/\/hudo.com\/si\/","name":"Hudo Slovenija","description":"Vse novice iz Slovenije in sveta","publisher":{"@id":"https:\/\/hudo.com\/si\/#organization"},"potentialAction":[{"@type":"SearchAction","target":{"@type":"EntryPoint","urlTemplate":"https:\/\/hudo.com\/si\/?s={search_term_string}"},"query-input":"required name=search_term_string"}],"inLanguage":"sl-SI"},{"@type":"Organization","@id":"https:\/\/hudo.com\/si\/#organization","name":"VSN Media","url":"https:\/\/hudo.com\/si\/","logo":{"@type":"ImageObject","inLanguage":"sl-SI","@id":"https:\/\/hudo.com\/si\/#\/schema\/logo\/image\/","url":"https:\/\/hudo.com\/si\/wp-content\/uploads\/sites\/2\/2021\/03\/hudo-app-2.png","contentUrl":"https:\/\/hudo.com\/si\/wp-content\/uploads\/sites\/2\/2021\/03\/hudo-app-2.png","width":2185,"height":2167,"caption":"VSN Media"},"image":{"@id":"https:\/\/hudo.com\/si\/#\/schema\/logo\/image\/"},"sameAs":["https:\/\/www.facebook.com\/hudo.si","https:\/\/twitter.com\/hudo_si"]},{"@type":"Person","@id":"https:\/\/hudo.com\/si\/#\/schema\/person\/601cf3379633985b20f7e50f2bb47707","name":"hudo","image":{"@type":"ImageObject","inLanguage":"sl-SI","@id":"https:\/\/hudo.com\/si\/#\/schema\/person\/image\/","url":"https:\/\/secure.gravatar.com\/avatar\/c4ca25fa72cace7a696b52ff5db9e095?s=96&d=mm&r=g","contentUrl":"https:\/\/secure.gravatar.com\/avatar\/c4ca25fa72cace7a696b52ff5db9e095?s=96&d=mm&r=g","caption":"hudo"},"url":"https:\/\/hudo.com\/si\/author\/hudo\/"}]}},"amp_enabled":true,"_links":{"self":[{"href":"https:\/\/hudo.com\/si\/wp-json\/wp\/v2\/posts\/219618"}],"collection":[{"href":"https:\/\/hudo.com\/si\/wp-json\/wp\/v2\/posts"}],"about":[{"href":"https:\/\/hudo.com\/si\/wp-json\/wp\/v2\/types\/post"}],"author":[{"embeddable":true,"href":"https:\/\/hudo.com\/si\/wp-json\/wp\/v2\/users\/1"}],"replies":[{"embeddable":true,"href":"https:\/\/hudo.com\/si\/wp-json\/wp\/v2\/comments?post=219618"}],"version-history":[{"count":0,"href":"https:\/\/hudo.com\/si\/wp-json\/wp\/v2\/posts\/219618\/revisions"}],"wp:attachment":[{"href":"https:\/\/hudo.com\/si\/wp-json\/wp\/v2\/media?parent=219618"}],"wp:term":[{"taxonomy":"category","embeddable":true,"href":"https:\/\/hudo.com\/si\/wp-json\/wp\/v2\/categories?post=219618"},{"taxonomy":"post_tag","embeddable":true,"href":"https:\/\/hudo.com\/si\/wp-json\/wp\/v2\/tags?post=219618"},{"taxonomy":"source","embeddable":true,"href":"https:\/\/hudo.com\/si\/wp-json\/wp\/v2\/source?post=219618"},{"taxonomy":"supertag","embeddable":true,"href":"https:\/\/hudo.com\/si\/wp-json\/wp\/v2\/supertag?post=219618"}],"curies":[{"name":"wp","href":"https:\/\/api.w.org\/{rel}","templated":true}]}}