{"id":222383,"date":"2017-03-08T13:30:00","date_gmt":"2017-03-08T12:30:00","guid":{"rendered":"http:\/\/hudo.com\/si\/2017\/03\/08\/dokoncna-usmeritev-crne-gore-na-zahod\/"},"modified":"2017-03-08T13:30:00","modified_gmt":"2017-03-08T12:30:00","slug":"dokoncna-usmeritev-crne-gore-na-zahod","status":"publish","type":"post","link":"https:\/\/hudo.com\/si\/aktualno\/dokoncna-usmeritev-crne-gore-na-zahod\/","title":{"rendered":"Dokon\u010dna usmeritev \u010crne gore na Zahod"},"content":{"rendered":"<p>Kategorija: Politika Wed, 08 Mar 2017 14:30:00 +0100  Ljubljana &#8211;\u00a0Zunanji minister Karl Erjavec, ki je danes gostil \u010drnogorskega kolega Sr\u0111ana Darmanovi\u0107a, je ocenil, da\u00a0Slovenija in \u010crna gora predstavljata stabilnost \u0161ir\u0161e regije. Ministra sta izrazila zakrbljenost\u00a0zaradi stopnjevanja napetosti na Balkanu. Karel Erjavec in Sr\u0111an Darmanovi\u0107 sta izpostavila\u00a0pomen konstruktivnih odnosov s sosednjimi dr\u017eavami in dobrega regionalnega sodelovanja. Erjavec je poudaril, da Slovenija podpira vse dr\u017eave Zahodnega Balkan k \u010dim hitrej\u0161em pribli\u017eevanju evroatlantskim organizacijam, ki spada med pomembnej\u0161e re\u0161itve za stabilnost regije.\u00a0Po njegovem se je \u010crna gora\u00a0doslej na tej poti izkazala, kar\u00a0je opazila tudi visoka zunanja predstavnica EU Federica Mogherini.\u00a0Darmanovi\u0107\u00a0je dodal, da sta mir in stabilnost na Zahodnem Balkanu pomembna za prihodnost Balkana in\u00a0Evrope.Vodja \u010drnogorske diplomacije je pojasnil, da\u00a0\u010crna gora pridru\u017eitve EU in Natu ne smatra le kot \u010dlanstva v privilegiranem klubu, ampak kot utrditev v demokrati\u010dni skupnosti in dokon\u010dno usmeritev\u00a0&#8230;<\/p>\n","protected":false},"excerpt":{"rendered":"<p>Kategorija: Politika Wed, 08 Mar 2017 14:30:00 +0100  Ljubljana &#8211;\u00a0Zunanji minister Karl Erjavec, ki je danes gostil \u010drnogorskega kolega Sr\u0111ana Darmanovi\u0107a, je ocenil, da\u00a0Slovenija in \u010crna gora predstavljata stabilnost \u0161ir\u0161e regije. Ministra sta izrazila zakrbljenost\u00a0zaradi stopnjevanja napetosti na Balkanu. Karel Erjavec in Sr\u0111an Darmanovi\u0107 sta izpostavila\u00a0pomen konstruktivnih odnosov s sosednjimi dr\u017eavami in dobrega regionalnega sodelovanja. Erjavec je poudaril, da Slovenija podpira vse dr\u017eave Zahodnega Balkan k \u010dim hitrej\u0161em pribli\u017eevanju evroatlantskim organizacijam, ki spada med pomembnej\u0161e re\u0161itve za stabilnost regije.\u00a0Po njegovem se je \u010crna gora\u00a0doslej na tej poti izkazala, kar\u00a0je opazila tudi visoka zunanja predstavnica EU Federica Mogherini.\u00a0Darmanovi\u0107\u00a0je dodal, da sta mir in stabilnost na Zahodnem Balkanu pomembna za prihodnost Balkana in\u00a0Evrope.Vodja \u010drnogorske diplomacije je pojasnil, da\u00a0\u010crna gora pridru\u017eitve EU in Natu ne smatra le kot \u010dlanstva v privilegiranem klubu, ampak kot utrditev v demokrati\u010dni skupnosti in dokon\u010dno usmeritev\u00a0&#8230;<\/p>\n","protected":false},"author":1,"featured_media":0,"comment_status":"closed","ping_status":"closed","sticky":false,"template":"","format":"standard","meta":{"footnotes":""},"categories":[1179],"tags":[],"source":[1703],"supertag":[],"acf":[],"yoast_head":"<!-- This site is optimized with the Yoast SEO plugin v21.3 - https:\/\/yoast.com\/wordpress\/plugins\/seo\/ -->\n<title>Dokon\u010dna usmeritev \u010crne gore na Zahod - Hudo Slovenija<\/title>\n<meta name=\"robots\" content=\"index, follow, max-snippet:-1, max-image-preview:large, max-video-preview:-1\" \/>\n<link rel=\"canonical\" href=\"https:\/\/hudo.com\/si\/aktualno\/dokoncna-usmeritev-crne-gore-na-zahod\/\" \/>\n<meta property=\"og:locale\" content=\"sl_SI\" \/>\n<meta property=\"og:type\" content=\"article\" \/>\n<meta property=\"og:title\" content=\"Dokon\u010dna usmeritev \u010crne gore na Zahod - Hudo Slovenija\" \/>\n<meta property=\"og:description\" content=\"Kategorija: Politika Wed, 08 Mar 2017 14:30:00 +0100 Ljubljana -\u00a0Zunanji minister Karl Erjavec, ki je danes gostil \u010drnogorskega kolega Sr\u0111ana Darmanovi\u0107a, je ocenil, da\u00a0Slovenija in \u010crna gora predstavljata stabilnost \u0161ir\u0161e regije. Ministra sta izrazila zakrbljenost\u00a0zaradi stopnjevanja napetosti na Balkanu. Karel Erjavec in Sr\u0111an Darmanovi\u0107 sta izpostavila\u00a0pomen konstruktivnih odnosov s sosednjimi dr\u017eavami in dobrega regionalnega sodelovanja. Erjavec je poudaril, da Slovenija podpira vse dr\u017eave Zahodnega Balkan k \u010dim hitrej\u0161em pribli\u017eevanju evroatlantskim organizacijam, ki spada med pomembnej\u0161e re\u0161itve za stabilnost regije.\u00a0Po njegovem se je \u010crna gora\u00a0doslej na tej poti izkazala, kar\u00a0je opazila tudi visoka zunanja predstavnica EU Federica Mogherini.\u00a0Darmanovi\u0107\u00a0je dodal, da sta mir in stabilnost na Zahodnem Balkanu pomembna za prihodnost Balkana in\u00a0Evrope.Vodja \u010drnogorske diplomacije je pojasnil, da\u00a0\u010crna gora pridru\u017eitve EU in Natu ne smatra le kot \u010dlanstva v privilegiranem klubu, ampak kot utrditev v demokrati\u010dni skupnosti in dokon\u010dno usmeritev\u00a0...\" \/>\n<meta property=\"og:url\" content=\"https:\/\/hudo.com\/si\/aktualno\/dokoncna-usmeritev-crne-gore-na-zahod\/\" \/>\n<meta property=\"og:site_name\" content=\"Hudo Slovenija\" \/>\n<meta property=\"article:publisher\" content=\"https:\/\/www.facebook.com\/hudo.si\" \/>\n<meta property=\"article:published_time\" content=\"2017-03-08T12:30:00+00:00\" \/>\n<meta property=\"og:image\" content=\"https:\/\/hudo.com\/si\/wp-content\/uploads\/sites\/2\/2017\/03\/480x290_djvu_1326573_jaklicm_mdr_ulicna-kosarka.jpeg\" \/>\n\t<meta property=\"og:image:width\" content=\"480\" \/>\n\t<meta property=\"og:image:height\" content=\"290\" \/>\n\t<meta property=\"og:image:type\" content=\"image\/jpeg\" \/>\n<meta name=\"author\" content=\"hudo\" \/>\n<meta name=\"twitter:card\" content=\"summary_large_image\" \/>\n<meta name=\"twitter:creator\" content=\"@hudo_si\" \/>\n<meta name=\"twitter:site\" content=\"@hudo_si\" \/>\n<meta name=\"twitter:label1\" content=\"Written by\" \/>\n\t<meta name=\"twitter:data1\" content=\"hudo\" \/>\n\t<meta name=\"twitter:label2\" content=\"Est. reading time\" \/>\n\t<meta name=\"twitter:data2\" content=\"1 minuta\" \/>\n<script type=\"application\/ld+json\" class=\"yoast-schema-graph\">{\"@context\":\"https:\/\/schema.org\",\"@graph\":[{\"@type\":\"Article\",\"@id\":\"https:\/\/hudo.com\/si\/aktualno\/dokoncna-usmeritev-crne-gore-na-zahod\/#article\",\"isPartOf\":{\"@id\":\"https:\/\/hudo.com\/si\/aktualno\/dokoncna-usmeritev-crne-gore-na-zahod\/\"},\"author\":{\"name\":\"hudo\",\"@id\":\"https:\/\/hudo.com\/si\/#\/schema\/person\/601cf3379633985b20f7e50f2bb47707\"},\"headline\":\"Dokon\u010dna usmeritev \u010crne gore na Zahod\",\"datePublished\":\"2017-03-08T12:30:00+00:00\",\"dateModified\":\"2017-03-08T12:30:00+00:00\",\"mainEntityOfPage\":{\"@id\":\"https:\/\/hudo.com\/si\/aktualno\/dokoncna-usmeritev-crne-gore-na-zahod\/\"},\"wordCount\":166,\"publisher\":{\"@id\":\"https:\/\/hudo.com\/si\/#organization\"},\"articleSection\":[\"Aktualno\"],\"inLanguage\":\"sl-SI\"},{\"@type\":\"WebPage\",\"@id\":\"https:\/\/hudo.com\/si\/aktualno\/dokoncna-usmeritev-crne-gore-na-zahod\/\",\"url\":\"https:\/\/hudo.com\/si\/aktualno\/dokoncna-usmeritev-crne-gore-na-zahod\/\",\"name\":\"Dokon\u010dna usmeritev \u010crne gore na Zahod - Hudo Slovenija\",\"isPartOf\":{\"@id\":\"https:\/\/hudo.com\/si\/#website\"},\"datePublished\":\"2017-03-08T12:30:00+00:00\",\"dateModified\":\"2017-03-08T12:30:00+00:00\",\"breadcrumb\":{\"@id\":\"https:\/\/hudo.com\/si\/aktualno\/dokoncna-usmeritev-crne-gore-na-zahod\/#breadcrumb\"},\"inLanguage\":\"sl-SI\",\"potentialAction\":[{\"@type\":\"ReadAction\",\"target\":[\"https:\/\/hudo.com\/si\/aktualno\/dokoncna-usmeritev-crne-gore-na-zahod\/\"]}]},{\"@type\":\"BreadcrumbList\",\"@id\":\"https:\/\/hudo.com\/si\/aktualno\/dokoncna-usmeritev-crne-gore-na-zahod\/#breadcrumb\",\"itemListElement\":[{\"@type\":\"ListItem\",\"position\":1,\"name\":\"Home\",\"item\":\"https:\/\/hudo.com\/si\/\"},{\"@type\":\"ListItem\",\"position\":2,\"name\":\"Dokon\u010dna usmeritev \u010crne gore na Zahod\"}]},{\"@type\":\"WebSite\",\"@id\":\"https:\/\/hudo.com\/si\/#website\",\"url\":\"https:\/\/hudo.com\/si\/\",\"name\":\"Hudo Slovenija\",\"description\":\"Vse novice iz Slovenije in sveta\",\"publisher\":{\"@id\":\"https:\/\/hudo.com\/si\/#organization\"},\"potentialAction\":[{\"@type\":\"SearchAction\",\"target\":{\"@type\":\"EntryPoint\",\"urlTemplate\":\"https:\/\/hudo.com\/si\/?s={search_term_string}\"},\"query-input\":\"required name=search_term_string\"}],\"inLanguage\":\"sl-SI\"},{\"@type\":\"Organization\",\"@id\":\"https:\/\/hudo.com\/si\/#organization\",\"name\":\"VSN Media\",\"url\":\"https:\/\/hudo.com\/si\/\",\"logo\":{\"@type\":\"ImageObject\",\"inLanguage\":\"sl-SI\",\"@id\":\"https:\/\/hudo.com\/si\/#\/schema\/logo\/image\/\",\"url\":\"https:\/\/hudo.com\/si\/wp-content\/uploads\/sites\/2\/2021\/03\/hudo-app-2.png\",\"contentUrl\":\"https:\/\/hudo.com\/si\/wp-content\/uploads\/sites\/2\/2021\/03\/hudo-app-2.png\",\"width\":2185,\"height\":2167,\"caption\":\"VSN Media\"},\"image\":{\"@id\":\"https:\/\/hudo.com\/si\/#\/schema\/logo\/image\/\"},\"sameAs\":[\"https:\/\/www.facebook.com\/hudo.si\",\"https:\/\/twitter.com\/hudo_si\"]},{\"@type\":\"Person\",\"@id\":\"https:\/\/hudo.com\/si\/#\/schema\/person\/601cf3379633985b20f7e50f2bb47707\",\"name\":\"hudo\",\"image\":{\"@type\":\"ImageObject\",\"inLanguage\":\"sl-SI\",\"@id\":\"https:\/\/hudo.com\/si\/#\/schema\/person\/image\/\",\"url\":\"https:\/\/secure.gravatar.com\/avatar\/c4ca25fa72cace7a696b52ff5db9e095?s=96&d=mm&r=g\",\"contentUrl\":\"https:\/\/secure.gravatar.com\/avatar\/c4ca25fa72cace7a696b52ff5db9e095?s=96&d=mm&r=g\",\"caption\":\"hudo\"},\"url\":\"https:\/\/hudo.com\/si\/author\/hudo\/\"}]}<\/script>\n<!-- \/ Yoast SEO plugin. -->","yoast_head_json":{"title":"Dokon\u010dna usmeritev \u010crne gore na Zahod - Hudo Slovenija","robots":{"index":"index","follow":"follow","max-snippet":"max-snippet:-1","max-image-preview":"max-image-preview:large","max-video-preview":"max-video-preview:-1"},"canonical":"https:\/\/hudo.com\/si\/aktualno\/dokoncna-usmeritev-crne-gore-na-zahod\/","og_locale":"sl_SI","og_type":"article","og_title":"Dokon\u010dna usmeritev \u010crne gore na Zahod - Hudo Slovenija","og_description":"Kategorija: Politika Wed, 08 Mar 2017 14:30:00 +0100 Ljubljana -\u00a0Zunanji minister Karl Erjavec, ki je danes gostil \u010drnogorskega kolega Sr\u0111ana Darmanovi\u0107a, je ocenil, da\u00a0Slovenija in \u010crna gora predstavljata stabilnost \u0161ir\u0161e regije. Ministra sta izrazila zakrbljenost\u00a0zaradi stopnjevanja napetosti na Balkanu. Karel Erjavec in Sr\u0111an Darmanovi\u0107 sta izpostavila\u00a0pomen konstruktivnih odnosov s sosednjimi dr\u017eavami in dobrega regionalnega sodelovanja. Erjavec je poudaril, da Slovenija podpira vse dr\u017eave Zahodnega Balkan k \u010dim hitrej\u0161em pribli\u017eevanju evroatlantskim organizacijam, ki spada med pomembnej\u0161e re\u0161itve za stabilnost regije.\u00a0Po njegovem se je \u010crna gora\u00a0doslej na tej poti izkazala, kar\u00a0je opazila tudi visoka zunanja predstavnica EU Federica Mogherini.\u00a0Darmanovi\u0107\u00a0je dodal, da sta mir in stabilnost na Zahodnem Balkanu pomembna za prihodnost Balkana in\u00a0Evrope.Vodja \u010drnogorske diplomacije je pojasnil, da\u00a0\u010crna gora pridru\u017eitve EU in Natu ne smatra le kot \u010dlanstva v privilegiranem klubu, ampak kot utrditev v demokrati\u010dni skupnosti in dokon\u010dno usmeritev\u00a0...","og_url":"https:\/\/hudo.com\/si\/aktualno\/dokoncna-usmeritev-crne-gore-na-zahod\/","og_site_name":"Hudo Slovenija","article_publisher":"https:\/\/www.facebook.com\/hudo.si","article_published_time":"2017-03-08T12:30:00+00:00","og_image":[{"width":480,"height":290,"url":"https:\/\/hudo.com\/si\/wp-content\/uploads\/sites\/2\/2017\/03\/480x290_djvu_1326573_jaklicm_mdr_ulicna-kosarka.jpeg","type":"image\/jpeg"}],"author":"hudo","twitter_card":"summary_large_image","twitter_creator":"@hudo_si","twitter_site":"@hudo_si","twitter_misc":{"Written by":"hudo","Est. reading time":"1 minuta"},"schema":{"@context":"https:\/\/schema.org","@graph":[{"@type":"Article","@id":"https:\/\/hudo.com\/si\/aktualno\/dokoncna-usmeritev-crne-gore-na-zahod\/#article","isPartOf":{"@id":"https:\/\/hudo.com\/si\/aktualno\/dokoncna-usmeritev-crne-gore-na-zahod\/"},"author":{"name":"hudo","@id":"https:\/\/hudo.com\/si\/#\/schema\/person\/601cf3379633985b20f7e50f2bb47707"},"headline":"Dokon\u010dna usmeritev \u010crne gore na Zahod","datePublished":"2017-03-08T12:30:00+00:00","dateModified":"2017-03-08T12:30:00+00:00","mainEntityOfPage":{"@id":"https:\/\/hudo.com\/si\/aktualno\/dokoncna-usmeritev-crne-gore-na-zahod\/"},"wordCount":166,"publisher":{"@id":"https:\/\/hudo.com\/si\/#organization"},"articleSection":["Aktualno"],"inLanguage":"sl-SI"},{"@type":"WebPage","@id":"https:\/\/hudo.com\/si\/aktualno\/dokoncna-usmeritev-crne-gore-na-zahod\/","url":"https:\/\/hudo.com\/si\/aktualno\/dokoncna-usmeritev-crne-gore-na-zahod\/","name":"Dokon\u010dna usmeritev \u010crne gore na Zahod - Hudo Slovenija","isPartOf":{"@id":"https:\/\/hudo.com\/si\/#website"},"datePublished":"2017-03-08T12:30:00+00:00","dateModified":"2017-03-08T12:30:00+00:00","breadcrumb":{"@id":"https:\/\/hudo.com\/si\/aktualno\/dokoncna-usmeritev-crne-gore-na-zahod\/#breadcrumb"},"inLanguage":"sl-SI","potentialAction":[{"@type":"ReadAction","target":["https:\/\/hudo.com\/si\/aktualno\/dokoncna-usmeritev-crne-gore-na-zahod\/"]}]},{"@type":"BreadcrumbList","@id":"https:\/\/hudo.com\/si\/aktualno\/dokoncna-usmeritev-crne-gore-na-zahod\/#breadcrumb","itemListElement":[{"@type":"ListItem","position":1,"name":"Home","item":"https:\/\/hudo.com\/si\/"},{"@type":"ListItem","position":2,"name":"Dokon\u010dna usmeritev \u010crne gore na Zahod"}]},{"@type":"WebSite","@id":"https:\/\/hudo.com\/si\/#website","url":"https:\/\/hudo.com\/si\/","name":"Hudo Slovenija","description":"Vse novice iz Slovenije in sveta","publisher":{"@id":"https:\/\/hudo.com\/si\/#organization"},"potentialAction":[{"@type":"SearchAction","target":{"@type":"EntryPoint","urlTemplate":"https:\/\/hudo.com\/si\/?s={search_term_string}"},"query-input":"required name=search_term_string"}],"inLanguage":"sl-SI"},{"@type":"Organization","@id":"https:\/\/hudo.com\/si\/#organization","name":"VSN Media","url":"https:\/\/hudo.com\/si\/","logo":{"@type":"ImageObject","inLanguage":"sl-SI","@id":"https:\/\/hudo.com\/si\/#\/schema\/logo\/image\/","url":"https:\/\/hudo.com\/si\/wp-content\/uploads\/sites\/2\/2021\/03\/hudo-app-2.png","contentUrl":"https:\/\/hudo.com\/si\/wp-content\/uploads\/sites\/2\/2021\/03\/hudo-app-2.png","width":2185,"height":2167,"caption":"VSN Media"},"image":{"@id":"https:\/\/hudo.com\/si\/#\/schema\/logo\/image\/"},"sameAs":["https:\/\/www.facebook.com\/hudo.si","https:\/\/twitter.com\/hudo_si"]},{"@type":"Person","@id":"https:\/\/hudo.com\/si\/#\/schema\/person\/601cf3379633985b20f7e50f2bb47707","name":"hudo","image":{"@type":"ImageObject","inLanguage":"sl-SI","@id":"https:\/\/hudo.com\/si\/#\/schema\/person\/image\/","url":"https:\/\/secure.gravatar.com\/avatar\/c4ca25fa72cace7a696b52ff5db9e095?s=96&d=mm&r=g","contentUrl":"https:\/\/secure.gravatar.com\/avatar\/c4ca25fa72cace7a696b52ff5db9e095?s=96&d=mm&r=g","caption":"hudo"},"url":"https:\/\/hudo.com\/si\/author\/hudo\/"}]}},"amp_enabled":true,"_links":{"self":[{"href":"https:\/\/hudo.com\/si\/wp-json\/wp\/v2\/posts\/222383"}],"collection":[{"href":"https:\/\/hudo.com\/si\/wp-json\/wp\/v2\/posts"}],"about":[{"href":"https:\/\/hudo.com\/si\/wp-json\/wp\/v2\/types\/post"}],"author":[{"embeddable":true,"href":"https:\/\/hudo.com\/si\/wp-json\/wp\/v2\/users\/1"}],"replies":[{"embeddable":true,"href":"https:\/\/hudo.com\/si\/wp-json\/wp\/v2\/comments?post=222383"}],"version-history":[{"count":0,"href":"https:\/\/hudo.com\/si\/wp-json\/wp\/v2\/posts\/222383\/revisions"}],"wp:attachment":[{"href":"https:\/\/hudo.com\/si\/wp-json\/wp\/v2\/media?parent=222383"}],"wp:term":[{"taxonomy":"category","embeddable":true,"href":"https:\/\/hudo.com\/si\/wp-json\/wp\/v2\/categories?post=222383"},{"taxonomy":"post_tag","embeddable":true,"href":"https:\/\/hudo.com\/si\/wp-json\/wp\/v2\/tags?post=222383"},{"taxonomy":"source","embeddable":true,"href":"https:\/\/hudo.com\/si\/wp-json\/wp\/v2\/source?post=222383"},{"taxonomy":"supertag","embeddable":true,"href":"https:\/\/hudo.com\/si\/wp-json\/wp\/v2\/supertag?post=222383"}],"curies":[{"name":"wp","href":"https:\/\/api.w.org\/{rel}","templated":true}]}}