{"id":222401,"date":"2017-03-08T15:31:14","date_gmt":"2017-03-08T14:31:14","guid":{"rendered":"http:\/\/hudo.com\/si\/?p=222401"},"modified":"2017-03-08T15:31:14","modified_gmt":"2017-03-08T14:31:14","slug":"protibegunskih-referendumov-v-sloveniji-ne-bo","status":"publish","type":"post","link":"https:\/\/hudo.com\/si\/aktualno\/protibegunskih-referendumov-v-sloveniji-ne-bo\/","title":{"rendered":"Protibegunskih referendumov v Sloveniji ne bo"},"content":{"rendered":"<p>Referendumsko vpra\u0161anje bi se po \u010cu\u0161evem predlogu glasilo: &#8220;Ali se strinjate, da dr\u017eavni zbor sprejme zakonodajo, ki omejuje priseljevanje v Republiko Slovenijo in zavra\u010da kvotni sistem dodeljevanja ilegalnih migrantov po \u010dlanicah Evropske unije?&#8221;<\/p>\n<h2>Konec populisti\u010dnih referendumov?<\/h2>\n<p>Vlada predloga za razpis referenduma ne podpira, je povedal dr\u017eavni sekretar na notranjem ministrstvu Bo\u0161tjan \u0160efic. Iz predloga namre\u010d ni jasno razviden predmet odlo\u010danja na referendumu, saj ni jasno, ali se nana\u0161a na nastanitve migrantov in omejevanje priseljevanja nasploh ali pa na kvotni sistem.<\/p>\n<p>Glede slednjega pa je povedal, da gre za zavezo in obveznost \u010dlanic EU. Zavra\u010danje sistema bi pomenilo kr\u0161itev zavez, ki jih je Slovenija dala ob vstopu v EU. Slovenija je tudi zavezana k vzpostavitvi skupne azilne politike, ki se spreminja in prilagaja novim razmeram in delitvi bremen po na\u010delu solidarnosti, je \u0161e dejal \u0160efic. Dodal je \u0161e, da vlada uspe\u0161no uporablja vzvode upravljanja migracijskih tokov.<\/p>\n<p>Da je predlagano referendumsko vpra\u0161anje nejasno, je menila tudi zakonodajno-pravna slu\u017eba. Poleg tega pa bi referendum povzro\u010dil kr\u0161itev temeljev slovenske ustavne ureditve ter mednarodnih aktov, so bili prepri\u010dani v zakonodajno-pravni slu\u017ebi.<\/p>\n<p>Poslanec SMC <a class=\"pmeter\" href=\"https:\/\/www.sta.si\/2363978\/referenduma-o-omejevanju-priseljevanja-in-kvotnem-sistemu-ne-bo#\">Marko Ferluga<\/a> pa je opozoril, da se je Slovenija zavezala k skupni azilni politiki, pri iskanju skupne re\u0161itve pa je klju\u010dna solidarnost. &#8220;In solidarnost je Slovencem v krvi,&#8221; je dodal. \u010cu\u0161ev predlog je sicer ozna\u010dil kot &#8220;trumpovsko retoriko, razmi\u0161ljanje in delovanje, ki je medijsko zelo v\u0161e\u010dno&#8221;.<\/p>\n<p>\u010clani odbora so nato glasovali o primernosti predloga za razpis referenduma, a tak\u0161nega mnenja niso izglasovali. To pomeni, da odbor za notranjo politiko dr\u017eavnemu zboru ne bo predlagal razpisa referenduma.<\/p>\n","protected":false},"excerpt":{"rendered":"<p>Posvetovalnega referenduma o omejevanju priseljevanja ter zavrnitvi kvotnega sistema za razporejanje migrantov po \u010dlanicah EU ne bo. Parlamentarni odbor za notranjo politiko namre\u010d na dana\u0161nji seji ni podprl predloga biv\u0161ega poslanca SDS Andreja \u010cu\u0161a za razpis tak\u0161nega referenduma.<\/p>\n","protected":false},"author":7,"featured_media":222402,"comment_status":"closed","ping_status":"closed","sticky":false,"template":"","format":"standard","meta":{"footnotes":""},"categories":[1179],"tags":[1606,5008,1595,6249],"source":[4511],"supertag":[],"acf":[],"yoast_head":"<!-- This site is optimized with the Yoast SEO plugin v21.3 - https:\/\/yoast.com\/wordpress\/plugins\/seo\/ -->\n<title>Protibegunskih referendumov v Sloveniji ne bo - Hudo Slovenija<\/title>\n<meta name=\"robots\" content=\"index, follow, max-snippet:-1, max-image-preview:large, max-video-preview:-1\" \/>\n<link rel=\"canonical\" href=\"https:\/\/hudo.com\/si\/aktualno\/protibegunskih-referendumov-v-sloveniji-ne-bo\/\" \/>\n<meta property=\"og:locale\" content=\"sl_SI\" \/>\n<meta property=\"og:type\" content=\"article\" \/>\n<meta property=\"og:title\" content=\"Protibegunskih referendumov v Sloveniji ne bo - Hudo Slovenija\" \/>\n<meta property=\"og:description\" content=\"Posvetovalnega referenduma o omejevanju priseljevanja ter zavrnitvi kvotnega sistema za razporejanje migrantov po \u010dlanicah EU ne bo. Parlamentarni odbor za notranjo politiko namre\u010d na dana\u0161nji seji ni podprl predloga biv\u0161ega poslanca SDS Andreja \u010cu\u0161a za razpis tak\u0161nega referenduma.\" \/>\n<meta property=\"og:url\" content=\"https:\/\/hudo.com\/si\/aktualno\/protibegunskih-referendumov-v-sloveniji-ne-bo\/\" \/>\n<meta property=\"og:site_name\" content=\"Hudo Slovenija\" \/>\n<meta property=\"article:publisher\" content=\"https:\/\/www.facebook.com\/hudo.si\" \/>\n<meta property=\"article:published_time\" content=\"2017-03-08T14:31:14+00:00\" \/>\n<meta property=\"og:image\" content=\"https:\/\/hudo.com\/si\/wp-content\/uploads\/sites\/2\/2017\/03\/profimedia-0307145052.jpg\" \/>\n\t<meta property=\"og:image:width\" content=\"1250\" \/>\n\t<meta property=\"og:image:height\" content=\"773\" \/>\n\t<meta property=\"og:image:type\" content=\"image\/jpeg\" \/>\n<meta name=\"author\" content=\"A. P., STA\" \/>\n<meta name=\"twitter:card\" content=\"summary_large_image\" \/>\n<meta name=\"twitter:creator\" content=\"@hudo_si\" \/>\n<meta name=\"twitter:site\" content=\"@hudo_si\" \/>\n<meta name=\"twitter:label1\" content=\"Written by\" \/>\n\t<meta name=\"twitter:data1\" content=\"A. P., STA\" \/>\n\t<meta name=\"twitter:label2\" content=\"Est. reading time\" \/>\n\t<meta name=\"twitter:data2\" content=\"1 minuta\" \/>\n<script type=\"application\/ld+json\" class=\"yoast-schema-graph\">{\"@context\":\"https:\/\/schema.org\",\"@graph\":[{\"@type\":\"Article\",\"@id\":\"https:\/\/hudo.com\/si\/aktualno\/protibegunskih-referendumov-v-sloveniji-ne-bo\/#article\",\"isPartOf\":{\"@id\":\"https:\/\/hudo.com\/si\/aktualno\/protibegunskih-referendumov-v-sloveniji-ne-bo\/\"},\"author\":{\"name\":\"A. P., STA\",\"@id\":\"https:\/\/hudo.com\/si\/#\/schema\/person\/18f09c02475ba9e606e941a565b80cff\"},\"headline\":\"Protibegunskih referendumov v Sloveniji ne bo\",\"datePublished\":\"2017-03-08T14:31:14+00:00\",\"dateModified\":\"2017-03-08T14:31:14+00:00\",\"mainEntityOfPage\":{\"@id\":\"https:\/\/hudo.com\/si\/aktualno\/protibegunskih-referendumov-v-sloveniji-ne-bo\/\"},\"wordCount\":288,\"publisher\":{\"@id\":\"https:\/\/hudo.com\/si\/#organization\"},\"keywords\":[\"begunci\",\"parlament\",\"Slovenija\",\"vlada RS\"],\"articleSection\":[\"Aktualno\"],\"inLanguage\":\"sl-SI\"},{\"@type\":\"WebPage\",\"@id\":\"https:\/\/hudo.com\/si\/aktualno\/protibegunskih-referendumov-v-sloveniji-ne-bo\/\",\"url\":\"https:\/\/hudo.com\/si\/aktualno\/protibegunskih-referendumov-v-sloveniji-ne-bo\/\",\"name\":\"Protibegunskih referendumov v Sloveniji ne bo - Hudo Slovenija\",\"isPartOf\":{\"@id\":\"https:\/\/hudo.com\/si\/#website\"},\"datePublished\":\"2017-03-08T14:31:14+00:00\",\"dateModified\":\"2017-03-08T14:31:14+00:00\",\"breadcrumb\":{\"@id\":\"https:\/\/hudo.com\/si\/aktualno\/protibegunskih-referendumov-v-sloveniji-ne-bo\/#breadcrumb\"},\"inLanguage\":\"sl-SI\",\"potentialAction\":[{\"@type\":\"ReadAction\",\"target\":[\"https:\/\/hudo.com\/si\/aktualno\/protibegunskih-referendumov-v-sloveniji-ne-bo\/\"]}]},{\"@type\":\"BreadcrumbList\",\"@id\":\"https:\/\/hudo.com\/si\/aktualno\/protibegunskih-referendumov-v-sloveniji-ne-bo\/#breadcrumb\",\"itemListElement\":[{\"@type\":\"ListItem\",\"position\":1,\"name\":\"Home\",\"item\":\"https:\/\/hudo.com\/si\/\"},{\"@type\":\"ListItem\",\"position\":2,\"name\":\"Protibegunskih referendumov v Sloveniji ne bo\"}]},{\"@type\":\"WebSite\",\"@id\":\"https:\/\/hudo.com\/si\/#website\",\"url\":\"https:\/\/hudo.com\/si\/\",\"name\":\"Hudo Slovenija\",\"description\":\"Vse novice iz Slovenije in sveta\",\"publisher\":{\"@id\":\"https:\/\/hudo.com\/si\/#organization\"},\"potentialAction\":[{\"@type\":\"SearchAction\",\"target\":{\"@type\":\"EntryPoint\",\"urlTemplate\":\"https:\/\/hudo.com\/si\/?s={search_term_string}\"},\"query-input\":\"required name=search_term_string\"}],\"inLanguage\":\"sl-SI\"},{\"@type\":\"Organization\",\"@id\":\"https:\/\/hudo.com\/si\/#organization\",\"name\":\"VSN Media\",\"url\":\"https:\/\/hudo.com\/si\/\",\"logo\":{\"@type\":\"ImageObject\",\"inLanguage\":\"sl-SI\",\"@id\":\"https:\/\/hudo.com\/si\/#\/schema\/logo\/image\/\",\"url\":\"https:\/\/hudo.com\/si\/wp-content\/uploads\/sites\/2\/2021\/03\/hudo-app-2.png\",\"contentUrl\":\"https:\/\/hudo.com\/si\/wp-content\/uploads\/sites\/2\/2021\/03\/hudo-app-2.png\",\"width\":2185,\"height\":2167,\"caption\":\"VSN Media\"},\"image\":{\"@id\":\"https:\/\/hudo.com\/si\/#\/schema\/logo\/image\/\"},\"sameAs\":[\"https:\/\/www.facebook.com\/hudo.si\",\"https:\/\/twitter.com\/hudo_si\"]},{\"@type\":\"Person\",\"@id\":\"https:\/\/hudo.com\/si\/#\/schema\/person\/18f09c02475ba9e606e941a565b80cff\",\"name\":\"A. P., STA\",\"image\":{\"@type\":\"ImageObject\",\"inLanguage\":\"sl-SI\",\"@id\":\"https:\/\/hudo.com\/si\/#\/schema\/person\/image\/\",\"url\":\"https:\/\/secure.gravatar.com\/avatar\/03eac8e609f5f04383125d80eaeaaf3e?s=96&d=mm&r=g\",\"contentUrl\":\"https:\/\/secure.gravatar.com\/avatar\/03eac8e609f5f04383125d80eaeaaf3e?s=96&d=mm&r=g\",\"caption\":\"A. P., STA\"},\"url\":\"https:\/\/hudo.com\/si\/author\/lubu\/\"}]}<\/script>\n<!-- \/ Yoast SEO plugin. -->","yoast_head_json":{"title":"Protibegunskih referendumov v Sloveniji ne bo - Hudo Slovenija","robots":{"index":"index","follow":"follow","max-snippet":"max-snippet:-1","max-image-preview":"max-image-preview:large","max-video-preview":"max-video-preview:-1"},"canonical":"https:\/\/hudo.com\/si\/aktualno\/protibegunskih-referendumov-v-sloveniji-ne-bo\/","og_locale":"sl_SI","og_type":"article","og_title":"Protibegunskih referendumov v Sloveniji ne bo - Hudo Slovenija","og_description":"Posvetovalnega referenduma o omejevanju priseljevanja ter zavrnitvi kvotnega sistema za razporejanje migrantov po \u010dlanicah EU ne bo. Parlamentarni odbor za notranjo politiko namre\u010d na dana\u0161nji seji ni podprl predloga biv\u0161ega poslanca SDS Andreja \u010cu\u0161a za razpis tak\u0161nega referenduma.","og_url":"https:\/\/hudo.com\/si\/aktualno\/protibegunskih-referendumov-v-sloveniji-ne-bo\/","og_site_name":"Hudo Slovenija","article_publisher":"https:\/\/www.facebook.com\/hudo.si","article_published_time":"2017-03-08T14:31:14+00:00","og_image":[{"width":1250,"height":773,"url":"https:\/\/hudo.com\/si\/wp-content\/uploads\/sites\/2\/2017\/03\/profimedia-0307145052.jpg","type":"image\/jpeg"}],"author":"A. P., STA","twitter_card":"summary_large_image","twitter_creator":"@hudo_si","twitter_site":"@hudo_si","twitter_misc":{"Written by":"A. P., STA","Est. reading time":"1 minuta"},"schema":{"@context":"https:\/\/schema.org","@graph":[{"@type":"Article","@id":"https:\/\/hudo.com\/si\/aktualno\/protibegunskih-referendumov-v-sloveniji-ne-bo\/#article","isPartOf":{"@id":"https:\/\/hudo.com\/si\/aktualno\/protibegunskih-referendumov-v-sloveniji-ne-bo\/"},"author":{"name":"A. P., STA","@id":"https:\/\/hudo.com\/si\/#\/schema\/person\/18f09c02475ba9e606e941a565b80cff"},"headline":"Protibegunskih referendumov v Sloveniji ne bo","datePublished":"2017-03-08T14:31:14+00:00","dateModified":"2017-03-08T14:31:14+00:00","mainEntityOfPage":{"@id":"https:\/\/hudo.com\/si\/aktualno\/protibegunskih-referendumov-v-sloveniji-ne-bo\/"},"wordCount":288,"publisher":{"@id":"https:\/\/hudo.com\/si\/#organization"},"keywords":["begunci","parlament","Slovenija","vlada RS"],"articleSection":["Aktualno"],"inLanguage":"sl-SI"},{"@type":"WebPage","@id":"https:\/\/hudo.com\/si\/aktualno\/protibegunskih-referendumov-v-sloveniji-ne-bo\/","url":"https:\/\/hudo.com\/si\/aktualno\/protibegunskih-referendumov-v-sloveniji-ne-bo\/","name":"Protibegunskih referendumov v Sloveniji ne bo - Hudo Slovenija","isPartOf":{"@id":"https:\/\/hudo.com\/si\/#website"},"datePublished":"2017-03-08T14:31:14+00:00","dateModified":"2017-03-08T14:31:14+00:00","breadcrumb":{"@id":"https:\/\/hudo.com\/si\/aktualno\/protibegunskih-referendumov-v-sloveniji-ne-bo\/#breadcrumb"},"inLanguage":"sl-SI","potentialAction":[{"@type":"ReadAction","target":["https:\/\/hudo.com\/si\/aktualno\/protibegunskih-referendumov-v-sloveniji-ne-bo\/"]}]},{"@type":"BreadcrumbList","@id":"https:\/\/hudo.com\/si\/aktualno\/protibegunskih-referendumov-v-sloveniji-ne-bo\/#breadcrumb","itemListElement":[{"@type":"ListItem","position":1,"name":"Home","item":"https:\/\/hudo.com\/si\/"},{"@type":"ListItem","position":2,"name":"Protibegunskih referendumov v Sloveniji ne bo"}]},{"@type":"WebSite","@id":"https:\/\/hudo.com\/si\/#website","url":"https:\/\/hudo.com\/si\/","name":"Hudo Slovenija","description":"Vse novice iz Slovenije in sveta","publisher":{"@id":"https:\/\/hudo.com\/si\/#organization"},"potentialAction":[{"@type":"SearchAction","target":{"@type":"EntryPoint","urlTemplate":"https:\/\/hudo.com\/si\/?s={search_term_string}"},"query-input":"required name=search_term_string"}],"inLanguage":"sl-SI"},{"@type":"Organization","@id":"https:\/\/hudo.com\/si\/#organization","name":"VSN Media","url":"https:\/\/hudo.com\/si\/","logo":{"@type":"ImageObject","inLanguage":"sl-SI","@id":"https:\/\/hudo.com\/si\/#\/schema\/logo\/image\/","url":"https:\/\/hudo.com\/si\/wp-content\/uploads\/sites\/2\/2021\/03\/hudo-app-2.png","contentUrl":"https:\/\/hudo.com\/si\/wp-content\/uploads\/sites\/2\/2021\/03\/hudo-app-2.png","width":2185,"height":2167,"caption":"VSN Media"},"image":{"@id":"https:\/\/hudo.com\/si\/#\/schema\/logo\/image\/"},"sameAs":["https:\/\/www.facebook.com\/hudo.si","https:\/\/twitter.com\/hudo_si"]},{"@type":"Person","@id":"https:\/\/hudo.com\/si\/#\/schema\/person\/18f09c02475ba9e606e941a565b80cff","name":"A. P., STA","image":{"@type":"ImageObject","inLanguage":"sl-SI","@id":"https:\/\/hudo.com\/si\/#\/schema\/person\/image\/","url":"https:\/\/secure.gravatar.com\/avatar\/03eac8e609f5f04383125d80eaeaaf3e?s=96&d=mm&r=g","contentUrl":"https:\/\/secure.gravatar.com\/avatar\/03eac8e609f5f04383125d80eaeaaf3e?s=96&d=mm&r=g","caption":"A. P., STA"},"url":"https:\/\/hudo.com\/si\/author\/lubu\/"}]}},"amp_enabled":true,"_links":{"self":[{"href":"https:\/\/hudo.com\/si\/wp-json\/wp\/v2\/posts\/222401"}],"collection":[{"href":"https:\/\/hudo.com\/si\/wp-json\/wp\/v2\/posts"}],"about":[{"href":"https:\/\/hudo.com\/si\/wp-json\/wp\/v2\/types\/post"}],"author":[{"embeddable":true,"href":"https:\/\/hudo.com\/si\/wp-json\/wp\/v2\/users\/7"}],"replies":[{"embeddable":true,"href":"https:\/\/hudo.com\/si\/wp-json\/wp\/v2\/comments?post=222401"}],"version-history":[{"count":1,"href":"https:\/\/hudo.com\/si\/wp-json\/wp\/v2\/posts\/222401\/revisions"}],"predecessor-version":[{"id":222408,"href":"https:\/\/hudo.com\/si\/wp-json\/wp\/v2\/posts\/222401\/revisions\/222408"}],"wp:featuredmedia":[{"embeddable":true,"href":"https:\/\/hudo.com\/si\/wp-json\/wp\/v2\/media\/222402"}],"wp:attachment":[{"href":"https:\/\/hudo.com\/si\/wp-json\/wp\/v2\/media?parent=222401"}],"wp:term":[{"taxonomy":"category","embeddable":true,"href":"https:\/\/hudo.com\/si\/wp-json\/wp\/v2\/categories?post=222401"},{"taxonomy":"post_tag","embeddable":true,"href":"https:\/\/hudo.com\/si\/wp-json\/wp\/v2\/tags?post=222401"},{"taxonomy":"source","embeddable":true,"href":"https:\/\/hudo.com\/si\/wp-json\/wp\/v2\/source?post=222401"},{"taxonomy":"supertag","embeddable":true,"href":"https:\/\/hudo.com\/si\/wp-json\/wp\/v2\/supertag?post=222401"}],"curies":[{"name":"wp","href":"https:\/\/api.w.org\/{rel}","templated":true}]}}