{"id":223200,"date":"2017-03-09T20:22:00","date_gmt":"2017-03-09T19:22:00","guid":{"rendered":"http:\/\/hudo.com\/si\/2017\/03\/09\/rakitic-bo-v-kataloniji-ostal-do-leta-2021-v-pogodbi-tudi-klavzula-z-astronomsko-odskodnino\/"},"modified":"2017-03-09T23:22:24","modified_gmt":"2017-03-09T22:22:24","slug":"rakitic-bo-v-kataloniji-ostal-do-leta-2021-v-pogodbi-tudi-klavzula-z-astronomsko-odskodnino","status":"publish","type":"post","link":"https:\/\/hudo.com\/si\/aktualno\/rakitic-bo-v-kataloniji-ostal-do-leta-2021-v-pogodbi-tudi-klavzula-z-astronomsko-odskodnino\/","title":{"rendered":"Rakiti\u0107 bo v Kataloniji ostal do leta 2021, v pogodbi tudi klavzula z astronomsko od\u0161kodnino"},"content":{"rendered":"<p>Kategorija: Nogomet Thu, 09 Mar 2017 21:22:00 +0100  Barcelona &#8211; Navija\u010di katalonskega ponosa \u0161e vedno slavijo \u010dude\u017eno napredovanje proti Pari\u017eanom, PSG so s tremi zadetki v zadnjih sedmih minutah premagali s 6:1. Danes jih je vodstvo kluba razveselilo s \u0161e eno novico &#8211; Ivan Rakiti\u0107 bo v dresu Barcelone igral vsaj \u0161e do leta 2021.\u00a0 Letos so o 28-letniku in njegovi usodi kro\u017eile najrazli\u010dnej\u0161e govorice. V leto\u0161nji sezoni nekaj \u010dasa ni bil ve\u010d stalni \u010dlan udarne enajsterice zasedbe Luisa Enriqueja, zanj so se \u017ee za\u010deli zanimati italijanski velikani, kro\u017eile so celo govorice, da \u017eeli Milan okrog Rakiti\u0107a sestaviti novo udarno zasedbo. Hrvat, ki je k Barci pri\u0161el poleti 2014, je s podpisom nove pogodbe uti\u0161al vsa namigovanja, Barcelona pa je tudi z odkupno klavzulu v vi\u0161ini kar 125 milijonov evrov tekmecem poslala jasen signal, da na Rakiti\u0107a resno ra\u010duna\u00a0&#8230;<\/p>\n","protected":false},"excerpt":{"rendered":"<p>Kategorija: Nogomet Thu, 09 Mar 2017 21:22:00 +0100  Barcelona &#8211; Navija\u010di katalonskega ponosa \u0161e vedno slavijo \u010dude\u017eno napredovanje proti Pari\u017eanom, PSG so s tremi zadetki v zadnjih sedmih minutah premagali s 6:1. Danes jih je vodstvo kluba razveselilo s \u0161e eno novico &#8211; Ivan Rakiti\u0107 bo v dresu Barcelone igral vsaj \u0161e do leta 2021.\u00a0 Letos so o 28-letniku in njegovi usodi kro\u017eile najrazli\u010dnej\u0161e govorice. V leto\u0161nji sezoni nekaj \u010dasa ni bil ve\u010d stalni \u010dlan udarne enajsterice zasedbe Luisa Enriqueja, zanj so se \u017ee za\u010deli zanimati italijanski velikani, kro\u017eile so celo govorice, da \u017eeli Milan okrog Rakiti\u0107a sestaviti novo udarno zasedbo. Hrvat, ki je k Barci pri\u0161el poleti 2014, je s podpisom nove pogodbe uti\u0161al vsa namigovanja, Barcelona pa je tudi z odkupno klavzulu v vi\u0161ini kar 125 milijonov evrov tekmecem poslala jasen signal, da na Rakiti\u0107a resno ra\u010duna\u00a0&#8230;<\/p>\n","protected":false},"author":1,"featured_media":0,"comment_status":"closed","ping_status":"closed","sticky":false,"template":"","format":"standard","meta":{"footnotes":""},"categories":[1179],"tags":[],"source":[1703],"supertag":[],"acf":[],"yoast_head":"<!-- This site is optimized with the Yoast SEO plugin v21.3 - https:\/\/yoast.com\/wordpress\/plugins\/seo\/ -->\n<title>Rakiti\u0107 bo v Kataloniji ostal do leta 2021, v pogodbi tudi klavzula z astronomsko od\u0161kodnino - Hudo Slovenija<\/title>\n<meta name=\"robots\" content=\"index, follow, max-snippet:-1, max-image-preview:large, max-video-preview:-1\" \/>\n<link rel=\"canonical\" href=\"https:\/\/hudo.com\/si\/aktualno\/rakitic-bo-v-kataloniji-ostal-do-leta-2021-v-pogodbi-tudi-klavzula-z-astronomsko-odskodnino\/\" \/>\n<meta property=\"og:locale\" content=\"sl_SI\" \/>\n<meta property=\"og:type\" content=\"article\" \/>\n<meta property=\"og:title\" content=\"Rakiti\u0107 bo v Kataloniji ostal do leta 2021, v pogodbi tudi klavzula z astronomsko od\u0161kodnino - Hudo Slovenija\" \/>\n<meta property=\"og:description\" content=\"Kategorija: Nogomet Thu, 09 Mar 2017 21:22:00 +0100 Barcelona - Navija\u010di katalonskega ponosa \u0161e vedno slavijo \u010dude\u017eno napredovanje proti Pari\u017eanom, PSG so s tremi zadetki v zadnjih sedmih minutah premagali s 6:1. Danes jih je vodstvo kluba razveselilo s \u0161e eno novico - Ivan Rakiti\u0107 bo v dresu Barcelone igral vsaj \u0161e do leta 2021.\u00a0 Letos so o 28-letniku in njegovi usodi kro\u017eile najrazli\u010dnej\u0161e govorice. V leto\u0161nji sezoni nekaj \u010dasa ni bil ve\u010d stalni \u010dlan udarne enajsterice zasedbe Luisa Enriqueja, zanj so se \u017ee za\u010deli zanimati italijanski velikani, kro\u017eile so celo govorice, da \u017eeli Milan okrog Rakiti\u0107a sestaviti novo udarno zasedbo. Hrvat, ki je k Barci pri\u0161el poleti 2014, je s podpisom nove pogodbe uti\u0161al vsa namigovanja, Barcelona pa je tudi z odkupno klavzulu v vi\u0161ini kar 125 milijonov evrov tekmecem poslala jasen signal, da na Rakiti\u0107a resno ra\u010duna\u00a0...\" \/>\n<meta property=\"og:url\" content=\"https:\/\/hudo.com\/si\/aktualno\/rakitic-bo-v-kataloniji-ostal-do-leta-2021-v-pogodbi-tudi-klavzula-z-astronomsko-odskodnino\/\" \/>\n<meta property=\"og:site_name\" content=\"Hudo Slovenija\" \/>\n<meta property=\"article:publisher\" content=\"https:\/\/www.facebook.com\/hudo.si\" \/>\n<meta property=\"article:published_time\" content=\"2017-03-09T19:22:00+00:00\" \/>\n<meta property=\"article:modified_time\" content=\"2017-03-09T22:22:24+00:00\" \/>\n<meta property=\"og:image\" content=\"https:\/\/hudo.com\/si\/wp-content\/uploads\/sites\/2\/2017\/03\/480x290_AP_Pictures-20150607000732-89183800.jpeg\" \/>\n\t<meta property=\"og:image:width\" content=\"480\" \/>\n\t<meta property=\"og:image:height\" content=\"290\" \/>\n\t<meta property=\"og:image:type\" content=\"image\/jpeg\" \/>\n<meta name=\"author\" content=\"hudo\" \/>\n<meta name=\"twitter:card\" content=\"summary_large_image\" \/>\n<meta name=\"twitter:creator\" content=\"@hudo_si\" \/>\n<meta name=\"twitter:site\" content=\"@hudo_si\" \/>\n<meta name=\"twitter:label1\" content=\"Written by\" \/>\n\t<meta name=\"twitter:data1\" content=\"hudo\" \/>\n\t<meta name=\"twitter:label2\" content=\"Est. reading time\" \/>\n\t<meta name=\"twitter:data2\" content=\"1 minuta\" \/>\n<script type=\"application\/ld+json\" class=\"yoast-schema-graph\">{\"@context\":\"https:\/\/schema.org\",\"@graph\":[{\"@type\":\"Article\",\"@id\":\"https:\/\/hudo.com\/si\/aktualno\/rakitic-bo-v-kataloniji-ostal-do-leta-2021-v-pogodbi-tudi-klavzula-z-astronomsko-odskodnino\/#article\",\"isPartOf\":{\"@id\":\"https:\/\/hudo.com\/si\/aktualno\/rakitic-bo-v-kataloniji-ostal-do-leta-2021-v-pogodbi-tudi-klavzula-z-astronomsko-odskodnino\/\"},\"author\":{\"name\":\"hudo\",\"@id\":\"https:\/\/hudo.com\/si\/#\/schema\/person\/601cf3379633985b20f7e50f2bb47707\"},\"headline\":\"Rakiti\u0107 bo v Kataloniji ostal do leta 2021, v pogodbi tudi klavzula z astronomsko od\u0161kodnino\",\"datePublished\":\"2017-03-09T19:22:00+00:00\",\"dateModified\":\"2017-03-09T22:22:24+00:00\",\"mainEntityOfPage\":{\"@id\":\"https:\/\/hudo.com\/si\/aktualno\/rakitic-bo-v-kataloniji-ostal-do-leta-2021-v-pogodbi-tudi-klavzula-z-astronomsko-odskodnino\/\"},\"wordCount\":161,\"publisher\":{\"@id\":\"https:\/\/hudo.com\/si\/#organization\"},\"articleSection\":[\"Aktualno\"],\"inLanguage\":\"sl-SI\"},{\"@type\":\"WebPage\",\"@id\":\"https:\/\/hudo.com\/si\/aktualno\/rakitic-bo-v-kataloniji-ostal-do-leta-2021-v-pogodbi-tudi-klavzula-z-astronomsko-odskodnino\/\",\"url\":\"https:\/\/hudo.com\/si\/aktualno\/rakitic-bo-v-kataloniji-ostal-do-leta-2021-v-pogodbi-tudi-klavzula-z-astronomsko-odskodnino\/\",\"name\":\"Rakiti\u0107 bo v Kataloniji ostal do leta 2021, v pogodbi tudi klavzula z astronomsko od\u0161kodnino - Hudo Slovenija\",\"isPartOf\":{\"@id\":\"https:\/\/hudo.com\/si\/#website\"},\"datePublished\":\"2017-03-09T19:22:00+00:00\",\"dateModified\":\"2017-03-09T22:22:24+00:00\",\"breadcrumb\":{\"@id\":\"https:\/\/hudo.com\/si\/aktualno\/rakitic-bo-v-kataloniji-ostal-do-leta-2021-v-pogodbi-tudi-klavzula-z-astronomsko-odskodnino\/#breadcrumb\"},\"inLanguage\":\"sl-SI\",\"potentialAction\":[{\"@type\":\"ReadAction\",\"target\":[\"https:\/\/hudo.com\/si\/aktualno\/rakitic-bo-v-kataloniji-ostal-do-leta-2021-v-pogodbi-tudi-klavzula-z-astronomsko-odskodnino\/\"]}]},{\"@type\":\"BreadcrumbList\",\"@id\":\"https:\/\/hudo.com\/si\/aktualno\/rakitic-bo-v-kataloniji-ostal-do-leta-2021-v-pogodbi-tudi-klavzula-z-astronomsko-odskodnino\/#breadcrumb\",\"itemListElement\":[{\"@type\":\"ListItem\",\"position\":1,\"name\":\"Home\",\"item\":\"https:\/\/hudo.com\/si\/\"},{\"@type\":\"ListItem\",\"position\":2,\"name\":\"Rakiti\u0107 bo v Kataloniji ostal do leta 2021, v pogodbi tudi klavzula z astronomsko od\u0161kodnino\"}]},{\"@type\":\"WebSite\",\"@id\":\"https:\/\/hudo.com\/si\/#website\",\"url\":\"https:\/\/hudo.com\/si\/\",\"name\":\"Hudo Slovenija\",\"description\":\"Vse novice iz Slovenije in sveta\",\"publisher\":{\"@id\":\"https:\/\/hudo.com\/si\/#organization\"},\"potentialAction\":[{\"@type\":\"SearchAction\",\"target\":{\"@type\":\"EntryPoint\",\"urlTemplate\":\"https:\/\/hudo.com\/si\/?s={search_term_string}\"},\"query-input\":\"required name=search_term_string\"}],\"inLanguage\":\"sl-SI\"},{\"@type\":\"Organization\",\"@id\":\"https:\/\/hudo.com\/si\/#organization\",\"name\":\"VSN Media\",\"url\":\"https:\/\/hudo.com\/si\/\",\"logo\":{\"@type\":\"ImageObject\",\"inLanguage\":\"sl-SI\",\"@id\":\"https:\/\/hudo.com\/si\/#\/schema\/logo\/image\/\",\"url\":\"https:\/\/hudo.com\/si\/wp-content\/uploads\/sites\/2\/2021\/03\/hudo-app-2.png\",\"contentUrl\":\"https:\/\/hudo.com\/si\/wp-content\/uploads\/sites\/2\/2021\/03\/hudo-app-2.png\",\"width\":2185,\"height\":2167,\"caption\":\"VSN Media\"},\"image\":{\"@id\":\"https:\/\/hudo.com\/si\/#\/schema\/logo\/image\/\"},\"sameAs\":[\"https:\/\/www.facebook.com\/hudo.si\",\"https:\/\/twitter.com\/hudo_si\"]},{\"@type\":\"Person\",\"@id\":\"https:\/\/hudo.com\/si\/#\/schema\/person\/601cf3379633985b20f7e50f2bb47707\",\"name\":\"hudo\",\"image\":{\"@type\":\"ImageObject\",\"inLanguage\":\"sl-SI\",\"@id\":\"https:\/\/hudo.com\/si\/#\/schema\/person\/image\/\",\"url\":\"https:\/\/secure.gravatar.com\/avatar\/c4ca25fa72cace7a696b52ff5db9e095?s=96&d=mm&r=g\",\"contentUrl\":\"https:\/\/secure.gravatar.com\/avatar\/c4ca25fa72cace7a696b52ff5db9e095?s=96&d=mm&r=g\",\"caption\":\"hudo\"},\"url\":\"https:\/\/hudo.com\/si\/author\/hudo\/\"}]}<\/script>\n<!-- \/ Yoast SEO plugin. -->","yoast_head_json":{"title":"Rakiti\u0107 bo v Kataloniji ostal do leta 2021, v pogodbi tudi klavzula z astronomsko od\u0161kodnino - Hudo Slovenija","robots":{"index":"index","follow":"follow","max-snippet":"max-snippet:-1","max-image-preview":"max-image-preview:large","max-video-preview":"max-video-preview:-1"},"canonical":"https:\/\/hudo.com\/si\/aktualno\/rakitic-bo-v-kataloniji-ostal-do-leta-2021-v-pogodbi-tudi-klavzula-z-astronomsko-odskodnino\/","og_locale":"sl_SI","og_type":"article","og_title":"Rakiti\u0107 bo v Kataloniji ostal do leta 2021, v pogodbi tudi klavzula z astronomsko od\u0161kodnino - Hudo Slovenija","og_description":"Kategorija: Nogomet Thu, 09 Mar 2017 21:22:00 +0100 Barcelona - Navija\u010di katalonskega ponosa \u0161e vedno slavijo \u010dude\u017eno napredovanje proti Pari\u017eanom, PSG so s tremi zadetki v zadnjih sedmih minutah premagali s 6:1. Danes jih je vodstvo kluba razveselilo s \u0161e eno novico - Ivan Rakiti\u0107 bo v dresu Barcelone igral vsaj \u0161e do leta 2021.\u00a0 Letos so o 28-letniku in njegovi usodi kro\u017eile najrazli\u010dnej\u0161e govorice. V leto\u0161nji sezoni nekaj \u010dasa ni bil ve\u010d stalni \u010dlan udarne enajsterice zasedbe Luisa Enriqueja, zanj so se \u017ee za\u010deli zanimati italijanski velikani, kro\u017eile so celo govorice, da \u017eeli Milan okrog Rakiti\u0107a sestaviti novo udarno zasedbo. Hrvat, ki je k Barci pri\u0161el poleti 2014, je s podpisom nove pogodbe uti\u0161al vsa namigovanja, Barcelona pa je tudi z odkupno klavzulu v vi\u0161ini kar 125 milijonov evrov tekmecem poslala jasen signal, da na Rakiti\u0107a resno ra\u010duna\u00a0...","og_url":"https:\/\/hudo.com\/si\/aktualno\/rakitic-bo-v-kataloniji-ostal-do-leta-2021-v-pogodbi-tudi-klavzula-z-astronomsko-odskodnino\/","og_site_name":"Hudo Slovenija","article_publisher":"https:\/\/www.facebook.com\/hudo.si","article_published_time":"2017-03-09T19:22:00+00:00","article_modified_time":"2017-03-09T22:22:24+00:00","og_image":[{"width":480,"height":290,"url":"https:\/\/hudo.com\/si\/wp-content\/uploads\/sites\/2\/2017\/03\/480x290_AP_Pictures-20150607000732-89183800.jpeg","type":"image\/jpeg"}],"author":"hudo","twitter_card":"summary_large_image","twitter_creator":"@hudo_si","twitter_site":"@hudo_si","twitter_misc":{"Written by":"hudo","Est. reading time":"1 minuta"},"schema":{"@context":"https:\/\/schema.org","@graph":[{"@type":"Article","@id":"https:\/\/hudo.com\/si\/aktualno\/rakitic-bo-v-kataloniji-ostal-do-leta-2021-v-pogodbi-tudi-klavzula-z-astronomsko-odskodnino\/#article","isPartOf":{"@id":"https:\/\/hudo.com\/si\/aktualno\/rakitic-bo-v-kataloniji-ostal-do-leta-2021-v-pogodbi-tudi-klavzula-z-astronomsko-odskodnino\/"},"author":{"name":"hudo","@id":"https:\/\/hudo.com\/si\/#\/schema\/person\/601cf3379633985b20f7e50f2bb47707"},"headline":"Rakiti\u0107 bo v Kataloniji ostal do leta 2021, v pogodbi tudi klavzula z astronomsko od\u0161kodnino","datePublished":"2017-03-09T19:22:00+00:00","dateModified":"2017-03-09T22:22:24+00:00","mainEntityOfPage":{"@id":"https:\/\/hudo.com\/si\/aktualno\/rakitic-bo-v-kataloniji-ostal-do-leta-2021-v-pogodbi-tudi-klavzula-z-astronomsko-odskodnino\/"},"wordCount":161,"publisher":{"@id":"https:\/\/hudo.com\/si\/#organization"},"articleSection":["Aktualno"],"inLanguage":"sl-SI"},{"@type":"WebPage","@id":"https:\/\/hudo.com\/si\/aktualno\/rakitic-bo-v-kataloniji-ostal-do-leta-2021-v-pogodbi-tudi-klavzula-z-astronomsko-odskodnino\/","url":"https:\/\/hudo.com\/si\/aktualno\/rakitic-bo-v-kataloniji-ostal-do-leta-2021-v-pogodbi-tudi-klavzula-z-astronomsko-odskodnino\/","name":"Rakiti\u0107 bo v Kataloniji ostal do leta 2021, v pogodbi tudi klavzula z astronomsko od\u0161kodnino - Hudo Slovenija","isPartOf":{"@id":"https:\/\/hudo.com\/si\/#website"},"datePublished":"2017-03-09T19:22:00+00:00","dateModified":"2017-03-09T22:22:24+00:00","breadcrumb":{"@id":"https:\/\/hudo.com\/si\/aktualno\/rakitic-bo-v-kataloniji-ostal-do-leta-2021-v-pogodbi-tudi-klavzula-z-astronomsko-odskodnino\/#breadcrumb"},"inLanguage":"sl-SI","potentialAction":[{"@type":"ReadAction","target":["https:\/\/hudo.com\/si\/aktualno\/rakitic-bo-v-kataloniji-ostal-do-leta-2021-v-pogodbi-tudi-klavzula-z-astronomsko-odskodnino\/"]}]},{"@type":"BreadcrumbList","@id":"https:\/\/hudo.com\/si\/aktualno\/rakitic-bo-v-kataloniji-ostal-do-leta-2021-v-pogodbi-tudi-klavzula-z-astronomsko-odskodnino\/#breadcrumb","itemListElement":[{"@type":"ListItem","position":1,"name":"Home","item":"https:\/\/hudo.com\/si\/"},{"@type":"ListItem","position":2,"name":"Rakiti\u0107 bo v Kataloniji ostal do leta 2021, v pogodbi tudi klavzula z astronomsko od\u0161kodnino"}]},{"@type":"WebSite","@id":"https:\/\/hudo.com\/si\/#website","url":"https:\/\/hudo.com\/si\/","name":"Hudo Slovenija","description":"Vse novice iz Slovenije in sveta","publisher":{"@id":"https:\/\/hudo.com\/si\/#organization"},"potentialAction":[{"@type":"SearchAction","target":{"@type":"EntryPoint","urlTemplate":"https:\/\/hudo.com\/si\/?s={search_term_string}"},"query-input":"required name=search_term_string"}],"inLanguage":"sl-SI"},{"@type":"Organization","@id":"https:\/\/hudo.com\/si\/#organization","name":"VSN Media","url":"https:\/\/hudo.com\/si\/","logo":{"@type":"ImageObject","inLanguage":"sl-SI","@id":"https:\/\/hudo.com\/si\/#\/schema\/logo\/image\/","url":"https:\/\/hudo.com\/si\/wp-content\/uploads\/sites\/2\/2021\/03\/hudo-app-2.png","contentUrl":"https:\/\/hudo.com\/si\/wp-content\/uploads\/sites\/2\/2021\/03\/hudo-app-2.png","width":2185,"height":2167,"caption":"VSN Media"},"image":{"@id":"https:\/\/hudo.com\/si\/#\/schema\/logo\/image\/"},"sameAs":["https:\/\/www.facebook.com\/hudo.si","https:\/\/twitter.com\/hudo_si"]},{"@type":"Person","@id":"https:\/\/hudo.com\/si\/#\/schema\/person\/601cf3379633985b20f7e50f2bb47707","name":"hudo","image":{"@type":"ImageObject","inLanguage":"sl-SI","@id":"https:\/\/hudo.com\/si\/#\/schema\/person\/image\/","url":"https:\/\/secure.gravatar.com\/avatar\/c4ca25fa72cace7a696b52ff5db9e095?s=96&d=mm&r=g","contentUrl":"https:\/\/secure.gravatar.com\/avatar\/c4ca25fa72cace7a696b52ff5db9e095?s=96&d=mm&r=g","caption":"hudo"},"url":"https:\/\/hudo.com\/si\/author\/hudo\/"}]}},"amp_enabled":true,"_links":{"self":[{"href":"https:\/\/hudo.com\/si\/wp-json\/wp\/v2\/posts\/223200"}],"collection":[{"href":"https:\/\/hudo.com\/si\/wp-json\/wp\/v2\/posts"}],"about":[{"href":"https:\/\/hudo.com\/si\/wp-json\/wp\/v2\/types\/post"}],"author":[{"embeddable":true,"href":"https:\/\/hudo.com\/si\/wp-json\/wp\/v2\/users\/1"}],"replies":[{"embeddable":true,"href":"https:\/\/hudo.com\/si\/wp-json\/wp\/v2\/comments?post=223200"}],"version-history":[{"count":1,"href":"https:\/\/hudo.com\/si\/wp-json\/wp\/v2\/posts\/223200\/revisions"}],"predecessor-version":[{"id":223236,"href":"https:\/\/hudo.com\/si\/wp-json\/wp\/v2\/posts\/223200\/revisions\/223236"}],"wp:attachment":[{"href":"https:\/\/hudo.com\/si\/wp-json\/wp\/v2\/media?parent=223200"}],"wp:term":[{"taxonomy":"category","embeddable":true,"href":"https:\/\/hudo.com\/si\/wp-json\/wp\/v2\/categories?post=223200"},{"taxonomy":"post_tag","embeddable":true,"href":"https:\/\/hudo.com\/si\/wp-json\/wp\/v2\/tags?post=223200"},{"taxonomy":"source","embeddable":true,"href":"https:\/\/hudo.com\/si\/wp-json\/wp\/v2\/source?post=223200"},{"taxonomy":"supertag","embeddable":true,"href":"https:\/\/hudo.com\/si\/wp-json\/wp\/v2\/supertag?post=223200"}],"curies":[{"name":"wp","href":"https:\/\/api.w.org\/{rel}","templated":true}]}}