{"id":223232,"date":"2017-03-09T20:45:00","date_gmt":"2017-03-09T19:45:00","guid":{"rendered":"http:\/\/hudo.com\/si\/2017\/03\/09\/celjski-rokometasi-v-zagrebu-zakljucili-evropsko-sezono\/"},"modified":"2017-03-10T09:52:37","modified_gmt":"2017-03-10T08:52:37","slug":"celjski-rokometasi-v-zagrebu-zakljucili-evropsko-sezono","status":"publish","type":"post","link":"https:\/\/hudo.com\/si\/aktualno\/celjski-rokometasi-v-zagrebu-zakljucili-evropsko-sezono\/","title":{"rendered":"Celjski rokometa\u0161i v Zagrebu zaklju\u010dili evropsko sezono"},"content":{"rendered":"<p>Lahko bi bili nocoj v Zagrebu spremljali ponovitev tekme za tretje mesto med Hrva\u0161ko in Slovenijo na svetovnem prvenstvu v Parizu in zmago Slovencev v zadnjih minutah tekme. Vse je bilo pripravljeno na tak\u0161en razplet, potem ko je po velikem zaostanku osmih golov Miha Zarabec \u0161est minut pred koncem tekme Celjane vrnil v igro z golom za 21:20.  A zadnje minute so pripadle Zagreb\u010danom, ki so slavili z dvema goloma razlike. To je prav tak\u0161na razlika, kot je bila na prvem medsebojnem sre\u010danju, a ker so Celjani v gosteh dosegli manj zadetkov, obe ekipi pa imata enako \u0161tevilo to\u010dk (devet), trenutno \u0161esto mesto dr\u017eijo Zagreb\u010dani. V nedeljo imajo rokometa\u0161i Kristianstada lepo mo\u017enost, da se z zmago proti Vardarju oni prebijejo na \u0161esto mesto in nadaljujejo boje v kon\u010dnici lige prvakov. Celjani so to mo\u017enost sino\u010di \u017ee zapravili.  Po tekmi so se Celjani ste\u017eka sprijaznili s porazom. Njihov kapetan Luka \u017dvi\u017eej: &#8220;Ni nam uspelo, a vsi v dvorani so videli, da tokrat ni zmagal Zagreb, ampak nekdo drug. Na\u0161a igra sicer ni bila briljantna, a smo jih vendarle ulovili in imeli potrebno razliko v zadetkih. Potem so sodniki Zagrebu dovolili dolg, predolg zadnji napad. Nimamo kaj, vemo, kje smo igrali in ni slu\u010dajno, da je bila na\u0161a zadnja tekma v Zagrebu in da sta jo sodila beloruska sodnika.&#8221; V nasprotnem taboru so bili neizmerno veseli. &#8220;Za\u010deli smo dobro, vodili smo z osmimi goli, a smo vse hitro zapravili in dovolili Celju vrnitev v \u017eivljenje. Trepetali smo do zadnjih sekund, uspelo nam je dobiti triler. Tak\u0161na zmaga za nas velja ogromno,&#8221; je povedal David Miklav\u010di\u010d.  Tako Zagreb\u010dani kot Celjani so odlo\u010dilno tekmo za\u010deli nervozno, a bolj skoncentrirani so vendarle bili gostitelji, ki so si v igri z malo goli do enajste minute priigrali visoke tri zadetke prednosti (4:1). Tudi nadaljevanje ni bilo po \u017eeljah gostov. \u010ce je bila obramba \u0161e solidna, je bil napad preve\u010d stati\u010den. Trener Branko Tam\u0161e je menjaval, iskal razpolo\u017eene igralce, a jih ni na\u0161el. V svoji vrsti ni imel dinamita, s ka<\/p>\n","protected":false},"excerpt":{"rendered":"<p>Lahko bi bili nocoj v Zagrebu spremljali ponovitev tekme za tretje mesto med Hrva\u0161ko in Slovenijo na svetovnem prvenstvu v Parizu in zmago Slovencev v zadnjih minutah tekme. Vse je bilo pripravljeno na tak\u0161en razplet, potem ko je po velikem zaostanku osmih golov Miha Zarabec \u0161est minut pred koncem tekme Celjane vrnil v igro z golom za 21:20.  A zadnje minute so pripadle Zagreb\u010danom, ki so slavili z dvema goloma razlike. To je prav tak\u0161na razlika, kot je bila na prvem medsebojnem sre\u010danju, a ker so Celjani v gosteh dosegli manj zadetkov, obe ekipi pa imata enako \u0161tevilo to\u010dk (devet), trenutno \u0161esto mesto dr\u017eijo Zagreb\u010dani. V nedeljo imajo rokometa\u0161i Kristianstada lepo mo\u017enost, da se z zmago proti Vardarju oni prebijejo na \u0161esto mesto in nadaljujejo boje v kon\u010dnici lige prvakov. Celjani so to mo\u017enost sino\u010di \u017ee zapravili.  Po tekmi so se Celjani ste\u017eka sprijaznili s porazom. Njihov kapetan Luka \u017dvi\u017eej: &#8220;Ni nam uspelo, a vsi v dvorani so videli, da tokrat ni zmagal Zagreb, ampak nekdo drug. Na\u0161a igra sicer ni bila briljantna, a smo jih vendarle ulovili in imeli potrebno razliko v zadetkih. Potem so sodniki Zagrebu dovolili dolg, predolg zadnji napad. Nimamo kaj, vemo, kje smo igrali in ni slu\u010dajno, da je bila na\u0161a zadnja tekma v Zagrebu in da sta jo sodila beloruska sodnika.&#8221; V nasprotnem taboru so bili neizmerno veseli. &#8220;Za\u010deli smo dobro, vodili smo z osmimi goli, a smo vse hitro zapravili in dovolili Celju vrnitev v \u017eivljenje. Trepetali smo do zadnjih sekund, uspelo nam je dobiti triler. Tak\u0161na zmaga za nas velja ogromno,&#8221; je povedal David Miklav\u010di\u010d.  Tako Zagreb\u010dani kot Celjani so odlo\u010dilno tekmo za\u010deli nervozno, a bolj skoncentrirani so vendarle bili gostitelji, ki so si v igri z malo goli do enajste minute priigrali visoke tri zadetke prednosti (4:1). Tudi nadaljevanje ni bilo po \u017eeljah gostov. \u010ce je bila obramba \u0161e solidna, je bil napad preve\u010d stati\u010den. Trener Branko Tam\u0161e je menjaval, iskal razpolo\u017eene igralce, a jih ni na\u0161el. V svoji vrsti ni imel dinamita, s ka<\/p>\n","protected":false},"author":1,"featured_media":0,"comment_status":"closed","ping_status":"closed","sticky":false,"template":"","format":"standard","meta":{"footnotes":""},"categories":[1179],"tags":[],"source":[1711],"supertag":[],"acf":[],"yoast_head":"<!-- This site is optimized with the Yoast SEO plugin v21.3 - https:\/\/yoast.com\/wordpress\/plugins\/seo\/ -->\n<title>Celjski rokometa\u0161i v Zagrebu zaklju\u010dili evropsko sezono - Hudo Slovenija<\/title>\n<meta name=\"robots\" content=\"index, follow, max-snippet:-1, max-image-preview:large, max-video-preview:-1\" \/>\n<link rel=\"canonical\" href=\"https:\/\/hudo.com\/si\/aktualno\/celjski-rokometasi-v-zagrebu-zakljucili-evropsko-sezono\/\" \/>\n<meta property=\"og:locale\" content=\"sl_SI\" \/>\n<meta property=\"og:type\" content=\"article\" \/>\n<meta property=\"og:title\" content=\"Celjski rokometa\u0161i v Zagrebu zaklju\u010dili evropsko sezono - Hudo Slovenija\" \/>\n<meta property=\"og:description\" content=\"Lahko bi bili nocoj v Zagrebu spremljali ponovitev tekme za tretje mesto med Hrva\u0161ko in Slovenijo na svetovnem prvenstvu v Parizu in zmago Slovencev v zadnjih minutah tekme. Vse je bilo pripravljeno na tak\u0161en razplet, potem ko je po velikem zaostanku osmih golov Miha Zarabec \u0161est minut pred koncem tekme Celjane vrnil v igro z golom za 21:20. A zadnje minute so pripadle Zagreb\u010danom, ki so slavili z dvema goloma razlike. To je prav tak\u0161na razlika, kot je bila na prvem medsebojnem sre\u010danju, a ker so Celjani v gosteh dosegli manj zadetkov, obe ekipi pa imata enako \u0161tevilo to\u010dk (devet), trenutno \u0161esto mesto dr\u017eijo Zagreb\u010dani. V nedeljo imajo rokometa\u0161i Kristianstada lepo mo\u017enost, da se z zmago proti Vardarju oni prebijejo na \u0161esto mesto in nadaljujejo boje v kon\u010dnici lige prvakov. Celjani so to mo\u017enost sino\u010di \u017ee zapravili. Po tekmi so se Celjani ste\u017eka sprijaznili s porazom. Njihov kapetan Luka \u017dvi\u017eej: &quot;Ni nam uspelo, a vsi v dvorani so videli, da tokrat ni zmagal Zagreb, ampak nekdo drug. Na\u0161a igra sicer ni bila briljantna, a smo jih vendarle ulovili in imeli potrebno razliko v zadetkih. Potem so sodniki Zagrebu dovolili dolg, predolg zadnji napad. Nimamo kaj, vemo, kje smo igrali in ni slu\u010dajno, da je bila na\u0161a zadnja tekma v Zagrebu in da sta jo sodila beloruska sodnika.&quot; V nasprotnem taboru so bili neizmerno veseli. &quot;Za\u010deli smo dobro, vodili smo z osmimi goli, a smo vse hitro zapravili in dovolili Celju vrnitev v \u017eivljenje. Trepetali smo do zadnjih sekund, uspelo nam je dobiti triler. Tak\u0161na zmaga za nas velja ogromno,&quot; je povedal David Miklav\u010di\u010d. Tako Zagreb\u010dani kot Celjani so odlo\u010dilno tekmo za\u010deli nervozno, a bolj skoncentrirani so vendarle bili gostitelji, ki so si v igri z malo goli do enajste minute priigrali visoke tri zadetke prednosti (4:1). Tudi nadaljevanje ni bilo po \u017eeljah gostov. \u010ce je bila obramba \u0161e solidna, je bil napad preve\u010d stati\u010den. Trener Branko Tam\u0161e je menjaval, iskal razpolo\u017eene igralce, a jih ni na\u0161el. V svoji vrsti ni imel dinamita, s ka\" \/>\n<meta property=\"og:url\" content=\"https:\/\/hudo.com\/si\/aktualno\/celjski-rokometasi-v-zagrebu-zakljucili-evropsko-sezono\/\" \/>\n<meta property=\"og:site_name\" content=\"Hudo Slovenija\" \/>\n<meta property=\"article:publisher\" content=\"https:\/\/www.facebook.com\/hudo.si\" \/>\n<meta property=\"article:published_time\" content=\"2017-03-09T19:45:00+00:00\" \/>\n<meta property=\"article:modified_time\" content=\"2017-03-10T08:52:37+00:00\" \/>\n<meta property=\"og:image\" content=\"https:\/\/hudo.com\/si\/wp-content\/uploads\/sites\/2\/2017\/03\/ANDR6078-300-1.jpg\" \/>\n\t<meta property=\"og:image:width\" content=\"450\" \/>\n\t<meta property=\"og:image:height\" content=\"327\" \/>\n\t<meta property=\"og:image:type\" content=\"image\/jpeg\" \/>\n<meta name=\"author\" content=\"hudo\" \/>\n<meta name=\"twitter:card\" content=\"summary_large_image\" \/>\n<meta name=\"twitter:creator\" content=\"@hudo_si\" \/>\n<meta name=\"twitter:site\" content=\"@hudo_si\" \/>\n<meta name=\"twitter:label1\" content=\"Written by\" \/>\n\t<meta name=\"twitter:data1\" content=\"hudo\" \/>\n\t<meta name=\"twitter:label2\" content=\"Est. reading time\" \/>\n\t<meta name=\"twitter:data2\" content=\"2 minuti\" \/>\n<script type=\"application\/ld+json\" class=\"yoast-schema-graph\">{\"@context\":\"https:\/\/schema.org\",\"@graph\":[{\"@type\":\"Article\",\"@id\":\"https:\/\/hudo.com\/si\/aktualno\/celjski-rokometasi-v-zagrebu-zakljucili-evropsko-sezono\/#article\",\"isPartOf\":{\"@id\":\"https:\/\/hudo.com\/si\/aktualno\/celjski-rokometasi-v-zagrebu-zakljucili-evropsko-sezono\/\"},\"author\":{\"name\":\"hudo\",\"@id\":\"https:\/\/hudo.com\/si\/#\/schema\/person\/601cf3379633985b20f7e50f2bb47707\"},\"headline\":\"Celjski rokometa\u0161i v Zagrebu zaklju\u010dili evropsko sezono\",\"datePublished\":\"2017-03-09T19:45:00+00:00\",\"dateModified\":\"2017-03-10T08:52:37+00:00\",\"mainEntityOfPage\":{\"@id\":\"https:\/\/hudo.com\/si\/aktualno\/celjski-rokometasi-v-zagrebu-zakljucili-evropsko-sezono\/\"},\"wordCount\":369,\"publisher\":{\"@id\":\"https:\/\/hudo.com\/si\/#organization\"},\"articleSection\":[\"Aktualno\"],\"inLanguage\":\"sl-SI\"},{\"@type\":\"WebPage\",\"@id\":\"https:\/\/hudo.com\/si\/aktualno\/celjski-rokometasi-v-zagrebu-zakljucili-evropsko-sezono\/\",\"url\":\"https:\/\/hudo.com\/si\/aktualno\/celjski-rokometasi-v-zagrebu-zakljucili-evropsko-sezono\/\",\"name\":\"Celjski rokometa\u0161i v Zagrebu zaklju\u010dili evropsko sezono - Hudo Slovenija\",\"isPartOf\":{\"@id\":\"https:\/\/hudo.com\/si\/#website\"},\"datePublished\":\"2017-03-09T19:45:00+00:00\",\"dateModified\":\"2017-03-10T08:52:37+00:00\",\"breadcrumb\":{\"@id\":\"https:\/\/hudo.com\/si\/aktualno\/celjski-rokometasi-v-zagrebu-zakljucili-evropsko-sezono\/#breadcrumb\"},\"inLanguage\":\"sl-SI\",\"potentialAction\":[{\"@type\":\"ReadAction\",\"target\":[\"https:\/\/hudo.com\/si\/aktualno\/celjski-rokometasi-v-zagrebu-zakljucili-evropsko-sezono\/\"]}]},{\"@type\":\"BreadcrumbList\",\"@id\":\"https:\/\/hudo.com\/si\/aktualno\/celjski-rokometasi-v-zagrebu-zakljucili-evropsko-sezono\/#breadcrumb\",\"itemListElement\":[{\"@type\":\"ListItem\",\"position\":1,\"name\":\"Home\",\"item\":\"https:\/\/hudo.com\/si\/\"},{\"@type\":\"ListItem\",\"position\":2,\"name\":\"Celjski rokometa\u0161i v Zagrebu zaklju\u010dili evropsko sezono\"}]},{\"@type\":\"WebSite\",\"@id\":\"https:\/\/hudo.com\/si\/#website\",\"url\":\"https:\/\/hudo.com\/si\/\",\"name\":\"Hudo Slovenija\",\"description\":\"Vse novice iz Slovenije in sveta\",\"publisher\":{\"@id\":\"https:\/\/hudo.com\/si\/#organization\"},\"potentialAction\":[{\"@type\":\"SearchAction\",\"target\":{\"@type\":\"EntryPoint\",\"urlTemplate\":\"https:\/\/hudo.com\/si\/?s={search_term_string}\"},\"query-input\":\"required name=search_term_string\"}],\"inLanguage\":\"sl-SI\"},{\"@type\":\"Organization\",\"@id\":\"https:\/\/hudo.com\/si\/#organization\",\"name\":\"VSN Media\",\"url\":\"https:\/\/hudo.com\/si\/\",\"logo\":{\"@type\":\"ImageObject\",\"inLanguage\":\"sl-SI\",\"@id\":\"https:\/\/hudo.com\/si\/#\/schema\/logo\/image\/\",\"url\":\"https:\/\/hudo.com\/si\/wp-content\/uploads\/sites\/2\/2021\/03\/hudo-app-2.png\",\"contentUrl\":\"https:\/\/hudo.com\/si\/wp-content\/uploads\/sites\/2\/2021\/03\/hudo-app-2.png\",\"width\":2185,\"height\":2167,\"caption\":\"VSN Media\"},\"image\":{\"@id\":\"https:\/\/hudo.com\/si\/#\/schema\/logo\/image\/\"},\"sameAs\":[\"https:\/\/www.facebook.com\/hudo.si\",\"https:\/\/twitter.com\/hudo_si\"]},{\"@type\":\"Person\",\"@id\":\"https:\/\/hudo.com\/si\/#\/schema\/person\/601cf3379633985b20f7e50f2bb47707\",\"name\":\"hudo\",\"image\":{\"@type\":\"ImageObject\",\"inLanguage\":\"sl-SI\",\"@id\":\"https:\/\/hudo.com\/si\/#\/schema\/person\/image\/\",\"url\":\"https:\/\/secure.gravatar.com\/avatar\/c4ca25fa72cace7a696b52ff5db9e095?s=96&d=mm&r=g\",\"contentUrl\":\"https:\/\/secure.gravatar.com\/avatar\/c4ca25fa72cace7a696b52ff5db9e095?s=96&d=mm&r=g\",\"caption\":\"hudo\"},\"url\":\"https:\/\/hudo.com\/si\/author\/hudo\/\"}]}<\/script>\n<!-- \/ Yoast SEO plugin. -->","yoast_head_json":{"title":"Celjski rokometa\u0161i v Zagrebu zaklju\u010dili evropsko sezono - Hudo Slovenija","robots":{"index":"index","follow":"follow","max-snippet":"max-snippet:-1","max-image-preview":"max-image-preview:large","max-video-preview":"max-video-preview:-1"},"canonical":"https:\/\/hudo.com\/si\/aktualno\/celjski-rokometasi-v-zagrebu-zakljucili-evropsko-sezono\/","og_locale":"sl_SI","og_type":"article","og_title":"Celjski rokometa\u0161i v Zagrebu zaklju\u010dili evropsko sezono - Hudo Slovenija","og_description":"Lahko bi bili nocoj v Zagrebu spremljali ponovitev tekme za tretje mesto med Hrva\u0161ko in Slovenijo na svetovnem prvenstvu v Parizu in zmago Slovencev v zadnjih minutah tekme. Vse je bilo pripravljeno na tak\u0161en razplet, potem ko je po velikem zaostanku osmih golov Miha Zarabec \u0161est minut pred koncem tekme Celjane vrnil v igro z golom za 21:20. A zadnje minute so pripadle Zagreb\u010danom, ki so slavili z dvema goloma razlike. To je prav tak\u0161na razlika, kot je bila na prvem medsebojnem sre\u010danju, a ker so Celjani v gosteh dosegli manj zadetkov, obe ekipi pa imata enako \u0161tevilo to\u010dk (devet), trenutno \u0161esto mesto dr\u017eijo Zagreb\u010dani. V nedeljo imajo rokometa\u0161i Kristianstada lepo mo\u017enost, da se z zmago proti Vardarju oni prebijejo na \u0161esto mesto in nadaljujejo boje v kon\u010dnici lige prvakov. Celjani so to mo\u017enost sino\u010di \u017ee zapravili. Po tekmi so se Celjani ste\u017eka sprijaznili s porazom. Njihov kapetan Luka \u017dvi\u017eej: \"Ni nam uspelo, a vsi v dvorani so videli, da tokrat ni zmagal Zagreb, ampak nekdo drug. Na\u0161a igra sicer ni bila briljantna, a smo jih vendarle ulovili in imeli potrebno razliko v zadetkih. Potem so sodniki Zagrebu dovolili dolg, predolg zadnji napad. Nimamo kaj, vemo, kje smo igrali in ni slu\u010dajno, da je bila na\u0161a zadnja tekma v Zagrebu in da sta jo sodila beloruska sodnika.\" V nasprotnem taboru so bili neizmerno veseli. \"Za\u010deli smo dobro, vodili smo z osmimi goli, a smo vse hitro zapravili in dovolili Celju vrnitev v \u017eivljenje. Trepetali smo do zadnjih sekund, uspelo nam je dobiti triler. Tak\u0161na zmaga za nas velja ogromno,\" je povedal David Miklav\u010di\u010d. Tako Zagreb\u010dani kot Celjani so odlo\u010dilno tekmo za\u010deli nervozno, a bolj skoncentrirani so vendarle bili gostitelji, ki so si v igri z malo goli do enajste minute priigrali visoke tri zadetke prednosti (4:1). Tudi nadaljevanje ni bilo po \u017eeljah gostov. \u010ce je bila obramba \u0161e solidna, je bil napad preve\u010d stati\u010den. Trener Branko Tam\u0161e je menjaval, iskal razpolo\u017eene igralce, a jih ni na\u0161el. V svoji vrsti ni imel dinamita, s ka","og_url":"https:\/\/hudo.com\/si\/aktualno\/celjski-rokometasi-v-zagrebu-zakljucili-evropsko-sezono\/","og_site_name":"Hudo Slovenija","article_publisher":"https:\/\/www.facebook.com\/hudo.si","article_published_time":"2017-03-09T19:45:00+00:00","article_modified_time":"2017-03-10T08:52:37+00:00","og_image":[{"width":450,"height":327,"url":"https:\/\/hudo.com\/si\/wp-content\/uploads\/sites\/2\/2017\/03\/ANDR6078-300-1.jpg","type":"image\/jpeg"}],"author":"hudo","twitter_card":"summary_large_image","twitter_creator":"@hudo_si","twitter_site":"@hudo_si","twitter_misc":{"Written by":"hudo","Est. reading time":"2 minuti"},"schema":{"@context":"https:\/\/schema.org","@graph":[{"@type":"Article","@id":"https:\/\/hudo.com\/si\/aktualno\/celjski-rokometasi-v-zagrebu-zakljucili-evropsko-sezono\/#article","isPartOf":{"@id":"https:\/\/hudo.com\/si\/aktualno\/celjski-rokometasi-v-zagrebu-zakljucili-evropsko-sezono\/"},"author":{"name":"hudo","@id":"https:\/\/hudo.com\/si\/#\/schema\/person\/601cf3379633985b20f7e50f2bb47707"},"headline":"Celjski rokometa\u0161i v Zagrebu zaklju\u010dili evropsko sezono","datePublished":"2017-03-09T19:45:00+00:00","dateModified":"2017-03-10T08:52:37+00:00","mainEntityOfPage":{"@id":"https:\/\/hudo.com\/si\/aktualno\/celjski-rokometasi-v-zagrebu-zakljucili-evropsko-sezono\/"},"wordCount":369,"publisher":{"@id":"https:\/\/hudo.com\/si\/#organization"},"articleSection":["Aktualno"],"inLanguage":"sl-SI"},{"@type":"WebPage","@id":"https:\/\/hudo.com\/si\/aktualno\/celjski-rokometasi-v-zagrebu-zakljucili-evropsko-sezono\/","url":"https:\/\/hudo.com\/si\/aktualno\/celjski-rokometasi-v-zagrebu-zakljucili-evropsko-sezono\/","name":"Celjski rokometa\u0161i v Zagrebu zaklju\u010dili evropsko sezono - Hudo Slovenija","isPartOf":{"@id":"https:\/\/hudo.com\/si\/#website"},"datePublished":"2017-03-09T19:45:00+00:00","dateModified":"2017-03-10T08:52:37+00:00","breadcrumb":{"@id":"https:\/\/hudo.com\/si\/aktualno\/celjski-rokometasi-v-zagrebu-zakljucili-evropsko-sezono\/#breadcrumb"},"inLanguage":"sl-SI","potentialAction":[{"@type":"ReadAction","target":["https:\/\/hudo.com\/si\/aktualno\/celjski-rokometasi-v-zagrebu-zakljucili-evropsko-sezono\/"]}]},{"@type":"BreadcrumbList","@id":"https:\/\/hudo.com\/si\/aktualno\/celjski-rokometasi-v-zagrebu-zakljucili-evropsko-sezono\/#breadcrumb","itemListElement":[{"@type":"ListItem","position":1,"name":"Home","item":"https:\/\/hudo.com\/si\/"},{"@type":"ListItem","position":2,"name":"Celjski rokometa\u0161i v Zagrebu zaklju\u010dili evropsko sezono"}]},{"@type":"WebSite","@id":"https:\/\/hudo.com\/si\/#website","url":"https:\/\/hudo.com\/si\/","name":"Hudo Slovenija","description":"Vse novice iz Slovenije in sveta","publisher":{"@id":"https:\/\/hudo.com\/si\/#organization"},"potentialAction":[{"@type":"SearchAction","target":{"@type":"EntryPoint","urlTemplate":"https:\/\/hudo.com\/si\/?s={search_term_string}"},"query-input":"required name=search_term_string"}],"inLanguage":"sl-SI"},{"@type":"Organization","@id":"https:\/\/hudo.com\/si\/#organization","name":"VSN Media","url":"https:\/\/hudo.com\/si\/","logo":{"@type":"ImageObject","inLanguage":"sl-SI","@id":"https:\/\/hudo.com\/si\/#\/schema\/logo\/image\/","url":"https:\/\/hudo.com\/si\/wp-content\/uploads\/sites\/2\/2021\/03\/hudo-app-2.png","contentUrl":"https:\/\/hudo.com\/si\/wp-content\/uploads\/sites\/2\/2021\/03\/hudo-app-2.png","width":2185,"height":2167,"caption":"VSN Media"},"image":{"@id":"https:\/\/hudo.com\/si\/#\/schema\/logo\/image\/"},"sameAs":["https:\/\/www.facebook.com\/hudo.si","https:\/\/twitter.com\/hudo_si"]},{"@type":"Person","@id":"https:\/\/hudo.com\/si\/#\/schema\/person\/601cf3379633985b20f7e50f2bb47707","name":"hudo","image":{"@type":"ImageObject","inLanguage":"sl-SI","@id":"https:\/\/hudo.com\/si\/#\/schema\/person\/image\/","url":"https:\/\/secure.gravatar.com\/avatar\/c4ca25fa72cace7a696b52ff5db9e095?s=96&d=mm&r=g","contentUrl":"https:\/\/secure.gravatar.com\/avatar\/c4ca25fa72cace7a696b52ff5db9e095?s=96&d=mm&r=g","caption":"hudo"},"url":"https:\/\/hudo.com\/si\/author\/hudo\/"}]}},"amp_enabled":true,"_links":{"self":[{"href":"https:\/\/hudo.com\/si\/wp-json\/wp\/v2\/posts\/223232"}],"collection":[{"href":"https:\/\/hudo.com\/si\/wp-json\/wp\/v2\/posts"}],"about":[{"href":"https:\/\/hudo.com\/si\/wp-json\/wp\/v2\/types\/post"}],"author":[{"embeddable":true,"href":"https:\/\/hudo.com\/si\/wp-json\/wp\/v2\/users\/1"}],"replies":[{"embeddable":true,"href":"https:\/\/hudo.com\/si\/wp-json\/wp\/v2\/comments?post=223232"}],"version-history":[{"count":1,"href":"https:\/\/hudo.com\/si\/wp-json\/wp\/v2\/posts\/223232\/revisions"}],"predecessor-version":[{"id":223263,"href":"https:\/\/hudo.com\/si\/wp-json\/wp\/v2\/posts\/223232\/revisions\/223263"}],"wp:attachment":[{"href":"https:\/\/hudo.com\/si\/wp-json\/wp\/v2\/media?parent=223232"}],"wp:term":[{"taxonomy":"category","embeddable":true,"href":"https:\/\/hudo.com\/si\/wp-json\/wp\/v2\/categories?post=223232"},{"taxonomy":"post_tag","embeddable":true,"href":"https:\/\/hudo.com\/si\/wp-json\/wp\/v2\/tags?post=223232"},{"taxonomy":"source","embeddable":true,"href":"https:\/\/hudo.com\/si\/wp-json\/wp\/v2\/source?post=223232"},{"taxonomy":"supertag","embeddable":true,"href":"https:\/\/hudo.com\/si\/wp-json\/wp\/v2\/supertag?post=223232"}],"curies":[{"name":"wp","href":"https:\/\/api.w.org\/{rel}","templated":true}]}}