{"id":223326,"date":"2017-03-10T06:01:00","date_gmt":"2017-03-10T05:01:00","guid":{"rendered":"http:\/\/hudo.com\/si\/2017\/03\/10\/dan-ko-se-spomnimo-moskega-trpljenja\/"},"modified":"2017-03-10T06:01:00","modified_gmt":"2017-03-10T05:01:00","slug":"dan-ko-se-spomnimo-moskega-trpljenja","status":"publish","type":"post","link":"https:\/\/hudo.com\/si\/aktualno\/dan-ko-se-spomnimo-moskega-trpljenja\/","title":{"rendered":"Dan, ko se spomnimo mo\u0161kega trpljenja"},"content":{"rendered":"<p>Le dva dneva po prazniku \u017eensk na dana\u0161nji dan, ko goduje 40 mu\u010denikov, slavijo mo\u0161ki. \u010ceprav ima praznik korenine v kr\u0161\u010danskem izro\u010dilu, je prerasel verske okvire. Mo\u0161ki naj bi po tradiciji na ta dan prejeli suhe slive, trnje in klobase, ki veljajo za simboli\u010dni opomnik, da mu\u010deni\u0161tvo \u0161e vedno obstaja.  Praznik je spomin na \u010das vladavine cesarja Licinija v \u010detrtem stoletju, ko se je ta sprl s cesarjem Konstantinom I. Velikim in v kr\u0161\u010danstvu videl sovra\u017enika, zato se je odlo\u010dil kristjane spreobrniti ali odstraniti. Tudi vojakom na svojem obmo\u010dju je ukazal, naj se kr\u0161\u010danstvu odre\u010dejo ali pa bodo kaznovani s smrtjo.  \u0160tirideset vojakov elitne legije se je temu uprlo, zato so jih odpeljali do zamrznjenega ribnika v bli\u017eini mesta Sebaste na ozemlju dana\u0161nje Tur\u010dije in jih vrgli vanj. \u010ceprav jim je Licinij tik pred smrtjo ponudil \u0161e zadnjo prilo\u017enost in jim ob ribnik namestil kopel s toplo vodo, ki je bila namenjena spreobrnjencem, si je premislil le eden.  A tudi ta ni pre\u017eivel, potem ko je iz ledenega ribnika sko\u010dil v toplo kopel, naj bi ga po legendi zaradi nenadne spremembe temperature zadela kap. Ker naj bi se ga trpljenje vojakov zelo dotaknilo, se jim je v zadnjem trenutku pridru\u017eil eden od stra\u017earjev, zato je bilo mu\u010denikov na koncu vseeno \u0161tirideset.  Z 10. marcem je sicer povezan tudi vremenski pregovor, ki pravi, da \u010de na god 40 mu\u010denikov ni lepo vreme, potem bo tako \u0161e naslednjih 40 dni.Slovenija<\/p>\n","protected":false},"excerpt":{"rendered":"<p>Le dva dneva po prazniku \u017eensk na dana\u0161nji dan, ko goduje 40 mu\u010denikov, slavijo mo\u0161ki. \u010ceprav ima praznik korenine v kr\u0161\u010danskem izro\u010dilu, je prerasel verske okvire. Mo\u0161ki naj bi po tradiciji na ta dan prejeli suhe slive, trnje in klobase, ki veljajo za simboli\u010dni opomnik, da mu\u010deni\u0161tvo \u0161e vedno obstaja.  Praznik je spomin na \u010das vladavine cesarja Licinija v \u010detrtem stoletju, ko se je ta sprl s cesarjem Konstantinom I. Velikim in v kr\u0161\u010danstvu videl sovra\u017enika, zato se je odlo\u010dil kristjane spreobrniti ali odstraniti. Tudi vojakom na svojem obmo\u010dju je ukazal, naj se kr\u0161\u010danstvu odre\u010dejo ali pa bodo kaznovani s smrtjo.  \u0160tirideset vojakov elitne legije se je temu uprlo, zato so jih odpeljali do zamrznjenega ribnika v bli\u017eini mesta Sebaste na ozemlju dana\u0161nje Tur\u010dije in jih vrgli vanj. \u010ceprav jim je Licinij tik pred smrtjo ponudil \u0161e zadnjo prilo\u017enost in jim ob ribnik namestil kopel s toplo vodo, ki je bila namenjena spreobrnjencem, si je premislil le eden.  A tudi ta ni pre\u017eivel, potem ko je iz ledenega ribnika sko\u010dil v toplo kopel, naj bi ga po legendi zaradi nenadne spremembe temperature zadela kap. Ker naj bi se ga trpljenje vojakov zelo dotaknilo, se jim je v zadnjem trenutku pridru\u017eil eden od stra\u017earjev, zato je bilo mu\u010denikov na koncu vseeno \u0161tirideset.  Z 10. marcem je sicer povezan tudi vremenski pregovor, ki pravi, da \u010de na god 40 mu\u010denikov ni lepo vreme, potem bo tako \u0161e naslednjih 40 dni.Slovenija<\/p>\n","protected":false},"author":1,"featured_media":0,"comment_status":"closed","ping_status":"closed","sticky":false,"template":"","format":"standard","meta":{"footnotes":""},"categories":[1179],"tags":[],"source":[1711],"supertag":[],"acf":[],"yoast_head":"<!-- This site is optimized with the Yoast SEO plugin v21.3 - https:\/\/yoast.com\/wordpress\/plugins\/seo\/ -->\n<title>Dan, ko se spomnimo mo\u0161kega trpljenja - Hudo Slovenija<\/title>\n<meta name=\"robots\" content=\"index, follow, max-snippet:-1, max-image-preview:large, max-video-preview:-1\" \/>\n<link rel=\"canonical\" href=\"https:\/\/hudo.com\/si\/aktualno\/dan-ko-se-spomnimo-moskega-trpljenja\/\" \/>\n<meta property=\"og:locale\" content=\"sl_SI\" \/>\n<meta property=\"og:type\" content=\"article\" \/>\n<meta property=\"og:title\" content=\"Dan, ko se spomnimo mo\u0161kega trpljenja - Hudo Slovenija\" \/>\n<meta property=\"og:description\" content=\"Le dva dneva po prazniku \u017eensk na dana\u0161nji dan, ko goduje 40 mu\u010denikov, slavijo mo\u0161ki. \u010ceprav ima praznik korenine v kr\u0161\u010danskem izro\u010dilu, je prerasel verske okvire. Mo\u0161ki naj bi po tradiciji na ta dan prejeli suhe slive, trnje in klobase, ki veljajo za simboli\u010dni opomnik, da mu\u010deni\u0161tvo \u0161e vedno obstaja. Praznik je spomin na \u010das vladavine cesarja Licinija v \u010detrtem stoletju, ko se je ta sprl s cesarjem Konstantinom I. Velikim in v kr\u0161\u010danstvu videl sovra\u017enika, zato se je odlo\u010dil kristjane spreobrniti ali odstraniti. Tudi vojakom na svojem obmo\u010dju je ukazal, naj se kr\u0161\u010danstvu odre\u010dejo ali pa bodo kaznovani s smrtjo. \u0160tirideset vojakov elitne legije se je temu uprlo, zato so jih odpeljali do zamrznjenega ribnika v bli\u017eini mesta Sebaste na ozemlju dana\u0161nje Tur\u010dije in jih vrgli vanj. \u010ceprav jim je Licinij tik pred smrtjo ponudil \u0161e zadnjo prilo\u017enost in jim ob ribnik namestil kopel s toplo vodo, ki je bila namenjena spreobrnjencem, si je premislil le eden. A tudi ta ni pre\u017eivel, potem ko je iz ledenega ribnika sko\u010dil v toplo kopel, naj bi ga po legendi zaradi nenadne spremembe temperature zadela kap. Ker naj bi se ga trpljenje vojakov zelo dotaknilo, se jim je v zadnjem trenutku pridru\u017eil eden od stra\u017earjev, zato je bilo mu\u010denikov na koncu vseeno \u0161tirideset. Z 10. marcem je sicer povezan tudi vremenski pregovor, ki pravi, da \u010de na god 40 mu\u010denikov ni lepo vreme, potem bo tako \u0161e naslednjih 40 dni.Slovenija\" \/>\n<meta property=\"og:url\" content=\"https:\/\/hudo.com\/si\/aktualno\/dan-ko-se-spomnimo-moskega-trpljenja\/\" \/>\n<meta property=\"og:site_name\" content=\"Hudo Slovenija\" \/>\n<meta property=\"article:publisher\" content=\"https:\/\/www.facebook.com\/hudo.si\" \/>\n<meta property=\"article:published_time\" content=\"2017-03-10T05:01:00+00:00\" \/>\n<meta property=\"og:image\" content=\"https:\/\/hudo.com\/si\/wp-content\/uploads\/sites\/2\/2017\/03\/00973449F-300.jpg\" \/>\n\t<meta property=\"og:image:width\" content=\"450\" \/>\n\t<meta property=\"og:image:height\" content=\"675\" \/>\n\t<meta property=\"og:image:type\" content=\"image\/jpeg\" \/>\n<meta name=\"author\" content=\"hudo\" \/>\n<meta name=\"twitter:card\" content=\"summary_large_image\" \/>\n<meta name=\"twitter:creator\" content=\"@hudo_si\" \/>\n<meta name=\"twitter:site\" content=\"@hudo_si\" \/>\n<meta name=\"twitter:label1\" content=\"Written by\" \/>\n\t<meta name=\"twitter:data1\" content=\"hudo\" \/>\n\t<meta name=\"twitter:label2\" content=\"Est. reading time\" \/>\n\t<meta name=\"twitter:data2\" content=\"1 minuta\" \/>\n<script type=\"application\/ld+json\" class=\"yoast-schema-graph\">{\"@context\":\"https:\/\/schema.org\",\"@graph\":[{\"@type\":\"Article\",\"@id\":\"https:\/\/hudo.com\/si\/aktualno\/dan-ko-se-spomnimo-moskega-trpljenja\/#article\",\"isPartOf\":{\"@id\":\"https:\/\/hudo.com\/si\/aktualno\/dan-ko-se-spomnimo-moskega-trpljenja\/\"},\"author\":{\"name\":\"hudo\",\"@id\":\"https:\/\/hudo.com\/si\/#\/schema\/person\/601cf3379633985b20f7e50f2bb47707\"},\"headline\":\"Dan, ko se spomnimo mo\u0161kega trpljenja\",\"datePublished\":\"2017-03-10T05:01:00+00:00\",\"dateModified\":\"2017-03-10T05:01:00+00:00\",\"mainEntityOfPage\":{\"@id\":\"https:\/\/hudo.com\/si\/aktualno\/dan-ko-se-spomnimo-moskega-trpljenja\/\"},\"wordCount\":267,\"publisher\":{\"@id\":\"https:\/\/hudo.com\/si\/#organization\"},\"articleSection\":[\"Aktualno\"],\"inLanguage\":\"sl-SI\"},{\"@type\":\"WebPage\",\"@id\":\"https:\/\/hudo.com\/si\/aktualno\/dan-ko-se-spomnimo-moskega-trpljenja\/\",\"url\":\"https:\/\/hudo.com\/si\/aktualno\/dan-ko-se-spomnimo-moskega-trpljenja\/\",\"name\":\"Dan, ko se spomnimo mo\u0161kega trpljenja - Hudo Slovenija\",\"isPartOf\":{\"@id\":\"https:\/\/hudo.com\/si\/#website\"},\"datePublished\":\"2017-03-10T05:01:00+00:00\",\"dateModified\":\"2017-03-10T05:01:00+00:00\",\"breadcrumb\":{\"@id\":\"https:\/\/hudo.com\/si\/aktualno\/dan-ko-se-spomnimo-moskega-trpljenja\/#breadcrumb\"},\"inLanguage\":\"sl-SI\",\"potentialAction\":[{\"@type\":\"ReadAction\",\"target\":[\"https:\/\/hudo.com\/si\/aktualno\/dan-ko-se-spomnimo-moskega-trpljenja\/\"]}]},{\"@type\":\"BreadcrumbList\",\"@id\":\"https:\/\/hudo.com\/si\/aktualno\/dan-ko-se-spomnimo-moskega-trpljenja\/#breadcrumb\",\"itemListElement\":[{\"@type\":\"ListItem\",\"position\":1,\"name\":\"Home\",\"item\":\"https:\/\/hudo.com\/si\/\"},{\"@type\":\"ListItem\",\"position\":2,\"name\":\"Dan, ko se spomnimo mo\u0161kega trpljenja\"}]},{\"@type\":\"WebSite\",\"@id\":\"https:\/\/hudo.com\/si\/#website\",\"url\":\"https:\/\/hudo.com\/si\/\",\"name\":\"Hudo Slovenija\",\"description\":\"Vse novice iz Slovenije in sveta\",\"publisher\":{\"@id\":\"https:\/\/hudo.com\/si\/#organization\"},\"potentialAction\":[{\"@type\":\"SearchAction\",\"target\":{\"@type\":\"EntryPoint\",\"urlTemplate\":\"https:\/\/hudo.com\/si\/?s={search_term_string}\"},\"query-input\":\"required name=search_term_string\"}],\"inLanguage\":\"sl-SI\"},{\"@type\":\"Organization\",\"@id\":\"https:\/\/hudo.com\/si\/#organization\",\"name\":\"VSN Media\",\"url\":\"https:\/\/hudo.com\/si\/\",\"logo\":{\"@type\":\"ImageObject\",\"inLanguage\":\"sl-SI\",\"@id\":\"https:\/\/hudo.com\/si\/#\/schema\/logo\/image\/\",\"url\":\"https:\/\/hudo.com\/si\/wp-content\/uploads\/sites\/2\/2021\/03\/hudo-app-2.png\",\"contentUrl\":\"https:\/\/hudo.com\/si\/wp-content\/uploads\/sites\/2\/2021\/03\/hudo-app-2.png\",\"width\":2185,\"height\":2167,\"caption\":\"VSN Media\"},\"image\":{\"@id\":\"https:\/\/hudo.com\/si\/#\/schema\/logo\/image\/\"},\"sameAs\":[\"https:\/\/www.facebook.com\/hudo.si\",\"https:\/\/twitter.com\/hudo_si\"]},{\"@type\":\"Person\",\"@id\":\"https:\/\/hudo.com\/si\/#\/schema\/person\/601cf3379633985b20f7e50f2bb47707\",\"name\":\"hudo\",\"image\":{\"@type\":\"ImageObject\",\"inLanguage\":\"sl-SI\",\"@id\":\"https:\/\/hudo.com\/si\/#\/schema\/person\/image\/\",\"url\":\"https:\/\/secure.gravatar.com\/avatar\/c4ca25fa72cace7a696b52ff5db9e095?s=96&d=mm&r=g\",\"contentUrl\":\"https:\/\/secure.gravatar.com\/avatar\/c4ca25fa72cace7a696b52ff5db9e095?s=96&d=mm&r=g\",\"caption\":\"hudo\"},\"url\":\"https:\/\/hudo.com\/si\/author\/hudo\/\"}]}<\/script>\n<!-- \/ Yoast SEO plugin. -->","yoast_head_json":{"title":"Dan, ko se spomnimo mo\u0161kega trpljenja - Hudo Slovenija","robots":{"index":"index","follow":"follow","max-snippet":"max-snippet:-1","max-image-preview":"max-image-preview:large","max-video-preview":"max-video-preview:-1"},"canonical":"https:\/\/hudo.com\/si\/aktualno\/dan-ko-se-spomnimo-moskega-trpljenja\/","og_locale":"sl_SI","og_type":"article","og_title":"Dan, ko se spomnimo mo\u0161kega trpljenja - Hudo Slovenija","og_description":"Le dva dneva po prazniku \u017eensk na dana\u0161nji dan, ko goduje 40 mu\u010denikov, slavijo mo\u0161ki. \u010ceprav ima praznik korenine v kr\u0161\u010danskem izro\u010dilu, je prerasel verske okvire. Mo\u0161ki naj bi po tradiciji na ta dan prejeli suhe slive, trnje in klobase, ki veljajo za simboli\u010dni opomnik, da mu\u010deni\u0161tvo \u0161e vedno obstaja. Praznik je spomin na \u010das vladavine cesarja Licinija v \u010detrtem stoletju, ko se je ta sprl s cesarjem Konstantinom I. Velikim in v kr\u0161\u010danstvu videl sovra\u017enika, zato se je odlo\u010dil kristjane spreobrniti ali odstraniti. Tudi vojakom na svojem obmo\u010dju je ukazal, naj se kr\u0161\u010danstvu odre\u010dejo ali pa bodo kaznovani s smrtjo. \u0160tirideset vojakov elitne legije se je temu uprlo, zato so jih odpeljali do zamrznjenega ribnika v bli\u017eini mesta Sebaste na ozemlju dana\u0161nje Tur\u010dije in jih vrgli vanj. \u010ceprav jim je Licinij tik pred smrtjo ponudil \u0161e zadnjo prilo\u017enost in jim ob ribnik namestil kopel s toplo vodo, ki je bila namenjena spreobrnjencem, si je premislil le eden. A tudi ta ni pre\u017eivel, potem ko je iz ledenega ribnika sko\u010dil v toplo kopel, naj bi ga po legendi zaradi nenadne spremembe temperature zadela kap. Ker naj bi se ga trpljenje vojakov zelo dotaknilo, se jim je v zadnjem trenutku pridru\u017eil eden od stra\u017earjev, zato je bilo mu\u010denikov na koncu vseeno \u0161tirideset. Z 10. marcem je sicer povezan tudi vremenski pregovor, ki pravi, da \u010de na god 40 mu\u010denikov ni lepo vreme, potem bo tako \u0161e naslednjih 40 dni.Slovenija","og_url":"https:\/\/hudo.com\/si\/aktualno\/dan-ko-se-spomnimo-moskega-trpljenja\/","og_site_name":"Hudo Slovenija","article_publisher":"https:\/\/www.facebook.com\/hudo.si","article_published_time":"2017-03-10T05:01:00+00:00","og_image":[{"width":450,"height":675,"url":"https:\/\/hudo.com\/si\/wp-content\/uploads\/sites\/2\/2017\/03\/00973449F-300.jpg","type":"image\/jpeg"}],"author":"hudo","twitter_card":"summary_large_image","twitter_creator":"@hudo_si","twitter_site":"@hudo_si","twitter_misc":{"Written by":"hudo","Est. reading time":"1 minuta"},"schema":{"@context":"https:\/\/schema.org","@graph":[{"@type":"Article","@id":"https:\/\/hudo.com\/si\/aktualno\/dan-ko-se-spomnimo-moskega-trpljenja\/#article","isPartOf":{"@id":"https:\/\/hudo.com\/si\/aktualno\/dan-ko-se-spomnimo-moskega-trpljenja\/"},"author":{"name":"hudo","@id":"https:\/\/hudo.com\/si\/#\/schema\/person\/601cf3379633985b20f7e50f2bb47707"},"headline":"Dan, ko se spomnimo mo\u0161kega trpljenja","datePublished":"2017-03-10T05:01:00+00:00","dateModified":"2017-03-10T05:01:00+00:00","mainEntityOfPage":{"@id":"https:\/\/hudo.com\/si\/aktualno\/dan-ko-se-spomnimo-moskega-trpljenja\/"},"wordCount":267,"publisher":{"@id":"https:\/\/hudo.com\/si\/#organization"},"articleSection":["Aktualno"],"inLanguage":"sl-SI"},{"@type":"WebPage","@id":"https:\/\/hudo.com\/si\/aktualno\/dan-ko-se-spomnimo-moskega-trpljenja\/","url":"https:\/\/hudo.com\/si\/aktualno\/dan-ko-se-spomnimo-moskega-trpljenja\/","name":"Dan, ko se spomnimo mo\u0161kega trpljenja - Hudo Slovenija","isPartOf":{"@id":"https:\/\/hudo.com\/si\/#website"},"datePublished":"2017-03-10T05:01:00+00:00","dateModified":"2017-03-10T05:01:00+00:00","breadcrumb":{"@id":"https:\/\/hudo.com\/si\/aktualno\/dan-ko-se-spomnimo-moskega-trpljenja\/#breadcrumb"},"inLanguage":"sl-SI","potentialAction":[{"@type":"ReadAction","target":["https:\/\/hudo.com\/si\/aktualno\/dan-ko-se-spomnimo-moskega-trpljenja\/"]}]},{"@type":"BreadcrumbList","@id":"https:\/\/hudo.com\/si\/aktualno\/dan-ko-se-spomnimo-moskega-trpljenja\/#breadcrumb","itemListElement":[{"@type":"ListItem","position":1,"name":"Home","item":"https:\/\/hudo.com\/si\/"},{"@type":"ListItem","position":2,"name":"Dan, ko se spomnimo mo\u0161kega trpljenja"}]},{"@type":"WebSite","@id":"https:\/\/hudo.com\/si\/#website","url":"https:\/\/hudo.com\/si\/","name":"Hudo Slovenija","description":"Vse novice iz Slovenije in sveta","publisher":{"@id":"https:\/\/hudo.com\/si\/#organization"},"potentialAction":[{"@type":"SearchAction","target":{"@type":"EntryPoint","urlTemplate":"https:\/\/hudo.com\/si\/?s={search_term_string}"},"query-input":"required name=search_term_string"}],"inLanguage":"sl-SI"},{"@type":"Organization","@id":"https:\/\/hudo.com\/si\/#organization","name":"VSN Media","url":"https:\/\/hudo.com\/si\/","logo":{"@type":"ImageObject","inLanguage":"sl-SI","@id":"https:\/\/hudo.com\/si\/#\/schema\/logo\/image\/","url":"https:\/\/hudo.com\/si\/wp-content\/uploads\/sites\/2\/2021\/03\/hudo-app-2.png","contentUrl":"https:\/\/hudo.com\/si\/wp-content\/uploads\/sites\/2\/2021\/03\/hudo-app-2.png","width":2185,"height":2167,"caption":"VSN Media"},"image":{"@id":"https:\/\/hudo.com\/si\/#\/schema\/logo\/image\/"},"sameAs":["https:\/\/www.facebook.com\/hudo.si","https:\/\/twitter.com\/hudo_si"]},{"@type":"Person","@id":"https:\/\/hudo.com\/si\/#\/schema\/person\/601cf3379633985b20f7e50f2bb47707","name":"hudo","image":{"@type":"ImageObject","inLanguage":"sl-SI","@id":"https:\/\/hudo.com\/si\/#\/schema\/person\/image\/","url":"https:\/\/secure.gravatar.com\/avatar\/c4ca25fa72cace7a696b52ff5db9e095?s=96&d=mm&r=g","contentUrl":"https:\/\/secure.gravatar.com\/avatar\/c4ca25fa72cace7a696b52ff5db9e095?s=96&d=mm&r=g","caption":"hudo"},"url":"https:\/\/hudo.com\/si\/author\/hudo\/"}]}},"amp_enabled":true,"_links":{"self":[{"href":"https:\/\/hudo.com\/si\/wp-json\/wp\/v2\/posts\/223326"}],"collection":[{"href":"https:\/\/hudo.com\/si\/wp-json\/wp\/v2\/posts"}],"about":[{"href":"https:\/\/hudo.com\/si\/wp-json\/wp\/v2\/types\/post"}],"author":[{"embeddable":true,"href":"https:\/\/hudo.com\/si\/wp-json\/wp\/v2\/users\/1"}],"replies":[{"embeddable":true,"href":"https:\/\/hudo.com\/si\/wp-json\/wp\/v2\/comments?post=223326"}],"version-history":[{"count":0,"href":"https:\/\/hudo.com\/si\/wp-json\/wp\/v2\/posts\/223326\/revisions"}],"wp:attachment":[{"href":"https:\/\/hudo.com\/si\/wp-json\/wp\/v2\/media?parent=223326"}],"wp:term":[{"taxonomy":"category","embeddable":true,"href":"https:\/\/hudo.com\/si\/wp-json\/wp\/v2\/categories?post=223326"},{"taxonomy":"post_tag","embeddable":true,"href":"https:\/\/hudo.com\/si\/wp-json\/wp\/v2\/tags?post=223326"},{"taxonomy":"source","embeddable":true,"href":"https:\/\/hudo.com\/si\/wp-json\/wp\/v2\/source?post=223326"},{"taxonomy":"supertag","embeddable":true,"href":"https:\/\/hudo.com\/si\/wp-json\/wp\/v2\/supertag?post=223326"}],"curies":[{"name":"wp","href":"https:\/\/api.w.org\/{rel}","templated":true}]}}