{"id":225265,"date":"2017-03-13T20:32:00","date_gmt":"2017-03-13T19:32:00","guid":{"rendered":"http:\/\/hudo.com\/si\/2017\/03\/13\/svet-zavoda-za-doris-urbancic-windisch\/"},"modified":"2017-03-14T06:42:30","modified_gmt":"2017-03-14T05:42:30","slug":"svet-zavoda-za-doris-urbancic-windisch","status":"publish","type":"post","link":"https:\/\/hudo.com\/si\/aktualno\/svet-zavoda-za-doris-urbancic-windisch\/","title":{"rendered":"Svet zavoda za Doris Urban\u010di\u010d Windisch"},"content":{"rendered":"<p>\u010clani sveta zavoda Zavod za turizem Maribor &#8211; Pohorje so danes zve\u010der z ve\u010dino glasov podprli Doris Urban\u010di\u010d Windisch za novo direktorico tega zavoda. Predsednik sveta Milan Razdev\u0161ek je povedal, da je bilo sedem svetnikov za to kandidatko, trije pa za drugo, ki se je prav tako prebila v o\u017eji izbor, to je bila Alenka Iskra. S tem odlo\u010danje \u0161e ni povsem gotovo, saj mora soglasje k imenovanju dati mariborski mestni svet. \u010ce v mestnem svetu ne bo zadostne podpore, ves postopek ste\u010de znova. Do potencialne nove direktorice smo posku\u0161ali priti, a za komentar v\u010deraj\u0161njega glasovanja ni bila dosegljiva. Kakor smo \u017ee poro\u010dali, je Urban\u010di\u010d Windischeva zaposlena v hotelu Leonardo v Slovenski Bistrici, izku\u0161nje v turizmu pa je pred tem nabirala tudi v Termah Maribor, kjer je bila spa mened\u017eerka. Na razpis je bilo prijavljenih devet kandidatov, a jih je ve\u010dina \u017ee na za\u010detku odpadla, ker niso izpolnjevali vseh postavljenih pogojev. Zlasti potrdilo o znanju tujega jezika je bilo odlo\u010dilni faktor, pri katerem jih je ve\u010dina obstala. Spomnimo, da so v zavodu bili primorani iskati novo vodstvo, potem ko je decembra odpoved pogodbe o zaposlitvi podala dosedanja direktorica Janja Viher, ki je \u017ee ves ta \u010das sicer v bolni\u0161kem stale\u017eu. Odpovedni rok se ji izte\u010de \u017ee \u010dez dva dni, torej 16. marca, do takrat pa seje mestnega sveta zagotovo \u0161e ne bo, zato bodo po Razdev\u0161kovih besedah imenovali vr\u0161ilca dol\u017enosti. Kateri od zaposlenih bo do imenovanja nove direktorice vodil zavod, bo znano jutri. Poro\u010dali smo tudi \u017ee, da je vodstvo ob\u010dine tudi samo iskalo kandidata za direktorja, zato je pet kandidatov, ki so se prijavili na razpis, kar med postopkom vabila na predstavitve. Od kod so sploh izvedeli, kdo so kandidati, niso pojasnili. Kakor se tudi niso opredelili, ali so imeli kak\u0161nega favorita. Ve\u010d se bo torej pokazalo na seji mestnega sveta, kjer bo jasno, ali tudi mestna politika sogla\u0161a z izbiro za novo vodstvo zavoda, ki ima 17 zaposlenih in letno dober milijon evrov prihodkov. Viherjeva, ki<\/p>\n","protected":false},"excerpt":{"rendered":"<p>\u010clani sveta zavoda Zavod za turizem Maribor &#8211; Pohorje so danes zve\u010der z ve\u010dino glasov podprli Doris Urban\u010di\u010d Windisch za novo direktorico tega zavoda. Predsednik sveta Milan Razdev\u0161ek je povedal, da je bilo sedem svetnikov za to kandidatko, trije pa za drugo, ki se je prav tako prebila v o\u017eji izbor, to je bila Alenka Iskra. S tem odlo\u010danje \u0161e ni povsem gotovo, saj mora soglasje k imenovanju dati mariborski mestni svet. \u010ce v mestnem svetu ne bo zadostne podpore, ves postopek ste\u010de znova. Do potencialne nove direktorice smo posku\u0161ali priti, a za komentar v\u010deraj\u0161njega glasovanja ni bila dosegljiva. Kakor smo \u017ee poro\u010dali, je Urban\u010di\u010d Windischeva zaposlena v hotelu Leonardo v Slovenski Bistrici, izku\u0161nje v turizmu pa je pred tem nabirala tudi v Termah Maribor, kjer je bila spa mened\u017eerka. Na razpis je bilo prijavljenih devet kandidatov, a jih je ve\u010dina \u017ee na za\u010detku odpadla, ker niso izpolnjevali vseh postavljenih pogojev. Zlasti potrdilo o znanju tujega jezika je bilo odlo\u010dilni faktor, pri katerem jih je ve\u010dina obstala. Spomnimo, da so v zavodu bili primorani iskati novo vodstvo, potem ko je decembra odpoved pogodbe o zaposlitvi podala dosedanja direktorica Janja Viher, ki je \u017ee ves ta \u010das sicer v bolni\u0161kem stale\u017eu. Odpovedni rok se ji izte\u010de \u017ee \u010dez dva dni, torej 16. marca, do takrat pa seje mestnega sveta zagotovo \u0161e ne bo, zato bodo po Razdev\u0161kovih besedah imenovali vr\u0161ilca dol\u017enosti. Kateri od zaposlenih bo do imenovanja nove direktorice vodil zavod, bo znano jutri. Poro\u010dali smo tudi \u017ee, da je vodstvo ob\u010dine tudi samo iskalo kandidata za direktorja, zato je pet kandidatov, ki so se prijavili na razpis, kar med postopkom vabila na predstavitve. Od kod so sploh izvedeli, kdo so kandidati, niso pojasnili. Kakor se tudi niso opredelili, ali so imeli kak\u0161nega favorita. Ve\u010d se bo torej pokazalo na seji mestnega sveta, kjer bo jasno, ali tudi mestna politika sogla\u0161a z izbiro za novo vodstvo zavoda, ki ima 17 zaposlenih in letno dober milijon evrov prihodkov. Viherjeva, ki<\/p>\n","protected":false},"author":1,"featured_media":0,"comment_status":"closed","ping_status":"closed","sticky":false,"template":"","format":"standard","meta":{"footnotes":""},"categories":[1179],"tags":[],"source":[1711],"supertag":[],"acf":[],"yoast_head":"<!-- This site is optimized with the Yoast SEO plugin v21.3 - https:\/\/yoast.com\/wordpress\/plugins\/seo\/ -->\n<title>Svet zavoda za Doris Urban\u010di\u010d Windisch - Hudo Slovenija<\/title>\n<meta name=\"robots\" content=\"index, follow, max-snippet:-1, max-image-preview:large, max-video-preview:-1\" \/>\n<link rel=\"canonical\" href=\"https:\/\/hudo.com\/si\/aktualno\/svet-zavoda-za-doris-urbancic-windisch\/\" \/>\n<meta property=\"og:locale\" content=\"sl_SI\" \/>\n<meta property=\"og:type\" content=\"article\" \/>\n<meta property=\"og:title\" content=\"Svet zavoda za Doris Urban\u010di\u010d Windisch - Hudo Slovenija\" \/>\n<meta property=\"og:description\" content=\"\u010clani sveta zavoda Zavod za turizem Maribor - Pohorje so danes zve\u010der z ve\u010dino glasov podprli Doris Urban\u010di\u010d Windisch za novo direktorico tega zavoda. Predsednik sveta Milan Razdev\u0161ek je povedal, da je bilo sedem svetnikov za to kandidatko, trije pa za drugo, ki se je prav tako prebila v o\u017eji izbor, to je bila Alenka Iskra. S tem odlo\u010danje \u0161e ni povsem gotovo, saj mora soglasje k imenovanju dati mariborski mestni svet. \u010ce v mestnem svetu ne bo zadostne podpore, ves postopek ste\u010de znova. Do potencialne nove direktorice smo posku\u0161ali priti, a za komentar v\u010deraj\u0161njega glasovanja ni bila dosegljiva. Kakor smo \u017ee poro\u010dali, je Urban\u010di\u010d Windischeva zaposlena v hotelu Leonardo v Slovenski Bistrici, izku\u0161nje v turizmu pa je pred tem nabirala tudi v Termah Maribor, kjer je bila spa mened\u017eerka. Na razpis je bilo prijavljenih devet kandidatov, a jih je ve\u010dina \u017ee na za\u010detku odpadla, ker niso izpolnjevali vseh postavljenih pogojev. Zlasti potrdilo o znanju tujega jezika je bilo odlo\u010dilni faktor, pri katerem jih je ve\u010dina obstala. Spomnimo, da so v zavodu bili primorani iskati novo vodstvo, potem ko je decembra odpoved pogodbe o zaposlitvi podala dosedanja direktorica Janja Viher, ki je \u017ee ves ta \u010das sicer v bolni\u0161kem stale\u017eu. Odpovedni rok se ji izte\u010de \u017ee \u010dez dva dni, torej 16. marca, do takrat pa seje mestnega sveta zagotovo \u0161e ne bo, zato bodo po Razdev\u0161kovih besedah imenovali vr\u0161ilca dol\u017enosti. Kateri od zaposlenih bo do imenovanja nove direktorice vodil zavod, bo znano jutri. Poro\u010dali smo tudi \u017ee, da je vodstvo ob\u010dine tudi samo iskalo kandidata za direktorja, zato je pet kandidatov, ki so se prijavili na razpis, kar med postopkom vabila na predstavitve. Od kod so sploh izvedeli, kdo so kandidati, niso pojasnili. Kakor se tudi niso opredelili, ali so imeli kak\u0161nega favorita. Ve\u010d se bo torej pokazalo na seji mestnega sveta, kjer bo jasno, ali tudi mestna politika sogla\u0161a z izbiro za novo vodstvo zavoda, ki ima 17 zaposlenih in letno dober milijon evrov prihodkov. Viherjeva, ki\" \/>\n<meta property=\"og:url\" content=\"https:\/\/hudo.com\/si\/aktualno\/svet-zavoda-za-doris-urbancic-windisch\/\" \/>\n<meta property=\"og:site_name\" content=\"Hudo Slovenija\" \/>\n<meta property=\"article:publisher\" content=\"https:\/\/www.facebook.com\/hudo.si\" \/>\n<meta property=\"article:published_time\" content=\"2017-03-13T19:32:00+00:00\" \/>\n<meta property=\"article:modified_time\" content=\"2017-03-14T05:42:30+00:00\" \/>\n<meta property=\"og:image\" content=\"https:\/\/hudo.com\/si\/wp-content\/uploads\/sites\/2\/2017\/03\/ppl8570-300.jpg\" \/>\n\t<meta property=\"og:image:width\" content=\"450\" \/>\n\t<meta property=\"og:image:height\" content=\"300\" \/>\n\t<meta property=\"og:image:type\" content=\"image\/jpeg\" \/>\n<meta name=\"author\" content=\"hudo\" \/>\n<meta name=\"twitter:card\" content=\"summary_large_image\" \/>\n<meta name=\"twitter:creator\" content=\"@hudo_si\" \/>\n<meta name=\"twitter:site\" content=\"@hudo_si\" \/>\n<meta name=\"twitter:label1\" content=\"Written by\" \/>\n\t<meta name=\"twitter:data1\" content=\"hudo\" \/>\n\t<meta name=\"twitter:label2\" content=\"Est. reading time\" \/>\n\t<meta name=\"twitter:data2\" content=\"2 minuti\" \/>\n<script type=\"application\/ld+json\" class=\"yoast-schema-graph\">{\"@context\":\"https:\/\/schema.org\",\"@graph\":[{\"@type\":\"Article\",\"@id\":\"https:\/\/hudo.com\/si\/aktualno\/svet-zavoda-za-doris-urbancic-windisch\/#article\",\"isPartOf\":{\"@id\":\"https:\/\/hudo.com\/si\/aktualno\/svet-zavoda-za-doris-urbancic-windisch\/\"},\"author\":{\"name\":\"hudo\",\"@id\":\"https:\/\/hudo.com\/si\/#\/schema\/person\/601cf3379633985b20f7e50f2bb47707\"},\"headline\":\"Svet zavoda za Doris Urban\u010di\u010d Windisch\",\"datePublished\":\"2017-03-13T19:32:00+00:00\",\"dateModified\":\"2017-03-14T05:42:30+00:00\",\"mainEntityOfPage\":{\"@id\":\"https:\/\/hudo.com\/si\/aktualno\/svet-zavoda-za-doris-urbancic-windisch\/\"},\"wordCount\":361,\"publisher\":{\"@id\":\"https:\/\/hudo.com\/si\/#organization\"},\"articleSection\":[\"Aktualno\"],\"inLanguage\":\"sl-SI\"},{\"@type\":\"WebPage\",\"@id\":\"https:\/\/hudo.com\/si\/aktualno\/svet-zavoda-za-doris-urbancic-windisch\/\",\"url\":\"https:\/\/hudo.com\/si\/aktualno\/svet-zavoda-za-doris-urbancic-windisch\/\",\"name\":\"Svet zavoda za Doris Urban\u010di\u010d Windisch - Hudo Slovenija\",\"isPartOf\":{\"@id\":\"https:\/\/hudo.com\/si\/#website\"},\"datePublished\":\"2017-03-13T19:32:00+00:00\",\"dateModified\":\"2017-03-14T05:42:30+00:00\",\"breadcrumb\":{\"@id\":\"https:\/\/hudo.com\/si\/aktualno\/svet-zavoda-za-doris-urbancic-windisch\/#breadcrumb\"},\"inLanguage\":\"sl-SI\",\"potentialAction\":[{\"@type\":\"ReadAction\",\"target\":[\"https:\/\/hudo.com\/si\/aktualno\/svet-zavoda-za-doris-urbancic-windisch\/\"]}]},{\"@type\":\"BreadcrumbList\",\"@id\":\"https:\/\/hudo.com\/si\/aktualno\/svet-zavoda-za-doris-urbancic-windisch\/#breadcrumb\",\"itemListElement\":[{\"@type\":\"ListItem\",\"position\":1,\"name\":\"Home\",\"item\":\"https:\/\/hudo.com\/si\/\"},{\"@type\":\"ListItem\",\"position\":2,\"name\":\"Svet zavoda za Doris Urban\u010di\u010d Windisch\"}]},{\"@type\":\"WebSite\",\"@id\":\"https:\/\/hudo.com\/si\/#website\",\"url\":\"https:\/\/hudo.com\/si\/\",\"name\":\"Hudo Slovenija\",\"description\":\"Vse novice iz Slovenije in sveta\",\"publisher\":{\"@id\":\"https:\/\/hudo.com\/si\/#organization\"},\"potentialAction\":[{\"@type\":\"SearchAction\",\"target\":{\"@type\":\"EntryPoint\",\"urlTemplate\":\"https:\/\/hudo.com\/si\/?s={search_term_string}\"},\"query-input\":\"required name=search_term_string\"}],\"inLanguage\":\"sl-SI\"},{\"@type\":\"Organization\",\"@id\":\"https:\/\/hudo.com\/si\/#organization\",\"name\":\"VSN Media\",\"url\":\"https:\/\/hudo.com\/si\/\",\"logo\":{\"@type\":\"ImageObject\",\"inLanguage\":\"sl-SI\",\"@id\":\"https:\/\/hudo.com\/si\/#\/schema\/logo\/image\/\",\"url\":\"https:\/\/hudo.com\/si\/wp-content\/uploads\/sites\/2\/2021\/03\/hudo-app-2.png\",\"contentUrl\":\"https:\/\/hudo.com\/si\/wp-content\/uploads\/sites\/2\/2021\/03\/hudo-app-2.png\",\"width\":2185,\"height\":2167,\"caption\":\"VSN Media\"},\"image\":{\"@id\":\"https:\/\/hudo.com\/si\/#\/schema\/logo\/image\/\"},\"sameAs\":[\"https:\/\/www.facebook.com\/hudo.si\",\"https:\/\/twitter.com\/hudo_si\"]},{\"@type\":\"Person\",\"@id\":\"https:\/\/hudo.com\/si\/#\/schema\/person\/601cf3379633985b20f7e50f2bb47707\",\"name\":\"hudo\",\"image\":{\"@type\":\"ImageObject\",\"inLanguage\":\"sl-SI\",\"@id\":\"https:\/\/hudo.com\/si\/#\/schema\/person\/image\/\",\"url\":\"https:\/\/secure.gravatar.com\/avatar\/c4ca25fa72cace7a696b52ff5db9e095?s=96&d=mm&r=g\",\"contentUrl\":\"https:\/\/secure.gravatar.com\/avatar\/c4ca25fa72cace7a696b52ff5db9e095?s=96&d=mm&r=g\",\"caption\":\"hudo\"},\"url\":\"https:\/\/hudo.com\/si\/author\/hudo\/\"}]}<\/script>\n<!-- \/ Yoast SEO plugin. -->","yoast_head_json":{"title":"Svet zavoda za Doris Urban\u010di\u010d Windisch - Hudo Slovenija","robots":{"index":"index","follow":"follow","max-snippet":"max-snippet:-1","max-image-preview":"max-image-preview:large","max-video-preview":"max-video-preview:-1"},"canonical":"https:\/\/hudo.com\/si\/aktualno\/svet-zavoda-za-doris-urbancic-windisch\/","og_locale":"sl_SI","og_type":"article","og_title":"Svet zavoda za Doris Urban\u010di\u010d Windisch - Hudo Slovenija","og_description":"\u010clani sveta zavoda Zavod za turizem Maribor - Pohorje so danes zve\u010der z ve\u010dino glasov podprli Doris Urban\u010di\u010d Windisch za novo direktorico tega zavoda. Predsednik sveta Milan Razdev\u0161ek je povedal, da je bilo sedem svetnikov za to kandidatko, trije pa za drugo, ki se je prav tako prebila v o\u017eji izbor, to je bila Alenka Iskra. S tem odlo\u010danje \u0161e ni povsem gotovo, saj mora soglasje k imenovanju dati mariborski mestni svet. \u010ce v mestnem svetu ne bo zadostne podpore, ves postopek ste\u010de znova. Do potencialne nove direktorice smo posku\u0161ali priti, a za komentar v\u010deraj\u0161njega glasovanja ni bila dosegljiva. Kakor smo \u017ee poro\u010dali, je Urban\u010di\u010d Windischeva zaposlena v hotelu Leonardo v Slovenski Bistrici, izku\u0161nje v turizmu pa je pred tem nabirala tudi v Termah Maribor, kjer je bila spa mened\u017eerka. Na razpis je bilo prijavljenih devet kandidatov, a jih je ve\u010dina \u017ee na za\u010detku odpadla, ker niso izpolnjevali vseh postavljenih pogojev. Zlasti potrdilo o znanju tujega jezika je bilo odlo\u010dilni faktor, pri katerem jih je ve\u010dina obstala. Spomnimo, da so v zavodu bili primorani iskati novo vodstvo, potem ko je decembra odpoved pogodbe o zaposlitvi podala dosedanja direktorica Janja Viher, ki je \u017ee ves ta \u010das sicer v bolni\u0161kem stale\u017eu. Odpovedni rok se ji izte\u010de \u017ee \u010dez dva dni, torej 16. marca, do takrat pa seje mestnega sveta zagotovo \u0161e ne bo, zato bodo po Razdev\u0161kovih besedah imenovali vr\u0161ilca dol\u017enosti. Kateri od zaposlenih bo do imenovanja nove direktorice vodil zavod, bo znano jutri. Poro\u010dali smo tudi \u017ee, da je vodstvo ob\u010dine tudi samo iskalo kandidata za direktorja, zato je pet kandidatov, ki so se prijavili na razpis, kar med postopkom vabila na predstavitve. Od kod so sploh izvedeli, kdo so kandidati, niso pojasnili. Kakor se tudi niso opredelili, ali so imeli kak\u0161nega favorita. Ve\u010d se bo torej pokazalo na seji mestnega sveta, kjer bo jasno, ali tudi mestna politika sogla\u0161a z izbiro za novo vodstvo zavoda, ki ima 17 zaposlenih in letno dober milijon evrov prihodkov. Viherjeva, ki","og_url":"https:\/\/hudo.com\/si\/aktualno\/svet-zavoda-za-doris-urbancic-windisch\/","og_site_name":"Hudo Slovenija","article_publisher":"https:\/\/www.facebook.com\/hudo.si","article_published_time":"2017-03-13T19:32:00+00:00","article_modified_time":"2017-03-14T05:42:30+00:00","og_image":[{"width":450,"height":300,"url":"https:\/\/hudo.com\/si\/wp-content\/uploads\/sites\/2\/2017\/03\/ppl8570-300.jpg","type":"image\/jpeg"}],"author":"hudo","twitter_card":"summary_large_image","twitter_creator":"@hudo_si","twitter_site":"@hudo_si","twitter_misc":{"Written by":"hudo","Est. reading time":"2 minuti"},"schema":{"@context":"https:\/\/schema.org","@graph":[{"@type":"Article","@id":"https:\/\/hudo.com\/si\/aktualno\/svet-zavoda-za-doris-urbancic-windisch\/#article","isPartOf":{"@id":"https:\/\/hudo.com\/si\/aktualno\/svet-zavoda-za-doris-urbancic-windisch\/"},"author":{"name":"hudo","@id":"https:\/\/hudo.com\/si\/#\/schema\/person\/601cf3379633985b20f7e50f2bb47707"},"headline":"Svet zavoda za Doris Urban\u010di\u010d Windisch","datePublished":"2017-03-13T19:32:00+00:00","dateModified":"2017-03-14T05:42:30+00:00","mainEntityOfPage":{"@id":"https:\/\/hudo.com\/si\/aktualno\/svet-zavoda-za-doris-urbancic-windisch\/"},"wordCount":361,"publisher":{"@id":"https:\/\/hudo.com\/si\/#organization"},"articleSection":["Aktualno"],"inLanguage":"sl-SI"},{"@type":"WebPage","@id":"https:\/\/hudo.com\/si\/aktualno\/svet-zavoda-za-doris-urbancic-windisch\/","url":"https:\/\/hudo.com\/si\/aktualno\/svet-zavoda-za-doris-urbancic-windisch\/","name":"Svet zavoda za Doris Urban\u010di\u010d Windisch - Hudo Slovenija","isPartOf":{"@id":"https:\/\/hudo.com\/si\/#website"},"datePublished":"2017-03-13T19:32:00+00:00","dateModified":"2017-03-14T05:42:30+00:00","breadcrumb":{"@id":"https:\/\/hudo.com\/si\/aktualno\/svet-zavoda-za-doris-urbancic-windisch\/#breadcrumb"},"inLanguage":"sl-SI","potentialAction":[{"@type":"ReadAction","target":["https:\/\/hudo.com\/si\/aktualno\/svet-zavoda-za-doris-urbancic-windisch\/"]}]},{"@type":"BreadcrumbList","@id":"https:\/\/hudo.com\/si\/aktualno\/svet-zavoda-za-doris-urbancic-windisch\/#breadcrumb","itemListElement":[{"@type":"ListItem","position":1,"name":"Home","item":"https:\/\/hudo.com\/si\/"},{"@type":"ListItem","position":2,"name":"Svet zavoda za Doris Urban\u010di\u010d Windisch"}]},{"@type":"WebSite","@id":"https:\/\/hudo.com\/si\/#website","url":"https:\/\/hudo.com\/si\/","name":"Hudo Slovenija","description":"Vse novice iz Slovenije in sveta","publisher":{"@id":"https:\/\/hudo.com\/si\/#organization"},"potentialAction":[{"@type":"SearchAction","target":{"@type":"EntryPoint","urlTemplate":"https:\/\/hudo.com\/si\/?s={search_term_string}"},"query-input":"required name=search_term_string"}],"inLanguage":"sl-SI"},{"@type":"Organization","@id":"https:\/\/hudo.com\/si\/#organization","name":"VSN Media","url":"https:\/\/hudo.com\/si\/","logo":{"@type":"ImageObject","inLanguage":"sl-SI","@id":"https:\/\/hudo.com\/si\/#\/schema\/logo\/image\/","url":"https:\/\/hudo.com\/si\/wp-content\/uploads\/sites\/2\/2021\/03\/hudo-app-2.png","contentUrl":"https:\/\/hudo.com\/si\/wp-content\/uploads\/sites\/2\/2021\/03\/hudo-app-2.png","width":2185,"height":2167,"caption":"VSN Media"},"image":{"@id":"https:\/\/hudo.com\/si\/#\/schema\/logo\/image\/"},"sameAs":["https:\/\/www.facebook.com\/hudo.si","https:\/\/twitter.com\/hudo_si"]},{"@type":"Person","@id":"https:\/\/hudo.com\/si\/#\/schema\/person\/601cf3379633985b20f7e50f2bb47707","name":"hudo","image":{"@type":"ImageObject","inLanguage":"sl-SI","@id":"https:\/\/hudo.com\/si\/#\/schema\/person\/image\/","url":"https:\/\/secure.gravatar.com\/avatar\/c4ca25fa72cace7a696b52ff5db9e095?s=96&d=mm&r=g","contentUrl":"https:\/\/secure.gravatar.com\/avatar\/c4ca25fa72cace7a696b52ff5db9e095?s=96&d=mm&r=g","caption":"hudo"},"url":"https:\/\/hudo.com\/si\/author\/hudo\/"}]}},"amp_enabled":true,"_links":{"self":[{"href":"https:\/\/hudo.com\/si\/wp-json\/wp\/v2\/posts\/225265"}],"collection":[{"href":"https:\/\/hudo.com\/si\/wp-json\/wp\/v2\/posts"}],"about":[{"href":"https:\/\/hudo.com\/si\/wp-json\/wp\/v2\/types\/post"}],"author":[{"embeddable":true,"href":"https:\/\/hudo.com\/si\/wp-json\/wp\/v2\/users\/1"}],"replies":[{"embeddable":true,"href":"https:\/\/hudo.com\/si\/wp-json\/wp\/v2\/comments?post=225265"}],"version-history":[{"count":1,"href":"https:\/\/hudo.com\/si\/wp-json\/wp\/v2\/posts\/225265\/revisions"}],"predecessor-version":[{"id":225321,"href":"https:\/\/hudo.com\/si\/wp-json\/wp\/v2\/posts\/225265\/revisions\/225321"}],"wp:attachment":[{"href":"https:\/\/hudo.com\/si\/wp-json\/wp\/v2\/media?parent=225265"}],"wp:term":[{"taxonomy":"category","embeddable":true,"href":"https:\/\/hudo.com\/si\/wp-json\/wp\/v2\/categories?post=225265"},{"taxonomy":"post_tag","embeddable":true,"href":"https:\/\/hudo.com\/si\/wp-json\/wp\/v2\/tags?post=225265"},{"taxonomy":"source","embeddable":true,"href":"https:\/\/hudo.com\/si\/wp-json\/wp\/v2\/source?post=225265"},{"taxonomy":"supertag","embeddable":true,"href":"https:\/\/hudo.com\/si\/wp-json\/wp\/v2\/supertag?post=225265"}],"curies":[{"name":"wp","href":"https:\/\/api.w.org\/{rel}","templated":true}]}}