{"id":225780,"date":"2017-03-14T18:27:44","date_gmt":"2017-03-14T17:27:44","guid":{"rendered":"http:\/\/hudo.com\/si\/?p=225780"},"modified":"2017-03-14T18:27:44","modified_gmt":"2017-03-14T17:27:44","slug":"radiceva-bila-sem-osamljena-v-nasprotovanju-projektu-tes-6","status":"publish","type":"post","link":"https:\/\/hudo.com\/si\/aktualno\/radiceva-bila-sem-osamljena-v-nasprotovanju-projektu-tes-6\/","title":{"rendered":"Radi\u0107eva: Bila sem osamljena v nasprotovanju projektu Te\u0161 6"},"content":{"rendered":"<div class=\"text\">\n<p>Radi\u0107eva je bila ministrica leto dni, od julija 2010 do odhoda stranke Zares iz vlade julija 2011, pred tem pa je bila slabi dve leti dr\u017eavna sekretarka na istem ministrstvu.<\/p>\n<p>Medtem ko je bila kot dr\u017eavna sekretarka zadol\u017eena za druga podro\u010dja, pa se je prete\u017eni del ministrskega mandata ukvarjala prav s projektom Te\u0161 6. Takrat je bilo odprtih \u017ee veliko vpra\u0161anj, od vrednosti projekta do pravilnosti vodenja investicije, a je dobivala zelo nezanesljive informacije, zato je vodstvu Holdinga Slovenske elektrarne (HSE) naro\u010dila, naj projekt upo\u010dasnijo.<\/p>\n<p>Menila je namre\u010d, da je treba o projektu \u0161e enkrat resno premisliti in se odlo\u010diti, ali ga ne bi bilo morda bolje ustaviti. &#8220;Jaz sem dr\u017eala investicijo nazaj, dokler se ne zberejo prave in realne informacije,&#8221; je poudarila in povedala, da takrat ni bil nih\u010de &#8211; niti na vladi, niti v DZ ali kdorkoli drug &#8211; odkrito proti projektu Te\u0161 6. &#8220;Na tem podro\u010dju sem bila precej sama,&#8221; je ob\u017ealovala.<\/p>\n<p>Zadeva bi se lahko razpletla druga\u010de, \u010de bi na njeno stran stopila kak\u0161na politi\u010dna stranka. &#8220;Tako pa sem samo jaz nastopala na televiziji in opozarjala, a drugi so bili tiho: ali s figo v \u017eepu, ali pa so celo podpirali projekt,&#8221; je dejala.<\/p>\n<p>Takrat pa so se za\u010deli pritiski in napadi nanjo in na stranko Zares z vseh strani. Pri tem je bil najbolj aktiven sindikat. &#8220;V javnosti so me posku\u0161ali diskreditirati kot nekoga, ki nima pojma o energetiki,&#8221; je dejala in dodala, da tudi na vladi ni dobila nobene podpore.<\/p>\n<p>Namesto tega ji je Bojan Konti\u010d iz koalicijske stranke SD zagrozil z interpelacijo. &#8220;Temu ni nih\u010de oporekal, niti iz koalicije niti iz opozicije,&#8221; je dejala.<\/p>\n<p>Do interpelacije sicer ni pri\u0161lo, a takrat se je za\u010dela razpletati njena zgodba na ministrstvu. Ko se je pojavila potreba po dr\u017eavnem poro\u0161tvu za 400-milijonsko posojilo za financiranje projekta, se sama s tem ni strinjala, dokler se ne bi preverilo investicije.<\/p>\n<p>&#8220;To je bilo moje zadnje dejanje: ko sem na finan\u010dno ministrstvo poslala sporo\u010dilo, da na gospodarskem ministrstvu dr\u017eavnemu poro\u0161tvu nasprotujemo,&#8221; je povedala in dodala, da se ji je zdelo kar zami\u017eati in vre\u010di stran 400 milijonov evrov prehudo.<\/p>\n<p>Na vpra\u0161anje predsednika komisije <a class=\"pmeter\" href=\"https:\/\/www.sta.si\/2365952\/radiceva-bila-sem-osamljena-v-nasprotovanju-projektu-tes-6#\" data-pmeter=\"31\">Matja\u017ea Han\u017eka<\/a> (ZL), kak\u0161na je bila vloga takratnega predsednika vlade Boruta Pahorja, je odgovorila, da je bil prvi, ki jo je spomnil, da se je treba resno ukvarjati s projektom, a je tudi on ni odkrito podprl. &#8220;Do interpelacije ni pri\u0161lo, a ko je Konti\u010d grozil z njo, je bil predsednik vlade tiho,&#8221; je dejala.<\/p>\n<p>Takratna vlada je imela po njenih besedah do projekta pasiven odnos in ni bilo volje, da bi se resno preverilo projekt. &#8220;Nisi vedel, ali so sploh zainteresirani, da to poslu\u0161ajo in o tem razpravljajo,&#8221; se je spomnila svojih prepri\u010devanj na sejah vlade, da je treba projekt upo\u010dasniti.<\/p>\n<\/div>\n","protected":false},"excerpt":{"rendered":"<p>Pred preiskovalno komisijo DZ za ugotavljanje politi\u010dne odgovornosti nosilcev javnih funkcij pri investiciji v Te\u0161 6 je danes pri\u010dala nekdanja ministrica za gospodarstvo Darja Radi\u0107. Ko je ugotovila, da s projektom ni vse v redu, ga je posku\u0161ala upo\u010dasniti. &#8220;A podprla me ni nobena stranka, da o stroki ne govorim,&#8221; je dejala.<\/p>\n","protected":false},"author":5,"featured_media":225781,"comment_status":"closed","ping_status":"closed","sticky":false,"template":"","format":"standard","meta":{"footnotes":""},"categories":[1179],"tags":[8189,4617,4533,2391,4518,4587,4562,1595,7878],"source":[4511],"supertag":[7541],"acf":[],"yoast_head":"<!-- This site is optimized with the Yoast SEO plugin v21.3 - https:\/\/yoast.com\/wordpress\/plugins\/seo\/ -->\n<title>Radi\u0107eva: Bila sem osamljena v nasprotovanju projektu Te\u0161 6 - Hudo Slovenija<\/title>\n<meta name=\"robots\" content=\"index, follow, max-snippet:-1, max-image-preview:large, max-video-preview:-1\" \/>\n<link rel=\"canonical\" href=\"https:\/\/hudo.com\/si\/aktualno\/radiceva-bila-sem-osamljena-v-nasprotovanju-projektu-tes-6\/\" \/>\n<meta property=\"og:locale\" content=\"sl_SI\" \/>\n<meta property=\"og:type\" content=\"article\" \/>\n<meta property=\"og:title\" content=\"Radi\u0107eva: Bila sem osamljena v nasprotovanju projektu Te\u0161 6 - Hudo Slovenija\" \/>\n<meta property=\"og:description\" content=\"Pred preiskovalno komisijo DZ za ugotavljanje politi\u010dne odgovornosti nosilcev javnih funkcij pri investiciji v Te\u0161 6 je danes pri\u010dala nekdanja ministrica za gospodarstvo Darja Radi\u0107. Ko je ugotovila, da s projektom ni vse v redu, ga je posku\u0161ala upo\u010dasniti. &quot;A podprla me ni nobena stranka, da o stroki ne govorim,&quot; je dejala.\" \/>\n<meta property=\"og:url\" content=\"https:\/\/hudo.com\/si\/aktualno\/radiceva-bila-sem-osamljena-v-nasprotovanju-projektu-tes-6\/\" \/>\n<meta property=\"og:site_name\" content=\"Hudo Slovenija\" \/>\n<meta property=\"article:publisher\" content=\"https:\/\/www.facebook.com\/hudo.si\" \/>\n<meta property=\"article:published_time\" content=\"2017-03-14T17:27:44+00:00\" \/>\n<meta property=\"og:image\" content=\"https:\/\/hudo.com\/si\/wp-content\/uploads\/sites\/2\/2017\/03\/20170314-00765814.jpg\" \/>\n\t<meta property=\"og:image:width\" content=\"640\" \/>\n\t<meta property=\"og:image:height\" content=\"426\" \/>\n\t<meta property=\"og:image:type\" content=\"image\/jpeg\" \/>\n<meta name=\"author\" content=\"A. G., STA\" \/>\n<meta name=\"twitter:card\" content=\"summary_large_image\" \/>\n<meta name=\"twitter:creator\" content=\"@hudo_si\" \/>\n<meta name=\"twitter:site\" content=\"@hudo_si\" \/>\n<meta name=\"twitter:label1\" content=\"Written by\" \/>\n\t<meta name=\"twitter:data1\" content=\"A. G., STA\" \/>\n\t<meta name=\"twitter:label2\" content=\"Est. reading time\" \/>\n\t<meta name=\"twitter:data2\" content=\"2 minuti\" \/>\n<script type=\"application\/ld+json\" class=\"yoast-schema-graph\">{\"@context\":\"https:\/\/schema.org\",\"@graph\":[{\"@type\":\"Article\",\"@id\":\"https:\/\/hudo.com\/si\/aktualno\/radiceva-bila-sem-osamljena-v-nasprotovanju-projektu-tes-6\/#article\",\"isPartOf\":{\"@id\":\"https:\/\/hudo.com\/si\/aktualno\/radiceva-bila-sem-osamljena-v-nasprotovanju-projektu-tes-6\/\"},\"author\":{\"name\":\"A. G., STA\",\"@id\":\"https:\/\/hudo.com\/si\/#\/schema\/person\/2391667a63ea075ba94f2f2dc6b77537\"},\"headline\":\"Radi\u0107eva: Bila sem osamljena v nasprotovanju projektu Te\u0161 6\",\"datePublished\":\"2017-03-14T17:27:44+00:00\",\"dateModified\":\"2017-03-14T17:27:44+00:00\",\"mainEntityOfPage\":{\"@id\":\"https:\/\/hudo.com\/si\/aktualno\/radiceva-bila-sem-osamljena-v-nasprotovanju-projektu-tes-6\/\"},\"wordCount\":498,\"publisher\":{\"@id\":\"https:\/\/hudo.com\/si\/#organization\"},\"keywords\":[\"Darja Radi\u0107\",\"DZ\",\"energetika\",\"gospodarstvo\",\"komisija\",\"preiskava\",\"projekt\",\"Slovenija\",\"TE\u0160 6\"],\"articleSection\":[\"Aktualno\"],\"inLanguage\":\"sl-SI\"},{\"@type\":\"WebPage\",\"@id\":\"https:\/\/hudo.com\/si\/aktualno\/radiceva-bila-sem-osamljena-v-nasprotovanju-projektu-tes-6\/\",\"url\":\"https:\/\/hudo.com\/si\/aktualno\/radiceva-bila-sem-osamljena-v-nasprotovanju-projektu-tes-6\/\",\"name\":\"Radi\u0107eva: Bila sem osamljena v nasprotovanju projektu Te\u0161 6 - Hudo Slovenija\",\"isPartOf\":{\"@id\":\"https:\/\/hudo.com\/si\/#website\"},\"datePublished\":\"2017-03-14T17:27:44+00:00\",\"dateModified\":\"2017-03-14T17:27:44+00:00\",\"breadcrumb\":{\"@id\":\"https:\/\/hudo.com\/si\/aktualno\/radiceva-bila-sem-osamljena-v-nasprotovanju-projektu-tes-6\/#breadcrumb\"},\"inLanguage\":\"sl-SI\",\"potentialAction\":[{\"@type\":\"ReadAction\",\"target\":[\"https:\/\/hudo.com\/si\/aktualno\/radiceva-bila-sem-osamljena-v-nasprotovanju-projektu-tes-6\/\"]}]},{\"@type\":\"BreadcrumbList\",\"@id\":\"https:\/\/hudo.com\/si\/aktualno\/radiceva-bila-sem-osamljena-v-nasprotovanju-projektu-tes-6\/#breadcrumb\",\"itemListElement\":[{\"@type\":\"ListItem\",\"position\":1,\"name\":\"Home\",\"item\":\"https:\/\/hudo.com\/si\/\"},{\"@type\":\"ListItem\",\"position\":2,\"name\":\"Radi\u0107eva: Bila sem osamljena v nasprotovanju projektu Te\u0161 6\"}]},{\"@type\":\"WebSite\",\"@id\":\"https:\/\/hudo.com\/si\/#website\",\"url\":\"https:\/\/hudo.com\/si\/\",\"name\":\"Hudo Slovenija\",\"description\":\"Vse novice iz Slovenije in sveta\",\"publisher\":{\"@id\":\"https:\/\/hudo.com\/si\/#organization\"},\"potentialAction\":[{\"@type\":\"SearchAction\",\"target\":{\"@type\":\"EntryPoint\",\"urlTemplate\":\"https:\/\/hudo.com\/si\/?s={search_term_string}\"},\"query-input\":\"required name=search_term_string\"}],\"inLanguage\":\"sl-SI\"},{\"@type\":\"Organization\",\"@id\":\"https:\/\/hudo.com\/si\/#organization\",\"name\":\"VSN Media\",\"url\":\"https:\/\/hudo.com\/si\/\",\"logo\":{\"@type\":\"ImageObject\",\"inLanguage\":\"sl-SI\",\"@id\":\"https:\/\/hudo.com\/si\/#\/schema\/logo\/image\/\",\"url\":\"https:\/\/hudo.com\/si\/wp-content\/uploads\/sites\/2\/2021\/03\/hudo-app-2.png\",\"contentUrl\":\"https:\/\/hudo.com\/si\/wp-content\/uploads\/sites\/2\/2021\/03\/hudo-app-2.png\",\"width\":2185,\"height\":2167,\"caption\":\"VSN Media\"},\"image\":{\"@id\":\"https:\/\/hudo.com\/si\/#\/schema\/logo\/image\/\"},\"sameAs\":[\"https:\/\/www.facebook.com\/hudo.si\",\"https:\/\/twitter.com\/hudo_si\"]},{\"@type\":\"Person\",\"@id\":\"https:\/\/hudo.com\/si\/#\/schema\/person\/2391667a63ea075ba94f2f2dc6b77537\",\"name\":\"A. G., STA\",\"image\":{\"@type\":\"ImageObject\",\"inLanguage\":\"sl-SI\",\"@id\":\"https:\/\/hudo.com\/si\/#\/schema\/person\/image\/\",\"url\":\"https:\/\/secure.gravatar.com\/avatar\/e13d22ac3e442658d5025fbbe6238a79?s=96&d=mm&r=g\",\"contentUrl\":\"https:\/\/secure.gravatar.com\/avatar\/e13d22ac3e442658d5025fbbe6238a79?s=96&d=mm&r=g\",\"caption\":\"A. G., STA\"},\"url\":\"https:\/\/hudo.com\/si\/author\/alenka\/\"}]}<\/script>\n<!-- \/ Yoast SEO plugin. -->","yoast_head_json":{"title":"Radi\u0107eva: Bila sem osamljena v nasprotovanju projektu Te\u0161 6 - Hudo Slovenija","robots":{"index":"index","follow":"follow","max-snippet":"max-snippet:-1","max-image-preview":"max-image-preview:large","max-video-preview":"max-video-preview:-1"},"canonical":"https:\/\/hudo.com\/si\/aktualno\/radiceva-bila-sem-osamljena-v-nasprotovanju-projektu-tes-6\/","og_locale":"sl_SI","og_type":"article","og_title":"Radi\u0107eva: Bila sem osamljena v nasprotovanju projektu Te\u0161 6 - Hudo Slovenija","og_description":"Pred preiskovalno komisijo DZ za ugotavljanje politi\u010dne odgovornosti nosilcev javnih funkcij pri investiciji v Te\u0161 6 je danes pri\u010dala nekdanja ministrica za gospodarstvo Darja Radi\u0107. Ko je ugotovila, da s projektom ni vse v redu, ga je posku\u0161ala upo\u010dasniti. \"A podprla me ni nobena stranka, da o stroki ne govorim,\" je dejala.","og_url":"https:\/\/hudo.com\/si\/aktualno\/radiceva-bila-sem-osamljena-v-nasprotovanju-projektu-tes-6\/","og_site_name":"Hudo Slovenija","article_publisher":"https:\/\/www.facebook.com\/hudo.si","article_published_time":"2017-03-14T17:27:44+00:00","og_image":[{"width":640,"height":426,"url":"https:\/\/hudo.com\/si\/wp-content\/uploads\/sites\/2\/2017\/03\/20170314-00765814.jpg","type":"image\/jpeg"}],"author":"A. G., STA","twitter_card":"summary_large_image","twitter_creator":"@hudo_si","twitter_site":"@hudo_si","twitter_misc":{"Written by":"A. G., STA","Est. reading time":"2 minuti"},"schema":{"@context":"https:\/\/schema.org","@graph":[{"@type":"Article","@id":"https:\/\/hudo.com\/si\/aktualno\/radiceva-bila-sem-osamljena-v-nasprotovanju-projektu-tes-6\/#article","isPartOf":{"@id":"https:\/\/hudo.com\/si\/aktualno\/radiceva-bila-sem-osamljena-v-nasprotovanju-projektu-tes-6\/"},"author":{"name":"A. G., STA","@id":"https:\/\/hudo.com\/si\/#\/schema\/person\/2391667a63ea075ba94f2f2dc6b77537"},"headline":"Radi\u0107eva: Bila sem osamljena v nasprotovanju projektu Te\u0161 6","datePublished":"2017-03-14T17:27:44+00:00","dateModified":"2017-03-14T17:27:44+00:00","mainEntityOfPage":{"@id":"https:\/\/hudo.com\/si\/aktualno\/radiceva-bila-sem-osamljena-v-nasprotovanju-projektu-tes-6\/"},"wordCount":498,"publisher":{"@id":"https:\/\/hudo.com\/si\/#organization"},"keywords":["Darja Radi\u0107","DZ","energetika","gospodarstvo","komisija","preiskava","projekt","Slovenija","TE\u0160 6"],"articleSection":["Aktualno"],"inLanguage":"sl-SI"},{"@type":"WebPage","@id":"https:\/\/hudo.com\/si\/aktualno\/radiceva-bila-sem-osamljena-v-nasprotovanju-projektu-tes-6\/","url":"https:\/\/hudo.com\/si\/aktualno\/radiceva-bila-sem-osamljena-v-nasprotovanju-projektu-tes-6\/","name":"Radi\u0107eva: Bila sem osamljena v nasprotovanju projektu Te\u0161 6 - Hudo Slovenija","isPartOf":{"@id":"https:\/\/hudo.com\/si\/#website"},"datePublished":"2017-03-14T17:27:44+00:00","dateModified":"2017-03-14T17:27:44+00:00","breadcrumb":{"@id":"https:\/\/hudo.com\/si\/aktualno\/radiceva-bila-sem-osamljena-v-nasprotovanju-projektu-tes-6\/#breadcrumb"},"inLanguage":"sl-SI","potentialAction":[{"@type":"ReadAction","target":["https:\/\/hudo.com\/si\/aktualno\/radiceva-bila-sem-osamljena-v-nasprotovanju-projektu-tes-6\/"]}]},{"@type":"BreadcrumbList","@id":"https:\/\/hudo.com\/si\/aktualno\/radiceva-bila-sem-osamljena-v-nasprotovanju-projektu-tes-6\/#breadcrumb","itemListElement":[{"@type":"ListItem","position":1,"name":"Home","item":"https:\/\/hudo.com\/si\/"},{"@type":"ListItem","position":2,"name":"Radi\u0107eva: Bila sem osamljena v nasprotovanju projektu Te\u0161 6"}]},{"@type":"WebSite","@id":"https:\/\/hudo.com\/si\/#website","url":"https:\/\/hudo.com\/si\/","name":"Hudo Slovenija","description":"Vse novice iz Slovenije in sveta","publisher":{"@id":"https:\/\/hudo.com\/si\/#organization"},"potentialAction":[{"@type":"SearchAction","target":{"@type":"EntryPoint","urlTemplate":"https:\/\/hudo.com\/si\/?s={search_term_string}"},"query-input":"required name=search_term_string"}],"inLanguage":"sl-SI"},{"@type":"Organization","@id":"https:\/\/hudo.com\/si\/#organization","name":"VSN Media","url":"https:\/\/hudo.com\/si\/","logo":{"@type":"ImageObject","inLanguage":"sl-SI","@id":"https:\/\/hudo.com\/si\/#\/schema\/logo\/image\/","url":"https:\/\/hudo.com\/si\/wp-content\/uploads\/sites\/2\/2021\/03\/hudo-app-2.png","contentUrl":"https:\/\/hudo.com\/si\/wp-content\/uploads\/sites\/2\/2021\/03\/hudo-app-2.png","width":2185,"height":2167,"caption":"VSN Media"},"image":{"@id":"https:\/\/hudo.com\/si\/#\/schema\/logo\/image\/"},"sameAs":["https:\/\/www.facebook.com\/hudo.si","https:\/\/twitter.com\/hudo_si"]},{"@type":"Person","@id":"https:\/\/hudo.com\/si\/#\/schema\/person\/2391667a63ea075ba94f2f2dc6b77537","name":"A. G., STA","image":{"@type":"ImageObject","inLanguage":"sl-SI","@id":"https:\/\/hudo.com\/si\/#\/schema\/person\/image\/","url":"https:\/\/secure.gravatar.com\/avatar\/e13d22ac3e442658d5025fbbe6238a79?s=96&d=mm&r=g","contentUrl":"https:\/\/secure.gravatar.com\/avatar\/e13d22ac3e442658d5025fbbe6238a79?s=96&d=mm&r=g","caption":"A. G., STA"},"url":"https:\/\/hudo.com\/si\/author\/alenka\/"}]}},"amp_enabled":true,"_links":{"self":[{"href":"https:\/\/hudo.com\/si\/wp-json\/wp\/v2\/posts\/225780"}],"collection":[{"href":"https:\/\/hudo.com\/si\/wp-json\/wp\/v2\/posts"}],"about":[{"href":"https:\/\/hudo.com\/si\/wp-json\/wp\/v2\/types\/post"}],"author":[{"embeddable":true,"href":"https:\/\/hudo.com\/si\/wp-json\/wp\/v2\/users\/5"}],"replies":[{"embeddable":true,"href":"https:\/\/hudo.com\/si\/wp-json\/wp\/v2\/comments?post=225780"}],"version-history":[{"count":1,"href":"https:\/\/hudo.com\/si\/wp-json\/wp\/v2\/posts\/225780\/revisions"}],"predecessor-version":[{"id":225782,"href":"https:\/\/hudo.com\/si\/wp-json\/wp\/v2\/posts\/225780\/revisions\/225782"}],"wp:featuredmedia":[{"embeddable":true,"href":"https:\/\/hudo.com\/si\/wp-json\/wp\/v2\/media\/225781"}],"wp:attachment":[{"href":"https:\/\/hudo.com\/si\/wp-json\/wp\/v2\/media?parent=225780"}],"wp:term":[{"taxonomy":"category","embeddable":true,"href":"https:\/\/hudo.com\/si\/wp-json\/wp\/v2\/categories?post=225780"},{"taxonomy":"post_tag","embeddable":true,"href":"https:\/\/hudo.com\/si\/wp-json\/wp\/v2\/tags?post=225780"},{"taxonomy":"source","embeddable":true,"href":"https:\/\/hudo.com\/si\/wp-json\/wp\/v2\/source?post=225780"},{"taxonomy":"supertag","embeddable":true,"href":"https:\/\/hudo.com\/si\/wp-json\/wp\/v2\/supertag?post=225780"}],"curies":[{"name":"wp","href":"https:\/\/api.w.org\/{rel}","templated":true}]}}