{"id":226183,"date":"2017-03-15T10:54:00","date_gmt":"2017-03-15T09:54:00","guid":{"rendered":"http:\/\/hudo.com\/si\/2017\/03\/15\/misic-s-sodisca-se-neporavnan\/"},"modified":"2017-03-15T10:54:00","modified_gmt":"2017-03-15T09:54:00","slug":"misic-s-sodisca-se-neporavnan","status":"publish","type":"post","link":"https:\/\/hudo.com\/si\/aktualno\/misic-s-sodisca-se-neporavnan\/","title":{"rendered":"Mi\u0161i\u010d s sodi\u0161\u010da \u0161e neporavnan"},"content":{"rendered":"<p>Kategorija: Kronika Wed, 15 Mar 2017 11:54:00 +0100  Koper &#8211; Na delovnem sodi\u0161\u010du se nadaljuje proces ob vlo\u017eeni to\u017ebi nekdanjega predsednika uprave Luke Koper Ga\u0161parja Ga\u0161parja Mi\u0161i\u010da zaradi prenehanja pogodbe o zaposlitvi. Koprsko vi\u0161je sodi\u0161\u010de je sicer pravnomo\u010dno odlo\u010dilo, da je bil sklep o odpoklicu Mi\u0161i\u010da s funkcije predsednika uprave Luke Koper aprila 2014 ni\u010den. Po dokon\u010dno odlo\u010ditev o zakonitosti odpovedi delovnega razmerja ga je napotilo na delovnopravno sodi\u0161\u010de, kjer pa Mi\u0161i\u010dev odvetnik Uro\u0161 Kri\u017eanec pojasnjuje, da obstaja zelo malo manevrskega prostora, da bi dolo\u010dilo druga\u010de. Poskus poravnave se je danes sicer zaklju\u010dil, a noben od odvetnikov &#8211; ne Uro\u0161 Kri\u017eanec za Mi\u0161i\u010da, ne Miran Kova\u010di\u010d za Luko Koper &#8211; ni \u017eelel dati izjave po kon\u010danem procesu na koprskem delovnem sodi\u0161\u010du. Ga\u0161par Ga\u0161per Mi\u0161i\u010d ni \u017eelel povedati, kak\u0161na je njegova zahteva do Luke Koper, a\u00a0&#8230;<\/p>\n","protected":false},"excerpt":{"rendered":"<p>Kategorija: Kronika Wed, 15 Mar 2017 11:54:00 +0100  Koper &#8211; Na delovnem sodi\u0161\u010du se nadaljuje proces ob vlo\u017eeni to\u017ebi nekdanjega predsednika uprave Luke Koper Ga\u0161parja Ga\u0161parja Mi\u0161i\u010da zaradi prenehanja pogodbe o zaposlitvi. Koprsko vi\u0161je sodi\u0161\u010de je sicer pravnomo\u010dno odlo\u010dilo, da je bil sklep o odpoklicu Mi\u0161i\u010da s funkcije predsednika uprave Luke Koper aprila 2014 ni\u010den. Po dokon\u010dno odlo\u010ditev o zakonitosti odpovedi delovnega razmerja ga je napotilo na delovnopravno sodi\u0161\u010de, kjer pa Mi\u0161i\u010dev odvetnik Uro\u0161 Kri\u017eanec pojasnjuje, da obstaja zelo malo manevrskega prostora, da bi dolo\u010dilo druga\u010de. Poskus poravnave se je danes sicer zaklju\u010dil, a noben od odvetnikov &#8211; ne Uro\u0161 Kri\u017eanec za Mi\u0161i\u010da, ne Miran Kova\u010di\u010d za Luko Koper &#8211; ni \u017eelel dati izjave po kon\u010danem procesu na koprskem delovnem sodi\u0161\u010du. Ga\u0161par Ga\u0161per Mi\u0161i\u010d ni \u017eelel povedati, kak\u0161na je njegova zahteva do Luke Koper, a\u00a0&#8230;<\/p>\n","protected":false},"author":1,"featured_media":0,"comment_status":"closed","ping_status":"closed","sticky":false,"template":"","format":"standard","meta":{"footnotes":""},"categories":[1179],"tags":[],"source":[1703],"supertag":[],"acf":[],"yoast_head":"<!-- This site is optimized with the Yoast SEO plugin v21.3 - https:\/\/yoast.com\/wordpress\/plugins\/seo\/ -->\n<title>Mi\u0161i\u010d s sodi\u0161\u010da \u0161e neporavnan - Hudo Slovenija<\/title>\n<meta name=\"robots\" content=\"index, follow, max-snippet:-1, max-image-preview:large, max-video-preview:-1\" \/>\n<link rel=\"canonical\" href=\"https:\/\/hudo.com\/si\/aktualno\/misic-s-sodisca-se-neporavnan\/\" \/>\n<meta property=\"og:locale\" content=\"sl_SI\" \/>\n<meta property=\"og:type\" content=\"article\" \/>\n<meta property=\"og:title\" content=\"Mi\u0161i\u010d s sodi\u0161\u010da \u0161e neporavnan - Hudo Slovenija\" \/>\n<meta property=\"og:description\" content=\"Kategorija: Kronika Wed, 15 Mar 2017 11:54:00 +0100 Koper - Na delovnem sodi\u0161\u010du se nadaljuje proces ob vlo\u017eeni to\u017ebi nekdanjega predsednika uprave Luke Koper Ga\u0161parja Ga\u0161parja Mi\u0161i\u010da zaradi prenehanja pogodbe o zaposlitvi. Koprsko vi\u0161je sodi\u0161\u010de je sicer pravnomo\u010dno odlo\u010dilo, da je bil sklep o odpoklicu Mi\u0161i\u010da s funkcije predsednika uprave Luke Koper aprila 2014 ni\u010den. Po dokon\u010dno odlo\u010ditev o zakonitosti odpovedi delovnega razmerja ga je napotilo na delovnopravno sodi\u0161\u010de, kjer pa Mi\u0161i\u010dev odvetnik Uro\u0161 Kri\u017eanec pojasnjuje, da obstaja zelo malo manevrskega prostora, da bi dolo\u010dilo druga\u010de. Poskus poravnave se je danes sicer zaklju\u010dil, a noben od odvetnikov - ne Uro\u0161 Kri\u017eanec za Mi\u0161i\u010da, ne Miran Kova\u010di\u010d za Luko Koper - ni \u017eelel dati izjave po kon\u010danem procesu na koprskem delovnem sodi\u0161\u010du. Ga\u0161par Ga\u0161per Mi\u0161i\u010d ni \u017eelel povedati, kak\u0161na je njegova zahteva do Luke Koper, a\u00a0...\" \/>\n<meta property=\"og:url\" content=\"https:\/\/hudo.com\/si\/aktualno\/misic-s-sodisca-se-neporavnan\/\" \/>\n<meta property=\"og:site_name\" content=\"Hudo Slovenija\" \/>\n<meta property=\"article:publisher\" content=\"https:\/\/www.facebook.com\/hudo.si\" \/>\n<meta property=\"article:published_time\" content=\"2017-03-15T09:54:00+00:00\" \/>\n<meta property=\"og:image\" content=\"https:\/\/hudo.com\/si\/wp-content\/uploads\/sites\/2\/2017\/03\/480x290_djvu_1765729_padenis_bsa-mi-i.jpeg\" \/>\n\t<meta property=\"og:image:width\" content=\"480\" \/>\n\t<meta property=\"og:image:height\" content=\"290\" \/>\n\t<meta property=\"og:image:type\" content=\"image\/jpeg\" \/>\n<meta name=\"author\" content=\"hudo\" \/>\n<meta name=\"twitter:card\" content=\"summary_large_image\" \/>\n<meta name=\"twitter:creator\" content=\"@hudo_si\" \/>\n<meta name=\"twitter:site\" content=\"@hudo_si\" \/>\n<meta name=\"twitter:label1\" content=\"Written by\" \/>\n\t<meta name=\"twitter:data1\" content=\"hudo\" \/>\n\t<meta name=\"twitter:label2\" content=\"Est. reading time\" \/>\n\t<meta name=\"twitter:data2\" content=\"1 minuta\" \/>\n<script type=\"application\/ld+json\" class=\"yoast-schema-graph\">{\"@context\":\"https:\/\/schema.org\",\"@graph\":[{\"@type\":\"Article\",\"@id\":\"https:\/\/hudo.com\/si\/aktualno\/misic-s-sodisca-se-neporavnan\/#article\",\"isPartOf\":{\"@id\":\"https:\/\/hudo.com\/si\/aktualno\/misic-s-sodisca-se-neporavnan\/\"},\"author\":{\"name\":\"hudo\",\"@id\":\"https:\/\/hudo.com\/si\/#\/schema\/person\/601cf3379633985b20f7e50f2bb47707\"},\"headline\":\"Mi\u0161i\u010d s sodi\u0161\u010da \u0161e neporavnan\",\"datePublished\":\"2017-03-15T09:54:00+00:00\",\"dateModified\":\"2017-03-15T09:54:00+00:00\",\"mainEntityOfPage\":{\"@id\":\"https:\/\/hudo.com\/si\/aktualno\/misic-s-sodisca-se-neporavnan\/\"},\"wordCount\":170,\"publisher\":{\"@id\":\"https:\/\/hudo.com\/si\/#organization\"},\"articleSection\":[\"Aktualno\"],\"inLanguage\":\"sl-SI\"},{\"@type\":\"WebPage\",\"@id\":\"https:\/\/hudo.com\/si\/aktualno\/misic-s-sodisca-se-neporavnan\/\",\"url\":\"https:\/\/hudo.com\/si\/aktualno\/misic-s-sodisca-se-neporavnan\/\",\"name\":\"Mi\u0161i\u010d s sodi\u0161\u010da \u0161e neporavnan - Hudo Slovenija\",\"isPartOf\":{\"@id\":\"https:\/\/hudo.com\/si\/#website\"},\"datePublished\":\"2017-03-15T09:54:00+00:00\",\"dateModified\":\"2017-03-15T09:54:00+00:00\",\"breadcrumb\":{\"@id\":\"https:\/\/hudo.com\/si\/aktualno\/misic-s-sodisca-se-neporavnan\/#breadcrumb\"},\"inLanguage\":\"sl-SI\",\"potentialAction\":[{\"@type\":\"ReadAction\",\"target\":[\"https:\/\/hudo.com\/si\/aktualno\/misic-s-sodisca-se-neporavnan\/\"]}]},{\"@type\":\"BreadcrumbList\",\"@id\":\"https:\/\/hudo.com\/si\/aktualno\/misic-s-sodisca-se-neporavnan\/#breadcrumb\",\"itemListElement\":[{\"@type\":\"ListItem\",\"position\":1,\"name\":\"Home\",\"item\":\"https:\/\/hudo.com\/si\/\"},{\"@type\":\"ListItem\",\"position\":2,\"name\":\"Mi\u0161i\u010d s sodi\u0161\u010da \u0161e neporavnan\"}]},{\"@type\":\"WebSite\",\"@id\":\"https:\/\/hudo.com\/si\/#website\",\"url\":\"https:\/\/hudo.com\/si\/\",\"name\":\"Hudo Slovenija\",\"description\":\"Vse novice iz Slovenije in sveta\",\"publisher\":{\"@id\":\"https:\/\/hudo.com\/si\/#organization\"},\"potentialAction\":[{\"@type\":\"SearchAction\",\"target\":{\"@type\":\"EntryPoint\",\"urlTemplate\":\"https:\/\/hudo.com\/si\/?s={search_term_string}\"},\"query-input\":\"required name=search_term_string\"}],\"inLanguage\":\"sl-SI\"},{\"@type\":\"Organization\",\"@id\":\"https:\/\/hudo.com\/si\/#organization\",\"name\":\"VSN Media\",\"url\":\"https:\/\/hudo.com\/si\/\",\"logo\":{\"@type\":\"ImageObject\",\"inLanguage\":\"sl-SI\",\"@id\":\"https:\/\/hudo.com\/si\/#\/schema\/logo\/image\/\",\"url\":\"https:\/\/hudo.com\/si\/wp-content\/uploads\/sites\/2\/2021\/03\/hudo-app-2.png\",\"contentUrl\":\"https:\/\/hudo.com\/si\/wp-content\/uploads\/sites\/2\/2021\/03\/hudo-app-2.png\",\"width\":2185,\"height\":2167,\"caption\":\"VSN Media\"},\"image\":{\"@id\":\"https:\/\/hudo.com\/si\/#\/schema\/logo\/image\/\"},\"sameAs\":[\"https:\/\/www.facebook.com\/hudo.si\",\"https:\/\/twitter.com\/hudo_si\"]},{\"@type\":\"Person\",\"@id\":\"https:\/\/hudo.com\/si\/#\/schema\/person\/601cf3379633985b20f7e50f2bb47707\",\"name\":\"hudo\",\"image\":{\"@type\":\"ImageObject\",\"inLanguage\":\"sl-SI\",\"@id\":\"https:\/\/hudo.com\/si\/#\/schema\/person\/image\/\",\"url\":\"https:\/\/secure.gravatar.com\/avatar\/c4ca25fa72cace7a696b52ff5db9e095?s=96&d=mm&r=g\",\"contentUrl\":\"https:\/\/secure.gravatar.com\/avatar\/c4ca25fa72cace7a696b52ff5db9e095?s=96&d=mm&r=g\",\"caption\":\"hudo\"},\"url\":\"https:\/\/hudo.com\/si\/author\/hudo\/\"}]}<\/script>\n<!-- \/ Yoast SEO plugin. -->","yoast_head_json":{"title":"Mi\u0161i\u010d s sodi\u0161\u010da \u0161e neporavnan - Hudo Slovenija","robots":{"index":"index","follow":"follow","max-snippet":"max-snippet:-1","max-image-preview":"max-image-preview:large","max-video-preview":"max-video-preview:-1"},"canonical":"https:\/\/hudo.com\/si\/aktualno\/misic-s-sodisca-se-neporavnan\/","og_locale":"sl_SI","og_type":"article","og_title":"Mi\u0161i\u010d s sodi\u0161\u010da \u0161e neporavnan - Hudo Slovenija","og_description":"Kategorija: Kronika Wed, 15 Mar 2017 11:54:00 +0100 Koper - Na delovnem sodi\u0161\u010du se nadaljuje proces ob vlo\u017eeni to\u017ebi nekdanjega predsednika uprave Luke Koper Ga\u0161parja Ga\u0161parja Mi\u0161i\u010da zaradi prenehanja pogodbe o zaposlitvi. Koprsko vi\u0161je sodi\u0161\u010de je sicer pravnomo\u010dno odlo\u010dilo, da je bil sklep o odpoklicu Mi\u0161i\u010da s funkcije predsednika uprave Luke Koper aprila 2014 ni\u010den. Po dokon\u010dno odlo\u010ditev o zakonitosti odpovedi delovnega razmerja ga je napotilo na delovnopravno sodi\u0161\u010de, kjer pa Mi\u0161i\u010dev odvetnik Uro\u0161 Kri\u017eanec pojasnjuje, da obstaja zelo malo manevrskega prostora, da bi dolo\u010dilo druga\u010de. Poskus poravnave se je danes sicer zaklju\u010dil, a noben od odvetnikov - ne Uro\u0161 Kri\u017eanec za Mi\u0161i\u010da, ne Miran Kova\u010di\u010d za Luko Koper - ni \u017eelel dati izjave po kon\u010danem procesu na koprskem delovnem sodi\u0161\u010du. Ga\u0161par Ga\u0161per Mi\u0161i\u010d ni \u017eelel povedati, kak\u0161na je njegova zahteva do Luke Koper, a\u00a0...","og_url":"https:\/\/hudo.com\/si\/aktualno\/misic-s-sodisca-se-neporavnan\/","og_site_name":"Hudo Slovenija","article_publisher":"https:\/\/www.facebook.com\/hudo.si","article_published_time":"2017-03-15T09:54:00+00:00","og_image":[{"width":480,"height":290,"url":"https:\/\/hudo.com\/si\/wp-content\/uploads\/sites\/2\/2017\/03\/480x290_djvu_1765729_padenis_bsa-mi-i.jpeg","type":"image\/jpeg"}],"author":"hudo","twitter_card":"summary_large_image","twitter_creator":"@hudo_si","twitter_site":"@hudo_si","twitter_misc":{"Written by":"hudo","Est. reading time":"1 minuta"},"schema":{"@context":"https:\/\/schema.org","@graph":[{"@type":"Article","@id":"https:\/\/hudo.com\/si\/aktualno\/misic-s-sodisca-se-neporavnan\/#article","isPartOf":{"@id":"https:\/\/hudo.com\/si\/aktualno\/misic-s-sodisca-se-neporavnan\/"},"author":{"name":"hudo","@id":"https:\/\/hudo.com\/si\/#\/schema\/person\/601cf3379633985b20f7e50f2bb47707"},"headline":"Mi\u0161i\u010d s sodi\u0161\u010da \u0161e neporavnan","datePublished":"2017-03-15T09:54:00+00:00","dateModified":"2017-03-15T09:54:00+00:00","mainEntityOfPage":{"@id":"https:\/\/hudo.com\/si\/aktualno\/misic-s-sodisca-se-neporavnan\/"},"wordCount":170,"publisher":{"@id":"https:\/\/hudo.com\/si\/#organization"},"articleSection":["Aktualno"],"inLanguage":"sl-SI"},{"@type":"WebPage","@id":"https:\/\/hudo.com\/si\/aktualno\/misic-s-sodisca-se-neporavnan\/","url":"https:\/\/hudo.com\/si\/aktualno\/misic-s-sodisca-se-neporavnan\/","name":"Mi\u0161i\u010d s sodi\u0161\u010da \u0161e neporavnan - Hudo Slovenija","isPartOf":{"@id":"https:\/\/hudo.com\/si\/#website"},"datePublished":"2017-03-15T09:54:00+00:00","dateModified":"2017-03-15T09:54:00+00:00","breadcrumb":{"@id":"https:\/\/hudo.com\/si\/aktualno\/misic-s-sodisca-se-neporavnan\/#breadcrumb"},"inLanguage":"sl-SI","potentialAction":[{"@type":"ReadAction","target":["https:\/\/hudo.com\/si\/aktualno\/misic-s-sodisca-se-neporavnan\/"]}]},{"@type":"BreadcrumbList","@id":"https:\/\/hudo.com\/si\/aktualno\/misic-s-sodisca-se-neporavnan\/#breadcrumb","itemListElement":[{"@type":"ListItem","position":1,"name":"Home","item":"https:\/\/hudo.com\/si\/"},{"@type":"ListItem","position":2,"name":"Mi\u0161i\u010d s sodi\u0161\u010da \u0161e neporavnan"}]},{"@type":"WebSite","@id":"https:\/\/hudo.com\/si\/#website","url":"https:\/\/hudo.com\/si\/","name":"Hudo Slovenija","description":"Vse novice iz Slovenije in sveta","publisher":{"@id":"https:\/\/hudo.com\/si\/#organization"},"potentialAction":[{"@type":"SearchAction","target":{"@type":"EntryPoint","urlTemplate":"https:\/\/hudo.com\/si\/?s={search_term_string}"},"query-input":"required name=search_term_string"}],"inLanguage":"sl-SI"},{"@type":"Organization","@id":"https:\/\/hudo.com\/si\/#organization","name":"VSN Media","url":"https:\/\/hudo.com\/si\/","logo":{"@type":"ImageObject","inLanguage":"sl-SI","@id":"https:\/\/hudo.com\/si\/#\/schema\/logo\/image\/","url":"https:\/\/hudo.com\/si\/wp-content\/uploads\/sites\/2\/2021\/03\/hudo-app-2.png","contentUrl":"https:\/\/hudo.com\/si\/wp-content\/uploads\/sites\/2\/2021\/03\/hudo-app-2.png","width":2185,"height":2167,"caption":"VSN Media"},"image":{"@id":"https:\/\/hudo.com\/si\/#\/schema\/logo\/image\/"},"sameAs":["https:\/\/www.facebook.com\/hudo.si","https:\/\/twitter.com\/hudo_si"]},{"@type":"Person","@id":"https:\/\/hudo.com\/si\/#\/schema\/person\/601cf3379633985b20f7e50f2bb47707","name":"hudo","image":{"@type":"ImageObject","inLanguage":"sl-SI","@id":"https:\/\/hudo.com\/si\/#\/schema\/person\/image\/","url":"https:\/\/secure.gravatar.com\/avatar\/c4ca25fa72cace7a696b52ff5db9e095?s=96&d=mm&r=g","contentUrl":"https:\/\/secure.gravatar.com\/avatar\/c4ca25fa72cace7a696b52ff5db9e095?s=96&d=mm&r=g","caption":"hudo"},"url":"https:\/\/hudo.com\/si\/author\/hudo\/"}]}},"amp_enabled":true,"_links":{"self":[{"href":"https:\/\/hudo.com\/si\/wp-json\/wp\/v2\/posts\/226183"}],"collection":[{"href":"https:\/\/hudo.com\/si\/wp-json\/wp\/v2\/posts"}],"about":[{"href":"https:\/\/hudo.com\/si\/wp-json\/wp\/v2\/types\/post"}],"author":[{"embeddable":true,"href":"https:\/\/hudo.com\/si\/wp-json\/wp\/v2\/users\/1"}],"replies":[{"embeddable":true,"href":"https:\/\/hudo.com\/si\/wp-json\/wp\/v2\/comments?post=226183"}],"version-history":[{"count":0,"href":"https:\/\/hudo.com\/si\/wp-json\/wp\/v2\/posts\/226183\/revisions"}],"wp:attachment":[{"href":"https:\/\/hudo.com\/si\/wp-json\/wp\/v2\/media?parent=226183"}],"wp:term":[{"taxonomy":"category","embeddable":true,"href":"https:\/\/hudo.com\/si\/wp-json\/wp\/v2\/categories?post=226183"},{"taxonomy":"post_tag","embeddable":true,"href":"https:\/\/hudo.com\/si\/wp-json\/wp\/v2\/tags?post=226183"},{"taxonomy":"source","embeddable":true,"href":"https:\/\/hudo.com\/si\/wp-json\/wp\/v2\/source?post=226183"},{"taxonomy":"supertag","embeddable":true,"href":"https:\/\/hudo.com\/si\/wp-json\/wp\/v2\/supertag?post=226183"}],"curies":[{"name":"wp","href":"https:\/\/api.w.org\/{rel}","templated":true}]}}