{"id":226198,"date":"2017-03-15T10:15:00","date_gmt":"2017-03-15T09:15:00","guid":{"rendered":"http:\/\/hudo.com\/si\/2017\/03\/15\/sevillo-tlacijo-nocne-more-o-junaskem-dancu\/"},"modified":"2017-03-15T15:41:08","modified_gmt":"2017-03-15T14:41:08","slug":"sevillo-tlacijo-nocne-more-o-junaskem-dancu","status":"publish","type":"post","link":"https:\/\/hudo.com\/si\/aktualno\/sevillo-tlacijo-nocne-more-o-junaskem-dancu\/","title":{"rendered":"Sevillo tla\u010dijo no\u010dne more o juna\u0161kem Dancu"},"content":{"rendered":"<p>Danski vratar Kasper Schmeichel je veliki junak Leicester Cityja. Sin slavnega Petra, nekdanjega zvezdnika Manchester Uniteda, je paral \u017eivce nogometa\u0161em Seville tudi na povratni tekmi osmine finala lige prvakov, ki so jo angle\u0161ki prvaki dobili z 2:0 in se uvrstili med osem najbolj\u0161ih. Ponovno je ubranil strel z bele to\u010dke.<\/p>\n","protected":false},"excerpt":{"rendered":"<p>Danski vratar Kasper Schmeichel je veliki junak Leicester Cityja. Sin slavnega Petra, nekdanjega zvezdnika Manchester Uniteda, je paral \u017eivce nogometa\u0161em Seville tudi na povratni tekmi osmine finala lige prvakov, ki so jo angle\u0161ki prvaki dobili z 2:0 in se uvrstili med osem najbolj\u0161ih. Ponovno je ubranil strel z bele to\u010dke.<\/p>\n","protected":false},"author":1,"featured_media":0,"comment_status":"closed","ping_status":"closed","sticky":false,"template":"","format":"standard","meta":{"footnotes":""},"categories":[1179],"tags":[],"source":[1717],"supertag":[],"acf":[],"yoast_head":"<!-- This site is optimized with the Yoast SEO plugin v21.3 - https:\/\/yoast.com\/wordpress\/plugins\/seo\/ -->\n<title>Sevillo tla\u010dijo no\u010dne more o juna\u0161kem Dancu - Hudo Slovenija<\/title>\n<meta name=\"robots\" content=\"index, follow, max-snippet:-1, max-image-preview:large, max-video-preview:-1\" \/>\n<link rel=\"canonical\" href=\"https:\/\/hudo.com\/si\/aktualno\/sevillo-tlacijo-nocne-more-o-junaskem-dancu\/\" \/>\n<meta property=\"og:locale\" content=\"sl_SI\" \/>\n<meta property=\"og:type\" content=\"article\" \/>\n<meta property=\"og:title\" content=\"Sevillo tla\u010dijo no\u010dne more o juna\u0161kem Dancu - Hudo Slovenija\" \/>\n<meta property=\"og:description\" content=\"Danski vratar Kasper Schmeichel je veliki junak Leicester Cityja. Sin slavnega Petra, nekdanjega zvezdnika Manchester Uniteda, je paral \u017eivce nogometa\u0161em Seville tudi na povratni tekmi osmine finala lige prvakov, ki so jo angle\u0161ki prvaki dobili z 2:0 in se uvrstili med osem najbolj\u0161ih. Ponovno je ubranil strel z bele to\u010dke.\" \/>\n<meta property=\"og:url\" content=\"https:\/\/hudo.com\/si\/aktualno\/sevillo-tlacijo-nocne-more-o-junaskem-dancu\/\" \/>\n<meta property=\"og:site_name\" content=\"Hudo Slovenija\" \/>\n<meta property=\"article:publisher\" content=\"https:\/\/www.facebook.com\/hudo.si\" \/>\n<meta property=\"article:published_time\" content=\"2017-03-15T09:15:00+00:00\" \/>\n<meta property=\"article:modified_time\" content=\"2017-03-15T14:41:08+00:00\" \/>\n<meta property=\"og:image\" content=\"https:\/\/hudo.com\/si\/wp-content\/uploads\/sites\/2\/2017\/03\/44a4965e0e63bad97b68.jpeg\" \/>\n\t<meta property=\"og:image:width\" content=\"400\" \/>\n\t<meta property=\"og:image:height\" content=\"400\" \/>\n\t<meta property=\"og:image:type\" content=\"image\/jpeg\" \/>\n<meta name=\"author\" content=\"hudo\" \/>\n<meta name=\"twitter:card\" content=\"summary_large_image\" \/>\n<meta name=\"twitter:creator\" content=\"@hudo_si\" \/>\n<meta name=\"twitter:site\" content=\"@hudo_si\" \/>\n<meta name=\"twitter:label1\" content=\"Written by\" \/>\n\t<meta name=\"twitter:data1\" content=\"hudo\" \/>\n<script type=\"application\/ld+json\" class=\"yoast-schema-graph\">{\"@context\":\"https:\/\/schema.org\",\"@graph\":[{\"@type\":\"Article\",\"@id\":\"https:\/\/hudo.com\/si\/aktualno\/sevillo-tlacijo-nocne-more-o-junaskem-dancu\/#article\",\"isPartOf\":{\"@id\":\"https:\/\/hudo.com\/si\/aktualno\/sevillo-tlacijo-nocne-more-o-junaskem-dancu\/\"},\"author\":{\"name\":\"hudo\",\"@id\":\"https:\/\/hudo.com\/si\/#\/schema\/person\/601cf3379633985b20f7e50f2bb47707\"},\"headline\":\"Sevillo tla\u010dijo no\u010dne more o juna\u0161kem Dancu\",\"datePublished\":\"2017-03-15T09:15:00+00:00\",\"dateModified\":\"2017-03-15T14:41:08+00:00\",\"mainEntityOfPage\":{\"@id\":\"https:\/\/hudo.com\/si\/aktualno\/sevillo-tlacijo-nocne-more-o-junaskem-dancu\/\"},\"wordCount\":63,\"publisher\":{\"@id\":\"https:\/\/hudo.com\/si\/#organization\"},\"articleSection\":[\"Aktualno\"],\"inLanguage\":\"sl-SI\"},{\"@type\":\"WebPage\",\"@id\":\"https:\/\/hudo.com\/si\/aktualno\/sevillo-tlacijo-nocne-more-o-junaskem-dancu\/\",\"url\":\"https:\/\/hudo.com\/si\/aktualno\/sevillo-tlacijo-nocne-more-o-junaskem-dancu\/\",\"name\":\"Sevillo tla\u010dijo no\u010dne more o juna\u0161kem Dancu - Hudo Slovenija\",\"isPartOf\":{\"@id\":\"https:\/\/hudo.com\/si\/#website\"},\"datePublished\":\"2017-03-15T09:15:00+00:00\",\"dateModified\":\"2017-03-15T14:41:08+00:00\",\"breadcrumb\":{\"@id\":\"https:\/\/hudo.com\/si\/aktualno\/sevillo-tlacijo-nocne-more-o-junaskem-dancu\/#breadcrumb\"},\"inLanguage\":\"sl-SI\",\"potentialAction\":[{\"@type\":\"ReadAction\",\"target\":[\"https:\/\/hudo.com\/si\/aktualno\/sevillo-tlacijo-nocne-more-o-junaskem-dancu\/\"]}]},{\"@type\":\"BreadcrumbList\",\"@id\":\"https:\/\/hudo.com\/si\/aktualno\/sevillo-tlacijo-nocne-more-o-junaskem-dancu\/#breadcrumb\",\"itemListElement\":[{\"@type\":\"ListItem\",\"position\":1,\"name\":\"Home\",\"item\":\"https:\/\/hudo.com\/si\/\"},{\"@type\":\"ListItem\",\"position\":2,\"name\":\"Sevillo tla\u010dijo no\u010dne more o juna\u0161kem Dancu\"}]},{\"@type\":\"WebSite\",\"@id\":\"https:\/\/hudo.com\/si\/#website\",\"url\":\"https:\/\/hudo.com\/si\/\",\"name\":\"Hudo Slovenija\",\"description\":\"Vse novice iz Slovenije in sveta\",\"publisher\":{\"@id\":\"https:\/\/hudo.com\/si\/#organization\"},\"potentialAction\":[{\"@type\":\"SearchAction\",\"target\":{\"@type\":\"EntryPoint\",\"urlTemplate\":\"https:\/\/hudo.com\/si\/?s={search_term_string}\"},\"query-input\":\"required name=search_term_string\"}],\"inLanguage\":\"sl-SI\"},{\"@type\":\"Organization\",\"@id\":\"https:\/\/hudo.com\/si\/#organization\",\"name\":\"VSN Media\",\"url\":\"https:\/\/hudo.com\/si\/\",\"logo\":{\"@type\":\"ImageObject\",\"inLanguage\":\"sl-SI\",\"@id\":\"https:\/\/hudo.com\/si\/#\/schema\/logo\/image\/\",\"url\":\"https:\/\/hudo.com\/si\/wp-content\/uploads\/sites\/2\/2021\/03\/hudo-app-2.png\",\"contentUrl\":\"https:\/\/hudo.com\/si\/wp-content\/uploads\/sites\/2\/2021\/03\/hudo-app-2.png\",\"width\":2185,\"height\":2167,\"caption\":\"VSN Media\"},\"image\":{\"@id\":\"https:\/\/hudo.com\/si\/#\/schema\/logo\/image\/\"},\"sameAs\":[\"https:\/\/www.facebook.com\/hudo.si\",\"https:\/\/twitter.com\/hudo_si\"]},{\"@type\":\"Person\",\"@id\":\"https:\/\/hudo.com\/si\/#\/schema\/person\/601cf3379633985b20f7e50f2bb47707\",\"name\":\"hudo\",\"image\":{\"@type\":\"ImageObject\",\"inLanguage\":\"sl-SI\",\"@id\":\"https:\/\/hudo.com\/si\/#\/schema\/person\/image\/\",\"url\":\"https:\/\/secure.gravatar.com\/avatar\/c4ca25fa72cace7a696b52ff5db9e095?s=96&d=mm&r=g\",\"contentUrl\":\"https:\/\/secure.gravatar.com\/avatar\/c4ca25fa72cace7a696b52ff5db9e095?s=96&d=mm&r=g\",\"caption\":\"hudo\"},\"url\":\"https:\/\/hudo.com\/si\/author\/hudo\/\"}]}<\/script>\n<!-- \/ Yoast SEO plugin. -->","yoast_head_json":{"title":"Sevillo tla\u010dijo no\u010dne more o juna\u0161kem Dancu - Hudo Slovenija","robots":{"index":"index","follow":"follow","max-snippet":"max-snippet:-1","max-image-preview":"max-image-preview:large","max-video-preview":"max-video-preview:-1"},"canonical":"https:\/\/hudo.com\/si\/aktualno\/sevillo-tlacijo-nocne-more-o-junaskem-dancu\/","og_locale":"sl_SI","og_type":"article","og_title":"Sevillo tla\u010dijo no\u010dne more o juna\u0161kem Dancu - Hudo Slovenija","og_description":"Danski vratar Kasper Schmeichel je veliki junak Leicester Cityja. Sin slavnega Petra, nekdanjega zvezdnika Manchester Uniteda, je paral \u017eivce nogometa\u0161em Seville tudi na povratni tekmi osmine finala lige prvakov, ki so jo angle\u0161ki prvaki dobili z 2:0 in se uvrstili med osem najbolj\u0161ih. Ponovno je ubranil strel z bele to\u010dke.","og_url":"https:\/\/hudo.com\/si\/aktualno\/sevillo-tlacijo-nocne-more-o-junaskem-dancu\/","og_site_name":"Hudo Slovenija","article_publisher":"https:\/\/www.facebook.com\/hudo.si","article_published_time":"2017-03-15T09:15:00+00:00","article_modified_time":"2017-03-15T14:41:08+00:00","og_image":[{"width":400,"height":400,"url":"https:\/\/hudo.com\/si\/wp-content\/uploads\/sites\/2\/2017\/03\/44a4965e0e63bad97b68.jpeg","type":"image\/jpeg"}],"author":"hudo","twitter_card":"summary_large_image","twitter_creator":"@hudo_si","twitter_site":"@hudo_si","twitter_misc":{"Written by":"hudo"},"schema":{"@context":"https:\/\/schema.org","@graph":[{"@type":"Article","@id":"https:\/\/hudo.com\/si\/aktualno\/sevillo-tlacijo-nocne-more-o-junaskem-dancu\/#article","isPartOf":{"@id":"https:\/\/hudo.com\/si\/aktualno\/sevillo-tlacijo-nocne-more-o-junaskem-dancu\/"},"author":{"name":"hudo","@id":"https:\/\/hudo.com\/si\/#\/schema\/person\/601cf3379633985b20f7e50f2bb47707"},"headline":"Sevillo tla\u010dijo no\u010dne more o juna\u0161kem Dancu","datePublished":"2017-03-15T09:15:00+00:00","dateModified":"2017-03-15T14:41:08+00:00","mainEntityOfPage":{"@id":"https:\/\/hudo.com\/si\/aktualno\/sevillo-tlacijo-nocne-more-o-junaskem-dancu\/"},"wordCount":63,"publisher":{"@id":"https:\/\/hudo.com\/si\/#organization"},"articleSection":["Aktualno"],"inLanguage":"sl-SI"},{"@type":"WebPage","@id":"https:\/\/hudo.com\/si\/aktualno\/sevillo-tlacijo-nocne-more-o-junaskem-dancu\/","url":"https:\/\/hudo.com\/si\/aktualno\/sevillo-tlacijo-nocne-more-o-junaskem-dancu\/","name":"Sevillo tla\u010dijo no\u010dne more o juna\u0161kem Dancu - Hudo Slovenija","isPartOf":{"@id":"https:\/\/hudo.com\/si\/#website"},"datePublished":"2017-03-15T09:15:00+00:00","dateModified":"2017-03-15T14:41:08+00:00","breadcrumb":{"@id":"https:\/\/hudo.com\/si\/aktualno\/sevillo-tlacijo-nocne-more-o-junaskem-dancu\/#breadcrumb"},"inLanguage":"sl-SI","potentialAction":[{"@type":"ReadAction","target":["https:\/\/hudo.com\/si\/aktualno\/sevillo-tlacijo-nocne-more-o-junaskem-dancu\/"]}]},{"@type":"BreadcrumbList","@id":"https:\/\/hudo.com\/si\/aktualno\/sevillo-tlacijo-nocne-more-o-junaskem-dancu\/#breadcrumb","itemListElement":[{"@type":"ListItem","position":1,"name":"Home","item":"https:\/\/hudo.com\/si\/"},{"@type":"ListItem","position":2,"name":"Sevillo tla\u010dijo no\u010dne more o juna\u0161kem Dancu"}]},{"@type":"WebSite","@id":"https:\/\/hudo.com\/si\/#website","url":"https:\/\/hudo.com\/si\/","name":"Hudo Slovenija","description":"Vse novice iz Slovenije in sveta","publisher":{"@id":"https:\/\/hudo.com\/si\/#organization"},"potentialAction":[{"@type":"SearchAction","target":{"@type":"EntryPoint","urlTemplate":"https:\/\/hudo.com\/si\/?s={search_term_string}"},"query-input":"required name=search_term_string"}],"inLanguage":"sl-SI"},{"@type":"Organization","@id":"https:\/\/hudo.com\/si\/#organization","name":"VSN Media","url":"https:\/\/hudo.com\/si\/","logo":{"@type":"ImageObject","inLanguage":"sl-SI","@id":"https:\/\/hudo.com\/si\/#\/schema\/logo\/image\/","url":"https:\/\/hudo.com\/si\/wp-content\/uploads\/sites\/2\/2021\/03\/hudo-app-2.png","contentUrl":"https:\/\/hudo.com\/si\/wp-content\/uploads\/sites\/2\/2021\/03\/hudo-app-2.png","width":2185,"height":2167,"caption":"VSN Media"},"image":{"@id":"https:\/\/hudo.com\/si\/#\/schema\/logo\/image\/"},"sameAs":["https:\/\/www.facebook.com\/hudo.si","https:\/\/twitter.com\/hudo_si"]},{"@type":"Person","@id":"https:\/\/hudo.com\/si\/#\/schema\/person\/601cf3379633985b20f7e50f2bb47707","name":"hudo","image":{"@type":"ImageObject","inLanguage":"sl-SI","@id":"https:\/\/hudo.com\/si\/#\/schema\/person\/image\/","url":"https:\/\/secure.gravatar.com\/avatar\/c4ca25fa72cace7a696b52ff5db9e095?s=96&d=mm&r=g","contentUrl":"https:\/\/secure.gravatar.com\/avatar\/c4ca25fa72cace7a696b52ff5db9e095?s=96&d=mm&r=g","caption":"hudo"},"url":"https:\/\/hudo.com\/si\/author\/hudo\/"}]}},"amp_enabled":true,"_links":{"self":[{"href":"https:\/\/hudo.com\/si\/wp-json\/wp\/v2\/posts\/226198"}],"collection":[{"href":"https:\/\/hudo.com\/si\/wp-json\/wp\/v2\/posts"}],"about":[{"href":"https:\/\/hudo.com\/si\/wp-json\/wp\/v2\/types\/post"}],"author":[{"embeddable":true,"href":"https:\/\/hudo.com\/si\/wp-json\/wp\/v2\/users\/1"}],"replies":[{"embeddable":true,"href":"https:\/\/hudo.com\/si\/wp-json\/wp\/v2\/comments?post=226198"}],"version-history":[{"count":1,"href":"https:\/\/hudo.com\/si\/wp-json\/wp\/v2\/posts\/226198\/revisions"}],"predecessor-version":[{"id":226302,"href":"https:\/\/hudo.com\/si\/wp-json\/wp\/v2\/posts\/226198\/revisions\/226302"}],"wp:attachment":[{"href":"https:\/\/hudo.com\/si\/wp-json\/wp\/v2\/media?parent=226198"}],"wp:term":[{"taxonomy":"category","embeddable":true,"href":"https:\/\/hudo.com\/si\/wp-json\/wp\/v2\/categories?post=226198"},{"taxonomy":"post_tag","embeddable":true,"href":"https:\/\/hudo.com\/si\/wp-json\/wp\/v2\/tags?post=226198"},{"taxonomy":"source","embeddable":true,"href":"https:\/\/hudo.com\/si\/wp-json\/wp\/v2\/source?post=226198"},{"taxonomy":"supertag","embeddable":true,"href":"https:\/\/hudo.com\/si\/wp-json\/wp\/v2\/supertag?post=226198"}],"curies":[{"name":"wp","href":"https:\/\/api.w.org\/{rel}","templated":true}]}}