{"id":226260,"date":"2017-03-15T13:32:00","date_gmt":"2017-03-15T12:32:00","guid":{"rendered":"http:\/\/hudo.com\/si\/2017\/03\/15\/samomorilski-napad-na-sodiscu-v-damasku\/"},"modified":"2017-03-15T13:32:00","modified_gmt":"2017-03-15T12:32:00","slug":"samomorilski-napad-na-sodiscu-v-damasku","status":"publish","type":"post","link":"https:\/\/hudo.com\/si\/aktualno\/samomorilski-napad-na-sodiscu-v-damasku\/","title":{"rendered":"Samomorilski napad na sodi\u0161\u010du v Damasku"},"content":{"rendered":"<p>Na sodi\u0161\u010du v sirski prestolnici Damask se je danes po poro\u010danju sirske televizije razstrelil samomorilski napadalec. Po prvih podatkih je v eksploziji umrlo najmanj 25 ljudi, \u0161tevilni so ranjeni. V mestu je zatem odjeknila \u0161e eksplozija v restavraciji, ki je prav tako terjala smrtne \u017ertve in ranjene. Samomorilski napadalec se je razstrelil ob vhodu v stavbo sodi\u0161\u010da v sredi\u0161\u010du Damaska, ko so ga policisti hoteli preiskati. Na sodi\u0161\u010du je bilo takrat veliko sodnikov, odvetnikov in drugih ljudi. Po poro\u010danju francoske tiskovne agencije AFP so varnostne sile zaprle obmo\u010dje v soseski Hamidijeh in ceste, ki vodijo do nje. Na obmo\u010dje so lahko pri\u0161li le gasilci in re\u0161evalci. \u0160e ena eksplozija je po poro\u010danju dr\u017eavne televizije dve uri pozneje stresla obmo\u010dje Rabveh v sirski prestolnici. Napadalec se je razstrelil v restavraciji in po poro\u010danju dr\u017eavne tiskovne agencije Sana je umrlo in bilo ranjenih ve\u010d ljudi. Prizori\u0161\u010de druge eksplozije je po poro\u010danju BBC od sodi\u0161\u010da oddaljeno pribli\u017eno dva kilometra. Minuli konec tedna je v teroristi\u010dnem napadu na \u0161iitske romarje v Damasku umrlo najmanj 74 ljudi. Odgovornost za napad je prevzela Fronta Tahrir al \u0160am, ki je blizu teroristi\u010dni mre\u017ei Al Kaida. Prav danes sicer mineva \u0161est let od za\u010detka upora proti re\u017eimu predsednika Ba\u0161arja al Asada v okviru t. i. arabske pomladi. Upor je nato prerasel v kruto vojno, v katero so se vklju\u010dile tudi regionalne in svetovne sile. Po navedbah aktivistov je bilo ubitih ve\u010d kot 320.000 ljudi, 11 milijonov jih je zapustilo svoje domove.Svet<\/p>\n","protected":false},"excerpt":{"rendered":"<p>Na sodi\u0161\u010du v sirski prestolnici Damask se je danes po poro\u010danju sirske televizije razstrelil samomorilski napadalec. Po prvih podatkih je v eksploziji umrlo najmanj 25 ljudi, \u0161tevilni so ranjeni. V mestu je zatem odjeknila \u0161e eksplozija v restavraciji, ki je prav tako terjala smrtne \u017ertve in ranjene. Samomorilski napadalec se je razstrelil ob vhodu v stavbo sodi\u0161\u010da v sredi\u0161\u010du Damaska, ko so ga policisti hoteli preiskati. Na sodi\u0161\u010du je bilo takrat veliko sodnikov, odvetnikov in drugih ljudi. Po poro\u010danju francoske tiskovne agencije AFP so varnostne sile zaprle obmo\u010dje v soseski Hamidijeh in ceste, ki vodijo do nje. Na obmo\u010dje so lahko pri\u0161li le gasilci in re\u0161evalci. \u0160e ena eksplozija je po poro\u010danju dr\u017eavne televizije dve uri pozneje stresla obmo\u010dje Rabveh v sirski prestolnici. Napadalec se je razstrelil v restavraciji in po poro\u010danju dr\u017eavne tiskovne agencije Sana je umrlo in bilo ranjenih ve\u010d ljudi. Prizori\u0161\u010de druge eksplozije je po poro\u010danju BBC od sodi\u0161\u010da oddaljeno pribli\u017eno dva kilometra. Minuli konec tedna je v teroristi\u010dnem napadu na \u0161iitske romarje v Damasku umrlo najmanj 74 ljudi. Odgovornost za napad je prevzela Fronta Tahrir al \u0160am, ki je blizu teroristi\u010dni mre\u017ei Al Kaida. Prav danes sicer mineva \u0161est let od za\u010detka upora proti re\u017eimu predsednika Ba\u0161arja al Asada v okviru t. i. arabske pomladi. Upor je nato prerasel v kruto vojno, v katero so se vklju\u010dile tudi regionalne in svetovne sile. Po navedbah aktivistov je bilo ubitih ve\u010d kot 320.000 ljudi, 11 milijonov jih je zapustilo svoje domove.Svet<\/p>\n","protected":false},"author":1,"featured_media":0,"comment_status":"closed","ping_status":"closed","sticky":false,"template":"","format":"standard","meta":{"footnotes":""},"categories":[1179],"tags":[],"source":[1711],"supertag":[],"acf":[],"yoast_head":"<!-- This site is optimized with the Yoast SEO plugin v21.3 - https:\/\/yoast.com\/wordpress\/plugins\/seo\/ -->\n<title>Samomorilski napad na sodi\u0161\u010du v Damasku - Hudo Slovenija<\/title>\n<meta name=\"robots\" content=\"index, follow, max-snippet:-1, max-image-preview:large, max-video-preview:-1\" \/>\n<link rel=\"canonical\" href=\"https:\/\/hudo.com\/si\/aktualno\/samomorilski-napad-na-sodiscu-v-damasku\/\" \/>\n<meta property=\"og:locale\" content=\"sl_SI\" \/>\n<meta property=\"og:type\" content=\"article\" \/>\n<meta property=\"og:title\" content=\"Samomorilski napad na sodi\u0161\u010du v Damasku - Hudo Slovenija\" \/>\n<meta property=\"og:description\" content=\"Na sodi\u0161\u010du v sirski prestolnici Damask se je danes po poro\u010danju sirske televizije razstrelil samomorilski napadalec. Po prvih podatkih je v eksploziji umrlo najmanj 25 ljudi, \u0161tevilni so ranjeni. V mestu je zatem odjeknila \u0161e eksplozija v restavraciji, ki je prav tako terjala smrtne \u017ertve in ranjene. Samomorilski napadalec se je razstrelil ob vhodu v stavbo sodi\u0161\u010da v sredi\u0161\u010du Damaska, ko so ga policisti hoteli preiskati. Na sodi\u0161\u010du je bilo takrat veliko sodnikov, odvetnikov in drugih ljudi. Po poro\u010danju francoske tiskovne agencije AFP so varnostne sile zaprle obmo\u010dje v soseski Hamidijeh in ceste, ki vodijo do nje. Na obmo\u010dje so lahko pri\u0161li le gasilci in re\u0161evalci. \u0160e ena eksplozija je po poro\u010danju dr\u017eavne televizije dve uri pozneje stresla obmo\u010dje Rabveh v sirski prestolnici. Napadalec se je razstrelil v restavraciji in po poro\u010danju dr\u017eavne tiskovne agencije Sana je umrlo in bilo ranjenih ve\u010d ljudi. Prizori\u0161\u010de druge eksplozije je po poro\u010danju BBC od sodi\u0161\u010da oddaljeno pribli\u017eno dva kilometra. Minuli konec tedna je v teroristi\u010dnem napadu na \u0161iitske romarje v Damasku umrlo najmanj 74 ljudi. Odgovornost za napad je prevzela Fronta Tahrir al \u0160am, ki je blizu teroristi\u010dni mre\u017ei Al Kaida. Prav danes sicer mineva \u0161est let od za\u010detka upora proti re\u017eimu predsednika Ba\u0161arja al Asada v okviru t. i. arabske pomladi. Upor je nato prerasel v kruto vojno, v katero so se vklju\u010dile tudi regionalne in svetovne sile. Po navedbah aktivistov je bilo ubitih ve\u010d kot 320.000 ljudi, 11 milijonov jih je zapustilo svoje domove.Svet\" \/>\n<meta property=\"og:url\" content=\"https:\/\/hudo.com\/si\/aktualno\/samomorilski-napad-na-sodiscu-v-damasku\/\" \/>\n<meta property=\"og:site_name\" content=\"Hudo Slovenija\" \/>\n<meta property=\"article:publisher\" content=\"https:\/\/www.facebook.com\/hudo.si\" \/>\n<meta property=\"article:published_time\" content=\"2017-03-15T12:32:00+00:00\" \/>\n<meta property=\"og:image\" content=\"https:\/\/hudo.com\/si\/wp-content\/uploads\/sites\/2\/2017\/03\/MDF25069-300.jpg\" \/>\n\t<meta property=\"og:image:width\" content=\"450\" \/>\n\t<meta property=\"og:image:height\" content=\"301\" \/>\n\t<meta property=\"og:image:type\" content=\"image\/jpeg\" \/>\n<meta name=\"author\" content=\"hudo\" \/>\n<meta name=\"twitter:card\" content=\"summary_large_image\" \/>\n<meta name=\"twitter:creator\" content=\"@hudo_si\" \/>\n<meta name=\"twitter:site\" content=\"@hudo_si\" \/>\n<meta name=\"twitter:label1\" content=\"Written by\" \/>\n\t<meta name=\"twitter:data1\" content=\"hudo\" \/>\n\t<meta name=\"twitter:label2\" content=\"Est. reading time\" \/>\n\t<meta name=\"twitter:data2\" content=\"1 minuta\" \/>\n<script type=\"application\/ld+json\" class=\"yoast-schema-graph\">{\"@context\":\"https:\/\/schema.org\",\"@graph\":[{\"@type\":\"Article\",\"@id\":\"https:\/\/hudo.com\/si\/aktualno\/samomorilski-napad-na-sodiscu-v-damasku\/#article\",\"isPartOf\":{\"@id\":\"https:\/\/hudo.com\/si\/aktualno\/samomorilski-napad-na-sodiscu-v-damasku\/\"},\"author\":{\"name\":\"hudo\",\"@id\":\"https:\/\/hudo.com\/si\/#\/schema\/person\/601cf3379633985b20f7e50f2bb47707\"},\"headline\":\"Samomorilski napad na sodi\u0161\u010du v Damasku\",\"datePublished\":\"2017-03-15T12:32:00+00:00\",\"dateModified\":\"2017-03-15T12:32:00+00:00\",\"mainEntityOfPage\":{\"@id\":\"https:\/\/hudo.com\/si\/aktualno\/samomorilski-napad-na-sodiscu-v-damasku\/\"},\"wordCount\":273,\"publisher\":{\"@id\":\"https:\/\/hudo.com\/si\/#organization\"},\"articleSection\":[\"Aktualno\"],\"inLanguage\":\"sl-SI\"},{\"@type\":\"WebPage\",\"@id\":\"https:\/\/hudo.com\/si\/aktualno\/samomorilski-napad-na-sodiscu-v-damasku\/\",\"url\":\"https:\/\/hudo.com\/si\/aktualno\/samomorilski-napad-na-sodiscu-v-damasku\/\",\"name\":\"Samomorilski napad na sodi\u0161\u010du v Damasku - Hudo Slovenija\",\"isPartOf\":{\"@id\":\"https:\/\/hudo.com\/si\/#website\"},\"datePublished\":\"2017-03-15T12:32:00+00:00\",\"dateModified\":\"2017-03-15T12:32:00+00:00\",\"breadcrumb\":{\"@id\":\"https:\/\/hudo.com\/si\/aktualno\/samomorilski-napad-na-sodiscu-v-damasku\/#breadcrumb\"},\"inLanguage\":\"sl-SI\",\"potentialAction\":[{\"@type\":\"ReadAction\",\"target\":[\"https:\/\/hudo.com\/si\/aktualno\/samomorilski-napad-na-sodiscu-v-damasku\/\"]}]},{\"@type\":\"BreadcrumbList\",\"@id\":\"https:\/\/hudo.com\/si\/aktualno\/samomorilski-napad-na-sodiscu-v-damasku\/#breadcrumb\",\"itemListElement\":[{\"@type\":\"ListItem\",\"position\":1,\"name\":\"Home\",\"item\":\"https:\/\/hudo.com\/si\/\"},{\"@type\":\"ListItem\",\"position\":2,\"name\":\"Samomorilski napad na sodi\u0161\u010du v Damasku\"}]},{\"@type\":\"WebSite\",\"@id\":\"https:\/\/hudo.com\/si\/#website\",\"url\":\"https:\/\/hudo.com\/si\/\",\"name\":\"Hudo Slovenija\",\"description\":\"Vse novice iz Slovenije in sveta\",\"publisher\":{\"@id\":\"https:\/\/hudo.com\/si\/#organization\"},\"potentialAction\":[{\"@type\":\"SearchAction\",\"target\":{\"@type\":\"EntryPoint\",\"urlTemplate\":\"https:\/\/hudo.com\/si\/?s={search_term_string}\"},\"query-input\":\"required name=search_term_string\"}],\"inLanguage\":\"sl-SI\"},{\"@type\":\"Organization\",\"@id\":\"https:\/\/hudo.com\/si\/#organization\",\"name\":\"VSN Media\",\"url\":\"https:\/\/hudo.com\/si\/\",\"logo\":{\"@type\":\"ImageObject\",\"inLanguage\":\"sl-SI\",\"@id\":\"https:\/\/hudo.com\/si\/#\/schema\/logo\/image\/\",\"url\":\"https:\/\/hudo.com\/si\/wp-content\/uploads\/sites\/2\/2021\/03\/hudo-app-2.png\",\"contentUrl\":\"https:\/\/hudo.com\/si\/wp-content\/uploads\/sites\/2\/2021\/03\/hudo-app-2.png\",\"width\":2185,\"height\":2167,\"caption\":\"VSN Media\"},\"image\":{\"@id\":\"https:\/\/hudo.com\/si\/#\/schema\/logo\/image\/\"},\"sameAs\":[\"https:\/\/www.facebook.com\/hudo.si\",\"https:\/\/twitter.com\/hudo_si\"]},{\"@type\":\"Person\",\"@id\":\"https:\/\/hudo.com\/si\/#\/schema\/person\/601cf3379633985b20f7e50f2bb47707\",\"name\":\"hudo\",\"image\":{\"@type\":\"ImageObject\",\"inLanguage\":\"sl-SI\",\"@id\":\"https:\/\/hudo.com\/si\/#\/schema\/person\/image\/\",\"url\":\"https:\/\/secure.gravatar.com\/avatar\/c4ca25fa72cace7a696b52ff5db9e095?s=96&d=mm&r=g\",\"contentUrl\":\"https:\/\/secure.gravatar.com\/avatar\/c4ca25fa72cace7a696b52ff5db9e095?s=96&d=mm&r=g\",\"caption\":\"hudo\"},\"url\":\"https:\/\/hudo.com\/si\/author\/hudo\/\"}]}<\/script>\n<!-- \/ Yoast SEO plugin. -->","yoast_head_json":{"title":"Samomorilski napad na sodi\u0161\u010du v Damasku - Hudo Slovenija","robots":{"index":"index","follow":"follow","max-snippet":"max-snippet:-1","max-image-preview":"max-image-preview:large","max-video-preview":"max-video-preview:-1"},"canonical":"https:\/\/hudo.com\/si\/aktualno\/samomorilski-napad-na-sodiscu-v-damasku\/","og_locale":"sl_SI","og_type":"article","og_title":"Samomorilski napad na sodi\u0161\u010du v Damasku - Hudo Slovenija","og_description":"Na sodi\u0161\u010du v sirski prestolnici Damask se je danes po poro\u010danju sirske televizije razstrelil samomorilski napadalec. Po prvih podatkih je v eksploziji umrlo najmanj 25 ljudi, \u0161tevilni so ranjeni. V mestu je zatem odjeknila \u0161e eksplozija v restavraciji, ki je prav tako terjala smrtne \u017ertve in ranjene. Samomorilski napadalec se je razstrelil ob vhodu v stavbo sodi\u0161\u010da v sredi\u0161\u010du Damaska, ko so ga policisti hoteli preiskati. Na sodi\u0161\u010du je bilo takrat veliko sodnikov, odvetnikov in drugih ljudi. Po poro\u010danju francoske tiskovne agencije AFP so varnostne sile zaprle obmo\u010dje v soseski Hamidijeh in ceste, ki vodijo do nje. Na obmo\u010dje so lahko pri\u0161li le gasilci in re\u0161evalci. \u0160e ena eksplozija je po poro\u010danju dr\u017eavne televizije dve uri pozneje stresla obmo\u010dje Rabveh v sirski prestolnici. Napadalec se je razstrelil v restavraciji in po poro\u010danju dr\u017eavne tiskovne agencije Sana je umrlo in bilo ranjenih ve\u010d ljudi. Prizori\u0161\u010de druge eksplozije je po poro\u010danju BBC od sodi\u0161\u010da oddaljeno pribli\u017eno dva kilometra. Minuli konec tedna je v teroristi\u010dnem napadu na \u0161iitske romarje v Damasku umrlo najmanj 74 ljudi. Odgovornost za napad je prevzela Fronta Tahrir al \u0160am, ki je blizu teroristi\u010dni mre\u017ei Al Kaida. Prav danes sicer mineva \u0161est let od za\u010detka upora proti re\u017eimu predsednika Ba\u0161arja al Asada v okviru t. i. arabske pomladi. Upor je nato prerasel v kruto vojno, v katero so se vklju\u010dile tudi regionalne in svetovne sile. Po navedbah aktivistov je bilo ubitih ve\u010d kot 320.000 ljudi, 11 milijonov jih je zapustilo svoje domove.Svet","og_url":"https:\/\/hudo.com\/si\/aktualno\/samomorilski-napad-na-sodiscu-v-damasku\/","og_site_name":"Hudo Slovenija","article_publisher":"https:\/\/www.facebook.com\/hudo.si","article_published_time":"2017-03-15T12:32:00+00:00","og_image":[{"width":450,"height":301,"url":"https:\/\/hudo.com\/si\/wp-content\/uploads\/sites\/2\/2017\/03\/MDF25069-300.jpg","type":"image\/jpeg"}],"author":"hudo","twitter_card":"summary_large_image","twitter_creator":"@hudo_si","twitter_site":"@hudo_si","twitter_misc":{"Written by":"hudo","Est. reading time":"1 minuta"},"schema":{"@context":"https:\/\/schema.org","@graph":[{"@type":"Article","@id":"https:\/\/hudo.com\/si\/aktualno\/samomorilski-napad-na-sodiscu-v-damasku\/#article","isPartOf":{"@id":"https:\/\/hudo.com\/si\/aktualno\/samomorilski-napad-na-sodiscu-v-damasku\/"},"author":{"name":"hudo","@id":"https:\/\/hudo.com\/si\/#\/schema\/person\/601cf3379633985b20f7e50f2bb47707"},"headline":"Samomorilski napad na sodi\u0161\u010du v Damasku","datePublished":"2017-03-15T12:32:00+00:00","dateModified":"2017-03-15T12:32:00+00:00","mainEntityOfPage":{"@id":"https:\/\/hudo.com\/si\/aktualno\/samomorilski-napad-na-sodiscu-v-damasku\/"},"wordCount":273,"publisher":{"@id":"https:\/\/hudo.com\/si\/#organization"},"articleSection":["Aktualno"],"inLanguage":"sl-SI"},{"@type":"WebPage","@id":"https:\/\/hudo.com\/si\/aktualno\/samomorilski-napad-na-sodiscu-v-damasku\/","url":"https:\/\/hudo.com\/si\/aktualno\/samomorilski-napad-na-sodiscu-v-damasku\/","name":"Samomorilski napad na sodi\u0161\u010du v Damasku - Hudo Slovenija","isPartOf":{"@id":"https:\/\/hudo.com\/si\/#website"},"datePublished":"2017-03-15T12:32:00+00:00","dateModified":"2017-03-15T12:32:00+00:00","breadcrumb":{"@id":"https:\/\/hudo.com\/si\/aktualno\/samomorilski-napad-na-sodiscu-v-damasku\/#breadcrumb"},"inLanguage":"sl-SI","potentialAction":[{"@type":"ReadAction","target":["https:\/\/hudo.com\/si\/aktualno\/samomorilski-napad-na-sodiscu-v-damasku\/"]}]},{"@type":"BreadcrumbList","@id":"https:\/\/hudo.com\/si\/aktualno\/samomorilski-napad-na-sodiscu-v-damasku\/#breadcrumb","itemListElement":[{"@type":"ListItem","position":1,"name":"Home","item":"https:\/\/hudo.com\/si\/"},{"@type":"ListItem","position":2,"name":"Samomorilski napad na sodi\u0161\u010du v Damasku"}]},{"@type":"WebSite","@id":"https:\/\/hudo.com\/si\/#website","url":"https:\/\/hudo.com\/si\/","name":"Hudo Slovenija","description":"Vse novice iz Slovenije in sveta","publisher":{"@id":"https:\/\/hudo.com\/si\/#organization"},"potentialAction":[{"@type":"SearchAction","target":{"@type":"EntryPoint","urlTemplate":"https:\/\/hudo.com\/si\/?s={search_term_string}"},"query-input":"required name=search_term_string"}],"inLanguage":"sl-SI"},{"@type":"Organization","@id":"https:\/\/hudo.com\/si\/#organization","name":"VSN Media","url":"https:\/\/hudo.com\/si\/","logo":{"@type":"ImageObject","inLanguage":"sl-SI","@id":"https:\/\/hudo.com\/si\/#\/schema\/logo\/image\/","url":"https:\/\/hudo.com\/si\/wp-content\/uploads\/sites\/2\/2021\/03\/hudo-app-2.png","contentUrl":"https:\/\/hudo.com\/si\/wp-content\/uploads\/sites\/2\/2021\/03\/hudo-app-2.png","width":2185,"height":2167,"caption":"VSN Media"},"image":{"@id":"https:\/\/hudo.com\/si\/#\/schema\/logo\/image\/"},"sameAs":["https:\/\/www.facebook.com\/hudo.si","https:\/\/twitter.com\/hudo_si"]},{"@type":"Person","@id":"https:\/\/hudo.com\/si\/#\/schema\/person\/601cf3379633985b20f7e50f2bb47707","name":"hudo","image":{"@type":"ImageObject","inLanguage":"sl-SI","@id":"https:\/\/hudo.com\/si\/#\/schema\/person\/image\/","url":"https:\/\/secure.gravatar.com\/avatar\/c4ca25fa72cace7a696b52ff5db9e095?s=96&d=mm&r=g","contentUrl":"https:\/\/secure.gravatar.com\/avatar\/c4ca25fa72cace7a696b52ff5db9e095?s=96&d=mm&r=g","caption":"hudo"},"url":"https:\/\/hudo.com\/si\/author\/hudo\/"}]}},"amp_enabled":true,"_links":{"self":[{"href":"https:\/\/hudo.com\/si\/wp-json\/wp\/v2\/posts\/226260"}],"collection":[{"href":"https:\/\/hudo.com\/si\/wp-json\/wp\/v2\/posts"}],"about":[{"href":"https:\/\/hudo.com\/si\/wp-json\/wp\/v2\/types\/post"}],"author":[{"embeddable":true,"href":"https:\/\/hudo.com\/si\/wp-json\/wp\/v2\/users\/1"}],"replies":[{"embeddable":true,"href":"https:\/\/hudo.com\/si\/wp-json\/wp\/v2\/comments?post=226260"}],"version-history":[{"count":0,"href":"https:\/\/hudo.com\/si\/wp-json\/wp\/v2\/posts\/226260\/revisions"}],"wp:attachment":[{"href":"https:\/\/hudo.com\/si\/wp-json\/wp\/v2\/media?parent=226260"}],"wp:term":[{"taxonomy":"category","embeddable":true,"href":"https:\/\/hudo.com\/si\/wp-json\/wp\/v2\/categories?post=226260"},{"taxonomy":"post_tag","embeddable":true,"href":"https:\/\/hudo.com\/si\/wp-json\/wp\/v2\/tags?post=226260"},{"taxonomy":"source","embeddable":true,"href":"https:\/\/hudo.com\/si\/wp-json\/wp\/v2\/source?post=226260"},{"taxonomy":"supertag","embeddable":true,"href":"https:\/\/hudo.com\/si\/wp-json\/wp\/v2\/supertag?post=226260"}],"curies":[{"name":"wp","href":"https:\/\/api.w.org\/{rel}","templated":true}]}}