{"id":226262,"date":"2017-03-15T13:26:00","date_gmt":"2017-03-15T12:26:00","guid":{"rendered":"http:\/\/hudo.com\/si\/2017\/03\/15\/avstrijka-obsojena-zaradi-obrekovanja-hoferja-na-facebooku\/"},"modified":"2017-03-15T13:26:00","modified_gmt":"2017-03-15T12:26:00","slug":"avstrijka-obsojena-zaradi-obrekovanja-hoferja-na-facebooku","status":"publish","type":"post","link":"https:\/\/hudo.com\/si\/aktualno\/avstrijka-obsojena-zaradi-obrekovanja-hoferja-na-facebooku\/","title":{"rendered":"Avstrijka obsojena zaradi obrekovanja Hoferja na facebooku"},"content":{"rendered":"<p>Kategorija: Sose\u0161\u010dina Wed, 15 Mar 2017 14:26:00 +0100  Avstrijsko sodi\u0161\u010de v mestu Steyer v Zgornji Avstriji je v za\u010detku tedna neko Avstrijko zaradi obrekovanja predsedni\u0161kega kandidata avstrijskih svobodnjakov Norberta Hoferja obsodilo na \u0161tiri mesece pogojno. Sodba je \u017ee pravnomo\u010dna, danes poro\u010da STA. Avstrijka je 24. aprila lani na dru\u017eabnem omre\u017eju Facebook v zvezi z rezultati prvega kroga predsedni\u0161kih volitev v Avstriji, ki so ga kasneje sicer razveljavili, zapisala, da ji \u00bbgre na bruhanje\u00ab. Kandidat svobodnjakov je takrat imel 37 odstotkov prednosti podpore pred preostalimi petimi protikandidati. Hoferja je tudi ozna\u010dila za nem\u0161kega-nacionalisti\u010dnega la\u017enivca holokavsta. Hofer je zaradi njenega zapisa proti njej vlo\u017eil zasebno to\u017ebo in sodi\u0161\u010du mu je sedaj pritrdilo. V ponovljenem drugem krogu predsedni\u0161kih volitev v Avstriji je konec lanskega leta slavil neodvisni kandidat s podporo Zelenih\u00a0&#8230;<\/p>\n","protected":false},"excerpt":{"rendered":"<p>Kategorija: Sose\u0161\u010dina Wed, 15 Mar 2017 14:26:00 +0100  Avstrijsko sodi\u0161\u010de v mestu Steyer v Zgornji Avstriji je v za\u010detku tedna neko Avstrijko zaradi obrekovanja predsedni\u0161kega kandidata avstrijskih svobodnjakov Norberta Hoferja obsodilo na \u0161tiri mesece pogojno. Sodba je \u017ee pravnomo\u010dna, danes poro\u010da STA. Avstrijka je 24. aprila lani na dru\u017eabnem omre\u017eju Facebook v zvezi z rezultati prvega kroga predsedni\u0161kih volitev v Avstriji, ki so ga kasneje sicer razveljavili, zapisala, da ji \u00bbgre na bruhanje\u00ab. Kandidat svobodnjakov je takrat imel 37 odstotkov prednosti podpore pred preostalimi petimi protikandidati. Hoferja je tudi ozna\u010dila za nem\u0161kega-nacionalisti\u010dnega la\u017enivca holokavsta. Hofer je zaradi njenega zapisa proti njej vlo\u017eil zasebno to\u017ebo in sodi\u0161\u010du mu je sedaj pritrdilo. V ponovljenem drugem krogu predsedni\u0161kih volitev v Avstriji je konec lanskega leta slavil neodvisni kandidat s podporo Zelenih\u00a0&#8230;<\/p>\n","protected":false},"author":1,"featured_media":0,"comment_status":"closed","ping_status":"closed","sticky":false,"template":"","format":"standard","meta":{"footnotes":""},"categories":[1179],"tags":[],"source":[1703],"supertag":[],"acf":[],"yoast_head":"<!-- This site is optimized with the Yoast SEO plugin v21.3 - https:\/\/yoast.com\/wordpress\/plugins\/seo\/ -->\n<title>Avstrijka obsojena zaradi obrekovanja Hoferja na facebooku - Hudo Slovenija<\/title>\n<meta name=\"robots\" content=\"index, follow, max-snippet:-1, max-image-preview:large, max-video-preview:-1\" \/>\n<link rel=\"canonical\" href=\"https:\/\/hudo.com\/si\/aktualno\/avstrijka-obsojena-zaradi-obrekovanja-hoferja-na-facebooku\/\" \/>\n<meta property=\"og:locale\" content=\"sl_SI\" \/>\n<meta property=\"og:type\" content=\"article\" \/>\n<meta property=\"og:title\" content=\"Avstrijka obsojena zaradi obrekovanja Hoferja na facebooku - Hudo Slovenija\" \/>\n<meta property=\"og:description\" content=\"Kategorija: Sose\u0161\u010dina Wed, 15 Mar 2017 14:26:00 +0100 Avstrijsko sodi\u0161\u010de v mestu Steyer v Zgornji Avstriji je v za\u010detku tedna neko Avstrijko zaradi obrekovanja predsedni\u0161kega kandidata avstrijskih svobodnjakov Norberta Hoferja obsodilo na \u0161tiri mesece pogojno. Sodba je \u017ee pravnomo\u010dna, danes poro\u010da STA. Avstrijka je 24. aprila lani na dru\u017eabnem omre\u017eju Facebook v zvezi z rezultati prvega kroga predsedni\u0161kih volitev v Avstriji, ki so ga kasneje sicer razveljavili, zapisala, da ji \u00bbgre na bruhanje\u00ab. Kandidat svobodnjakov je takrat imel 37 odstotkov prednosti podpore pred preostalimi petimi protikandidati. Hoferja je tudi ozna\u010dila za nem\u0161kega-nacionalisti\u010dnega la\u017enivca holokavsta. Hofer je zaradi njenega zapisa proti njej vlo\u017eil zasebno to\u017ebo in sodi\u0161\u010du mu je sedaj pritrdilo. V ponovljenem drugem krogu predsedni\u0161kih volitev v Avstriji je konec lanskega leta slavil neodvisni kandidat s podporo Zelenih\u00a0...\" \/>\n<meta property=\"og:url\" content=\"https:\/\/hudo.com\/si\/aktualno\/avstrijka-obsojena-zaradi-obrekovanja-hoferja-na-facebooku\/\" \/>\n<meta property=\"og:site_name\" content=\"Hudo Slovenija\" \/>\n<meta property=\"article:publisher\" content=\"https:\/\/www.facebook.com\/hudo.si\" \/>\n<meta property=\"article:published_time\" content=\"2017-03-15T12:26:00+00:00\" \/>\n<meta property=\"og:image\" content=\"https:\/\/hudo.com\/si\/wp-content\/uploads\/sites\/2\/2017\/03\/480x290_Reuters_Pictures-20161204183152-57279200.jpeg\" \/>\n\t<meta property=\"og:image:width\" content=\"480\" \/>\n\t<meta property=\"og:image:height\" content=\"290\" \/>\n\t<meta property=\"og:image:type\" content=\"image\/jpeg\" \/>\n<meta name=\"author\" content=\"hudo\" \/>\n<meta name=\"twitter:card\" content=\"summary_large_image\" \/>\n<meta name=\"twitter:creator\" content=\"@hudo_si\" \/>\n<meta name=\"twitter:site\" content=\"@hudo_si\" \/>\n<meta name=\"twitter:label1\" content=\"Written by\" \/>\n\t<meta name=\"twitter:data1\" content=\"hudo\" \/>\n\t<meta name=\"twitter:label2\" content=\"Est. reading time\" \/>\n\t<meta name=\"twitter:data2\" content=\"1 minuta\" \/>\n<script type=\"application\/ld+json\" class=\"yoast-schema-graph\">{\"@context\":\"https:\/\/schema.org\",\"@graph\":[{\"@type\":\"Article\",\"@id\":\"https:\/\/hudo.com\/si\/aktualno\/avstrijka-obsojena-zaradi-obrekovanja-hoferja-na-facebooku\/#article\",\"isPartOf\":{\"@id\":\"https:\/\/hudo.com\/si\/aktualno\/avstrijka-obsojena-zaradi-obrekovanja-hoferja-na-facebooku\/\"},\"author\":{\"name\":\"hudo\",\"@id\":\"https:\/\/hudo.com\/si\/#\/schema\/person\/601cf3379633985b20f7e50f2bb47707\"},\"headline\":\"Avstrijka obsojena zaradi obrekovanja Hoferja na facebooku\",\"datePublished\":\"2017-03-15T12:26:00+00:00\",\"dateModified\":\"2017-03-15T12:26:00+00:00\",\"mainEntityOfPage\":{\"@id\":\"https:\/\/hudo.com\/si\/aktualno\/avstrijka-obsojena-zaradi-obrekovanja-hoferja-na-facebooku\/\"},\"wordCount\":146,\"publisher\":{\"@id\":\"https:\/\/hudo.com\/si\/#organization\"},\"articleSection\":[\"Aktualno\"],\"inLanguage\":\"sl-SI\"},{\"@type\":\"WebPage\",\"@id\":\"https:\/\/hudo.com\/si\/aktualno\/avstrijka-obsojena-zaradi-obrekovanja-hoferja-na-facebooku\/\",\"url\":\"https:\/\/hudo.com\/si\/aktualno\/avstrijka-obsojena-zaradi-obrekovanja-hoferja-na-facebooku\/\",\"name\":\"Avstrijka obsojena zaradi obrekovanja Hoferja na facebooku - Hudo Slovenija\",\"isPartOf\":{\"@id\":\"https:\/\/hudo.com\/si\/#website\"},\"datePublished\":\"2017-03-15T12:26:00+00:00\",\"dateModified\":\"2017-03-15T12:26:00+00:00\",\"breadcrumb\":{\"@id\":\"https:\/\/hudo.com\/si\/aktualno\/avstrijka-obsojena-zaradi-obrekovanja-hoferja-na-facebooku\/#breadcrumb\"},\"inLanguage\":\"sl-SI\",\"potentialAction\":[{\"@type\":\"ReadAction\",\"target\":[\"https:\/\/hudo.com\/si\/aktualno\/avstrijka-obsojena-zaradi-obrekovanja-hoferja-na-facebooku\/\"]}]},{\"@type\":\"BreadcrumbList\",\"@id\":\"https:\/\/hudo.com\/si\/aktualno\/avstrijka-obsojena-zaradi-obrekovanja-hoferja-na-facebooku\/#breadcrumb\",\"itemListElement\":[{\"@type\":\"ListItem\",\"position\":1,\"name\":\"Home\",\"item\":\"https:\/\/hudo.com\/si\/\"},{\"@type\":\"ListItem\",\"position\":2,\"name\":\"Avstrijka obsojena zaradi obrekovanja Hoferja na facebooku\"}]},{\"@type\":\"WebSite\",\"@id\":\"https:\/\/hudo.com\/si\/#website\",\"url\":\"https:\/\/hudo.com\/si\/\",\"name\":\"Hudo Slovenija\",\"description\":\"Vse novice iz Slovenije in sveta\",\"publisher\":{\"@id\":\"https:\/\/hudo.com\/si\/#organization\"},\"potentialAction\":[{\"@type\":\"SearchAction\",\"target\":{\"@type\":\"EntryPoint\",\"urlTemplate\":\"https:\/\/hudo.com\/si\/?s={search_term_string}\"},\"query-input\":\"required name=search_term_string\"}],\"inLanguage\":\"sl-SI\"},{\"@type\":\"Organization\",\"@id\":\"https:\/\/hudo.com\/si\/#organization\",\"name\":\"VSN Media\",\"url\":\"https:\/\/hudo.com\/si\/\",\"logo\":{\"@type\":\"ImageObject\",\"inLanguage\":\"sl-SI\",\"@id\":\"https:\/\/hudo.com\/si\/#\/schema\/logo\/image\/\",\"url\":\"https:\/\/hudo.com\/si\/wp-content\/uploads\/sites\/2\/2021\/03\/hudo-app-2.png\",\"contentUrl\":\"https:\/\/hudo.com\/si\/wp-content\/uploads\/sites\/2\/2021\/03\/hudo-app-2.png\",\"width\":2185,\"height\":2167,\"caption\":\"VSN Media\"},\"image\":{\"@id\":\"https:\/\/hudo.com\/si\/#\/schema\/logo\/image\/\"},\"sameAs\":[\"https:\/\/www.facebook.com\/hudo.si\",\"https:\/\/twitter.com\/hudo_si\"]},{\"@type\":\"Person\",\"@id\":\"https:\/\/hudo.com\/si\/#\/schema\/person\/601cf3379633985b20f7e50f2bb47707\",\"name\":\"hudo\",\"image\":{\"@type\":\"ImageObject\",\"inLanguage\":\"sl-SI\",\"@id\":\"https:\/\/hudo.com\/si\/#\/schema\/person\/image\/\",\"url\":\"https:\/\/secure.gravatar.com\/avatar\/c4ca25fa72cace7a696b52ff5db9e095?s=96&d=mm&r=g\",\"contentUrl\":\"https:\/\/secure.gravatar.com\/avatar\/c4ca25fa72cace7a696b52ff5db9e095?s=96&d=mm&r=g\",\"caption\":\"hudo\"},\"url\":\"https:\/\/hudo.com\/si\/author\/hudo\/\"}]}<\/script>\n<!-- \/ Yoast SEO plugin. -->","yoast_head_json":{"title":"Avstrijka obsojena zaradi obrekovanja Hoferja na facebooku - Hudo Slovenija","robots":{"index":"index","follow":"follow","max-snippet":"max-snippet:-1","max-image-preview":"max-image-preview:large","max-video-preview":"max-video-preview:-1"},"canonical":"https:\/\/hudo.com\/si\/aktualno\/avstrijka-obsojena-zaradi-obrekovanja-hoferja-na-facebooku\/","og_locale":"sl_SI","og_type":"article","og_title":"Avstrijka obsojena zaradi obrekovanja Hoferja na facebooku - Hudo Slovenija","og_description":"Kategorija: Sose\u0161\u010dina Wed, 15 Mar 2017 14:26:00 +0100 Avstrijsko sodi\u0161\u010de v mestu Steyer v Zgornji Avstriji je v za\u010detku tedna neko Avstrijko zaradi obrekovanja predsedni\u0161kega kandidata avstrijskih svobodnjakov Norberta Hoferja obsodilo na \u0161tiri mesece pogojno. Sodba je \u017ee pravnomo\u010dna, danes poro\u010da STA. Avstrijka je 24. aprila lani na dru\u017eabnem omre\u017eju Facebook v zvezi z rezultati prvega kroga predsedni\u0161kih volitev v Avstriji, ki so ga kasneje sicer razveljavili, zapisala, da ji \u00bbgre na bruhanje\u00ab. Kandidat svobodnjakov je takrat imel 37 odstotkov prednosti podpore pred preostalimi petimi protikandidati. Hoferja je tudi ozna\u010dila za nem\u0161kega-nacionalisti\u010dnega la\u017enivca holokavsta. Hofer je zaradi njenega zapisa proti njej vlo\u017eil zasebno to\u017ebo in sodi\u0161\u010du mu je sedaj pritrdilo. V ponovljenem drugem krogu predsedni\u0161kih volitev v Avstriji je konec lanskega leta slavil neodvisni kandidat s podporo Zelenih\u00a0...","og_url":"https:\/\/hudo.com\/si\/aktualno\/avstrijka-obsojena-zaradi-obrekovanja-hoferja-na-facebooku\/","og_site_name":"Hudo Slovenija","article_publisher":"https:\/\/www.facebook.com\/hudo.si","article_published_time":"2017-03-15T12:26:00+00:00","og_image":[{"width":480,"height":290,"url":"https:\/\/hudo.com\/si\/wp-content\/uploads\/sites\/2\/2017\/03\/480x290_Reuters_Pictures-20161204183152-57279200.jpeg","type":"image\/jpeg"}],"author":"hudo","twitter_card":"summary_large_image","twitter_creator":"@hudo_si","twitter_site":"@hudo_si","twitter_misc":{"Written by":"hudo","Est. reading time":"1 minuta"},"schema":{"@context":"https:\/\/schema.org","@graph":[{"@type":"Article","@id":"https:\/\/hudo.com\/si\/aktualno\/avstrijka-obsojena-zaradi-obrekovanja-hoferja-na-facebooku\/#article","isPartOf":{"@id":"https:\/\/hudo.com\/si\/aktualno\/avstrijka-obsojena-zaradi-obrekovanja-hoferja-na-facebooku\/"},"author":{"name":"hudo","@id":"https:\/\/hudo.com\/si\/#\/schema\/person\/601cf3379633985b20f7e50f2bb47707"},"headline":"Avstrijka obsojena zaradi obrekovanja Hoferja na facebooku","datePublished":"2017-03-15T12:26:00+00:00","dateModified":"2017-03-15T12:26:00+00:00","mainEntityOfPage":{"@id":"https:\/\/hudo.com\/si\/aktualno\/avstrijka-obsojena-zaradi-obrekovanja-hoferja-na-facebooku\/"},"wordCount":146,"publisher":{"@id":"https:\/\/hudo.com\/si\/#organization"},"articleSection":["Aktualno"],"inLanguage":"sl-SI"},{"@type":"WebPage","@id":"https:\/\/hudo.com\/si\/aktualno\/avstrijka-obsojena-zaradi-obrekovanja-hoferja-na-facebooku\/","url":"https:\/\/hudo.com\/si\/aktualno\/avstrijka-obsojena-zaradi-obrekovanja-hoferja-na-facebooku\/","name":"Avstrijka obsojena zaradi obrekovanja Hoferja na facebooku - Hudo Slovenija","isPartOf":{"@id":"https:\/\/hudo.com\/si\/#website"},"datePublished":"2017-03-15T12:26:00+00:00","dateModified":"2017-03-15T12:26:00+00:00","breadcrumb":{"@id":"https:\/\/hudo.com\/si\/aktualno\/avstrijka-obsojena-zaradi-obrekovanja-hoferja-na-facebooku\/#breadcrumb"},"inLanguage":"sl-SI","potentialAction":[{"@type":"ReadAction","target":["https:\/\/hudo.com\/si\/aktualno\/avstrijka-obsojena-zaradi-obrekovanja-hoferja-na-facebooku\/"]}]},{"@type":"BreadcrumbList","@id":"https:\/\/hudo.com\/si\/aktualno\/avstrijka-obsojena-zaradi-obrekovanja-hoferja-na-facebooku\/#breadcrumb","itemListElement":[{"@type":"ListItem","position":1,"name":"Home","item":"https:\/\/hudo.com\/si\/"},{"@type":"ListItem","position":2,"name":"Avstrijka obsojena zaradi obrekovanja Hoferja na facebooku"}]},{"@type":"WebSite","@id":"https:\/\/hudo.com\/si\/#website","url":"https:\/\/hudo.com\/si\/","name":"Hudo Slovenija","description":"Vse novice iz Slovenije in sveta","publisher":{"@id":"https:\/\/hudo.com\/si\/#organization"},"potentialAction":[{"@type":"SearchAction","target":{"@type":"EntryPoint","urlTemplate":"https:\/\/hudo.com\/si\/?s={search_term_string}"},"query-input":"required name=search_term_string"}],"inLanguage":"sl-SI"},{"@type":"Organization","@id":"https:\/\/hudo.com\/si\/#organization","name":"VSN Media","url":"https:\/\/hudo.com\/si\/","logo":{"@type":"ImageObject","inLanguage":"sl-SI","@id":"https:\/\/hudo.com\/si\/#\/schema\/logo\/image\/","url":"https:\/\/hudo.com\/si\/wp-content\/uploads\/sites\/2\/2021\/03\/hudo-app-2.png","contentUrl":"https:\/\/hudo.com\/si\/wp-content\/uploads\/sites\/2\/2021\/03\/hudo-app-2.png","width":2185,"height":2167,"caption":"VSN Media"},"image":{"@id":"https:\/\/hudo.com\/si\/#\/schema\/logo\/image\/"},"sameAs":["https:\/\/www.facebook.com\/hudo.si","https:\/\/twitter.com\/hudo_si"]},{"@type":"Person","@id":"https:\/\/hudo.com\/si\/#\/schema\/person\/601cf3379633985b20f7e50f2bb47707","name":"hudo","image":{"@type":"ImageObject","inLanguage":"sl-SI","@id":"https:\/\/hudo.com\/si\/#\/schema\/person\/image\/","url":"https:\/\/secure.gravatar.com\/avatar\/c4ca25fa72cace7a696b52ff5db9e095?s=96&d=mm&r=g","contentUrl":"https:\/\/secure.gravatar.com\/avatar\/c4ca25fa72cace7a696b52ff5db9e095?s=96&d=mm&r=g","caption":"hudo"},"url":"https:\/\/hudo.com\/si\/author\/hudo\/"}]}},"amp_enabled":true,"_links":{"self":[{"href":"https:\/\/hudo.com\/si\/wp-json\/wp\/v2\/posts\/226262"}],"collection":[{"href":"https:\/\/hudo.com\/si\/wp-json\/wp\/v2\/posts"}],"about":[{"href":"https:\/\/hudo.com\/si\/wp-json\/wp\/v2\/types\/post"}],"author":[{"embeddable":true,"href":"https:\/\/hudo.com\/si\/wp-json\/wp\/v2\/users\/1"}],"replies":[{"embeddable":true,"href":"https:\/\/hudo.com\/si\/wp-json\/wp\/v2\/comments?post=226262"}],"version-history":[{"count":0,"href":"https:\/\/hudo.com\/si\/wp-json\/wp\/v2\/posts\/226262\/revisions"}],"wp:attachment":[{"href":"https:\/\/hudo.com\/si\/wp-json\/wp\/v2\/media?parent=226262"}],"wp:term":[{"taxonomy":"category","embeddable":true,"href":"https:\/\/hudo.com\/si\/wp-json\/wp\/v2\/categories?post=226262"},{"taxonomy":"post_tag","embeddable":true,"href":"https:\/\/hudo.com\/si\/wp-json\/wp\/v2\/tags?post=226262"},{"taxonomy":"source","embeddable":true,"href":"https:\/\/hudo.com\/si\/wp-json\/wp\/v2\/source?post=226262"},{"taxonomy":"supertag","embeddable":true,"href":"https:\/\/hudo.com\/si\/wp-json\/wp\/v2\/supertag?post=226262"}],"curies":[{"name":"wp","href":"https:\/\/api.w.org\/{rel}","templated":true}]}}