{"id":226431,"date":"2017-03-15T20:31:00","date_gmt":"2017-03-15T19:31:00","guid":{"rendered":"http:\/\/hudo.com\/si\/2017\/03\/15\/borisu-novaku-se-en-mandat-za-vodenje-poste\/"},"modified":"2017-03-16T09:41:19","modified_gmt":"2017-03-16T08:41:19","slug":"borisu-novaku-se-en-mandat-za-vodenje-poste","status":"publish","type":"post","link":"https:\/\/hudo.com\/si\/aktualno\/borisu-novaku-se-en-mandat-za-vodenje-poste\/","title":{"rendered":"Borisu Novaku \u0161e en mandat za vodenje Po\u0161te"},"content":{"rendered":"<p>Danesnatanko ob 15. uri so nadzorniki Po\u0161te Slovenije, ki jih vodi dr. Ale\u0161 Groznik, pri\u010deli sejo, ki je dala odgovore na kadrovske dileme zadnjih dni. Aktualni generalni direktor Po\u0161te Boris Novak je namre\u010d v zadnjem \u010dasu pri\u010del izgubljati podporo, ki so mu jo dali nadzorniki s povabilom h kandidaturi in potrditvijo triletnega poslovnega na\u010drta. A malo pred pol osmo uro zve\u010der je pred novinarje stopil prvi nadzornik Groznik in sporo\u010dil, da bo Po\u0161to \u0161e prihodnjih pet let vodil Boris Novak, \u010dlan poslovodstva pa bo \u0161e naprej Vinko Filipi\u010d. Kandidate so presojali po dosedanjih poslovnih rezultatih in njihovi viziji razvoja Po\u0161te, je dejal Groznik in zanikal, da bi nanj izvajali pritiske, &#8220;ki jih ni bilo, klicev tudi ne&#8221;, in da je nadzorni svet deloval samostojno. Na vpra\u0161anje, ali so obravnavali tudi kandidaturo Roberta Erzina, ki se je nazadnje pojavil med kandidati, je Groznik odgovoril, da so obravnavali vse kandidate, ki so posredovali svojo vizijo razvoja, o imenih pa ni \u017eelel govoriti, dodal je le, da je bilo kandidatov kar nekaj.  Novaku in Filipi\u010du postavili rok za strategijo poslovanja V pisni izjavi je pojasnil \u0161e, da je izbira vodstva Po\u0161te Slovenije tekla tudi ob podpori kadrovske agencije (Pendl &#038; Piswanger, op. a.). \u010clani nadzornega sveta so opravili intervjuje z vsemi kandidati, nadzorni svet pa je odlo\u010ditev sprejel soglasno. Ob tem je od Novaka zahteval, da do 30. maja oblikuje kon\u010dno verzijo strategije z akcijskim na\u010drtom z opredeljenimi ukrepi, roki izvedbe in ekonomski u\u010dinki za celotno skupino. Gre za organiziranost vodilnih delavcev, tr\u017ene informatike, strategije informatizacije in ukrepe za zagotovitev nemotenega vzdr\u017enega delovanja manipulacije in dostave. Novak se je nadzornikom, s katerimi namerava iskati odgovore na izzive, ki jih prina\u0161ajo strukturne spremembe na trgu po\u0161tnih storitev, zahvalil za zaupanje. &#8220;Poleg nadaljevanja prestrukturiranja Po\u0161te Slovenije so pomembna tudi pogajanja s socialnimi partnerji, kjer sku\u0161amo zbli\u017eati stali\u0161\u010da,&#8221;<\/p>\n","protected":false},"excerpt":{"rendered":"<p>Danesnatanko ob 15. uri so nadzorniki Po\u0161te Slovenije, ki jih vodi dr. Ale\u0161 Groznik, pri\u010deli sejo, ki je dala odgovore na kadrovske dileme zadnjih dni. Aktualni generalni direktor Po\u0161te Boris Novak je namre\u010d v zadnjem \u010dasu pri\u010del izgubljati podporo, ki so mu jo dali nadzorniki s povabilom h kandidaturi in potrditvijo triletnega poslovnega na\u010drta. A malo pred pol osmo uro zve\u010der je pred novinarje stopil prvi nadzornik Groznik in sporo\u010dil, da bo Po\u0161to \u0161e prihodnjih pet let vodil Boris Novak, \u010dlan poslovodstva pa bo \u0161e naprej Vinko Filipi\u010d. Kandidate so presojali po dosedanjih poslovnih rezultatih in njihovi viziji razvoja Po\u0161te, je dejal Groznik in zanikal, da bi nanj izvajali pritiske, &#8220;ki jih ni bilo, klicev tudi ne&#8221;, in da je nadzorni svet deloval samostojno. Na vpra\u0161anje, ali so obravnavali tudi kandidaturo Roberta Erzina, ki se je nazadnje pojavil med kandidati, je Groznik odgovoril, da so obravnavali vse kandidate, ki so posredovali svojo vizijo razvoja, o imenih pa ni \u017eelel govoriti, dodal je le, da je bilo kandidatov kar nekaj.  Novaku in Filipi\u010du postavili rok za strategijo poslovanja V pisni izjavi je pojasnil \u0161e, da je izbira vodstva Po\u0161te Slovenije tekla tudi ob podpori kadrovske agencije (Pendl &#038; Piswanger, op. a.). \u010clani nadzornega sveta so opravili intervjuje z vsemi kandidati, nadzorni svet pa je odlo\u010ditev sprejel soglasno. Ob tem je od Novaka zahteval, da do 30. maja oblikuje kon\u010dno verzijo strategije z akcijskim na\u010drtom z opredeljenimi ukrepi, roki izvedbe in ekonomski u\u010dinki za celotno skupino. Gre za organiziranost vodilnih delavcev, tr\u017ene informatike, strategije informatizacije in ukrepe za zagotovitev nemotenega vzdr\u017enega delovanja manipulacije in dostave. Novak se je nadzornikom, s katerimi namerava iskati odgovore na izzive, ki jih prina\u0161ajo strukturne spremembe na trgu po\u0161tnih storitev, zahvalil za zaupanje. &#8220;Poleg nadaljevanja prestrukturiranja Po\u0161te Slovenije so pomembna tudi pogajanja s socialnimi partnerji, kjer sku\u0161amo zbli\u017eati stali\u0161\u010da,&#8221;<\/p>\n","protected":false},"author":1,"featured_media":0,"comment_status":"closed","ping_status":"closed","sticky":false,"template":"","format":"standard","meta":{"footnotes":""},"categories":[1179],"tags":[],"source":[1711],"supertag":[],"acf":[],"yoast_head":"<!-- This site is optimized with the Yoast SEO plugin v21.3 - https:\/\/yoast.com\/wordpress\/plugins\/seo\/ -->\n<title>Borisu Novaku \u0161e en mandat za vodenje Po\u0161te - Hudo Slovenija<\/title>\n<meta name=\"robots\" content=\"index, follow, max-snippet:-1, max-image-preview:large, max-video-preview:-1\" \/>\n<link rel=\"canonical\" href=\"https:\/\/hudo.com\/si\/aktualno\/borisu-novaku-se-en-mandat-za-vodenje-poste\/\" \/>\n<meta property=\"og:locale\" content=\"sl_SI\" \/>\n<meta property=\"og:type\" content=\"article\" \/>\n<meta property=\"og:title\" content=\"Borisu Novaku \u0161e en mandat za vodenje Po\u0161te - Hudo Slovenija\" \/>\n<meta property=\"og:description\" content=\"Danesnatanko ob 15. uri so nadzorniki Po\u0161te Slovenije, ki jih vodi dr. Ale\u0161 Groznik, pri\u010deli sejo, ki je dala odgovore na kadrovske dileme zadnjih dni. Aktualni generalni direktor Po\u0161te Boris Novak je namre\u010d v zadnjem \u010dasu pri\u010del izgubljati podporo, ki so mu jo dali nadzorniki s povabilom h kandidaturi in potrditvijo triletnega poslovnega na\u010drta. A malo pred pol osmo uro zve\u010der je pred novinarje stopil prvi nadzornik Groznik in sporo\u010dil, da bo Po\u0161to \u0161e prihodnjih pet let vodil Boris Novak, \u010dlan poslovodstva pa bo \u0161e naprej Vinko Filipi\u010d. Kandidate so presojali po dosedanjih poslovnih rezultatih in njihovi viziji razvoja Po\u0161te, je dejal Groznik in zanikal, da bi nanj izvajali pritiske, &quot;ki jih ni bilo, klicev tudi ne&quot;, in da je nadzorni svet deloval samostojno. Na vpra\u0161anje, ali so obravnavali tudi kandidaturo Roberta Erzina, ki se je nazadnje pojavil med kandidati, je Groznik odgovoril, da so obravnavali vse kandidate, ki so posredovali svojo vizijo razvoja, o imenih pa ni \u017eelel govoriti, dodal je le, da je bilo kandidatov kar nekaj. Novaku in Filipi\u010du postavili rok za strategijo poslovanja V pisni izjavi je pojasnil \u0161e, da je izbira vodstva Po\u0161te Slovenije tekla tudi ob podpori kadrovske agencije (Pendl &amp; Piswanger, op. a.). \u010clani nadzornega sveta so opravili intervjuje z vsemi kandidati, nadzorni svet pa je odlo\u010ditev sprejel soglasno. Ob tem je od Novaka zahteval, da do 30. maja oblikuje kon\u010dno verzijo strategije z akcijskim na\u010drtom z opredeljenimi ukrepi, roki izvedbe in ekonomski u\u010dinki za celotno skupino. Gre za organiziranost vodilnih delavcev, tr\u017ene informatike, strategije informatizacije in ukrepe za zagotovitev nemotenega vzdr\u017enega delovanja manipulacije in dostave. Novak se je nadzornikom, s katerimi namerava iskati odgovore na izzive, ki jih prina\u0161ajo strukturne spremembe na trgu po\u0161tnih storitev, zahvalil za zaupanje. &quot;Poleg nadaljevanja prestrukturiranja Po\u0161te Slovenije so pomembna tudi pogajanja s socialnimi partnerji, kjer sku\u0161amo zbli\u017eati stali\u0161\u010da,&quot;\" \/>\n<meta property=\"og:url\" content=\"https:\/\/hudo.com\/si\/aktualno\/borisu-novaku-se-en-mandat-za-vodenje-poste\/\" \/>\n<meta property=\"og:site_name\" content=\"Hudo Slovenija\" \/>\n<meta property=\"article:publisher\" content=\"https:\/\/www.facebook.com\/hudo.si\" \/>\n<meta property=\"article:published_time\" content=\"2017-03-15T19:31:00+00:00\" \/>\n<meta property=\"article:modified_time\" content=\"2017-03-16T08:41:19+00:00\" \/>\n<meta property=\"og:image\" content=\"https:\/\/hudo.com\/si\/wp-content\/uploads\/sites\/2\/2017\/03\/0315Posta16-300.jpg\" \/>\n\t<meta property=\"og:image:width\" content=\"450\" \/>\n\t<meta property=\"og:image:height\" content=\"300\" \/>\n\t<meta property=\"og:image:type\" content=\"image\/jpeg\" \/>\n<meta name=\"author\" content=\"hudo\" \/>\n<meta name=\"twitter:card\" content=\"summary_large_image\" \/>\n<meta name=\"twitter:creator\" content=\"@hudo_si\" \/>\n<meta name=\"twitter:site\" content=\"@hudo_si\" \/>\n<meta name=\"twitter:label1\" content=\"Written by\" \/>\n\t<meta name=\"twitter:data1\" content=\"hudo\" \/>\n\t<meta name=\"twitter:label2\" content=\"Est. reading time\" \/>\n\t<meta name=\"twitter:data2\" content=\"2 minuti\" \/>\n<script type=\"application\/ld+json\" class=\"yoast-schema-graph\">{\"@context\":\"https:\/\/schema.org\",\"@graph\":[{\"@type\":\"Article\",\"@id\":\"https:\/\/hudo.com\/si\/aktualno\/borisu-novaku-se-en-mandat-za-vodenje-poste\/#article\",\"isPartOf\":{\"@id\":\"https:\/\/hudo.com\/si\/aktualno\/borisu-novaku-se-en-mandat-za-vodenje-poste\/\"},\"author\":{\"name\":\"hudo\",\"@id\":\"https:\/\/hudo.com\/si\/#\/schema\/person\/601cf3379633985b20f7e50f2bb47707\"},\"headline\":\"Borisu Novaku \u0161e en mandat za vodenje Po\u0161te\",\"datePublished\":\"2017-03-15T19:31:00+00:00\",\"dateModified\":\"2017-03-16T08:41:19+00:00\",\"mainEntityOfPage\":{\"@id\":\"https:\/\/hudo.com\/si\/aktualno\/borisu-novaku-se-en-mandat-za-vodenje-poste\/\"},\"wordCount\":332,\"publisher\":{\"@id\":\"https:\/\/hudo.com\/si\/#organization\"},\"articleSection\":[\"Aktualno\"],\"inLanguage\":\"sl-SI\"},{\"@type\":\"WebPage\",\"@id\":\"https:\/\/hudo.com\/si\/aktualno\/borisu-novaku-se-en-mandat-za-vodenje-poste\/\",\"url\":\"https:\/\/hudo.com\/si\/aktualno\/borisu-novaku-se-en-mandat-za-vodenje-poste\/\",\"name\":\"Borisu Novaku \u0161e en mandat za vodenje Po\u0161te - Hudo Slovenija\",\"isPartOf\":{\"@id\":\"https:\/\/hudo.com\/si\/#website\"},\"datePublished\":\"2017-03-15T19:31:00+00:00\",\"dateModified\":\"2017-03-16T08:41:19+00:00\",\"breadcrumb\":{\"@id\":\"https:\/\/hudo.com\/si\/aktualno\/borisu-novaku-se-en-mandat-za-vodenje-poste\/#breadcrumb\"},\"inLanguage\":\"sl-SI\",\"potentialAction\":[{\"@type\":\"ReadAction\",\"target\":[\"https:\/\/hudo.com\/si\/aktualno\/borisu-novaku-se-en-mandat-za-vodenje-poste\/\"]}]},{\"@type\":\"BreadcrumbList\",\"@id\":\"https:\/\/hudo.com\/si\/aktualno\/borisu-novaku-se-en-mandat-za-vodenje-poste\/#breadcrumb\",\"itemListElement\":[{\"@type\":\"ListItem\",\"position\":1,\"name\":\"Home\",\"item\":\"https:\/\/hudo.com\/si\/\"},{\"@type\":\"ListItem\",\"position\":2,\"name\":\"Borisu Novaku \u0161e en mandat za vodenje Po\u0161te\"}]},{\"@type\":\"WebSite\",\"@id\":\"https:\/\/hudo.com\/si\/#website\",\"url\":\"https:\/\/hudo.com\/si\/\",\"name\":\"Hudo Slovenija\",\"description\":\"Vse novice iz Slovenije in sveta\",\"publisher\":{\"@id\":\"https:\/\/hudo.com\/si\/#organization\"},\"potentialAction\":[{\"@type\":\"SearchAction\",\"target\":{\"@type\":\"EntryPoint\",\"urlTemplate\":\"https:\/\/hudo.com\/si\/?s={search_term_string}\"},\"query-input\":\"required name=search_term_string\"}],\"inLanguage\":\"sl-SI\"},{\"@type\":\"Organization\",\"@id\":\"https:\/\/hudo.com\/si\/#organization\",\"name\":\"VSN Media\",\"url\":\"https:\/\/hudo.com\/si\/\",\"logo\":{\"@type\":\"ImageObject\",\"inLanguage\":\"sl-SI\",\"@id\":\"https:\/\/hudo.com\/si\/#\/schema\/logo\/image\/\",\"url\":\"https:\/\/hudo.com\/si\/wp-content\/uploads\/sites\/2\/2021\/03\/hudo-app-2.png\",\"contentUrl\":\"https:\/\/hudo.com\/si\/wp-content\/uploads\/sites\/2\/2021\/03\/hudo-app-2.png\",\"width\":2185,\"height\":2167,\"caption\":\"VSN Media\"},\"image\":{\"@id\":\"https:\/\/hudo.com\/si\/#\/schema\/logo\/image\/\"},\"sameAs\":[\"https:\/\/www.facebook.com\/hudo.si\",\"https:\/\/twitter.com\/hudo_si\"]},{\"@type\":\"Person\",\"@id\":\"https:\/\/hudo.com\/si\/#\/schema\/person\/601cf3379633985b20f7e50f2bb47707\",\"name\":\"hudo\",\"image\":{\"@type\":\"ImageObject\",\"inLanguage\":\"sl-SI\",\"@id\":\"https:\/\/hudo.com\/si\/#\/schema\/person\/image\/\",\"url\":\"https:\/\/secure.gravatar.com\/avatar\/c4ca25fa72cace7a696b52ff5db9e095?s=96&d=mm&r=g\",\"contentUrl\":\"https:\/\/secure.gravatar.com\/avatar\/c4ca25fa72cace7a696b52ff5db9e095?s=96&d=mm&r=g\",\"caption\":\"hudo\"},\"url\":\"https:\/\/hudo.com\/si\/author\/hudo\/\"}]}<\/script>\n<!-- \/ Yoast SEO plugin. -->","yoast_head_json":{"title":"Borisu Novaku \u0161e en mandat za vodenje Po\u0161te - Hudo Slovenija","robots":{"index":"index","follow":"follow","max-snippet":"max-snippet:-1","max-image-preview":"max-image-preview:large","max-video-preview":"max-video-preview:-1"},"canonical":"https:\/\/hudo.com\/si\/aktualno\/borisu-novaku-se-en-mandat-za-vodenje-poste\/","og_locale":"sl_SI","og_type":"article","og_title":"Borisu Novaku \u0161e en mandat za vodenje Po\u0161te - Hudo Slovenija","og_description":"Danesnatanko ob 15. uri so nadzorniki Po\u0161te Slovenije, ki jih vodi dr. Ale\u0161 Groznik, pri\u010deli sejo, ki je dala odgovore na kadrovske dileme zadnjih dni. Aktualni generalni direktor Po\u0161te Boris Novak je namre\u010d v zadnjem \u010dasu pri\u010del izgubljati podporo, ki so mu jo dali nadzorniki s povabilom h kandidaturi in potrditvijo triletnega poslovnega na\u010drta. A malo pred pol osmo uro zve\u010der je pred novinarje stopil prvi nadzornik Groznik in sporo\u010dil, da bo Po\u0161to \u0161e prihodnjih pet let vodil Boris Novak, \u010dlan poslovodstva pa bo \u0161e naprej Vinko Filipi\u010d. Kandidate so presojali po dosedanjih poslovnih rezultatih in njihovi viziji razvoja Po\u0161te, je dejal Groznik in zanikal, da bi nanj izvajali pritiske, \"ki jih ni bilo, klicev tudi ne\", in da je nadzorni svet deloval samostojno. Na vpra\u0161anje, ali so obravnavali tudi kandidaturo Roberta Erzina, ki se je nazadnje pojavil med kandidati, je Groznik odgovoril, da so obravnavali vse kandidate, ki so posredovali svojo vizijo razvoja, o imenih pa ni \u017eelel govoriti, dodal je le, da je bilo kandidatov kar nekaj. Novaku in Filipi\u010du postavili rok za strategijo poslovanja V pisni izjavi je pojasnil \u0161e, da je izbira vodstva Po\u0161te Slovenije tekla tudi ob podpori kadrovske agencije (Pendl & Piswanger, op. a.). \u010clani nadzornega sveta so opravili intervjuje z vsemi kandidati, nadzorni svet pa je odlo\u010ditev sprejel soglasno. Ob tem je od Novaka zahteval, da do 30. maja oblikuje kon\u010dno verzijo strategije z akcijskim na\u010drtom z opredeljenimi ukrepi, roki izvedbe in ekonomski u\u010dinki za celotno skupino. Gre za organiziranost vodilnih delavcev, tr\u017ene informatike, strategije informatizacije in ukrepe za zagotovitev nemotenega vzdr\u017enega delovanja manipulacije in dostave. Novak se je nadzornikom, s katerimi namerava iskati odgovore na izzive, ki jih prina\u0161ajo strukturne spremembe na trgu po\u0161tnih storitev, zahvalil za zaupanje. \"Poleg nadaljevanja prestrukturiranja Po\u0161te Slovenije so pomembna tudi pogajanja s socialnimi partnerji, kjer sku\u0161amo zbli\u017eati stali\u0161\u010da,\"","og_url":"https:\/\/hudo.com\/si\/aktualno\/borisu-novaku-se-en-mandat-za-vodenje-poste\/","og_site_name":"Hudo Slovenija","article_publisher":"https:\/\/www.facebook.com\/hudo.si","article_published_time":"2017-03-15T19:31:00+00:00","article_modified_time":"2017-03-16T08:41:19+00:00","og_image":[{"width":450,"height":300,"url":"https:\/\/hudo.com\/si\/wp-content\/uploads\/sites\/2\/2017\/03\/0315Posta16-300.jpg","type":"image\/jpeg"}],"author":"hudo","twitter_card":"summary_large_image","twitter_creator":"@hudo_si","twitter_site":"@hudo_si","twitter_misc":{"Written by":"hudo","Est. reading time":"2 minuti"},"schema":{"@context":"https:\/\/schema.org","@graph":[{"@type":"Article","@id":"https:\/\/hudo.com\/si\/aktualno\/borisu-novaku-se-en-mandat-za-vodenje-poste\/#article","isPartOf":{"@id":"https:\/\/hudo.com\/si\/aktualno\/borisu-novaku-se-en-mandat-za-vodenje-poste\/"},"author":{"name":"hudo","@id":"https:\/\/hudo.com\/si\/#\/schema\/person\/601cf3379633985b20f7e50f2bb47707"},"headline":"Borisu Novaku \u0161e en mandat za vodenje Po\u0161te","datePublished":"2017-03-15T19:31:00+00:00","dateModified":"2017-03-16T08:41:19+00:00","mainEntityOfPage":{"@id":"https:\/\/hudo.com\/si\/aktualno\/borisu-novaku-se-en-mandat-za-vodenje-poste\/"},"wordCount":332,"publisher":{"@id":"https:\/\/hudo.com\/si\/#organization"},"articleSection":["Aktualno"],"inLanguage":"sl-SI"},{"@type":"WebPage","@id":"https:\/\/hudo.com\/si\/aktualno\/borisu-novaku-se-en-mandat-za-vodenje-poste\/","url":"https:\/\/hudo.com\/si\/aktualno\/borisu-novaku-se-en-mandat-za-vodenje-poste\/","name":"Borisu Novaku \u0161e en mandat za vodenje Po\u0161te - Hudo Slovenija","isPartOf":{"@id":"https:\/\/hudo.com\/si\/#website"},"datePublished":"2017-03-15T19:31:00+00:00","dateModified":"2017-03-16T08:41:19+00:00","breadcrumb":{"@id":"https:\/\/hudo.com\/si\/aktualno\/borisu-novaku-se-en-mandat-za-vodenje-poste\/#breadcrumb"},"inLanguage":"sl-SI","potentialAction":[{"@type":"ReadAction","target":["https:\/\/hudo.com\/si\/aktualno\/borisu-novaku-se-en-mandat-za-vodenje-poste\/"]}]},{"@type":"BreadcrumbList","@id":"https:\/\/hudo.com\/si\/aktualno\/borisu-novaku-se-en-mandat-za-vodenje-poste\/#breadcrumb","itemListElement":[{"@type":"ListItem","position":1,"name":"Home","item":"https:\/\/hudo.com\/si\/"},{"@type":"ListItem","position":2,"name":"Borisu Novaku \u0161e en mandat za vodenje Po\u0161te"}]},{"@type":"WebSite","@id":"https:\/\/hudo.com\/si\/#website","url":"https:\/\/hudo.com\/si\/","name":"Hudo Slovenija","description":"Vse novice iz Slovenije in sveta","publisher":{"@id":"https:\/\/hudo.com\/si\/#organization"},"potentialAction":[{"@type":"SearchAction","target":{"@type":"EntryPoint","urlTemplate":"https:\/\/hudo.com\/si\/?s={search_term_string}"},"query-input":"required name=search_term_string"}],"inLanguage":"sl-SI"},{"@type":"Organization","@id":"https:\/\/hudo.com\/si\/#organization","name":"VSN Media","url":"https:\/\/hudo.com\/si\/","logo":{"@type":"ImageObject","inLanguage":"sl-SI","@id":"https:\/\/hudo.com\/si\/#\/schema\/logo\/image\/","url":"https:\/\/hudo.com\/si\/wp-content\/uploads\/sites\/2\/2021\/03\/hudo-app-2.png","contentUrl":"https:\/\/hudo.com\/si\/wp-content\/uploads\/sites\/2\/2021\/03\/hudo-app-2.png","width":2185,"height":2167,"caption":"VSN Media"},"image":{"@id":"https:\/\/hudo.com\/si\/#\/schema\/logo\/image\/"},"sameAs":["https:\/\/www.facebook.com\/hudo.si","https:\/\/twitter.com\/hudo_si"]},{"@type":"Person","@id":"https:\/\/hudo.com\/si\/#\/schema\/person\/601cf3379633985b20f7e50f2bb47707","name":"hudo","image":{"@type":"ImageObject","inLanguage":"sl-SI","@id":"https:\/\/hudo.com\/si\/#\/schema\/person\/image\/","url":"https:\/\/secure.gravatar.com\/avatar\/c4ca25fa72cace7a696b52ff5db9e095?s=96&d=mm&r=g","contentUrl":"https:\/\/secure.gravatar.com\/avatar\/c4ca25fa72cace7a696b52ff5db9e095?s=96&d=mm&r=g","caption":"hudo"},"url":"https:\/\/hudo.com\/si\/author\/hudo\/"}]}},"amp_enabled":true,"_links":{"self":[{"href":"https:\/\/hudo.com\/si\/wp-json\/wp\/v2\/posts\/226431"}],"collection":[{"href":"https:\/\/hudo.com\/si\/wp-json\/wp\/v2\/posts"}],"about":[{"href":"https:\/\/hudo.com\/si\/wp-json\/wp\/v2\/types\/post"}],"author":[{"embeddable":true,"href":"https:\/\/hudo.com\/si\/wp-json\/wp\/v2\/users\/1"}],"replies":[{"embeddable":true,"href":"https:\/\/hudo.com\/si\/wp-json\/wp\/v2\/comments?post=226431"}],"version-history":[{"count":1,"href":"https:\/\/hudo.com\/si\/wp-json\/wp\/v2\/posts\/226431\/revisions"}],"predecessor-version":[{"id":226506,"href":"https:\/\/hudo.com\/si\/wp-json\/wp\/v2\/posts\/226431\/revisions\/226506"}],"wp:attachment":[{"href":"https:\/\/hudo.com\/si\/wp-json\/wp\/v2\/media?parent=226431"}],"wp:term":[{"taxonomy":"category","embeddable":true,"href":"https:\/\/hudo.com\/si\/wp-json\/wp\/v2\/categories?post=226431"},{"taxonomy":"post_tag","embeddable":true,"href":"https:\/\/hudo.com\/si\/wp-json\/wp\/v2\/tags?post=226431"},{"taxonomy":"source","embeddable":true,"href":"https:\/\/hudo.com\/si\/wp-json\/wp\/v2\/source?post=226431"},{"taxonomy":"supertag","embeddable":true,"href":"https:\/\/hudo.com\/si\/wp-json\/wp\/v2\/supertag?post=226431"}],"curies":[{"name":"wp","href":"https:\/\/api.w.org\/{rel}","templated":true}]}}