{"id":227059,"date":"2017-03-16T19:19:00","date_gmt":"2017-03-16T18:19:00","guid":{"rendered":"http:\/\/hudo.com\/si\/2017\/03\/16\/strelec-je-v-priporu-brani-se-z-molkom\/"},"modified":"2017-03-17T08:03:03","modified_gmt":"2017-03-17T07:03:03","slug":"strelec-je-v-priporu-brani-se-z-molkom","status":"publish","type":"post","link":"https:\/\/hudo.com\/si\/aktualno\/strelec-je-v-priporu-brani-se-z-molkom\/","title":{"rendered":"Strelec je v priporu, brani se z molkom"},"content":{"rendered":"<p>Robert Munda, vodja Sektorja kriminalisti\u010dne policije Policijske uprave Maribor, je povedal, da so 26-letnika iz okolice Maribora, ki so ga privedli k de\u017eurni preiskovalni sodnici, ovadili zaradi poskusa umora, povzro\u010ditve splo\u0161ne nevarnosti pa tudi nasilja v dru\u017eini. Ovadba izhaja iz ponedeljkovega ve\u010dernega streljanja na obrobju Maribora. Kot smo \u017ee poro\u010dali, je osumljenemu strelcu ime Matja\u017e Ferli\u010d. Pred preiskovalno sodnico branil z molkom, smo izvedeli neuradno in \u0161e, da je njegova zagovornica kriminalisti\u010dno-to\u017eilske o\u010ditke posku\u0161ala omajati z razlago, da to ni zgodba o poskusu umora, pa\u010d pa da je njen klient hotel o\u0161kodovanca samo prestra\u0161iti. A preiskovalne sodnice ni prepri\u010dala, saj je ta sledila zahtevi to\u017eilca Darka Simoni\u010da in osumljenega nocoj vtaknila v pripor. Sledil mu je po filmsko Osumljeni Matja\u017e Ferli\u010d iz Pesnice je okoli 21. ure na parkiri\u0161\u010du ob nekdanjem trgovskem centru Lesnine v Ho\u010dah streljal na deset let starej\u0161ega Dejana Gjerke\u0161a iz Slovenske Bistrice. Kot je povedal Munda, je ovadeni na o\u0161kodovanca streljal v trenutku, ko je ta sedel v osebnem avtomobilu in ko sta bila v njem tudi 32-letna \u017eenska in \u0161tiriletni otrok. Kot smo izvedeli neuradno, naj bi to bila Ferli\u010deva biv\u0161a partnerica in njun otrok. &#8220;Zaradi strelov je o\u0161kodovanec sunkovito odpeljal v smeri centra mesta. Osumljeni mu je ves \u010das sledil oziroma ga zasledoval z belim BMW-jem serije 6. Napadeni in zasledovalec sta vozila po stari cesti od Ho\u010d proti Betnavi, mimo Pape\u0161ke ceste in za tem po Streli\u0161ki in Ljubljanski ulici ter po Cesti proletarskih brigad v Mariboru, kjer je o\u0161kodovancu uspelo pobegniti,&#8221; je Munda opisoval ponedeljkovo dogajanje. Dodal je, da se je zatem osumljeni presedel v drugo vozilo, in sicer belo \u0161kodo octavio, s katero je o\u0161kodovanca izsledil med vo\u017enjo proti avtocesti A1 v Ho\u010dah. A, kot je navedel Munda, tedaj je bil o\u0161kodovanec v vozilu \u017ee sam. Kaj se je zgodilo z \u017eensko in otrokom, ni jasno, po nekaterih podatkih naj bi ju bil napadeni odlo\u017eil pred polic<\/p>\n","protected":false},"excerpt":{"rendered":"<p>Robert Munda, vodja Sektorja kriminalisti\u010dne policije Policijske uprave Maribor, je povedal, da so 26-letnika iz okolice Maribora, ki so ga privedli k de\u017eurni preiskovalni sodnici, ovadili zaradi poskusa umora, povzro\u010ditve splo\u0161ne nevarnosti pa tudi nasilja v dru\u017eini. Ovadba izhaja iz ponedeljkovega ve\u010dernega streljanja na obrobju Maribora. Kot smo \u017ee poro\u010dali, je osumljenemu strelcu ime Matja\u017e Ferli\u010d. Pred preiskovalno sodnico branil z molkom, smo izvedeli neuradno in \u0161e, da je njegova zagovornica kriminalisti\u010dno-to\u017eilske o\u010ditke posku\u0161ala omajati z razlago, da to ni zgodba o poskusu umora, pa\u010d pa da je njen klient hotel o\u0161kodovanca samo prestra\u0161iti. A preiskovalne sodnice ni prepri\u010dala, saj je ta sledila zahtevi to\u017eilca Darka Simoni\u010da in osumljenega nocoj vtaknila v pripor. Sledil mu je po filmsko Osumljeni Matja\u017e Ferli\u010d iz Pesnice je okoli 21. ure na parkiri\u0161\u010du ob nekdanjem trgovskem centru Lesnine v Ho\u010dah streljal na deset let starej\u0161ega Dejana Gjerke\u0161a iz Slovenske Bistrice. Kot je povedal Munda, je ovadeni na o\u0161kodovanca streljal v trenutku, ko je ta sedel v osebnem avtomobilu in ko sta bila v njem tudi 32-letna \u017eenska in \u0161tiriletni otrok. Kot smo izvedeli neuradno, naj bi to bila Ferli\u010deva biv\u0161a partnerica in njun otrok. &#8220;Zaradi strelov je o\u0161kodovanec sunkovito odpeljal v smeri centra mesta. Osumljeni mu je ves \u010das sledil oziroma ga zasledoval z belim BMW-jem serije 6. Napadeni in zasledovalec sta vozila po stari cesti od Ho\u010d proti Betnavi, mimo Pape\u0161ke ceste in za tem po Streli\u0161ki in Ljubljanski ulici ter po Cesti proletarskih brigad v Mariboru, kjer je o\u0161kodovancu uspelo pobegniti,&#8221; je Munda opisoval ponedeljkovo dogajanje. Dodal je, da se je zatem osumljeni presedel v drugo vozilo, in sicer belo \u0161kodo octavio, s katero je o\u0161kodovanca izsledil med vo\u017enjo proti avtocesti A1 v Ho\u010dah. A, kot je navedel Munda, tedaj je bil o\u0161kodovanec v vozilu \u017ee sam. Kaj se je zgodilo z \u017eensko in otrokom, ni jasno, po nekaterih podatkih naj bi ju bil napadeni odlo\u017eil pred polic<\/p>\n","protected":false},"author":1,"featured_media":0,"comment_status":"closed","ping_status":"closed","sticky":false,"template":"","format":"standard","meta":{"footnotes":""},"categories":[1179],"tags":[],"source":[1711],"supertag":[],"acf":[],"yoast_head":"<!-- This site is optimized with the Yoast SEO plugin v21.3 - https:\/\/yoast.com\/wordpress\/plugins\/seo\/ -->\n<title>Strelec je v priporu, brani se z molkom - Hudo Slovenija<\/title>\n<meta name=\"robots\" content=\"index, follow, max-snippet:-1, max-image-preview:large, max-video-preview:-1\" \/>\n<link rel=\"canonical\" href=\"https:\/\/hudo.com\/si\/aktualno\/strelec-je-v-priporu-brani-se-z-molkom\/\" \/>\n<meta property=\"og:locale\" content=\"sl_SI\" \/>\n<meta property=\"og:type\" content=\"article\" \/>\n<meta property=\"og:title\" content=\"Strelec je v priporu, brani se z molkom - Hudo Slovenija\" \/>\n<meta property=\"og:description\" content=\"Robert Munda, vodja Sektorja kriminalisti\u010dne policije Policijske uprave Maribor, je povedal, da so 26-letnika iz okolice Maribora, ki so ga privedli k de\u017eurni preiskovalni sodnici, ovadili zaradi poskusa umora, povzro\u010ditve splo\u0161ne nevarnosti pa tudi nasilja v dru\u017eini. Ovadba izhaja iz ponedeljkovega ve\u010dernega streljanja na obrobju Maribora. Kot smo \u017ee poro\u010dali, je osumljenemu strelcu ime Matja\u017e Ferli\u010d. Pred preiskovalno sodnico branil z molkom, smo izvedeli neuradno in \u0161e, da je njegova zagovornica kriminalisti\u010dno-to\u017eilske o\u010ditke posku\u0161ala omajati z razlago, da to ni zgodba o poskusu umora, pa\u010d pa da je njen klient hotel o\u0161kodovanca samo prestra\u0161iti. A preiskovalne sodnice ni prepri\u010dala, saj je ta sledila zahtevi to\u017eilca Darka Simoni\u010da in osumljenega nocoj vtaknila v pripor. Sledil mu je po filmsko Osumljeni Matja\u017e Ferli\u010d iz Pesnice je okoli 21. ure na parkiri\u0161\u010du ob nekdanjem trgovskem centru Lesnine v Ho\u010dah streljal na deset let starej\u0161ega Dejana Gjerke\u0161a iz Slovenske Bistrice. Kot je povedal Munda, je ovadeni na o\u0161kodovanca streljal v trenutku, ko je ta sedel v osebnem avtomobilu in ko sta bila v njem tudi 32-letna \u017eenska in \u0161tiriletni otrok. Kot smo izvedeli neuradno, naj bi to bila Ferli\u010deva biv\u0161a partnerica in njun otrok. &quot;Zaradi strelov je o\u0161kodovanec sunkovito odpeljal v smeri centra mesta. Osumljeni mu je ves \u010das sledil oziroma ga zasledoval z belim BMW-jem serije 6. Napadeni in zasledovalec sta vozila po stari cesti od Ho\u010d proti Betnavi, mimo Pape\u0161ke ceste in za tem po Streli\u0161ki in Ljubljanski ulici ter po Cesti proletarskih brigad v Mariboru, kjer je o\u0161kodovancu uspelo pobegniti,&quot; je Munda opisoval ponedeljkovo dogajanje. Dodal je, da se je zatem osumljeni presedel v drugo vozilo, in sicer belo \u0161kodo octavio, s katero je o\u0161kodovanca izsledil med vo\u017enjo proti avtocesti A1 v Ho\u010dah. A, kot je navedel Munda, tedaj je bil o\u0161kodovanec v vozilu \u017ee sam. Kaj se je zgodilo z \u017eensko in otrokom, ni jasno, po nekaterih podatkih naj bi ju bil napadeni odlo\u017eil pred polic\" \/>\n<meta property=\"og:url\" content=\"https:\/\/hudo.com\/si\/aktualno\/strelec-je-v-priporu-brani-se-z-molkom\/\" \/>\n<meta property=\"og:site_name\" content=\"Hudo Slovenija\" \/>\n<meta property=\"article:publisher\" content=\"https:\/\/www.facebook.com\/hudo.si\" \/>\n<meta property=\"article:published_time\" content=\"2017-03-16T18:19:00+00:00\" \/>\n<meta property=\"article:modified_time\" content=\"2017-03-17T07:03:03+00:00\" \/>\n<meta property=\"og:image\" content=\"https:\/\/hudo.com\/si\/wp-content\/uploads\/sites\/2\/2017\/03\/86906042_shootinghamilton-300-2.jpg\" \/>\n\t<meta property=\"og:image:width\" content=\"450\" \/>\n\t<meta property=\"og:image:height\" content=\"253\" \/>\n\t<meta property=\"og:image:type\" content=\"image\/jpeg\" \/>\n<meta name=\"author\" content=\"hudo\" \/>\n<meta name=\"twitter:card\" content=\"summary_large_image\" \/>\n<meta name=\"twitter:creator\" content=\"@hudo_si\" \/>\n<meta name=\"twitter:site\" content=\"@hudo_si\" \/>\n<meta name=\"twitter:label1\" content=\"Written by\" \/>\n\t<meta name=\"twitter:data1\" content=\"hudo\" \/>\n\t<meta name=\"twitter:label2\" content=\"Est. reading time\" \/>\n\t<meta name=\"twitter:data2\" content=\"2 minuti\" \/>\n<script type=\"application\/ld+json\" class=\"yoast-schema-graph\">{\"@context\":\"https:\/\/schema.org\",\"@graph\":[{\"@type\":\"Article\",\"@id\":\"https:\/\/hudo.com\/si\/aktualno\/strelec-je-v-priporu-brani-se-z-molkom\/#article\",\"isPartOf\":{\"@id\":\"https:\/\/hudo.com\/si\/aktualno\/strelec-je-v-priporu-brani-se-z-molkom\/\"},\"author\":{\"name\":\"hudo\",\"@id\":\"https:\/\/hudo.com\/si\/#\/schema\/person\/601cf3379633985b20f7e50f2bb47707\"},\"headline\":\"Strelec je v priporu, brani se z molkom\",\"datePublished\":\"2017-03-16T18:19:00+00:00\",\"dateModified\":\"2017-03-17T07:03:03+00:00\",\"mainEntityOfPage\":{\"@id\":\"https:\/\/hudo.com\/si\/aktualno\/strelec-je-v-priporu-brani-se-z-molkom\/\"},\"wordCount\":354,\"publisher\":{\"@id\":\"https:\/\/hudo.com\/si\/#organization\"},\"articleSection\":[\"Aktualno\"],\"inLanguage\":\"sl-SI\"},{\"@type\":\"WebPage\",\"@id\":\"https:\/\/hudo.com\/si\/aktualno\/strelec-je-v-priporu-brani-se-z-molkom\/\",\"url\":\"https:\/\/hudo.com\/si\/aktualno\/strelec-je-v-priporu-brani-se-z-molkom\/\",\"name\":\"Strelec je v priporu, brani se z molkom - Hudo Slovenija\",\"isPartOf\":{\"@id\":\"https:\/\/hudo.com\/si\/#website\"},\"datePublished\":\"2017-03-16T18:19:00+00:00\",\"dateModified\":\"2017-03-17T07:03:03+00:00\",\"breadcrumb\":{\"@id\":\"https:\/\/hudo.com\/si\/aktualno\/strelec-je-v-priporu-brani-se-z-molkom\/#breadcrumb\"},\"inLanguage\":\"sl-SI\",\"potentialAction\":[{\"@type\":\"ReadAction\",\"target\":[\"https:\/\/hudo.com\/si\/aktualno\/strelec-je-v-priporu-brani-se-z-molkom\/\"]}]},{\"@type\":\"BreadcrumbList\",\"@id\":\"https:\/\/hudo.com\/si\/aktualno\/strelec-je-v-priporu-brani-se-z-molkom\/#breadcrumb\",\"itemListElement\":[{\"@type\":\"ListItem\",\"position\":1,\"name\":\"Home\",\"item\":\"https:\/\/hudo.com\/si\/\"},{\"@type\":\"ListItem\",\"position\":2,\"name\":\"Strelec je v priporu, brani se z molkom\"}]},{\"@type\":\"WebSite\",\"@id\":\"https:\/\/hudo.com\/si\/#website\",\"url\":\"https:\/\/hudo.com\/si\/\",\"name\":\"Hudo Slovenija\",\"description\":\"Vse novice iz Slovenije in sveta\",\"publisher\":{\"@id\":\"https:\/\/hudo.com\/si\/#organization\"},\"potentialAction\":[{\"@type\":\"SearchAction\",\"target\":{\"@type\":\"EntryPoint\",\"urlTemplate\":\"https:\/\/hudo.com\/si\/?s={search_term_string}\"},\"query-input\":\"required name=search_term_string\"}],\"inLanguage\":\"sl-SI\"},{\"@type\":\"Organization\",\"@id\":\"https:\/\/hudo.com\/si\/#organization\",\"name\":\"VSN Media\",\"url\":\"https:\/\/hudo.com\/si\/\",\"logo\":{\"@type\":\"ImageObject\",\"inLanguage\":\"sl-SI\",\"@id\":\"https:\/\/hudo.com\/si\/#\/schema\/logo\/image\/\",\"url\":\"https:\/\/hudo.com\/si\/wp-content\/uploads\/sites\/2\/2021\/03\/hudo-app-2.png\",\"contentUrl\":\"https:\/\/hudo.com\/si\/wp-content\/uploads\/sites\/2\/2021\/03\/hudo-app-2.png\",\"width\":2185,\"height\":2167,\"caption\":\"VSN Media\"},\"image\":{\"@id\":\"https:\/\/hudo.com\/si\/#\/schema\/logo\/image\/\"},\"sameAs\":[\"https:\/\/www.facebook.com\/hudo.si\",\"https:\/\/twitter.com\/hudo_si\"]},{\"@type\":\"Person\",\"@id\":\"https:\/\/hudo.com\/si\/#\/schema\/person\/601cf3379633985b20f7e50f2bb47707\",\"name\":\"hudo\",\"image\":{\"@type\":\"ImageObject\",\"inLanguage\":\"sl-SI\",\"@id\":\"https:\/\/hudo.com\/si\/#\/schema\/person\/image\/\",\"url\":\"https:\/\/secure.gravatar.com\/avatar\/c4ca25fa72cace7a696b52ff5db9e095?s=96&d=mm&r=g\",\"contentUrl\":\"https:\/\/secure.gravatar.com\/avatar\/c4ca25fa72cace7a696b52ff5db9e095?s=96&d=mm&r=g\",\"caption\":\"hudo\"},\"url\":\"https:\/\/hudo.com\/si\/author\/hudo\/\"}]}<\/script>\n<!-- \/ Yoast SEO plugin. -->","yoast_head_json":{"title":"Strelec je v priporu, brani se z molkom - Hudo Slovenija","robots":{"index":"index","follow":"follow","max-snippet":"max-snippet:-1","max-image-preview":"max-image-preview:large","max-video-preview":"max-video-preview:-1"},"canonical":"https:\/\/hudo.com\/si\/aktualno\/strelec-je-v-priporu-brani-se-z-molkom\/","og_locale":"sl_SI","og_type":"article","og_title":"Strelec je v priporu, brani se z molkom - Hudo Slovenija","og_description":"Robert Munda, vodja Sektorja kriminalisti\u010dne policije Policijske uprave Maribor, je povedal, da so 26-letnika iz okolice Maribora, ki so ga privedli k de\u017eurni preiskovalni sodnici, ovadili zaradi poskusa umora, povzro\u010ditve splo\u0161ne nevarnosti pa tudi nasilja v dru\u017eini. Ovadba izhaja iz ponedeljkovega ve\u010dernega streljanja na obrobju Maribora. Kot smo \u017ee poro\u010dali, je osumljenemu strelcu ime Matja\u017e Ferli\u010d. Pred preiskovalno sodnico branil z molkom, smo izvedeli neuradno in \u0161e, da je njegova zagovornica kriminalisti\u010dno-to\u017eilske o\u010ditke posku\u0161ala omajati z razlago, da to ni zgodba o poskusu umora, pa\u010d pa da je njen klient hotel o\u0161kodovanca samo prestra\u0161iti. A preiskovalne sodnice ni prepri\u010dala, saj je ta sledila zahtevi to\u017eilca Darka Simoni\u010da in osumljenega nocoj vtaknila v pripor. Sledil mu je po filmsko Osumljeni Matja\u017e Ferli\u010d iz Pesnice je okoli 21. ure na parkiri\u0161\u010du ob nekdanjem trgovskem centru Lesnine v Ho\u010dah streljal na deset let starej\u0161ega Dejana Gjerke\u0161a iz Slovenske Bistrice. Kot je povedal Munda, je ovadeni na o\u0161kodovanca streljal v trenutku, ko je ta sedel v osebnem avtomobilu in ko sta bila v njem tudi 32-letna \u017eenska in \u0161tiriletni otrok. Kot smo izvedeli neuradno, naj bi to bila Ferli\u010deva biv\u0161a partnerica in njun otrok. \"Zaradi strelov je o\u0161kodovanec sunkovito odpeljal v smeri centra mesta. Osumljeni mu je ves \u010das sledil oziroma ga zasledoval z belim BMW-jem serije 6. Napadeni in zasledovalec sta vozila po stari cesti od Ho\u010d proti Betnavi, mimo Pape\u0161ke ceste in za tem po Streli\u0161ki in Ljubljanski ulici ter po Cesti proletarskih brigad v Mariboru, kjer je o\u0161kodovancu uspelo pobegniti,\" je Munda opisoval ponedeljkovo dogajanje. Dodal je, da se je zatem osumljeni presedel v drugo vozilo, in sicer belo \u0161kodo octavio, s katero je o\u0161kodovanca izsledil med vo\u017enjo proti avtocesti A1 v Ho\u010dah. A, kot je navedel Munda, tedaj je bil o\u0161kodovanec v vozilu \u017ee sam. Kaj se je zgodilo z \u017eensko in otrokom, ni jasno, po nekaterih podatkih naj bi ju bil napadeni odlo\u017eil pred polic","og_url":"https:\/\/hudo.com\/si\/aktualno\/strelec-je-v-priporu-brani-se-z-molkom\/","og_site_name":"Hudo Slovenija","article_publisher":"https:\/\/www.facebook.com\/hudo.si","article_published_time":"2017-03-16T18:19:00+00:00","article_modified_time":"2017-03-17T07:03:03+00:00","og_image":[{"width":450,"height":253,"url":"https:\/\/hudo.com\/si\/wp-content\/uploads\/sites\/2\/2017\/03\/86906042_shootinghamilton-300-2.jpg","type":"image\/jpeg"}],"author":"hudo","twitter_card":"summary_large_image","twitter_creator":"@hudo_si","twitter_site":"@hudo_si","twitter_misc":{"Written by":"hudo","Est. reading time":"2 minuti"},"schema":{"@context":"https:\/\/schema.org","@graph":[{"@type":"Article","@id":"https:\/\/hudo.com\/si\/aktualno\/strelec-je-v-priporu-brani-se-z-molkom\/#article","isPartOf":{"@id":"https:\/\/hudo.com\/si\/aktualno\/strelec-je-v-priporu-brani-se-z-molkom\/"},"author":{"name":"hudo","@id":"https:\/\/hudo.com\/si\/#\/schema\/person\/601cf3379633985b20f7e50f2bb47707"},"headline":"Strelec je v priporu, brani se z molkom","datePublished":"2017-03-16T18:19:00+00:00","dateModified":"2017-03-17T07:03:03+00:00","mainEntityOfPage":{"@id":"https:\/\/hudo.com\/si\/aktualno\/strelec-je-v-priporu-brani-se-z-molkom\/"},"wordCount":354,"publisher":{"@id":"https:\/\/hudo.com\/si\/#organization"},"articleSection":["Aktualno"],"inLanguage":"sl-SI"},{"@type":"WebPage","@id":"https:\/\/hudo.com\/si\/aktualno\/strelec-je-v-priporu-brani-se-z-molkom\/","url":"https:\/\/hudo.com\/si\/aktualno\/strelec-je-v-priporu-brani-se-z-molkom\/","name":"Strelec je v priporu, brani se z molkom - Hudo Slovenija","isPartOf":{"@id":"https:\/\/hudo.com\/si\/#website"},"datePublished":"2017-03-16T18:19:00+00:00","dateModified":"2017-03-17T07:03:03+00:00","breadcrumb":{"@id":"https:\/\/hudo.com\/si\/aktualno\/strelec-je-v-priporu-brani-se-z-molkom\/#breadcrumb"},"inLanguage":"sl-SI","potentialAction":[{"@type":"ReadAction","target":["https:\/\/hudo.com\/si\/aktualno\/strelec-je-v-priporu-brani-se-z-molkom\/"]}]},{"@type":"BreadcrumbList","@id":"https:\/\/hudo.com\/si\/aktualno\/strelec-je-v-priporu-brani-se-z-molkom\/#breadcrumb","itemListElement":[{"@type":"ListItem","position":1,"name":"Home","item":"https:\/\/hudo.com\/si\/"},{"@type":"ListItem","position":2,"name":"Strelec je v priporu, brani se z molkom"}]},{"@type":"WebSite","@id":"https:\/\/hudo.com\/si\/#website","url":"https:\/\/hudo.com\/si\/","name":"Hudo Slovenija","description":"Vse novice iz Slovenije in sveta","publisher":{"@id":"https:\/\/hudo.com\/si\/#organization"},"potentialAction":[{"@type":"SearchAction","target":{"@type":"EntryPoint","urlTemplate":"https:\/\/hudo.com\/si\/?s={search_term_string}"},"query-input":"required name=search_term_string"}],"inLanguage":"sl-SI"},{"@type":"Organization","@id":"https:\/\/hudo.com\/si\/#organization","name":"VSN Media","url":"https:\/\/hudo.com\/si\/","logo":{"@type":"ImageObject","inLanguage":"sl-SI","@id":"https:\/\/hudo.com\/si\/#\/schema\/logo\/image\/","url":"https:\/\/hudo.com\/si\/wp-content\/uploads\/sites\/2\/2021\/03\/hudo-app-2.png","contentUrl":"https:\/\/hudo.com\/si\/wp-content\/uploads\/sites\/2\/2021\/03\/hudo-app-2.png","width":2185,"height":2167,"caption":"VSN Media"},"image":{"@id":"https:\/\/hudo.com\/si\/#\/schema\/logo\/image\/"},"sameAs":["https:\/\/www.facebook.com\/hudo.si","https:\/\/twitter.com\/hudo_si"]},{"@type":"Person","@id":"https:\/\/hudo.com\/si\/#\/schema\/person\/601cf3379633985b20f7e50f2bb47707","name":"hudo","image":{"@type":"ImageObject","inLanguage":"sl-SI","@id":"https:\/\/hudo.com\/si\/#\/schema\/person\/image\/","url":"https:\/\/secure.gravatar.com\/avatar\/c4ca25fa72cace7a696b52ff5db9e095?s=96&d=mm&r=g","contentUrl":"https:\/\/secure.gravatar.com\/avatar\/c4ca25fa72cace7a696b52ff5db9e095?s=96&d=mm&r=g","caption":"hudo"},"url":"https:\/\/hudo.com\/si\/author\/hudo\/"}]}},"amp_enabled":true,"_links":{"self":[{"href":"https:\/\/hudo.com\/si\/wp-json\/wp\/v2\/posts\/227059"}],"collection":[{"href":"https:\/\/hudo.com\/si\/wp-json\/wp\/v2\/posts"}],"about":[{"href":"https:\/\/hudo.com\/si\/wp-json\/wp\/v2\/types\/post"}],"author":[{"embeddable":true,"href":"https:\/\/hudo.com\/si\/wp-json\/wp\/v2\/users\/1"}],"replies":[{"embeddable":true,"href":"https:\/\/hudo.com\/si\/wp-json\/wp\/v2\/comments?post=227059"}],"version-history":[{"count":1,"href":"https:\/\/hudo.com\/si\/wp-json\/wp\/v2\/posts\/227059\/revisions"}],"predecessor-version":[{"id":227117,"href":"https:\/\/hudo.com\/si\/wp-json\/wp\/v2\/posts\/227059\/revisions\/227117"}],"wp:attachment":[{"href":"https:\/\/hudo.com\/si\/wp-json\/wp\/v2\/media?parent=227059"}],"wp:term":[{"taxonomy":"category","embeddable":true,"href":"https:\/\/hudo.com\/si\/wp-json\/wp\/v2\/categories?post=227059"},{"taxonomy":"post_tag","embeddable":true,"href":"https:\/\/hudo.com\/si\/wp-json\/wp\/v2\/tags?post=227059"},{"taxonomy":"source","embeddable":true,"href":"https:\/\/hudo.com\/si\/wp-json\/wp\/v2\/source?post=227059"},{"taxonomy":"supertag","embeddable":true,"href":"https:\/\/hudo.com\/si\/wp-json\/wp\/v2\/supertag?post=227059"}],"curies":[{"name":"wp","href":"https:\/\/api.w.org\/{rel}","templated":true}]}}