{"id":227498,"date":"2017-03-17T17:36:00","date_gmt":"2017-03-17T16:36:00","guid":{"rendered":"http:\/\/hudo.com\/si\/2017\/03\/17\/slovenci-v-cetrtfinalu-ekipne-tekme-ilka-stuhec-odpovedala-slalom\/"},"modified":"2017-03-18T07:22:00","modified_gmt":"2017-03-18T06:22:00","slug":"slovenci-v-cetrtfinalu-ekipne-tekme-ilka-stuhec-odpovedala-slalom","status":"publish","type":"post","link":"https:\/\/hudo.com\/si\/aktualno\/slovenci-v-cetrtfinalu-ekipne-tekme-ilka-stuhec-odpovedala-slalom\/","title":{"rendered":"Slovenci v \u010detrtfinalu ekipne tekme; Ilka \u0160tuhec odpovedala slalom"},"content":{"rendered":"<p>Kategorija: Zimski Fri, 17 Mar 2017 18:36:00 +0100  Aspen &#8211; Slovenski smu\u010darji so v Aspnu nastopili tudi na ekipni tekmi, a so z nastopom zelo hitro zaklju\u010dili. V postavi Ana Drev, \u017dan Kranjec, Ana Bucik in Martin \u010cater proti mo\u010dni Italiji (Costazza, Thaler, Curtoni, Razzoli) ni imela veliko mo\u017enosti. Edino zmago je v dvoboju z izku\u0161enim Patrickom Thalerjem dosegel \u017dan Kranjec.\u00a0 Slovenija je z nastopi kon\u010dala \u017ee v prvem krogu tekmovanja, boj za medalje pa se nadaljuje. V polfinalu je bila Nem\u010dija prepri\u010dljivo (3:1) bolj\u0161a od Italije in se pri\u010dakovano uvrstila v veliki finale, v drugem paru so \u0160vedi, ki nastopajo z zelo mo\u010dno postavo (Myhrer, Wikstroem, Hansdotter, Hargin) izlo\u010dili Francoze.\u00a0 Veliko finale je bilo odlo\u010deno zelo hitro. Frida Hansdotter je dobila svoj prvi dvoboj na dana\u0161nji tekmi, Mathias Hargin je na paralelnih tekmah zelo dober, tudi Emilie Wikstroem je\u00a0&#8230;<\/p>\n","protected":false},"excerpt":{"rendered":"<p>Kategorija: Zimski Fri, 17 Mar 2017 18:36:00 +0100  Aspen &#8211; Slovenski smu\u010darji so v Aspnu nastopili tudi na ekipni tekmi, a so z nastopom zelo hitro zaklju\u010dili. V postavi Ana Drev, \u017dan Kranjec, Ana Bucik in Martin \u010cater proti mo\u010dni Italiji (Costazza, Thaler, Curtoni, Razzoli) ni imela veliko mo\u017enosti. Edino zmago je v dvoboju z izku\u0161enim Patrickom Thalerjem dosegel \u017dan Kranjec.\u00a0 Slovenija je z nastopi kon\u010dala \u017ee v prvem krogu tekmovanja, boj za medalje pa se nadaljuje. V polfinalu je bila Nem\u010dija prepri\u010dljivo (3:1) bolj\u0161a od Italije in se pri\u010dakovano uvrstila v veliki finale, v drugem paru so \u0160vedi, ki nastopajo z zelo mo\u010dno postavo (Myhrer, Wikstroem, Hansdotter, Hargin) izlo\u010dili Francoze.\u00a0 Veliko finale je bilo odlo\u010deno zelo hitro. Frida Hansdotter je dobila svoj prvi dvoboj na dana\u0161nji tekmi, Mathias Hargin je na paralelnih tekmah zelo dober, tudi Emilie Wikstroem je\u00a0&#8230;<\/p>\n","protected":false},"author":1,"featured_media":0,"comment_status":"closed","ping_status":"closed","sticky":false,"template":"","format":"standard","meta":{"footnotes":""},"categories":[1179],"tags":[],"source":[1703],"supertag":[],"acf":[],"yoast_head":"<!-- This site is optimized with the Yoast SEO plugin v21.3 - https:\/\/yoast.com\/wordpress\/plugins\/seo\/ -->\n<title>Slovenci v \u010detrtfinalu ekipne tekme; Ilka \u0160tuhec odpovedala slalom - Hudo Slovenija<\/title>\n<meta name=\"robots\" content=\"index, follow, max-snippet:-1, max-image-preview:large, max-video-preview:-1\" \/>\n<link rel=\"canonical\" href=\"https:\/\/hudo.com\/si\/aktualno\/slovenci-v-cetrtfinalu-ekipne-tekme-ilka-stuhec-odpovedala-slalom\/\" \/>\n<meta property=\"og:locale\" content=\"sl_SI\" \/>\n<meta property=\"og:type\" content=\"article\" \/>\n<meta property=\"og:title\" content=\"Slovenci v \u010detrtfinalu ekipne tekme; Ilka \u0160tuhec odpovedala slalom - Hudo Slovenija\" \/>\n<meta property=\"og:description\" content=\"Kategorija: Zimski Fri, 17 Mar 2017 18:36:00 +0100 Aspen - Slovenski smu\u010darji so v Aspnu nastopili tudi na ekipni tekmi, a so z nastopom zelo hitro zaklju\u010dili. V postavi Ana Drev, \u017dan Kranjec, Ana Bucik in Martin \u010cater proti mo\u010dni Italiji (Costazza, Thaler, Curtoni, Razzoli) ni imela veliko mo\u017enosti. Edino zmago je v dvoboju z izku\u0161enim Patrickom Thalerjem dosegel \u017dan Kranjec.\u00a0 Slovenija je z nastopi kon\u010dala \u017ee v prvem krogu tekmovanja, boj za medalje pa se nadaljuje. V polfinalu je bila Nem\u010dija prepri\u010dljivo (3:1) bolj\u0161a od Italije in se pri\u010dakovano uvrstila v veliki finale, v drugem paru so \u0160vedi, ki nastopajo z zelo mo\u010dno postavo (Myhrer, Wikstroem, Hansdotter, Hargin) izlo\u010dili Francoze.\u00a0 Veliko finale je bilo odlo\u010deno zelo hitro. Frida Hansdotter je dobila svoj prvi dvoboj na dana\u0161nji tekmi, Mathias Hargin je na paralelnih tekmah zelo dober, tudi Emilie Wikstroem je\u00a0...\" \/>\n<meta property=\"og:url\" content=\"https:\/\/hudo.com\/si\/aktualno\/slovenci-v-cetrtfinalu-ekipne-tekme-ilka-stuhec-odpovedala-slalom\/\" \/>\n<meta property=\"og:site_name\" content=\"Hudo Slovenija\" \/>\n<meta property=\"article:publisher\" content=\"https:\/\/www.facebook.com\/hudo.si\" \/>\n<meta property=\"article:published_time\" content=\"2017-03-17T16:36:00+00:00\" \/>\n<meta property=\"article:modified_time\" content=\"2017-03-18T06:22:00+00:00\" \/>\n<meta property=\"og:image\" content=\"https:\/\/hudo.com\/si\/wp-content\/uploads\/sites\/2\/2017\/03\/480x290_AP_Pictures-20170317175804-20619400.jpeg\" \/>\n\t<meta property=\"og:image:width\" content=\"480\" \/>\n\t<meta property=\"og:image:height\" content=\"290\" \/>\n\t<meta property=\"og:image:type\" content=\"image\/jpeg\" \/>\n<meta name=\"author\" content=\"hudo\" \/>\n<meta name=\"twitter:card\" content=\"summary_large_image\" \/>\n<meta name=\"twitter:creator\" content=\"@hudo_si\" \/>\n<meta name=\"twitter:site\" content=\"@hudo_si\" \/>\n<meta name=\"twitter:label1\" content=\"Written by\" \/>\n\t<meta name=\"twitter:data1\" content=\"hudo\" \/>\n\t<meta name=\"twitter:label2\" content=\"Est. reading time\" \/>\n\t<meta name=\"twitter:data2\" content=\"1 minuta\" \/>\n<script type=\"application\/ld+json\" class=\"yoast-schema-graph\">{\"@context\":\"https:\/\/schema.org\",\"@graph\":[{\"@type\":\"Article\",\"@id\":\"https:\/\/hudo.com\/si\/aktualno\/slovenci-v-cetrtfinalu-ekipne-tekme-ilka-stuhec-odpovedala-slalom\/#article\",\"isPartOf\":{\"@id\":\"https:\/\/hudo.com\/si\/aktualno\/slovenci-v-cetrtfinalu-ekipne-tekme-ilka-stuhec-odpovedala-slalom\/\"},\"author\":{\"name\":\"hudo\",\"@id\":\"https:\/\/hudo.com\/si\/#\/schema\/person\/601cf3379633985b20f7e50f2bb47707\"},\"headline\":\"Slovenci v \u010detrtfinalu ekipne tekme; Ilka \u0160tuhec odpovedala slalom\",\"datePublished\":\"2017-03-17T16:36:00+00:00\",\"dateModified\":\"2017-03-18T06:22:00+00:00\",\"mainEntityOfPage\":{\"@id\":\"https:\/\/hudo.com\/si\/aktualno\/slovenci-v-cetrtfinalu-ekipne-tekme-ilka-stuhec-odpovedala-slalom\/\"},\"wordCount\":158,\"publisher\":{\"@id\":\"https:\/\/hudo.com\/si\/#organization\"},\"articleSection\":[\"Aktualno\"],\"inLanguage\":\"sl-SI\"},{\"@type\":\"WebPage\",\"@id\":\"https:\/\/hudo.com\/si\/aktualno\/slovenci-v-cetrtfinalu-ekipne-tekme-ilka-stuhec-odpovedala-slalom\/\",\"url\":\"https:\/\/hudo.com\/si\/aktualno\/slovenci-v-cetrtfinalu-ekipne-tekme-ilka-stuhec-odpovedala-slalom\/\",\"name\":\"Slovenci v \u010detrtfinalu ekipne tekme; Ilka \u0160tuhec odpovedala slalom - Hudo Slovenija\",\"isPartOf\":{\"@id\":\"https:\/\/hudo.com\/si\/#website\"},\"datePublished\":\"2017-03-17T16:36:00+00:00\",\"dateModified\":\"2017-03-18T06:22:00+00:00\",\"breadcrumb\":{\"@id\":\"https:\/\/hudo.com\/si\/aktualno\/slovenci-v-cetrtfinalu-ekipne-tekme-ilka-stuhec-odpovedala-slalom\/#breadcrumb\"},\"inLanguage\":\"sl-SI\",\"potentialAction\":[{\"@type\":\"ReadAction\",\"target\":[\"https:\/\/hudo.com\/si\/aktualno\/slovenci-v-cetrtfinalu-ekipne-tekme-ilka-stuhec-odpovedala-slalom\/\"]}]},{\"@type\":\"BreadcrumbList\",\"@id\":\"https:\/\/hudo.com\/si\/aktualno\/slovenci-v-cetrtfinalu-ekipne-tekme-ilka-stuhec-odpovedala-slalom\/#breadcrumb\",\"itemListElement\":[{\"@type\":\"ListItem\",\"position\":1,\"name\":\"Home\",\"item\":\"https:\/\/hudo.com\/si\/\"},{\"@type\":\"ListItem\",\"position\":2,\"name\":\"Slovenci v \u010detrtfinalu ekipne tekme; Ilka \u0160tuhec odpovedala slalom\"}]},{\"@type\":\"WebSite\",\"@id\":\"https:\/\/hudo.com\/si\/#website\",\"url\":\"https:\/\/hudo.com\/si\/\",\"name\":\"Hudo Slovenija\",\"description\":\"Vse novice iz Slovenije in sveta\",\"publisher\":{\"@id\":\"https:\/\/hudo.com\/si\/#organization\"},\"potentialAction\":[{\"@type\":\"SearchAction\",\"target\":{\"@type\":\"EntryPoint\",\"urlTemplate\":\"https:\/\/hudo.com\/si\/?s={search_term_string}\"},\"query-input\":\"required name=search_term_string\"}],\"inLanguage\":\"sl-SI\"},{\"@type\":\"Organization\",\"@id\":\"https:\/\/hudo.com\/si\/#organization\",\"name\":\"VSN Media\",\"url\":\"https:\/\/hudo.com\/si\/\",\"logo\":{\"@type\":\"ImageObject\",\"inLanguage\":\"sl-SI\",\"@id\":\"https:\/\/hudo.com\/si\/#\/schema\/logo\/image\/\",\"url\":\"https:\/\/hudo.com\/si\/wp-content\/uploads\/sites\/2\/2021\/03\/hudo-app-2.png\",\"contentUrl\":\"https:\/\/hudo.com\/si\/wp-content\/uploads\/sites\/2\/2021\/03\/hudo-app-2.png\",\"width\":2185,\"height\":2167,\"caption\":\"VSN Media\"},\"image\":{\"@id\":\"https:\/\/hudo.com\/si\/#\/schema\/logo\/image\/\"},\"sameAs\":[\"https:\/\/www.facebook.com\/hudo.si\",\"https:\/\/twitter.com\/hudo_si\"]},{\"@type\":\"Person\",\"@id\":\"https:\/\/hudo.com\/si\/#\/schema\/person\/601cf3379633985b20f7e50f2bb47707\",\"name\":\"hudo\",\"image\":{\"@type\":\"ImageObject\",\"inLanguage\":\"sl-SI\",\"@id\":\"https:\/\/hudo.com\/si\/#\/schema\/person\/image\/\",\"url\":\"https:\/\/secure.gravatar.com\/avatar\/c4ca25fa72cace7a696b52ff5db9e095?s=96&d=mm&r=g\",\"contentUrl\":\"https:\/\/secure.gravatar.com\/avatar\/c4ca25fa72cace7a696b52ff5db9e095?s=96&d=mm&r=g\",\"caption\":\"hudo\"},\"url\":\"https:\/\/hudo.com\/si\/author\/hudo\/\"}]}<\/script>\n<!-- \/ Yoast SEO plugin. -->","yoast_head_json":{"title":"Slovenci v \u010detrtfinalu ekipne tekme; Ilka \u0160tuhec odpovedala slalom - Hudo Slovenija","robots":{"index":"index","follow":"follow","max-snippet":"max-snippet:-1","max-image-preview":"max-image-preview:large","max-video-preview":"max-video-preview:-1"},"canonical":"https:\/\/hudo.com\/si\/aktualno\/slovenci-v-cetrtfinalu-ekipne-tekme-ilka-stuhec-odpovedala-slalom\/","og_locale":"sl_SI","og_type":"article","og_title":"Slovenci v \u010detrtfinalu ekipne tekme; Ilka \u0160tuhec odpovedala slalom - Hudo Slovenija","og_description":"Kategorija: Zimski Fri, 17 Mar 2017 18:36:00 +0100 Aspen - Slovenski smu\u010darji so v Aspnu nastopili tudi na ekipni tekmi, a so z nastopom zelo hitro zaklju\u010dili. V postavi Ana Drev, \u017dan Kranjec, Ana Bucik in Martin \u010cater proti mo\u010dni Italiji (Costazza, Thaler, Curtoni, Razzoli) ni imela veliko mo\u017enosti. Edino zmago je v dvoboju z izku\u0161enim Patrickom Thalerjem dosegel \u017dan Kranjec.\u00a0 Slovenija je z nastopi kon\u010dala \u017ee v prvem krogu tekmovanja, boj za medalje pa se nadaljuje. V polfinalu je bila Nem\u010dija prepri\u010dljivo (3:1) bolj\u0161a od Italije in se pri\u010dakovano uvrstila v veliki finale, v drugem paru so \u0160vedi, ki nastopajo z zelo mo\u010dno postavo (Myhrer, Wikstroem, Hansdotter, Hargin) izlo\u010dili Francoze.\u00a0 Veliko finale je bilo odlo\u010deno zelo hitro. Frida Hansdotter je dobila svoj prvi dvoboj na dana\u0161nji tekmi, Mathias Hargin je na paralelnih tekmah zelo dober, tudi Emilie Wikstroem je\u00a0...","og_url":"https:\/\/hudo.com\/si\/aktualno\/slovenci-v-cetrtfinalu-ekipne-tekme-ilka-stuhec-odpovedala-slalom\/","og_site_name":"Hudo Slovenija","article_publisher":"https:\/\/www.facebook.com\/hudo.si","article_published_time":"2017-03-17T16:36:00+00:00","article_modified_time":"2017-03-18T06:22:00+00:00","og_image":[{"width":480,"height":290,"url":"https:\/\/hudo.com\/si\/wp-content\/uploads\/sites\/2\/2017\/03\/480x290_AP_Pictures-20170317175804-20619400.jpeg","type":"image\/jpeg"}],"author":"hudo","twitter_card":"summary_large_image","twitter_creator":"@hudo_si","twitter_site":"@hudo_si","twitter_misc":{"Written by":"hudo","Est. reading time":"1 minuta"},"schema":{"@context":"https:\/\/schema.org","@graph":[{"@type":"Article","@id":"https:\/\/hudo.com\/si\/aktualno\/slovenci-v-cetrtfinalu-ekipne-tekme-ilka-stuhec-odpovedala-slalom\/#article","isPartOf":{"@id":"https:\/\/hudo.com\/si\/aktualno\/slovenci-v-cetrtfinalu-ekipne-tekme-ilka-stuhec-odpovedala-slalom\/"},"author":{"name":"hudo","@id":"https:\/\/hudo.com\/si\/#\/schema\/person\/601cf3379633985b20f7e50f2bb47707"},"headline":"Slovenci v \u010detrtfinalu ekipne tekme; Ilka \u0160tuhec odpovedala slalom","datePublished":"2017-03-17T16:36:00+00:00","dateModified":"2017-03-18T06:22:00+00:00","mainEntityOfPage":{"@id":"https:\/\/hudo.com\/si\/aktualno\/slovenci-v-cetrtfinalu-ekipne-tekme-ilka-stuhec-odpovedala-slalom\/"},"wordCount":158,"publisher":{"@id":"https:\/\/hudo.com\/si\/#organization"},"articleSection":["Aktualno"],"inLanguage":"sl-SI"},{"@type":"WebPage","@id":"https:\/\/hudo.com\/si\/aktualno\/slovenci-v-cetrtfinalu-ekipne-tekme-ilka-stuhec-odpovedala-slalom\/","url":"https:\/\/hudo.com\/si\/aktualno\/slovenci-v-cetrtfinalu-ekipne-tekme-ilka-stuhec-odpovedala-slalom\/","name":"Slovenci v \u010detrtfinalu ekipne tekme; Ilka \u0160tuhec odpovedala slalom - Hudo Slovenija","isPartOf":{"@id":"https:\/\/hudo.com\/si\/#website"},"datePublished":"2017-03-17T16:36:00+00:00","dateModified":"2017-03-18T06:22:00+00:00","breadcrumb":{"@id":"https:\/\/hudo.com\/si\/aktualno\/slovenci-v-cetrtfinalu-ekipne-tekme-ilka-stuhec-odpovedala-slalom\/#breadcrumb"},"inLanguage":"sl-SI","potentialAction":[{"@type":"ReadAction","target":["https:\/\/hudo.com\/si\/aktualno\/slovenci-v-cetrtfinalu-ekipne-tekme-ilka-stuhec-odpovedala-slalom\/"]}]},{"@type":"BreadcrumbList","@id":"https:\/\/hudo.com\/si\/aktualno\/slovenci-v-cetrtfinalu-ekipne-tekme-ilka-stuhec-odpovedala-slalom\/#breadcrumb","itemListElement":[{"@type":"ListItem","position":1,"name":"Home","item":"https:\/\/hudo.com\/si\/"},{"@type":"ListItem","position":2,"name":"Slovenci v \u010detrtfinalu ekipne tekme; Ilka \u0160tuhec odpovedala slalom"}]},{"@type":"WebSite","@id":"https:\/\/hudo.com\/si\/#website","url":"https:\/\/hudo.com\/si\/","name":"Hudo Slovenija","description":"Vse novice iz Slovenije in sveta","publisher":{"@id":"https:\/\/hudo.com\/si\/#organization"},"potentialAction":[{"@type":"SearchAction","target":{"@type":"EntryPoint","urlTemplate":"https:\/\/hudo.com\/si\/?s={search_term_string}"},"query-input":"required name=search_term_string"}],"inLanguage":"sl-SI"},{"@type":"Organization","@id":"https:\/\/hudo.com\/si\/#organization","name":"VSN Media","url":"https:\/\/hudo.com\/si\/","logo":{"@type":"ImageObject","inLanguage":"sl-SI","@id":"https:\/\/hudo.com\/si\/#\/schema\/logo\/image\/","url":"https:\/\/hudo.com\/si\/wp-content\/uploads\/sites\/2\/2021\/03\/hudo-app-2.png","contentUrl":"https:\/\/hudo.com\/si\/wp-content\/uploads\/sites\/2\/2021\/03\/hudo-app-2.png","width":2185,"height":2167,"caption":"VSN Media"},"image":{"@id":"https:\/\/hudo.com\/si\/#\/schema\/logo\/image\/"},"sameAs":["https:\/\/www.facebook.com\/hudo.si","https:\/\/twitter.com\/hudo_si"]},{"@type":"Person","@id":"https:\/\/hudo.com\/si\/#\/schema\/person\/601cf3379633985b20f7e50f2bb47707","name":"hudo","image":{"@type":"ImageObject","inLanguage":"sl-SI","@id":"https:\/\/hudo.com\/si\/#\/schema\/person\/image\/","url":"https:\/\/secure.gravatar.com\/avatar\/c4ca25fa72cace7a696b52ff5db9e095?s=96&d=mm&r=g","contentUrl":"https:\/\/secure.gravatar.com\/avatar\/c4ca25fa72cace7a696b52ff5db9e095?s=96&d=mm&r=g","caption":"hudo"},"url":"https:\/\/hudo.com\/si\/author\/hudo\/"}]}},"amp_enabled":true,"_links":{"self":[{"href":"https:\/\/hudo.com\/si\/wp-json\/wp\/v2\/posts\/227498"}],"collection":[{"href":"https:\/\/hudo.com\/si\/wp-json\/wp\/v2\/posts"}],"about":[{"href":"https:\/\/hudo.com\/si\/wp-json\/wp\/v2\/types\/post"}],"author":[{"embeddable":true,"href":"https:\/\/hudo.com\/si\/wp-json\/wp\/v2\/users\/1"}],"replies":[{"embeddable":true,"href":"https:\/\/hudo.com\/si\/wp-json\/wp\/v2\/comments?post=227498"}],"version-history":[{"count":1,"href":"https:\/\/hudo.com\/si\/wp-json\/wp\/v2\/posts\/227498\/revisions"}],"predecessor-version":[{"id":227528,"href":"https:\/\/hudo.com\/si\/wp-json\/wp\/v2\/posts\/227498\/revisions\/227528"}],"wp:attachment":[{"href":"https:\/\/hudo.com\/si\/wp-json\/wp\/v2\/media?parent=227498"}],"wp:term":[{"taxonomy":"category","embeddable":true,"href":"https:\/\/hudo.com\/si\/wp-json\/wp\/v2\/categories?post=227498"},{"taxonomy":"post_tag","embeddable":true,"href":"https:\/\/hudo.com\/si\/wp-json\/wp\/v2\/tags?post=227498"},{"taxonomy":"source","embeddable":true,"href":"https:\/\/hudo.com\/si\/wp-json\/wp\/v2\/source?post=227498"},{"taxonomy":"supertag","embeddable":true,"href":"https:\/\/hudo.com\/si\/wp-json\/wp\/v2\/supertag?post=227498"}],"curies":[{"name":"wp","href":"https:\/\/api.w.org\/{rel}","templated":true}]}}