{"id":227502,"date":"2017-03-17T17:00:00","date_gmt":"2017-03-17T16:00:00","guid":{"rendered":"http:\/\/hudo.com\/si\/2017\/03\/17\/neroden-cas-za-urejanje-brezin\/"},"modified":"2017-03-18T07:22:10","modified_gmt":"2017-03-18T06:22:10","slug":"neroden-cas-za-urejanje-brezin","status":"publish","type":"post","link":"https:\/\/hudo.com\/si\/aktualno\/neroden-cas-za-urejanje-brezin\/","title":{"rendered":"Neroden \u010das za urejanje bre\u017ein"},"content":{"rendered":"<p>Kategorija: Slovenija Fri, 17 Mar 2017 18:00:00 +0100  Portoro\u017e \u2013 Direkcija RS za infrastrukturo na za\u010detku turisti\u010dne sezone ureja cestne bre\u017eine na Valeti. V ponedeljek so cesto delno zaprli, \u010dez deset dni pa bodo povsem zaprli cesto v Portoro\u017e med Valeto in gosti\u0161\u010dem Tomi. In to prav na za\u010detku sezone in v \u010dasu velikono\u010dnih praznikov.Da je kri\u017ei\u0161\u010de na Valeti (podobno kot kri\u017ei\u0161\u010de v Strunjanu) ozko grlo piranske ob\u010dine, vedo vsi, ki so kateri koli vikend v letu obiskali Portoro\u017e. Minulo nedeljo je vo\u017enja \u010dez Valeto proti notranjosti trajala vsaj pol ure, zdaj pa se obetajo \u0161e ve\u010dji zastoji. \u00bbBojimo se, da bomo izgubili vsaj \u010detrtino prometa. Mislim, da bo \u0161koda ve\u010dja, kot zna\u0161a investicija,\u00ab je dejal lastnik penziona in gosti\u0161\u010da Tomi Mate Matja\u017e. V koprskem podjetju CPK so nam povedali, da bodo dela trajala predvidoma do 24. aprila.\u00a0&#8230;<\/p>\n","protected":false},"excerpt":{"rendered":"<p>Kategorija: Slovenija Fri, 17 Mar 2017 18:00:00 +0100  Portoro\u017e \u2013 Direkcija RS za infrastrukturo na za\u010detku turisti\u010dne sezone ureja cestne bre\u017eine na Valeti. V ponedeljek so cesto delno zaprli, \u010dez deset dni pa bodo povsem zaprli cesto v Portoro\u017e med Valeto in gosti\u0161\u010dem Tomi. In to prav na za\u010detku sezone in v \u010dasu velikono\u010dnih praznikov.Da je kri\u017ei\u0161\u010de na Valeti (podobno kot kri\u017ei\u0161\u010de v Strunjanu) ozko grlo piranske ob\u010dine, vedo vsi, ki so kateri koli vikend v letu obiskali Portoro\u017e. Minulo nedeljo je vo\u017enja \u010dez Valeto proti notranjosti trajala vsaj pol ure, zdaj pa se obetajo \u0161e ve\u010dji zastoji. \u00bbBojimo se, da bomo izgubili vsaj \u010detrtino prometa. Mislim, da bo \u0161koda ve\u010dja, kot zna\u0161a investicija,\u00ab je dejal lastnik penziona in gosti\u0161\u010da Tomi Mate Matja\u017e. V koprskem podjetju CPK so nam povedali, da bodo dela trajala predvidoma do 24. aprila.\u00a0&#8230;<\/p>\n","protected":false},"author":1,"featured_media":0,"comment_status":"closed","ping_status":"closed","sticky":false,"template":"","format":"standard","meta":{"footnotes":""},"categories":[1179],"tags":[],"source":[1703],"supertag":[],"acf":[],"yoast_head":"<!-- This site is optimized with the Yoast SEO plugin v21.3 - https:\/\/yoast.com\/wordpress\/plugins\/seo\/ -->\n<title>Neroden \u010das za urejanje bre\u017ein - Hudo Slovenija<\/title>\n<meta name=\"robots\" content=\"index, follow, max-snippet:-1, max-image-preview:large, max-video-preview:-1\" \/>\n<link rel=\"canonical\" href=\"https:\/\/hudo.com\/si\/aktualno\/neroden-cas-za-urejanje-brezin\/\" \/>\n<meta property=\"og:locale\" content=\"sl_SI\" \/>\n<meta property=\"og:type\" content=\"article\" \/>\n<meta property=\"og:title\" content=\"Neroden \u010das za urejanje bre\u017ein - Hudo Slovenija\" \/>\n<meta property=\"og:description\" content=\"Kategorija: Slovenija Fri, 17 Mar 2017 18:00:00 +0100 Portoro\u017e \u2013 Direkcija RS za infrastrukturo na za\u010detku turisti\u010dne sezone ureja cestne bre\u017eine na Valeti. V ponedeljek so cesto delno zaprli, \u010dez deset dni pa bodo povsem zaprli cesto v Portoro\u017e med Valeto in gosti\u0161\u010dem Tomi. In to prav na za\u010detku sezone in v \u010dasu velikono\u010dnih praznikov.Da je kri\u017ei\u0161\u010de na Valeti (podobno kot kri\u017ei\u0161\u010de v Strunjanu) ozko grlo piranske ob\u010dine, vedo vsi, ki so kateri koli vikend v letu obiskali Portoro\u017e. Minulo nedeljo je vo\u017enja \u010dez Valeto proti notranjosti trajala vsaj pol ure, zdaj pa se obetajo \u0161e ve\u010dji zastoji. \u00bbBojimo se, da bomo izgubili vsaj \u010detrtino prometa. Mislim, da bo \u0161koda ve\u010dja, kot zna\u0161a investicija,\u00ab je dejal lastnik penziona in gosti\u0161\u010da Tomi Mate Matja\u017e. V koprskem podjetju CPK so nam povedali, da bodo dela trajala predvidoma do 24. aprila.\u00a0...\" \/>\n<meta property=\"og:url\" content=\"https:\/\/hudo.com\/si\/aktualno\/neroden-cas-za-urejanje-brezin\/\" \/>\n<meta property=\"og:site_name\" content=\"Hudo Slovenija\" \/>\n<meta property=\"article:publisher\" content=\"https:\/\/www.facebook.com\/hudo.si\" \/>\n<meta property=\"article:published_time\" content=\"2017-03-17T16:00:00+00:00\" \/>\n<meta property=\"article:modified_time\" content=\"2017-03-18T06:22:10+00:00\" \/>\n<meta property=\"og:image\" content=\"https:\/\/hudo.com\/si\/wp-content\/uploads\/sites\/2\/2017\/03\/480x290_Delo_Foto-20170317161635-39353900.jpeg\" \/>\n\t<meta property=\"og:image:width\" content=\"480\" \/>\n\t<meta property=\"og:image:height\" content=\"290\" \/>\n\t<meta property=\"og:image:type\" content=\"image\/jpeg\" \/>\n<meta name=\"author\" content=\"hudo\" \/>\n<meta name=\"twitter:card\" content=\"summary_large_image\" \/>\n<meta name=\"twitter:creator\" content=\"@hudo_si\" \/>\n<meta name=\"twitter:site\" content=\"@hudo_si\" \/>\n<meta name=\"twitter:label1\" content=\"Written by\" \/>\n\t<meta name=\"twitter:data1\" content=\"hudo\" \/>\n\t<meta name=\"twitter:label2\" content=\"Est. reading time\" \/>\n\t<meta name=\"twitter:data2\" content=\"1 minuta\" \/>\n<script type=\"application\/ld+json\" class=\"yoast-schema-graph\">{\"@context\":\"https:\/\/schema.org\",\"@graph\":[{\"@type\":\"Article\",\"@id\":\"https:\/\/hudo.com\/si\/aktualno\/neroden-cas-za-urejanje-brezin\/#article\",\"isPartOf\":{\"@id\":\"https:\/\/hudo.com\/si\/aktualno\/neroden-cas-za-urejanje-brezin\/\"},\"author\":{\"name\":\"hudo\",\"@id\":\"https:\/\/hudo.com\/si\/#\/schema\/person\/601cf3379633985b20f7e50f2bb47707\"},\"headline\":\"Neroden \u010das za urejanje bre\u017ein\",\"datePublished\":\"2017-03-17T16:00:00+00:00\",\"dateModified\":\"2017-03-18T06:22:10+00:00\",\"mainEntityOfPage\":{\"@id\":\"https:\/\/hudo.com\/si\/aktualno\/neroden-cas-za-urejanje-brezin\/\"},\"wordCount\":155,\"publisher\":{\"@id\":\"https:\/\/hudo.com\/si\/#organization\"},\"articleSection\":[\"Aktualno\"],\"inLanguage\":\"sl-SI\"},{\"@type\":\"WebPage\",\"@id\":\"https:\/\/hudo.com\/si\/aktualno\/neroden-cas-za-urejanje-brezin\/\",\"url\":\"https:\/\/hudo.com\/si\/aktualno\/neroden-cas-za-urejanje-brezin\/\",\"name\":\"Neroden \u010das za urejanje bre\u017ein - Hudo Slovenija\",\"isPartOf\":{\"@id\":\"https:\/\/hudo.com\/si\/#website\"},\"datePublished\":\"2017-03-17T16:00:00+00:00\",\"dateModified\":\"2017-03-18T06:22:10+00:00\",\"breadcrumb\":{\"@id\":\"https:\/\/hudo.com\/si\/aktualno\/neroden-cas-za-urejanje-brezin\/#breadcrumb\"},\"inLanguage\":\"sl-SI\",\"potentialAction\":[{\"@type\":\"ReadAction\",\"target\":[\"https:\/\/hudo.com\/si\/aktualno\/neroden-cas-za-urejanje-brezin\/\"]}]},{\"@type\":\"BreadcrumbList\",\"@id\":\"https:\/\/hudo.com\/si\/aktualno\/neroden-cas-za-urejanje-brezin\/#breadcrumb\",\"itemListElement\":[{\"@type\":\"ListItem\",\"position\":1,\"name\":\"Home\",\"item\":\"https:\/\/hudo.com\/si\/\"},{\"@type\":\"ListItem\",\"position\":2,\"name\":\"Neroden \u010das za urejanje bre\u017ein\"}]},{\"@type\":\"WebSite\",\"@id\":\"https:\/\/hudo.com\/si\/#website\",\"url\":\"https:\/\/hudo.com\/si\/\",\"name\":\"Hudo Slovenija\",\"description\":\"Vse novice iz Slovenije in sveta\",\"publisher\":{\"@id\":\"https:\/\/hudo.com\/si\/#organization\"},\"potentialAction\":[{\"@type\":\"SearchAction\",\"target\":{\"@type\":\"EntryPoint\",\"urlTemplate\":\"https:\/\/hudo.com\/si\/?s={search_term_string}\"},\"query-input\":\"required name=search_term_string\"}],\"inLanguage\":\"sl-SI\"},{\"@type\":\"Organization\",\"@id\":\"https:\/\/hudo.com\/si\/#organization\",\"name\":\"VSN Media\",\"url\":\"https:\/\/hudo.com\/si\/\",\"logo\":{\"@type\":\"ImageObject\",\"inLanguage\":\"sl-SI\",\"@id\":\"https:\/\/hudo.com\/si\/#\/schema\/logo\/image\/\",\"url\":\"https:\/\/hudo.com\/si\/wp-content\/uploads\/sites\/2\/2021\/03\/hudo-app-2.png\",\"contentUrl\":\"https:\/\/hudo.com\/si\/wp-content\/uploads\/sites\/2\/2021\/03\/hudo-app-2.png\",\"width\":2185,\"height\":2167,\"caption\":\"VSN Media\"},\"image\":{\"@id\":\"https:\/\/hudo.com\/si\/#\/schema\/logo\/image\/\"},\"sameAs\":[\"https:\/\/www.facebook.com\/hudo.si\",\"https:\/\/twitter.com\/hudo_si\"]},{\"@type\":\"Person\",\"@id\":\"https:\/\/hudo.com\/si\/#\/schema\/person\/601cf3379633985b20f7e50f2bb47707\",\"name\":\"hudo\",\"image\":{\"@type\":\"ImageObject\",\"inLanguage\":\"sl-SI\",\"@id\":\"https:\/\/hudo.com\/si\/#\/schema\/person\/image\/\",\"url\":\"https:\/\/secure.gravatar.com\/avatar\/c4ca25fa72cace7a696b52ff5db9e095?s=96&d=mm&r=g\",\"contentUrl\":\"https:\/\/secure.gravatar.com\/avatar\/c4ca25fa72cace7a696b52ff5db9e095?s=96&d=mm&r=g\",\"caption\":\"hudo\"},\"url\":\"https:\/\/hudo.com\/si\/author\/hudo\/\"}]}<\/script>\n<!-- \/ Yoast SEO plugin. -->","yoast_head_json":{"title":"Neroden \u010das za urejanje bre\u017ein - Hudo Slovenija","robots":{"index":"index","follow":"follow","max-snippet":"max-snippet:-1","max-image-preview":"max-image-preview:large","max-video-preview":"max-video-preview:-1"},"canonical":"https:\/\/hudo.com\/si\/aktualno\/neroden-cas-za-urejanje-brezin\/","og_locale":"sl_SI","og_type":"article","og_title":"Neroden \u010das za urejanje bre\u017ein - Hudo Slovenija","og_description":"Kategorija: Slovenija Fri, 17 Mar 2017 18:00:00 +0100 Portoro\u017e \u2013 Direkcija RS za infrastrukturo na za\u010detku turisti\u010dne sezone ureja cestne bre\u017eine na Valeti. V ponedeljek so cesto delno zaprli, \u010dez deset dni pa bodo povsem zaprli cesto v Portoro\u017e med Valeto in gosti\u0161\u010dem Tomi. In to prav na za\u010detku sezone in v \u010dasu velikono\u010dnih praznikov.Da je kri\u017ei\u0161\u010de na Valeti (podobno kot kri\u017ei\u0161\u010de v Strunjanu) ozko grlo piranske ob\u010dine, vedo vsi, ki so kateri koli vikend v letu obiskali Portoro\u017e. Minulo nedeljo je vo\u017enja \u010dez Valeto proti notranjosti trajala vsaj pol ure, zdaj pa se obetajo \u0161e ve\u010dji zastoji. \u00bbBojimo se, da bomo izgubili vsaj \u010detrtino prometa. Mislim, da bo \u0161koda ve\u010dja, kot zna\u0161a investicija,\u00ab je dejal lastnik penziona in gosti\u0161\u010da Tomi Mate Matja\u017e. V koprskem podjetju CPK so nam povedali, da bodo dela trajala predvidoma do 24. aprila.\u00a0...","og_url":"https:\/\/hudo.com\/si\/aktualno\/neroden-cas-za-urejanje-brezin\/","og_site_name":"Hudo Slovenija","article_publisher":"https:\/\/www.facebook.com\/hudo.si","article_published_time":"2017-03-17T16:00:00+00:00","article_modified_time":"2017-03-18T06:22:10+00:00","og_image":[{"width":480,"height":290,"url":"https:\/\/hudo.com\/si\/wp-content\/uploads\/sites\/2\/2017\/03\/480x290_Delo_Foto-20170317161635-39353900.jpeg","type":"image\/jpeg"}],"author":"hudo","twitter_card":"summary_large_image","twitter_creator":"@hudo_si","twitter_site":"@hudo_si","twitter_misc":{"Written by":"hudo","Est. reading time":"1 minuta"},"schema":{"@context":"https:\/\/schema.org","@graph":[{"@type":"Article","@id":"https:\/\/hudo.com\/si\/aktualno\/neroden-cas-za-urejanje-brezin\/#article","isPartOf":{"@id":"https:\/\/hudo.com\/si\/aktualno\/neroden-cas-za-urejanje-brezin\/"},"author":{"name":"hudo","@id":"https:\/\/hudo.com\/si\/#\/schema\/person\/601cf3379633985b20f7e50f2bb47707"},"headline":"Neroden \u010das za urejanje bre\u017ein","datePublished":"2017-03-17T16:00:00+00:00","dateModified":"2017-03-18T06:22:10+00:00","mainEntityOfPage":{"@id":"https:\/\/hudo.com\/si\/aktualno\/neroden-cas-za-urejanje-brezin\/"},"wordCount":155,"publisher":{"@id":"https:\/\/hudo.com\/si\/#organization"},"articleSection":["Aktualno"],"inLanguage":"sl-SI"},{"@type":"WebPage","@id":"https:\/\/hudo.com\/si\/aktualno\/neroden-cas-za-urejanje-brezin\/","url":"https:\/\/hudo.com\/si\/aktualno\/neroden-cas-za-urejanje-brezin\/","name":"Neroden \u010das za urejanje bre\u017ein - Hudo Slovenija","isPartOf":{"@id":"https:\/\/hudo.com\/si\/#website"},"datePublished":"2017-03-17T16:00:00+00:00","dateModified":"2017-03-18T06:22:10+00:00","breadcrumb":{"@id":"https:\/\/hudo.com\/si\/aktualno\/neroden-cas-za-urejanje-brezin\/#breadcrumb"},"inLanguage":"sl-SI","potentialAction":[{"@type":"ReadAction","target":["https:\/\/hudo.com\/si\/aktualno\/neroden-cas-za-urejanje-brezin\/"]}]},{"@type":"BreadcrumbList","@id":"https:\/\/hudo.com\/si\/aktualno\/neroden-cas-za-urejanje-brezin\/#breadcrumb","itemListElement":[{"@type":"ListItem","position":1,"name":"Home","item":"https:\/\/hudo.com\/si\/"},{"@type":"ListItem","position":2,"name":"Neroden \u010das za urejanje bre\u017ein"}]},{"@type":"WebSite","@id":"https:\/\/hudo.com\/si\/#website","url":"https:\/\/hudo.com\/si\/","name":"Hudo Slovenija","description":"Vse novice iz Slovenije in sveta","publisher":{"@id":"https:\/\/hudo.com\/si\/#organization"},"potentialAction":[{"@type":"SearchAction","target":{"@type":"EntryPoint","urlTemplate":"https:\/\/hudo.com\/si\/?s={search_term_string}"},"query-input":"required name=search_term_string"}],"inLanguage":"sl-SI"},{"@type":"Organization","@id":"https:\/\/hudo.com\/si\/#organization","name":"VSN Media","url":"https:\/\/hudo.com\/si\/","logo":{"@type":"ImageObject","inLanguage":"sl-SI","@id":"https:\/\/hudo.com\/si\/#\/schema\/logo\/image\/","url":"https:\/\/hudo.com\/si\/wp-content\/uploads\/sites\/2\/2021\/03\/hudo-app-2.png","contentUrl":"https:\/\/hudo.com\/si\/wp-content\/uploads\/sites\/2\/2021\/03\/hudo-app-2.png","width":2185,"height":2167,"caption":"VSN Media"},"image":{"@id":"https:\/\/hudo.com\/si\/#\/schema\/logo\/image\/"},"sameAs":["https:\/\/www.facebook.com\/hudo.si","https:\/\/twitter.com\/hudo_si"]},{"@type":"Person","@id":"https:\/\/hudo.com\/si\/#\/schema\/person\/601cf3379633985b20f7e50f2bb47707","name":"hudo","image":{"@type":"ImageObject","inLanguage":"sl-SI","@id":"https:\/\/hudo.com\/si\/#\/schema\/person\/image\/","url":"https:\/\/secure.gravatar.com\/avatar\/c4ca25fa72cace7a696b52ff5db9e095?s=96&d=mm&r=g","contentUrl":"https:\/\/secure.gravatar.com\/avatar\/c4ca25fa72cace7a696b52ff5db9e095?s=96&d=mm&r=g","caption":"hudo"},"url":"https:\/\/hudo.com\/si\/author\/hudo\/"}]}},"amp_enabled":true,"_links":{"self":[{"href":"https:\/\/hudo.com\/si\/wp-json\/wp\/v2\/posts\/227502"}],"collection":[{"href":"https:\/\/hudo.com\/si\/wp-json\/wp\/v2\/posts"}],"about":[{"href":"https:\/\/hudo.com\/si\/wp-json\/wp\/v2\/types\/post"}],"author":[{"embeddable":true,"href":"https:\/\/hudo.com\/si\/wp-json\/wp\/v2\/users\/1"}],"replies":[{"embeddable":true,"href":"https:\/\/hudo.com\/si\/wp-json\/wp\/v2\/comments?post=227502"}],"version-history":[{"count":1,"href":"https:\/\/hudo.com\/si\/wp-json\/wp\/v2\/posts\/227502\/revisions"}],"predecessor-version":[{"id":227530,"href":"https:\/\/hudo.com\/si\/wp-json\/wp\/v2\/posts\/227502\/revisions\/227530"}],"wp:attachment":[{"href":"https:\/\/hudo.com\/si\/wp-json\/wp\/v2\/media?parent=227502"}],"wp:term":[{"taxonomy":"category","embeddable":true,"href":"https:\/\/hudo.com\/si\/wp-json\/wp\/v2\/categories?post=227502"},{"taxonomy":"post_tag","embeddable":true,"href":"https:\/\/hudo.com\/si\/wp-json\/wp\/v2\/tags?post=227502"},{"taxonomy":"source","embeddable":true,"href":"https:\/\/hudo.com\/si\/wp-json\/wp\/v2\/source?post=227502"},{"taxonomy":"supertag","embeddable":true,"href":"https:\/\/hudo.com\/si\/wp-json\/wp\/v2\/supertag?post=227502"}],"curies":[{"name":"wp","href":"https:\/\/api.w.org\/{rel}","templated":true}]}}