{"id":227510,"date":"2017-03-17T16:45:00","date_gmt":"2017-03-17T15:45:00","guid":{"rendered":"http:\/\/hudo.com\/si\/2017\/03\/17\/trump-v-beli-hisi-sprejel-merklovo-2\/"},"modified":"2017-03-17T23:22:04","modified_gmt":"2017-03-17T22:22:04","slug":"trump-v-beli-hisi-sprejel-merklovo-2","status":"publish","type":"post","link":"https:\/\/hudo.com\/si\/aktualno\/trump-v-beli-hisi-sprejel-merklovo-2\/","title":{"rendered":"Trump v Beli hi\u0161i sprejel Merklovo"},"content":{"rendered":"<p>Ameri\u0161ki predsednik Donald Trump je danes v Beli hi\u0161i sprejel nem\u0161ko kanclerko Angelo Merkel. Voditelja naj bi se na svojem prvem sre\u010danju pogovarjala predvsem o stali\u0161\u010dih glede zveze Nato, svetovne trgovine, Rusije in \u010dezatlantskih odnosih.  Trump je Merklovo ob prihodu v Belo hi\u0161o sprejel v prisotnosti \u010dastne voja\u0161ke stra\u017ee, poro\u010da nem\u0161ka tiskovna agencija dpa.  Sre\u010danje bi bilo moralo biti v torek, a so ga zaradi sne\u017enega neurja v ZDA prelo\u017eili na danes.  Trump je za Merklovo v predvolilni kampanji in tudi po izvolitvi ve\u010dkrat uporabil kriti\u010dne besede. Jedro njegove kritike je bila predvsem njena begunska politika. A kot je poudarila Merklova, \u017eeli gledati v prihodnost. Glavni cilj dana\u0161njega sre\u010danja naj bi bila tako izgradnja zaupanja in iskanje skupnih to\u010dk. Njen obisk spremljajo velika pri\u010dakovanja. Ideja skupnega politi\u010dnega Zahoda je namre\u010d na preizku\u0161nji, saj Trump zagovarja strogo politiko &#8220;najprej Amerika&#8221;, pi\u0161e dpa.Svet<\/p>\n","protected":false},"excerpt":{"rendered":"<p>Ameri\u0161ki predsednik Donald Trump je danes v Beli hi\u0161i sprejel nem\u0161ko kanclerko Angelo Merkel. Voditelja naj bi se na svojem prvem sre\u010danju pogovarjala predvsem o stali\u0161\u010dih glede zveze Nato, svetovne trgovine, Rusije in \u010dezatlantskih odnosih.  Trump je Merklovo ob prihodu v Belo hi\u0161o sprejel v prisotnosti \u010dastne voja\u0161ke stra\u017ee, poro\u010da nem\u0161ka tiskovna agencija dpa.  Sre\u010danje bi bilo moralo biti v torek, a so ga zaradi sne\u017enega neurja v ZDA prelo\u017eili na danes.  Trump je za Merklovo v predvolilni kampanji in tudi po izvolitvi ve\u010dkrat uporabil kriti\u010dne besede. Jedro njegove kritike je bila predvsem njena begunska politika. A kot je poudarila Merklova, \u017eeli gledati v prihodnost. Glavni cilj dana\u0161njega sre\u010danja naj bi bila tako izgradnja zaupanja in iskanje skupnih to\u010dk. Njen obisk spremljajo velika pri\u010dakovanja. Ideja skupnega politi\u010dnega Zahoda je namre\u010d na preizku\u0161nji, saj Trump zagovarja strogo politiko &#8220;najprej Amerika&#8221;, pi\u0161e dpa.Svet<\/p>\n","protected":false},"author":1,"featured_media":0,"comment_status":"closed","ping_status":"closed","sticky":false,"template":"","format":"standard","meta":{"footnotes":""},"categories":[1179],"tags":[],"source":[1711],"supertag":[],"acf":[],"yoast_head":"<!-- This site is optimized with the Yoast SEO plugin v21.3 - https:\/\/yoast.com\/wordpress\/plugins\/seo\/ -->\n<title>Trump v Beli hi\u0161i sprejel Merklovo - Hudo Slovenija<\/title>\n<meta name=\"robots\" content=\"index, follow, max-snippet:-1, max-image-preview:large, max-video-preview:-1\" \/>\n<link rel=\"canonical\" href=\"https:\/\/hudo.com\/si\/aktualno\/trump-v-beli-hisi-sprejel-merklovo-2\/\" \/>\n<meta property=\"og:locale\" content=\"sl_SI\" \/>\n<meta property=\"og:type\" content=\"article\" \/>\n<meta property=\"og:title\" content=\"Trump v Beli hi\u0161i sprejel Merklovo - Hudo Slovenija\" \/>\n<meta property=\"og:description\" content=\"Ameri\u0161ki predsednik Donald Trump je danes v Beli hi\u0161i sprejel nem\u0161ko kanclerko Angelo Merkel. Voditelja naj bi se na svojem prvem sre\u010danju pogovarjala predvsem o stali\u0161\u010dih glede zveze Nato, svetovne trgovine, Rusije in \u010dezatlantskih odnosih. Trump je Merklovo ob prihodu v Belo hi\u0161o sprejel v prisotnosti \u010dastne voja\u0161ke stra\u017ee, poro\u010da nem\u0161ka tiskovna agencija dpa. Sre\u010danje bi bilo moralo biti v torek, a so ga zaradi sne\u017enega neurja v ZDA prelo\u017eili na danes. Trump je za Merklovo v predvolilni kampanji in tudi po izvolitvi ve\u010dkrat uporabil kriti\u010dne besede. Jedro njegove kritike je bila predvsem njena begunska politika. A kot je poudarila Merklova, \u017eeli gledati v prihodnost. Glavni cilj dana\u0161njega sre\u010danja naj bi bila tako izgradnja zaupanja in iskanje skupnih to\u010dk. Njen obisk spremljajo velika pri\u010dakovanja. Ideja skupnega politi\u010dnega Zahoda je namre\u010d na preizku\u0161nji, saj Trump zagovarja strogo politiko &quot;najprej Amerika&quot;, pi\u0161e dpa.Svet\" \/>\n<meta property=\"og:url\" content=\"https:\/\/hudo.com\/si\/aktualno\/trump-v-beli-hisi-sprejel-merklovo-2\/\" \/>\n<meta property=\"og:site_name\" content=\"Hudo Slovenija\" \/>\n<meta property=\"article:publisher\" content=\"https:\/\/www.facebook.com\/hudo.si\" \/>\n<meta property=\"article:published_time\" content=\"2017-03-17T15:45:00+00:00\" \/>\n<meta property=\"article:modified_time\" content=\"2017-03-17T22:22:04+00:00\" \/>\n<meta property=\"og:image\" content=\"https:\/\/hudo.com\/si\/wp-content\/uploads\/sites\/2\/2017\/03\/05854494-300.jpg\" \/>\n\t<meta property=\"og:image:width\" content=\"450\" \/>\n\t<meta property=\"og:image:height\" content=\"307\" \/>\n\t<meta property=\"og:image:type\" content=\"image\/jpeg\" \/>\n<meta name=\"author\" content=\"hudo\" \/>\n<meta name=\"twitter:card\" content=\"summary_large_image\" \/>\n<meta name=\"twitter:creator\" content=\"@hudo_si\" \/>\n<meta name=\"twitter:site\" content=\"@hudo_si\" \/>\n<meta name=\"twitter:label1\" content=\"Written by\" \/>\n\t<meta name=\"twitter:data1\" content=\"hudo\" \/>\n\t<meta name=\"twitter:label2\" content=\"Est. reading time\" \/>\n\t<meta name=\"twitter:data2\" content=\"1 minuta\" \/>\n<script type=\"application\/ld+json\" class=\"yoast-schema-graph\">{\"@context\":\"https:\/\/schema.org\",\"@graph\":[{\"@type\":\"Article\",\"@id\":\"https:\/\/hudo.com\/si\/aktualno\/trump-v-beli-hisi-sprejel-merklovo-2\/#article\",\"isPartOf\":{\"@id\":\"https:\/\/hudo.com\/si\/aktualno\/trump-v-beli-hisi-sprejel-merklovo-2\/\"},\"author\":{\"name\":\"hudo\",\"@id\":\"https:\/\/hudo.com\/si\/#\/schema\/person\/601cf3379633985b20f7e50f2bb47707\"},\"headline\":\"Trump v Beli hi\u0161i sprejel Merklovo\",\"datePublished\":\"2017-03-17T15:45:00+00:00\",\"dateModified\":\"2017-03-17T22:22:04+00:00\",\"mainEntityOfPage\":{\"@id\":\"https:\/\/hudo.com\/si\/aktualno\/trump-v-beli-hisi-sprejel-merklovo-2\/\"},\"wordCount\":171,\"publisher\":{\"@id\":\"https:\/\/hudo.com\/si\/#organization\"},\"articleSection\":[\"Aktualno\"],\"inLanguage\":\"sl-SI\"},{\"@type\":\"WebPage\",\"@id\":\"https:\/\/hudo.com\/si\/aktualno\/trump-v-beli-hisi-sprejel-merklovo-2\/\",\"url\":\"https:\/\/hudo.com\/si\/aktualno\/trump-v-beli-hisi-sprejel-merklovo-2\/\",\"name\":\"Trump v Beli hi\u0161i sprejel Merklovo - Hudo Slovenija\",\"isPartOf\":{\"@id\":\"https:\/\/hudo.com\/si\/#website\"},\"datePublished\":\"2017-03-17T15:45:00+00:00\",\"dateModified\":\"2017-03-17T22:22:04+00:00\",\"breadcrumb\":{\"@id\":\"https:\/\/hudo.com\/si\/aktualno\/trump-v-beli-hisi-sprejel-merklovo-2\/#breadcrumb\"},\"inLanguage\":\"sl-SI\",\"potentialAction\":[{\"@type\":\"ReadAction\",\"target\":[\"https:\/\/hudo.com\/si\/aktualno\/trump-v-beli-hisi-sprejel-merklovo-2\/\"]}]},{\"@type\":\"BreadcrumbList\",\"@id\":\"https:\/\/hudo.com\/si\/aktualno\/trump-v-beli-hisi-sprejel-merklovo-2\/#breadcrumb\",\"itemListElement\":[{\"@type\":\"ListItem\",\"position\":1,\"name\":\"Home\",\"item\":\"https:\/\/hudo.com\/si\/\"},{\"@type\":\"ListItem\",\"position\":2,\"name\":\"Trump v Beli hi\u0161i sprejel Merklovo\"}]},{\"@type\":\"WebSite\",\"@id\":\"https:\/\/hudo.com\/si\/#website\",\"url\":\"https:\/\/hudo.com\/si\/\",\"name\":\"Hudo Slovenija\",\"description\":\"Vse novice iz Slovenije in sveta\",\"publisher\":{\"@id\":\"https:\/\/hudo.com\/si\/#organization\"},\"potentialAction\":[{\"@type\":\"SearchAction\",\"target\":{\"@type\":\"EntryPoint\",\"urlTemplate\":\"https:\/\/hudo.com\/si\/?s={search_term_string}\"},\"query-input\":\"required name=search_term_string\"}],\"inLanguage\":\"sl-SI\"},{\"@type\":\"Organization\",\"@id\":\"https:\/\/hudo.com\/si\/#organization\",\"name\":\"VSN Media\",\"url\":\"https:\/\/hudo.com\/si\/\",\"logo\":{\"@type\":\"ImageObject\",\"inLanguage\":\"sl-SI\",\"@id\":\"https:\/\/hudo.com\/si\/#\/schema\/logo\/image\/\",\"url\":\"https:\/\/hudo.com\/si\/wp-content\/uploads\/sites\/2\/2021\/03\/hudo-app-2.png\",\"contentUrl\":\"https:\/\/hudo.com\/si\/wp-content\/uploads\/sites\/2\/2021\/03\/hudo-app-2.png\",\"width\":2185,\"height\":2167,\"caption\":\"VSN Media\"},\"image\":{\"@id\":\"https:\/\/hudo.com\/si\/#\/schema\/logo\/image\/\"},\"sameAs\":[\"https:\/\/www.facebook.com\/hudo.si\",\"https:\/\/twitter.com\/hudo_si\"]},{\"@type\":\"Person\",\"@id\":\"https:\/\/hudo.com\/si\/#\/schema\/person\/601cf3379633985b20f7e50f2bb47707\",\"name\":\"hudo\",\"image\":{\"@type\":\"ImageObject\",\"inLanguage\":\"sl-SI\",\"@id\":\"https:\/\/hudo.com\/si\/#\/schema\/person\/image\/\",\"url\":\"https:\/\/secure.gravatar.com\/avatar\/c4ca25fa72cace7a696b52ff5db9e095?s=96&d=mm&r=g\",\"contentUrl\":\"https:\/\/secure.gravatar.com\/avatar\/c4ca25fa72cace7a696b52ff5db9e095?s=96&d=mm&r=g\",\"caption\":\"hudo\"},\"url\":\"https:\/\/hudo.com\/si\/author\/hudo\/\"}]}<\/script>\n<!-- \/ Yoast SEO plugin. -->","yoast_head_json":{"title":"Trump v Beli hi\u0161i sprejel Merklovo - Hudo Slovenija","robots":{"index":"index","follow":"follow","max-snippet":"max-snippet:-1","max-image-preview":"max-image-preview:large","max-video-preview":"max-video-preview:-1"},"canonical":"https:\/\/hudo.com\/si\/aktualno\/trump-v-beli-hisi-sprejel-merklovo-2\/","og_locale":"sl_SI","og_type":"article","og_title":"Trump v Beli hi\u0161i sprejel Merklovo - Hudo Slovenija","og_description":"Ameri\u0161ki predsednik Donald Trump je danes v Beli hi\u0161i sprejel nem\u0161ko kanclerko Angelo Merkel. Voditelja naj bi se na svojem prvem sre\u010danju pogovarjala predvsem o stali\u0161\u010dih glede zveze Nato, svetovne trgovine, Rusije in \u010dezatlantskih odnosih. Trump je Merklovo ob prihodu v Belo hi\u0161o sprejel v prisotnosti \u010dastne voja\u0161ke stra\u017ee, poro\u010da nem\u0161ka tiskovna agencija dpa. Sre\u010danje bi bilo moralo biti v torek, a so ga zaradi sne\u017enega neurja v ZDA prelo\u017eili na danes. Trump je za Merklovo v predvolilni kampanji in tudi po izvolitvi ve\u010dkrat uporabil kriti\u010dne besede. Jedro njegove kritike je bila predvsem njena begunska politika. A kot je poudarila Merklova, \u017eeli gledati v prihodnost. Glavni cilj dana\u0161njega sre\u010danja naj bi bila tako izgradnja zaupanja in iskanje skupnih to\u010dk. Njen obisk spremljajo velika pri\u010dakovanja. Ideja skupnega politi\u010dnega Zahoda je namre\u010d na preizku\u0161nji, saj Trump zagovarja strogo politiko \"najprej Amerika\", pi\u0161e dpa.Svet","og_url":"https:\/\/hudo.com\/si\/aktualno\/trump-v-beli-hisi-sprejel-merklovo-2\/","og_site_name":"Hudo Slovenija","article_publisher":"https:\/\/www.facebook.com\/hudo.si","article_published_time":"2017-03-17T15:45:00+00:00","article_modified_time":"2017-03-17T22:22:04+00:00","og_image":[{"width":450,"height":307,"url":"https:\/\/hudo.com\/si\/wp-content\/uploads\/sites\/2\/2017\/03\/05854494-300.jpg","type":"image\/jpeg"}],"author":"hudo","twitter_card":"summary_large_image","twitter_creator":"@hudo_si","twitter_site":"@hudo_si","twitter_misc":{"Written by":"hudo","Est. reading time":"1 minuta"},"schema":{"@context":"https:\/\/schema.org","@graph":[{"@type":"Article","@id":"https:\/\/hudo.com\/si\/aktualno\/trump-v-beli-hisi-sprejel-merklovo-2\/#article","isPartOf":{"@id":"https:\/\/hudo.com\/si\/aktualno\/trump-v-beli-hisi-sprejel-merklovo-2\/"},"author":{"name":"hudo","@id":"https:\/\/hudo.com\/si\/#\/schema\/person\/601cf3379633985b20f7e50f2bb47707"},"headline":"Trump v Beli hi\u0161i sprejel Merklovo","datePublished":"2017-03-17T15:45:00+00:00","dateModified":"2017-03-17T22:22:04+00:00","mainEntityOfPage":{"@id":"https:\/\/hudo.com\/si\/aktualno\/trump-v-beli-hisi-sprejel-merklovo-2\/"},"wordCount":171,"publisher":{"@id":"https:\/\/hudo.com\/si\/#organization"},"articleSection":["Aktualno"],"inLanguage":"sl-SI"},{"@type":"WebPage","@id":"https:\/\/hudo.com\/si\/aktualno\/trump-v-beli-hisi-sprejel-merklovo-2\/","url":"https:\/\/hudo.com\/si\/aktualno\/trump-v-beli-hisi-sprejel-merklovo-2\/","name":"Trump v Beli hi\u0161i sprejel Merklovo - Hudo Slovenija","isPartOf":{"@id":"https:\/\/hudo.com\/si\/#website"},"datePublished":"2017-03-17T15:45:00+00:00","dateModified":"2017-03-17T22:22:04+00:00","breadcrumb":{"@id":"https:\/\/hudo.com\/si\/aktualno\/trump-v-beli-hisi-sprejel-merklovo-2\/#breadcrumb"},"inLanguage":"sl-SI","potentialAction":[{"@type":"ReadAction","target":["https:\/\/hudo.com\/si\/aktualno\/trump-v-beli-hisi-sprejel-merklovo-2\/"]}]},{"@type":"BreadcrumbList","@id":"https:\/\/hudo.com\/si\/aktualno\/trump-v-beli-hisi-sprejel-merklovo-2\/#breadcrumb","itemListElement":[{"@type":"ListItem","position":1,"name":"Home","item":"https:\/\/hudo.com\/si\/"},{"@type":"ListItem","position":2,"name":"Trump v Beli hi\u0161i sprejel Merklovo"}]},{"@type":"WebSite","@id":"https:\/\/hudo.com\/si\/#website","url":"https:\/\/hudo.com\/si\/","name":"Hudo Slovenija","description":"Vse novice iz Slovenije in sveta","publisher":{"@id":"https:\/\/hudo.com\/si\/#organization"},"potentialAction":[{"@type":"SearchAction","target":{"@type":"EntryPoint","urlTemplate":"https:\/\/hudo.com\/si\/?s={search_term_string}"},"query-input":"required name=search_term_string"}],"inLanguage":"sl-SI"},{"@type":"Organization","@id":"https:\/\/hudo.com\/si\/#organization","name":"VSN Media","url":"https:\/\/hudo.com\/si\/","logo":{"@type":"ImageObject","inLanguage":"sl-SI","@id":"https:\/\/hudo.com\/si\/#\/schema\/logo\/image\/","url":"https:\/\/hudo.com\/si\/wp-content\/uploads\/sites\/2\/2021\/03\/hudo-app-2.png","contentUrl":"https:\/\/hudo.com\/si\/wp-content\/uploads\/sites\/2\/2021\/03\/hudo-app-2.png","width":2185,"height":2167,"caption":"VSN Media"},"image":{"@id":"https:\/\/hudo.com\/si\/#\/schema\/logo\/image\/"},"sameAs":["https:\/\/www.facebook.com\/hudo.si","https:\/\/twitter.com\/hudo_si"]},{"@type":"Person","@id":"https:\/\/hudo.com\/si\/#\/schema\/person\/601cf3379633985b20f7e50f2bb47707","name":"hudo","image":{"@type":"ImageObject","inLanguage":"sl-SI","@id":"https:\/\/hudo.com\/si\/#\/schema\/person\/image\/","url":"https:\/\/secure.gravatar.com\/avatar\/c4ca25fa72cace7a696b52ff5db9e095?s=96&d=mm&r=g","contentUrl":"https:\/\/secure.gravatar.com\/avatar\/c4ca25fa72cace7a696b52ff5db9e095?s=96&d=mm&r=g","caption":"hudo"},"url":"https:\/\/hudo.com\/si\/author\/hudo\/"}]}},"amp_enabled":true,"_links":{"self":[{"href":"https:\/\/hudo.com\/si\/wp-json\/wp\/v2\/posts\/227510"}],"collection":[{"href":"https:\/\/hudo.com\/si\/wp-json\/wp\/v2\/posts"}],"about":[{"href":"https:\/\/hudo.com\/si\/wp-json\/wp\/v2\/types\/post"}],"author":[{"embeddable":true,"href":"https:\/\/hudo.com\/si\/wp-json\/wp\/v2\/users\/1"}],"replies":[{"embeddable":true,"href":"https:\/\/hudo.com\/si\/wp-json\/wp\/v2\/comments?post=227510"}],"version-history":[{"count":1,"href":"https:\/\/hudo.com\/si\/wp-json\/wp\/v2\/posts\/227510\/revisions"}],"predecessor-version":[{"id":227534,"href":"https:\/\/hudo.com\/si\/wp-json\/wp\/v2\/posts\/227510\/revisions\/227534"}],"wp:attachment":[{"href":"https:\/\/hudo.com\/si\/wp-json\/wp\/v2\/media?parent=227510"}],"wp:term":[{"taxonomy":"category","embeddable":true,"href":"https:\/\/hudo.com\/si\/wp-json\/wp\/v2\/categories?post=227510"},{"taxonomy":"post_tag","embeddable":true,"href":"https:\/\/hudo.com\/si\/wp-json\/wp\/v2\/tags?post=227510"},{"taxonomy":"source","embeddable":true,"href":"https:\/\/hudo.com\/si\/wp-json\/wp\/v2\/source?post=227510"},{"taxonomy":"supertag","embeddable":true,"href":"https:\/\/hudo.com\/si\/wp-json\/wp\/v2\/supertag?post=227510"}],"curies":[{"name":"wp","href":"https:\/\/api.w.org\/{rel}","templated":true}]}}