{"id":22854,"date":"2016-04-06T04:00:00","date_gmt":"2016-04-06T02:00:00","guid":{"rendered":"http:\/\/hudo.com\/si\/2016\/04\/06\/cerar-prvic-pred-janso-zidan-ostaja-v-rdecem\/"},"modified":"2016-04-07T00:16:41","modified_gmt":"2016-04-06T22:16:41","slug":"cerar-prvic-pred-janso-zidan-ostaja-v-rdecem","status":"publish","type":"post","link":"https:\/\/hudo.com\/si\/aktualno\/cerar-prvic-pred-janso-zidan-ostaja-v-rdecem\/","title":{"rendered":"Cerar prvi\u010d pred Jan\u0161o, \u017didan ostaja v rde\u010dem"},"content":{"rendered":"<p>Kategorija: Politika Wed, 06 Apr 2016 06:00:00 +0200  Ljubljana \u2013 SMC Mira Cerarja je lani zbrala ve\u010d kot sto tiso\u010dakov ve\u010d kot SDS Janeza Jan\u0161e. To je prvi\u010d po letu 2008, da je kak\u0161na stranka po letnih prihodkih prehitela SDS. Tako ka\u017eejo bilance strank za lansko leto, ki jih je ta teden objavil Ajpes. Zaradi precej bolj\u0161ega rezultata kot SDS na zadnjih dr\u017eavnozborskih volitvah je SMC lani dobila slabega pol milijona evrov ve\u010d iz dr\u017eavnega prora\u010duna. SDS pa jih je za slabih dvesto tiso\u010dakov prehitela po zbranih \u010dlanarinah, za dobrih sto tiso\u010dakov po prihodkih z ob\u010din, ve\u010d so zbrali tudi prispevkov posameznikov. Zaradi rezerv iz preteklosti pa ima na koncu bilance v celoti SDS ve\u010d kot milijon evrov ve\u010d kot SMC. Obe najve\u010dji stranki sta na letni ravni in v celoti dale\u010d pred drugimi strankami. Po lanskem sramotno slabem\u00a0&#8230;<\/p>\n","protected":false},"excerpt":{"rendered":"<p>Kategorija: Politika Wed, 06 Apr 2016 06:00:00 +0200  Ljubljana \u2013 SMC Mira Cerarja je lani zbrala ve\u010d kot sto tiso\u010dakov ve\u010d kot SDS Janeza Jan\u0161e. To je prvi\u010d po letu 2008, da je kak\u0161na stranka po letnih prihodkih prehitela SDS. Tako ka\u017eejo bilance strank za lansko leto, ki jih je ta teden objavil Ajpes. Zaradi precej bolj\u0161ega rezultata kot SDS na zadnjih dr\u017eavnozborskih volitvah je SMC lani dobila slabega pol milijona evrov ve\u010d iz dr\u017eavnega prora\u010duna. SDS pa jih je za slabih dvesto tiso\u010dakov prehitela po zbranih \u010dlanarinah, za dobrih sto tiso\u010dakov po prihodkih z ob\u010din, ve\u010d so zbrali tudi prispevkov posameznikov. Zaradi rezerv iz preteklosti pa ima na koncu bilance v celoti SDS ve\u010d kot milijon evrov ve\u010d kot SMC. Obe najve\u010dji stranki sta na letni ravni in v celoti dale\u010d pred drugimi strankami. Po lanskem sramotno slabem\u00a0&#8230;<\/p>\n","protected":false},"author":1,"featured_media":0,"comment_status":"closed","ping_status":"closed","sticky":false,"template":"","format":"standard","meta":{"footnotes":""},"categories":[1179],"tags":[],"source":[4511],"supertag":[],"acf":[],"yoast_head":"<!-- This site is optimized with the Yoast SEO plugin v21.3 - https:\/\/yoast.com\/wordpress\/plugins\/seo\/ -->\n<title>Cerar prvi\u010d pred Jan\u0161o, \u017didan ostaja v rde\u010dem - Hudo Slovenija<\/title>\n<meta name=\"robots\" content=\"index, follow, max-snippet:-1, max-image-preview:large, max-video-preview:-1\" \/>\n<link rel=\"canonical\" href=\"https:\/\/hudo.com\/si\/aktualno\/cerar-prvic-pred-janso-zidan-ostaja-v-rdecem\/\" \/>\n<meta property=\"og:locale\" content=\"sl_SI\" \/>\n<meta property=\"og:type\" content=\"article\" \/>\n<meta property=\"og:title\" content=\"Cerar prvi\u010d pred Jan\u0161o, \u017didan ostaja v rde\u010dem - Hudo Slovenija\" \/>\n<meta property=\"og:description\" content=\"Kategorija: Politika Wed, 06 Apr 2016 06:00:00 +0200 Ljubljana \u2013 SMC Mira Cerarja je lani zbrala ve\u010d kot sto tiso\u010dakov ve\u010d kot SDS Janeza Jan\u0161e. To je prvi\u010d po letu 2008, da je kak\u0161na stranka po letnih prihodkih prehitela SDS. Tako ka\u017eejo bilance strank za lansko leto, ki jih je ta teden objavil Ajpes. Zaradi precej bolj\u0161ega rezultata kot SDS na zadnjih dr\u017eavnozborskih volitvah je SMC lani dobila slabega pol milijona evrov ve\u010d iz dr\u017eavnega prora\u010duna. SDS pa jih je za slabih dvesto tiso\u010dakov prehitela po zbranih \u010dlanarinah, za dobrih sto tiso\u010dakov po prihodkih z ob\u010din, ve\u010d so zbrali tudi prispevkov posameznikov. Zaradi rezerv iz preteklosti pa ima na koncu bilance v celoti SDS ve\u010d kot milijon evrov ve\u010d kot SMC. Obe najve\u010dji stranki sta na letni ravni in v celoti dale\u010d pred drugimi strankami. Po lanskem sramotno slabem\u00a0...\" \/>\n<meta property=\"og:url\" content=\"https:\/\/hudo.com\/si\/aktualno\/cerar-prvic-pred-janso-zidan-ostaja-v-rdecem\/\" \/>\n<meta property=\"og:site_name\" content=\"Hudo Slovenija\" \/>\n<meta property=\"article:publisher\" content=\"https:\/\/www.facebook.com\/hudo.si\" \/>\n<meta property=\"article:published_time\" content=\"2016-04-06T02:00:00+00:00\" \/>\n<meta property=\"article:modified_time\" content=\"2016-04-06T22:16:41+00:00\" \/>\n<meta property=\"og:image\" content=\"https:\/\/hudo.com\/si\/wp-content\/uploads\/sites\/2\/2016\/04\/480x290_djvu_1917593_cakaricn_uho-Predvolilno-soocenje.jpeg\" \/>\n\t<meta property=\"og:image:width\" content=\"480\" \/>\n\t<meta property=\"og:image:height\" content=\"290\" \/>\n\t<meta property=\"og:image:type\" content=\"image\/jpeg\" \/>\n<meta name=\"author\" content=\"hudo\" \/>\n<meta name=\"twitter:card\" content=\"summary_large_image\" \/>\n<meta name=\"twitter:creator\" content=\"@hudo_si\" \/>\n<meta name=\"twitter:site\" content=\"@hudo_si\" \/>\n<meta name=\"twitter:label1\" content=\"Written by\" \/>\n\t<meta name=\"twitter:data1\" content=\"hudo\" \/>\n\t<meta name=\"twitter:label2\" content=\"Est. reading time\" \/>\n\t<meta name=\"twitter:data2\" content=\"1 minuta\" \/>\n<script type=\"application\/ld+json\" class=\"yoast-schema-graph\">{\"@context\":\"https:\/\/schema.org\",\"@graph\":[{\"@type\":\"Article\",\"@id\":\"https:\/\/hudo.com\/si\/aktualno\/cerar-prvic-pred-janso-zidan-ostaja-v-rdecem\/#article\",\"isPartOf\":{\"@id\":\"https:\/\/hudo.com\/si\/aktualno\/cerar-prvic-pred-janso-zidan-ostaja-v-rdecem\/\"},\"author\":{\"name\":\"hudo\",\"@id\":\"https:\/\/hudo.com\/si\/#\/schema\/person\/601cf3379633985b20f7e50f2bb47707\"},\"headline\":\"Cerar prvi\u010d pred Jan\u0161o, \u017didan ostaja v rde\u010dem\",\"datePublished\":\"2016-04-06T02:00:00+00:00\",\"dateModified\":\"2016-04-06T22:16:41+00:00\",\"mainEntityOfPage\":{\"@id\":\"https:\/\/hudo.com\/si\/aktualno\/cerar-prvic-pred-janso-zidan-ostaja-v-rdecem\/\"},\"wordCount\":155,\"publisher\":{\"@id\":\"https:\/\/hudo.com\/si\/#organization\"},\"articleSection\":[\"Aktualno\"],\"inLanguage\":\"sl-SI\"},{\"@type\":\"WebPage\",\"@id\":\"https:\/\/hudo.com\/si\/aktualno\/cerar-prvic-pred-janso-zidan-ostaja-v-rdecem\/\",\"url\":\"https:\/\/hudo.com\/si\/aktualno\/cerar-prvic-pred-janso-zidan-ostaja-v-rdecem\/\",\"name\":\"Cerar prvi\u010d pred Jan\u0161o, \u017didan ostaja v rde\u010dem - Hudo Slovenija\",\"isPartOf\":{\"@id\":\"https:\/\/hudo.com\/si\/#website\"},\"datePublished\":\"2016-04-06T02:00:00+00:00\",\"dateModified\":\"2016-04-06T22:16:41+00:00\",\"breadcrumb\":{\"@id\":\"https:\/\/hudo.com\/si\/aktualno\/cerar-prvic-pred-janso-zidan-ostaja-v-rdecem\/#breadcrumb\"},\"inLanguage\":\"sl-SI\",\"potentialAction\":[{\"@type\":\"ReadAction\",\"target\":[\"https:\/\/hudo.com\/si\/aktualno\/cerar-prvic-pred-janso-zidan-ostaja-v-rdecem\/\"]}]},{\"@type\":\"BreadcrumbList\",\"@id\":\"https:\/\/hudo.com\/si\/aktualno\/cerar-prvic-pred-janso-zidan-ostaja-v-rdecem\/#breadcrumb\",\"itemListElement\":[{\"@type\":\"ListItem\",\"position\":1,\"name\":\"Home\",\"item\":\"https:\/\/hudo.com\/si\/\"},{\"@type\":\"ListItem\",\"position\":2,\"name\":\"Cerar prvi\u010d pred Jan\u0161o, \u017didan ostaja v rde\u010dem\"}]},{\"@type\":\"WebSite\",\"@id\":\"https:\/\/hudo.com\/si\/#website\",\"url\":\"https:\/\/hudo.com\/si\/\",\"name\":\"Hudo Slovenija\",\"description\":\"Vse novice iz Slovenije in sveta\",\"publisher\":{\"@id\":\"https:\/\/hudo.com\/si\/#organization\"},\"potentialAction\":[{\"@type\":\"SearchAction\",\"target\":{\"@type\":\"EntryPoint\",\"urlTemplate\":\"https:\/\/hudo.com\/si\/?s={search_term_string}\"},\"query-input\":\"required name=search_term_string\"}],\"inLanguage\":\"sl-SI\"},{\"@type\":\"Organization\",\"@id\":\"https:\/\/hudo.com\/si\/#organization\",\"name\":\"VSN Media\",\"url\":\"https:\/\/hudo.com\/si\/\",\"logo\":{\"@type\":\"ImageObject\",\"inLanguage\":\"sl-SI\",\"@id\":\"https:\/\/hudo.com\/si\/#\/schema\/logo\/image\/\",\"url\":\"https:\/\/hudo.com\/si\/wp-content\/uploads\/sites\/2\/2021\/03\/hudo-app-2.png\",\"contentUrl\":\"https:\/\/hudo.com\/si\/wp-content\/uploads\/sites\/2\/2021\/03\/hudo-app-2.png\",\"width\":2185,\"height\":2167,\"caption\":\"VSN Media\"},\"image\":{\"@id\":\"https:\/\/hudo.com\/si\/#\/schema\/logo\/image\/\"},\"sameAs\":[\"https:\/\/www.facebook.com\/hudo.si\",\"https:\/\/twitter.com\/hudo_si\"]},{\"@type\":\"Person\",\"@id\":\"https:\/\/hudo.com\/si\/#\/schema\/person\/601cf3379633985b20f7e50f2bb47707\",\"name\":\"hudo\",\"image\":{\"@type\":\"ImageObject\",\"inLanguage\":\"sl-SI\",\"@id\":\"https:\/\/hudo.com\/si\/#\/schema\/person\/image\/\",\"url\":\"https:\/\/secure.gravatar.com\/avatar\/c4ca25fa72cace7a696b52ff5db9e095?s=96&d=mm&r=g\",\"contentUrl\":\"https:\/\/secure.gravatar.com\/avatar\/c4ca25fa72cace7a696b52ff5db9e095?s=96&d=mm&r=g\",\"caption\":\"hudo\"},\"url\":\"https:\/\/hudo.com\/si\/author\/hudo\/\"}]}<\/script>\n<!-- \/ Yoast SEO plugin. -->","yoast_head_json":{"title":"Cerar prvi\u010d pred Jan\u0161o, \u017didan ostaja v rde\u010dem - Hudo Slovenija","robots":{"index":"index","follow":"follow","max-snippet":"max-snippet:-1","max-image-preview":"max-image-preview:large","max-video-preview":"max-video-preview:-1"},"canonical":"https:\/\/hudo.com\/si\/aktualno\/cerar-prvic-pred-janso-zidan-ostaja-v-rdecem\/","og_locale":"sl_SI","og_type":"article","og_title":"Cerar prvi\u010d pred Jan\u0161o, \u017didan ostaja v rde\u010dem - Hudo Slovenija","og_description":"Kategorija: Politika Wed, 06 Apr 2016 06:00:00 +0200 Ljubljana \u2013 SMC Mira Cerarja je lani zbrala ve\u010d kot sto tiso\u010dakov ve\u010d kot SDS Janeza Jan\u0161e. To je prvi\u010d po letu 2008, da je kak\u0161na stranka po letnih prihodkih prehitela SDS. Tako ka\u017eejo bilance strank za lansko leto, ki jih je ta teden objavil Ajpes. Zaradi precej bolj\u0161ega rezultata kot SDS na zadnjih dr\u017eavnozborskih volitvah je SMC lani dobila slabega pol milijona evrov ve\u010d iz dr\u017eavnega prora\u010duna. SDS pa jih je za slabih dvesto tiso\u010dakov prehitela po zbranih \u010dlanarinah, za dobrih sto tiso\u010dakov po prihodkih z ob\u010din, ve\u010d so zbrali tudi prispevkov posameznikov. Zaradi rezerv iz preteklosti pa ima na koncu bilance v celoti SDS ve\u010d kot milijon evrov ve\u010d kot SMC. Obe najve\u010dji stranki sta na letni ravni in v celoti dale\u010d pred drugimi strankami. Po lanskem sramotno slabem\u00a0...","og_url":"https:\/\/hudo.com\/si\/aktualno\/cerar-prvic-pred-janso-zidan-ostaja-v-rdecem\/","og_site_name":"Hudo Slovenija","article_publisher":"https:\/\/www.facebook.com\/hudo.si","article_published_time":"2016-04-06T02:00:00+00:00","article_modified_time":"2016-04-06T22:16:41+00:00","og_image":[{"width":480,"height":290,"url":"https:\/\/hudo.com\/si\/wp-content\/uploads\/sites\/2\/2016\/04\/480x290_djvu_1917593_cakaricn_uho-Predvolilno-soocenje.jpeg","type":"image\/jpeg"}],"author":"hudo","twitter_card":"summary_large_image","twitter_creator":"@hudo_si","twitter_site":"@hudo_si","twitter_misc":{"Written by":"hudo","Est. reading time":"1 minuta"},"schema":{"@context":"https:\/\/schema.org","@graph":[{"@type":"Article","@id":"https:\/\/hudo.com\/si\/aktualno\/cerar-prvic-pred-janso-zidan-ostaja-v-rdecem\/#article","isPartOf":{"@id":"https:\/\/hudo.com\/si\/aktualno\/cerar-prvic-pred-janso-zidan-ostaja-v-rdecem\/"},"author":{"name":"hudo","@id":"https:\/\/hudo.com\/si\/#\/schema\/person\/601cf3379633985b20f7e50f2bb47707"},"headline":"Cerar prvi\u010d pred Jan\u0161o, \u017didan ostaja v rde\u010dem","datePublished":"2016-04-06T02:00:00+00:00","dateModified":"2016-04-06T22:16:41+00:00","mainEntityOfPage":{"@id":"https:\/\/hudo.com\/si\/aktualno\/cerar-prvic-pred-janso-zidan-ostaja-v-rdecem\/"},"wordCount":155,"publisher":{"@id":"https:\/\/hudo.com\/si\/#organization"},"articleSection":["Aktualno"],"inLanguage":"sl-SI"},{"@type":"WebPage","@id":"https:\/\/hudo.com\/si\/aktualno\/cerar-prvic-pred-janso-zidan-ostaja-v-rdecem\/","url":"https:\/\/hudo.com\/si\/aktualno\/cerar-prvic-pred-janso-zidan-ostaja-v-rdecem\/","name":"Cerar prvi\u010d pred Jan\u0161o, \u017didan ostaja v rde\u010dem - Hudo Slovenija","isPartOf":{"@id":"https:\/\/hudo.com\/si\/#website"},"datePublished":"2016-04-06T02:00:00+00:00","dateModified":"2016-04-06T22:16:41+00:00","breadcrumb":{"@id":"https:\/\/hudo.com\/si\/aktualno\/cerar-prvic-pred-janso-zidan-ostaja-v-rdecem\/#breadcrumb"},"inLanguage":"sl-SI","potentialAction":[{"@type":"ReadAction","target":["https:\/\/hudo.com\/si\/aktualno\/cerar-prvic-pred-janso-zidan-ostaja-v-rdecem\/"]}]},{"@type":"BreadcrumbList","@id":"https:\/\/hudo.com\/si\/aktualno\/cerar-prvic-pred-janso-zidan-ostaja-v-rdecem\/#breadcrumb","itemListElement":[{"@type":"ListItem","position":1,"name":"Home","item":"https:\/\/hudo.com\/si\/"},{"@type":"ListItem","position":2,"name":"Cerar prvi\u010d pred Jan\u0161o, \u017didan ostaja v rde\u010dem"}]},{"@type":"WebSite","@id":"https:\/\/hudo.com\/si\/#website","url":"https:\/\/hudo.com\/si\/","name":"Hudo Slovenija","description":"Vse novice iz Slovenije in sveta","publisher":{"@id":"https:\/\/hudo.com\/si\/#organization"},"potentialAction":[{"@type":"SearchAction","target":{"@type":"EntryPoint","urlTemplate":"https:\/\/hudo.com\/si\/?s={search_term_string}"},"query-input":"required name=search_term_string"}],"inLanguage":"sl-SI"},{"@type":"Organization","@id":"https:\/\/hudo.com\/si\/#organization","name":"VSN Media","url":"https:\/\/hudo.com\/si\/","logo":{"@type":"ImageObject","inLanguage":"sl-SI","@id":"https:\/\/hudo.com\/si\/#\/schema\/logo\/image\/","url":"https:\/\/hudo.com\/si\/wp-content\/uploads\/sites\/2\/2021\/03\/hudo-app-2.png","contentUrl":"https:\/\/hudo.com\/si\/wp-content\/uploads\/sites\/2\/2021\/03\/hudo-app-2.png","width":2185,"height":2167,"caption":"VSN Media"},"image":{"@id":"https:\/\/hudo.com\/si\/#\/schema\/logo\/image\/"},"sameAs":["https:\/\/www.facebook.com\/hudo.si","https:\/\/twitter.com\/hudo_si"]},{"@type":"Person","@id":"https:\/\/hudo.com\/si\/#\/schema\/person\/601cf3379633985b20f7e50f2bb47707","name":"hudo","image":{"@type":"ImageObject","inLanguage":"sl-SI","@id":"https:\/\/hudo.com\/si\/#\/schema\/person\/image\/","url":"https:\/\/secure.gravatar.com\/avatar\/c4ca25fa72cace7a696b52ff5db9e095?s=96&d=mm&r=g","contentUrl":"https:\/\/secure.gravatar.com\/avatar\/c4ca25fa72cace7a696b52ff5db9e095?s=96&d=mm&r=g","caption":"hudo"},"url":"https:\/\/hudo.com\/si\/author\/hudo\/"}]}},"amp_enabled":true,"_links":{"self":[{"href":"https:\/\/hudo.com\/si\/wp-json\/wp\/v2\/posts\/22854"}],"collection":[{"href":"https:\/\/hudo.com\/si\/wp-json\/wp\/v2\/posts"}],"about":[{"href":"https:\/\/hudo.com\/si\/wp-json\/wp\/v2\/types\/post"}],"author":[{"embeddable":true,"href":"https:\/\/hudo.com\/si\/wp-json\/wp\/v2\/users\/1"}],"replies":[{"embeddable":true,"href":"https:\/\/hudo.com\/si\/wp-json\/wp\/v2\/comments?post=22854"}],"version-history":[{"count":1,"href":"https:\/\/hudo.com\/si\/wp-json\/wp\/v2\/posts\/22854\/revisions"}],"predecessor-version":[{"id":23090,"href":"https:\/\/hudo.com\/si\/wp-json\/wp\/v2\/posts\/22854\/revisions\/23090"}],"wp:attachment":[{"href":"https:\/\/hudo.com\/si\/wp-json\/wp\/v2\/media?parent=22854"}],"wp:term":[{"taxonomy":"category","embeddable":true,"href":"https:\/\/hudo.com\/si\/wp-json\/wp\/v2\/categories?post=22854"},{"taxonomy":"post_tag","embeddable":true,"href":"https:\/\/hudo.com\/si\/wp-json\/wp\/v2\/tags?post=22854"},{"taxonomy":"source","embeddable":true,"href":"https:\/\/hudo.com\/si\/wp-json\/wp\/v2\/source?post=22854"},{"taxonomy":"supertag","embeddable":true,"href":"https:\/\/hudo.com\/si\/wp-json\/wp\/v2\/supertag?post=22854"}],"curies":[{"name":"wp","href":"https:\/\/api.w.org\/{rel}","templated":true}]}}