{"id":228651,"date":"2017-03-20T09:00:00","date_gmt":"2017-03-20T08:00:00","guid":{"rendered":"http:\/\/hudo.com\/si\/2017\/03\/20\/kaj-bodo-poslanci-sprasevali-cerarja-najvec-o-kadrih\/"},"modified":"2017-03-20T15:01:01","modified_gmt":"2017-03-20T14:01:01","slug":"kaj-bodo-poslanci-sprasevali-cerarja-najvec-o-kadrih","status":"publish","type":"post","link":"https:\/\/hudo.com\/si\/aktualno\/kaj-bodo-poslanci-sprasevali-cerarja-najvec-o-kadrih\/","title":{"rendered":"Kaj bodo poslanci spra\u0161evali Cerarja? Najve\u010d o kadrih"},"content":{"rendered":"<p>Opoldne se bo s poslanskimi vpra\u0161anji \u2013 najprej predsedniku vlade, nato \u0161e posameznim ministrom za\u010dela sicer s kadrovskimi zadevami nabita mar\u010devska seja dr\u017eavnega zbora. Premier Miro Cerar bo odgovarjal na vpra\u0161anja o kadrovanju v dr\u017eavnih podjetjih, gospodarskih stranpoteh v primeru gradnje Celov\u0161kih dvorov ter stanju na podro\u010dju ilegalnih migracij. Poslanec NSi Jernej Vrtovec bo opozoril na dvome o primernosti in usposobljenosti nekaterih kandidatov na najpomembnej\u0161e polo\u017eaje, zato bo na premierja naslovil vpra\u0161anje o na\u010dinu delovanja vlade pri kadrovanju. Nekdanji poslanec SMC Bojan Dobov\u0161ek, zdaj vodja nepovezanih poslancev, bo premierja povpra\u0161al o &#8220;nepotisti\u010dnem in politi\u010dnem&#8221; kadrovanju v igralni\u0161ki dru\u017ebi Hit. &#8220;Kako je lahko predsednik uprave Hita postal \u010dlovek, ki je oddal nepopolno vlogo in ni bil niti med favoriti izbora kadrovske komisije, je pa menda prijatelj gospodarskega ministra?&#8221; bo vpra\u0161al Dobov\u0161ek. Vinko Gorenak iz SDS pa bo premierja vpra\u0161al, kako je Slovenija pripravljena na morebitne mno\u017ei\u010dne ilegalne migracije. \u0160e vpra\u0161anje iz vrst koalicije, zastavil ga bo Jan \u0160koberne (SD): Kako bo vlada ukrepala v primeru opeharjenih podizvajalcev podjetja Vegrad za opravljeno delo v Celov\u0161kih dvorih. Sicer pa bo ta teden v sredi\u0161\u010du glasovanje za popolnitev dveh mest v nadzornem svetu Slovenskega dr\u017eavnega holdinga (SDH), jutri naj bi dr\u017eavni zbor imenoval tri \u010dlane fiskalnega sveta, v sredo pa \u0161tiri nove ustavne sodnike. Brez zapletov pri imenovanju nadzornikov v SDH ne bo \u0161lo. Mandatno-volilna komisija je dr\u017eavnemu zboru predlagala v imenovanje le enega od kandidatov \u2013 Franca \u017dmavca, ne pa tudi \u017deljka Pulji\u0107a. Oba kandidata sta v javnosti dele\u017ena ve\u010d o\u010ditkov, vendar se zdi, da \u017dmavc u\u017eiva podporo klju\u010dne koalicijske stranke, Pulji\u0107 pa ne. Najmanj\u0161a partnerica SD pa odreka podporo obema. Ministri iz vrst Socialnih demokratov so jima podporo odrekli \u017ee na seji vlade, potem ko domnevno &#8220;njihov&#8221; kandidat za \u010dlana uprave SDH Matev\u017e Marc ni postal manjkajo\u010di<\/p>\n","protected":false},"excerpt":{"rendered":"<p>Opoldne se bo s poslanskimi vpra\u0161anji \u2013 najprej predsedniku vlade, nato \u0161e posameznim ministrom za\u010dela sicer s kadrovskimi zadevami nabita mar\u010devska seja dr\u017eavnega zbora. Premier Miro Cerar bo odgovarjal na vpra\u0161anja o kadrovanju v dr\u017eavnih podjetjih, gospodarskih stranpoteh v primeru gradnje Celov\u0161kih dvorov ter stanju na podro\u010dju ilegalnih migracij. Poslanec NSi Jernej Vrtovec bo opozoril na dvome o primernosti in usposobljenosti nekaterih kandidatov na najpomembnej\u0161e polo\u017eaje, zato bo na premierja naslovil vpra\u0161anje o na\u010dinu delovanja vlade pri kadrovanju. Nekdanji poslanec SMC Bojan Dobov\u0161ek, zdaj vodja nepovezanih poslancev, bo premierja povpra\u0161al o &#8220;nepotisti\u010dnem in politi\u010dnem&#8221; kadrovanju v igralni\u0161ki dru\u017ebi Hit. &#8220;Kako je lahko predsednik uprave Hita postal \u010dlovek, ki je oddal nepopolno vlogo in ni bil niti med favoriti izbora kadrovske komisije, je pa menda prijatelj gospodarskega ministra?&#8221; bo vpra\u0161al Dobov\u0161ek. Vinko Gorenak iz SDS pa bo premierja vpra\u0161al, kako je Slovenija pripravljena na morebitne mno\u017ei\u010dne ilegalne migracije. \u0160e vpra\u0161anje iz vrst koalicije, zastavil ga bo Jan \u0160koberne (SD): Kako bo vlada ukrepala v primeru opeharjenih podizvajalcev podjetja Vegrad za opravljeno delo v Celov\u0161kih dvorih. Sicer pa bo ta teden v sredi\u0161\u010du glasovanje za popolnitev dveh mest v nadzornem svetu Slovenskega dr\u017eavnega holdinga (SDH), jutri naj bi dr\u017eavni zbor imenoval tri \u010dlane fiskalnega sveta, v sredo pa \u0161tiri nove ustavne sodnike. Brez zapletov pri imenovanju nadzornikov v SDH ne bo \u0161lo. Mandatno-volilna komisija je dr\u017eavnemu zboru predlagala v imenovanje le enega od kandidatov \u2013 Franca \u017dmavca, ne pa tudi \u017deljka Pulji\u0107a. Oba kandidata sta v javnosti dele\u017ena ve\u010d o\u010ditkov, vendar se zdi, da \u017dmavc u\u017eiva podporo klju\u010dne koalicijske stranke, Pulji\u0107 pa ne. Najmanj\u0161a partnerica SD pa odreka podporo obema. Ministri iz vrst Socialnih demokratov so jima podporo odrekli \u017ee na seji vlade, potem ko domnevno &#8220;njihov&#8221; kandidat za \u010dlana uprave SDH Matev\u017e Marc ni postal manjkajo\u010di<\/p>\n","protected":false},"author":1,"featured_media":0,"comment_status":"closed","ping_status":"closed","sticky":false,"template":"","format":"standard","meta":{"footnotes":""},"categories":[1179],"tags":[],"source":[1711],"supertag":[],"acf":[],"yoast_head":"<!-- This site is optimized with the Yoast SEO plugin v21.3 - https:\/\/yoast.com\/wordpress\/plugins\/seo\/ -->\n<title>Kaj bodo poslanci spra\u0161evali Cerarja? Najve\u010d o kadrih - Hudo Slovenija<\/title>\n<meta name=\"robots\" content=\"index, follow, max-snippet:-1, max-image-preview:large, max-video-preview:-1\" \/>\n<link rel=\"canonical\" href=\"https:\/\/hudo.com\/si\/aktualno\/kaj-bodo-poslanci-sprasevali-cerarja-najvec-o-kadrih\/\" \/>\n<meta property=\"og:locale\" content=\"sl_SI\" \/>\n<meta property=\"og:type\" content=\"article\" \/>\n<meta property=\"og:title\" content=\"Kaj bodo poslanci spra\u0161evali Cerarja? Najve\u010d o kadrih - Hudo Slovenija\" \/>\n<meta property=\"og:description\" content=\"Opoldne se bo s poslanskimi vpra\u0161anji \u2013 najprej predsedniku vlade, nato \u0161e posameznim ministrom za\u010dela sicer s kadrovskimi zadevami nabita mar\u010devska seja dr\u017eavnega zbora. Premier Miro Cerar bo odgovarjal na vpra\u0161anja o kadrovanju v dr\u017eavnih podjetjih, gospodarskih stranpoteh v primeru gradnje Celov\u0161kih dvorov ter stanju na podro\u010dju ilegalnih migracij. Poslanec NSi Jernej Vrtovec bo opozoril na dvome o primernosti in usposobljenosti nekaterih kandidatov na najpomembnej\u0161e polo\u017eaje, zato bo na premierja naslovil vpra\u0161anje o na\u010dinu delovanja vlade pri kadrovanju. Nekdanji poslanec SMC Bojan Dobov\u0161ek, zdaj vodja nepovezanih poslancev, bo premierja povpra\u0161al o &quot;nepotisti\u010dnem in politi\u010dnem&quot; kadrovanju v igralni\u0161ki dru\u017ebi Hit. &quot;Kako je lahko predsednik uprave Hita postal \u010dlovek, ki je oddal nepopolno vlogo in ni bil niti med favoriti izbora kadrovske komisije, je pa menda prijatelj gospodarskega ministra?&quot; bo vpra\u0161al Dobov\u0161ek. Vinko Gorenak iz SDS pa bo premierja vpra\u0161al, kako je Slovenija pripravljena na morebitne mno\u017ei\u010dne ilegalne migracije. \u0160e vpra\u0161anje iz vrst koalicije, zastavil ga bo Jan \u0160koberne (SD): Kako bo vlada ukrepala v primeru opeharjenih podizvajalcev podjetja Vegrad za opravljeno delo v Celov\u0161kih dvorih. Sicer pa bo ta teden v sredi\u0161\u010du glasovanje za popolnitev dveh mest v nadzornem svetu Slovenskega dr\u017eavnega holdinga (SDH), jutri naj bi dr\u017eavni zbor imenoval tri \u010dlane fiskalnega sveta, v sredo pa \u0161tiri nove ustavne sodnike. Brez zapletov pri imenovanju nadzornikov v SDH ne bo \u0161lo. Mandatno-volilna komisija je dr\u017eavnemu zboru predlagala v imenovanje le enega od kandidatov \u2013 Franca \u017dmavca, ne pa tudi \u017deljka Pulji\u0107a. Oba kandidata sta v javnosti dele\u017ena ve\u010d o\u010ditkov, vendar se zdi, da \u017dmavc u\u017eiva podporo klju\u010dne koalicijske stranke, Pulji\u0107 pa ne. Najmanj\u0161a partnerica SD pa odreka podporo obema. Ministri iz vrst Socialnih demokratov so jima podporo odrekli \u017ee na seji vlade, potem ko domnevno &quot;njihov&quot; kandidat za \u010dlana uprave SDH Matev\u017e Marc ni postal manjkajo\u010di\" \/>\n<meta property=\"og:url\" content=\"https:\/\/hudo.com\/si\/aktualno\/kaj-bodo-poslanci-sprasevali-cerarja-najvec-o-kadrih\/\" \/>\n<meta property=\"og:site_name\" content=\"Hudo Slovenija\" \/>\n<meta property=\"article:publisher\" content=\"https:\/\/www.facebook.com\/hudo.si\" \/>\n<meta property=\"article:published_time\" content=\"2017-03-20T08:00:00+00:00\" \/>\n<meta property=\"article:modified_time\" content=\"2017-03-20T14:01:01+00:00\" \/>\n<meta property=\"og:image\" content=\"https:\/\/hudo.com\/si\/wp-content\/uploads\/sites\/2\/2017\/03\/01020649F-300.jpg\" \/>\n\t<meta property=\"og:image:width\" content=\"450\" \/>\n\t<meta property=\"og:image:height\" content=\"300\" \/>\n\t<meta property=\"og:image:type\" content=\"image\/jpeg\" \/>\n<meta name=\"author\" content=\"hudo\" \/>\n<meta name=\"twitter:card\" content=\"summary_large_image\" \/>\n<meta name=\"twitter:creator\" content=\"@hudo_si\" \/>\n<meta name=\"twitter:site\" content=\"@hudo_si\" \/>\n<meta name=\"twitter:label1\" content=\"Written by\" \/>\n\t<meta name=\"twitter:data1\" content=\"hudo\" \/>\n\t<meta name=\"twitter:label2\" content=\"Est. reading time\" \/>\n\t<meta name=\"twitter:data2\" content=\"2 minuti\" \/>\n<script type=\"application\/ld+json\" class=\"yoast-schema-graph\">{\"@context\":\"https:\/\/schema.org\",\"@graph\":[{\"@type\":\"Article\",\"@id\":\"https:\/\/hudo.com\/si\/aktualno\/kaj-bodo-poslanci-sprasevali-cerarja-najvec-o-kadrih\/#article\",\"isPartOf\":{\"@id\":\"https:\/\/hudo.com\/si\/aktualno\/kaj-bodo-poslanci-sprasevali-cerarja-najvec-o-kadrih\/\"},\"author\":{\"name\":\"hudo\",\"@id\":\"https:\/\/hudo.com\/si\/#\/schema\/person\/601cf3379633985b20f7e50f2bb47707\"},\"headline\":\"Kaj bodo poslanci spra\u0161evali Cerarja? Najve\u010d o kadrih\",\"datePublished\":\"2017-03-20T08:00:00+00:00\",\"dateModified\":\"2017-03-20T14:01:01+00:00\",\"mainEntityOfPage\":{\"@id\":\"https:\/\/hudo.com\/si\/aktualno\/kaj-bodo-poslanci-sprasevali-cerarja-najvec-o-kadrih\/\"},\"wordCount\":338,\"publisher\":{\"@id\":\"https:\/\/hudo.com\/si\/#organization\"},\"articleSection\":[\"Aktualno\"],\"inLanguage\":\"sl-SI\"},{\"@type\":\"WebPage\",\"@id\":\"https:\/\/hudo.com\/si\/aktualno\/kaj-bodo-poslanci-sprasevali-cerarja-najvec-o-kadrih\/\",\"url\":\"https:\/\/hudo.com\/si\/aktualno\/kaj-bodo-poslanci-sprasevali-cerarja-najvec-o-kadrih\/\",\"name\":\"Kaj bodo poslanci spra\u0161evali Cerarja? Najve\u010d o kadrih - Hudo Slovenija\",\"isPartOf\":{\"@id\":\"https:\/\/hudo.com\/si\/#website\"},\"datePublished\":\"2017-03-20T08:00:00+00:00\",\"dateModified\":\"2017-03-20T14:01:01+00:00\",\"breadcrumb\":{\"@id\":\"https:\/\/hudo.com\/si\/aktualno\/kaj-bodo-poslanci-sprasevali-cerarja-najvec-o-kadrih\/#breadcrumb\"},\"inLanguage\":\"sl-SI\",\"potentialAction\":[{\"@type\":\"ReadAction\",\"target\":[\"https:\/\/hudo.com\/si\/aktualno\/kaj-bodo-poslanci-sprasevali-cerarja-najvec-o-kadrih\/\"]}]},{\"@type\":\"BreadcrumbList\",\"@id\":\"https:\/\/hudo.com\/si\/aktualno\/kaj-bodo-poslanci-sprasevali-cerarja-najvec-o-kadrih\/#breadcrumb\",\"itemListElement\":[{\"@type\":\"ListItem\",\"position\":1,\"name\":\"Home\",\"item\":\"https:\/\/hudo.com\/si\/\"},{\"@type\":\"ListItem\",\"position\":2,\"name\":\"Kaj bodo poslanci spra\u0161evali Cerarja? Najve\u010d o kadrih\"}]},{\"@type\":\"WebSite\",\"@id\":\"https:\/\/hudo.com\/si\/#website\",\"url\":\"https:\/\/hudo.com\/si\/\",\"name\":\"Hudo Slovenija\",\"description\":\"Vse novice iz Slovenije in sveta\",\"publisher\":{\"@id\":\"https:\/\/hudo.com\/si\/#organization\"},\"potentialAction\":[{\"@type\":\"SearchAction\",\"target\":{\"@type\":\"EntryPoint\",\"urlTemplate\":\"https:\/\/hudo.com\/si\/?s={search_term_string}\"},\"query-input\":\"required name=search_term_string\"}],\"inLanguage\":\"sl-SI\"},{\"@type\":\"Organization\",\"@id\":\"https:\/\/hudo.com\/si\/#organization\",\"name\":\"VSN Media\",\"url\":\"https:\/\/hudo.com\/si\/\",\"logo\":{\"@type\":\"ImageObject\",\"inLanguage\":\"sl-SI\",\"@id\":\"https:\/\/hudo.com\/si\/#\/schema\/logo\/image\/\",\"url\":\"https:\/\/hudo.com\/si\/wp-content\/uploads\/sites\/2\/2021\/03\/hudo-app-2.png\",\"contentUrl\":\"https:\/\/hudo.com\/si\/wp-content\/uploads\/sites\/2\/2021\/03\/hudo-app-2.png\",\"width\":2185,\"height\":2167,\"caption\":\"VSN Media\"},\"image\":{\"@id\":\"https:\/\/hudo.com\/si\/#\/schema\/logo\/image\/\"},\"sameAs\":[\"https:\/\/www.facebook.com\/hudo.si\",\"https:\/\/twitter.com\/hudo_si\"]},{\"@type\":\"Person\",\"@id\":\"https:\/\/hudo.com\/si\/#\/schema\/person\/601cf3379633985b20f7e50f2bb47707\",\"name\":\"hudo\",\"image\":{\"@type\":\"ImageObject\",\"inLanguage\":\"sl-SI\",\"@id\":\"https:\/\/hudo.com\/si\/#\/schema\/person\/image\/\",\"url\":\"https:\/\/secure.gravatar.com\/avatar\/c4ca25fa72cace7a696b52ff5db9e095?s=96&d=mm&r=g\",\"contentUrl\":\"https:\/\/secure.gravatar.com\/avatar\/c4ca25fa72cace7a696b52ff5db9e095?s=96&d=mm&r=g\",\"caption\":\"hudo\"},\"url\":\"https:\/\/hudo.com\/si\/author\/hudo\/\"}]}<\/script>\n<!-- \/ Yoast SEO plugin. -->","yoast_head_json":{"title":"Kaj bodo poslanci spra\u0161evali Cerarja? Najve\u010d o kadrih - Hudo Slovenija","robots":{"index":"index","follow":"follow","max-snippet":"max-snippet:-1","max-image-preview":"max-image-preview:large","max-video-preview":"max-video-preview:-1"},"canonical":"https:\/\/hudo.com\/si\/aktualno\/kaj-bodo-poslanci-sprasevali-cerarja-najvec-o-kadrih\/","og_locale":"sl_SI","og_type":"article","og_title":"Kaj bodo poslanci spra\u0161evali Cerarja? Najve\u010d o kadrih - Hudo Slovenija","og_description":"Opoldne se bo s poslanskimi vpra\u0161anji \u2013 najprej predsedniku vlade, nato \u0161e posameznim ministrom za\u010dela sicer s kadrovskimi zadevami nabita mar\u010devska seja dr\u017eavnega zbora. Premier Miro Cerar bo odgovarjal na vpra\u0161anja o kadrovanju v dr\u017eavnih podjetjih, gospodarskih stranpoteh v primeru gradnje Celov\u0161kih dvorov ter stanju na podro\u010dju ilegalnih migracij. Poslanec NSi Jernej Vrtovec bo opozoril na dvome o primernosti in usposobljenosti nekaterih kandidatov na najpomembnej\u0161e polo\u017eaje, zato bo na premierja naslovil vpra\u0161anje o na\u010dinu delovanja vlade pri kadrovanju. Nekdanji poslanec SMC Bojan Dobov\u0161ek, zdaj vodja nepovezanih poslancev, bo premierja povpra\u0161al o \"nepotisti\u010dnem in politi\u010dnem\" kadrovanju v igralni\u0161ki dru\u017ebi Hit. \"Kako je lahko predsednik uprave Hita postal \u010dlovek, ki je oddal nepopolno vlogo in ni bil niti med favoriti izbora kadrovske komisije, je pa menda prijatelj gospodarskega ministra?\" bo vpra\u0161al Dobov\u0161ek. Vinko Gorenak iz SDS pa bo premierja vpra\u0161al, kako je Slovenija pripravljena na morebitne mno\u017ei\u010dne ilegalne migracije. \u0160e vpra\u0161anje iz vrst koalicije, zastavil ga bo Jan \u0160koberne (SD): Kako bo vlada ukrepala v primeru opeharjenih podizvajalcev podjetja Vegrad za opravljeno delo v Celov\u0161kih dvorih. Sicer pa bo ta teden v sredi\u0161\u010du glasovanje za popolnitev dveh mest v nadzornem svetu Slovenskega dr\u017eavnega holdinga (SDH), jutri naj bi dr\u017eavni zbor imenoval tri \u010dlane fiskalnega sveta, v sredo pa \u0161tiri nove ustavne sodnike. Brez zapletov pri imenovanju nadzornikov v SDH ne bo \u0161lo. Mandatno-volilna komisija je dr\u017eavnemu zboru predlagala v imenovanje le enega od kandidatov \u2013 Franca \u017dmavca, ne pa tudi \u017deljka Pulji\u0107a. Oba kandidata sta v javnosti dele\u017ena ve\u010d o\u010ditkov, vendar se zdi, da \u017dmavc u\u017eiva podporo klju\u010dne koalicijske stranke, Pulji\u0107 pa ne. Najmanj\u0161a partnerica SD pa odreka podporo obema. Ministri iz vrst Socialnih demokratov so jima podporo odrekli \u017ee na seji vlade, potem ko domnevno \"njihov\" kandidat za \u010dlana uprave SDH Matev\u017e Marc ni postal manjkajo\u010di","og_url":"https:\/\/hudo.com\/si\/aktualno\/kaj-bodo-poslanci-sprasevali-cerarja-najvec-o-kadrih\/","og_site_name":"Hudo Slovenija","article_publisher":"https:\/\/www.facebook.com\/hudo.si","article_published_time":"2017-03-20T08:00:00+00:00","article_modified_time":"2017-03-20T14:01:01+00:00","og_image":[{"width":450,"height":300,"url":"https:\/\/hudo.com\/si\/wp-content\/uploads\/sites\/2\/2017\/03\/01020649F-300.jpg","type":"image\/jpeg"}],"author":"hudo","twitter_card":"summary_large_image","twitter_creator":"@hudo_si","twitter_site":"@hudo_si","twitter_misc":{"Written by":"hudo","Est. reading time":"2 minuti"},"schema":{"@context":"https:\/\/schema.org","@graph":[{"@type":"Article","@id":"https:\/\/hudo.com\/si\/aktualno\/kaj-bodo-poslanci-sprasevali-cerarja-najvec-o-kadrih\/#article","isPartOf":{"@id":"https:\/\/hudo.com\/si\/aktualno\/kaj-bodo-poslanci-sprasevali-cerarja-najvec-o-kadrih\/"},"author":{"name":"hudo","@id":"https:\/\/hudo.com\/si\/#\/schema\/person\/601cf3379633985b20f7e50f2bb47707"},"headline":"Kaj bodo poslanci spra\u0161evali Cerarja? Najve\u010d o kadrih","datePublished":"2017-03-20T08:00:00+00:00","dateModified":"2017-03-20T14:01:01+00:00","mainEntityOfPage":{"@id":"https:\/\/hudo.com\/si\/aktualno\/kaj-bodo-poslanci-sprasevali-cerarja-najvec-o-kadrih\/"},"wordCount":338,"publisher":{"@id":"https:\/\/hudo.com\/si\/#organization"},"articleSection":["Aktualno"],"inLanguage":"sl-SI"},{"@type":"WebPage","@id":"https:\/\/hudo.com\/si\/aktualno\/kaj-bodo-poslanci-sprasevali-cerarja-najvec-o-kadrih\/","url":"https:\/\/hudo.com\/si\/aktualno\/kaj-bodo-poslanci-sprasevali-cerarja-najvec-o-kadrih\/","name":"Kaj bodo poslanci spra\u0161evali Cerarja? Najve\u010d o kadrih - Hudo Slovenija","isPartOf":{"@id":"https:\/\/hudo.com\/si\/#website"},"datePublished":"2017-03-20T08:00:00+00:00","dateModified":"2017-03-20T14:01:01+00:00","breadcrumb":{"@id":"https:\/\/hudo.com\/si\/aktualno\/kaj-bodo-poslanci-sprasevali-cerarja-najvec-o-kadrih\/#breadcrumb"},"inLanguage":"sl-SI","potentialAction":[{"@type":"ReadAction","target":["https:\/\/hudo.com\/si\/aktualno\/kaj-bodo-poslanci-sprasevali-cerarja-najvec-o-kadrih\/"]}]},{"@type":"BreadcrumbList","@id":"https:\/\/hudo.com\/si\/aktualno\/kaj-bodo-poslanci-sprasevali-cerarja-najvec-o-kadrih\/#breadcrumb","itemListElement":[{"@type":"ListItem","position":1,"name":"Home","item":"https:\/\/hudo.com\/si\/"},{"@type":"ListItem","position":2,"name":"Kaj bodo poslanci spra\u0161evali Cerarja? Najve\u010d o kadrih"}]},{"@type":"WebSite","@id":"https:\/\/hudo.com\/si\/#website","url":"https:\/\/hudo.com\/si\/","name":"Hudo Slovenija","description":"Vse novice iz Slovenije in sveta","publisher":{"@id":"https:\/\/hudo.com\/si\/#organization"},"potentialAction":[{"@type":"SearchAction","target":{"@type":"EntryPoint","urlTemplate":"https:\/\/hudo.com\/si\/?s={search_term_string}"},"query-input":"required name=search_term_string"}],"inLanguage":"sl-SI"},{"@type":"Organization","@id":"https:\/\/hudo.com\/si\/#organization","name":"VSN Media","url":"https:\/\/hudo.com\/si\/","logo":{"@type":"ImageObject","inLanguage":"sl-SI","@id":"https:\/\/hudo.com\/si\/#\/schema\/logo\/image\/","url":"https:\/\/hudo.com\/si\/wp-content\/uploads\/sites\/2\/2021\/03\/hudo-app-2.png","contentUrl":"https:\/\/hudo.com\/si\/wp-content\/uploads\/sites\/2\/2021\/03\/hudo-app-2.png","width":2185,"height":2167,"caption":"VSN Media"},"image":{"@id":"https:\/\/hudo.com\/si\/#\/schema\/logo\/image\/"},"sameAs":["https:\/\/www.facebook.com\/hudo.si","https:\/\/twitter.com\/hudo_si"]},{"@type":"Person","@id":"https:\/\/hudo.com\/si\/#\/schema\/person\/601cf3379633985b20f7e50f2bb47707","name":"hudo","image":{"@type":"ImageObject","inLanguage":"sl-SI","@id":"https:\/\/hudo.com\/si\/#\/schema\/person\/image\/","url":"https:\/\/secure.gravatar.com\/avatar\/c4ca25fa72cace7a696b52ff5db9e095?s=96&d=mm&r=g","contentUrl":"https:\/\/secure.gravatar.com\/avatar\/c4ca25fa72cace7a696b52ff5db9e095?s=96&d=mm&r=g","caption":"hudo"},"url":"https:\/\/hudo.com\/si\/author\/hudo\/"}]}},"amp_enabled":true,"_links":{"self":[{"href":"https:\/\/hudo.com\/si\/wp-json\/wp\/v2\/posts\/228651"}],"collection":[{"href":"https:\/\/hudo.com\/si\/wp-json\/wp\/v2\/posts"}],"about":[{"href":"https:\/\/hudo.com\/si\/wp-json\/wp\/v2\/types\/post"}],"author":[{"embeddable":true,"href":"https:\/\/hudo.com\/si\/wp-json\/wp\/v2\/users\/1"}],"replies":[{"embeddable":true,"href":"https:\/\/hudo.com\/si\/wp-json\/wp\/v2\/comments?post=228651"}],"version-history":[{"count":1,"href":"https:\/\/hudo.com\/si\/wp-json\/wp\/v2\/posts\/228651\/revisions"}],"predecessor-version":[{"id":228811,"href":"https:\/\/hudo.com\/si\/wp-json\/wp\/v2\/posts\/228651\/revisions\/228811"}],"wp:attachment":[{"href":"https:\/\/hudo.com\/si\/wp-json\/wp\/v2\/media?parent=228651"}],"wp:term":[{"taxonomy":"category","embeddable":true,"href":"https:\/\/hudo.com\/si\/wp-json\/wp\/v2\/categories?post=228651"},{"taxonomy":"post_tag","embeddable":true,"href":"https:\/\/hudo.com\/si\/wp-json\/wp\/v2\/tags?post=228651"},{"taxonomy":"source","embeddable":true,"href":"https:\/\/hudo.com\/si\/wp-json\/wp\/v2\/source?post=228651"},{"taxonomy":"supertag","embeddable":true,"href":"https:\/\/hudo.com\/si\/wp-json\/wp\/v2\/supertag?post=228651"}],"curies":[{"name":"wp","href":"https:\/\/api.w.org\/{rel}","templated":true}]}}