{"id":228986,"date":"2017-03-20T18:24:00","date_gmt":"2017-03-20T17:24:00","guid":{"rendered":"http:\/\/hudo.com\/si\/2017\/03\/20\/avtomobilom-iztrgali-dragoceni-koscek-obale\/"},"modified":"2017-03-21T08:01:00","modified_gmt":"2017-03-21T07:01:00","slug":"avtomobilom-iztrgali-dragoceni-koscek-obale","status":"publish","type":"post","link":"https:\/\/hudo.com\/si\/aktualno\/avtomobilom-iztrgali-dragoceni-koscek-obale\/","title":{"rendered":"Avtomobilom iztrgali dragoceni ko\u0161\u010dek obale"},"content":{"rendered":"<p>Od danes bodo avtomobilski zastoji na obalni cesti le \u0161e blede\u010d spomin. Po ve\u010dletnih prizadevanjih obalnih ob\u010din so namre\u010d za cestni in avtobusni promet zaprli obalno cesto med Izolo in Koprom, dolgo slabe tri kilometre. Promet bo po novem preusmerjen na hitro cesto skozi predor Markovec. Za vo\u017enjo skozi predor pa vinjeta ne bo ve\u010d potrebna.    &#8220;Celo \u017eivljenje sem \u010dakala na zaprtje te ceste\u201c     &#8220;Kon\u010dno. Sedaj se bodo pe\u0161ci, kolesarji, ljubitelji rolanja na rolerjih v miru sprehajali, ne da bi jih motili avtomobili,&#8221; je zaprtje obalne ceste pozdravil doma\u010din Aleks. Kot je \u0161e dodal, je bila dosedanja sprehajalna pot preozka za vse mopediste, kolesarje, pe\u0161ce in star\u0161e z vozi\u010dki. Zato se je na \u017ealost dogajalo tudi to, da je mopedist zbil ni\u010d hudega slute\u010do pe\u0161ko. Od danes bojazni, da bi se zgodilo kaj podobnega, ne bo. Kajti sedanji pas neposredno ob morju, tako imenovani Parenzana, bo namenjen izklju\u010dno pe\u0161cem, na obalni cesti pa bodo neposredno po zaprtju en vozni pas uredili v kolesarsko stezo, enega pa namenili intervencijski poti. Poleg koles bodo lahko kolesarsko pot uporabljali tudi vozniki &#8220;petindvajsetk&#8221;, motornih koles z najve\u010djo hitrostjo omejeno na 25 kilometrov na uro. Zaradi gne\u010de se ni sprehajala ob obali S Kopr\u010danom Aleksom se je strinjala tudi doma\u010dinka Dragica, ki je pred slovesnim zaprtjem ceste ob morju sprehajala dva hi\u0161na ljubljen\u010dka. &#8220;Zaprtje te obalne ceste je odli\u010dna prilo\u017enost za doma\u010dine in turiste. Zdaj bo veliko bolj mirno, \u010disto in brez izpu\u0161nih plinov. Ker je bilo preve\u010d gne\u010de na sprehajalni poti, se tu sploh nisem \u017eelela sprehajati,&#8221; nam je zaupala. &#8220;Celo \u017eivljenje sem \u010dakala na zaprtje te ceste,&#8221; pa je povedala energi\u010dna Kopr\u010danka Marija, ki je dodala, da je zaradi tega zelo sre\u010dna, in nato odvihrala naprej.        Igor Napast Po zaprtju obalne ceste vinjeta za vo\u017enjo skozi predor Markovec ne bo ve\u010d potrebna.   \u010ce so bili doma\u010dini bolj ali manj seznanjeni z zaprtjem ceste, tega niso vedeli vsi vozniki. Med njimi je bil mo\u0161ki iz Kranja,<\/p>\n","protected":false},"excerpt":{"rendered":"<p>Od danes bodo avtomobilski zastoji na obalni cesti le \u0161e blede\u010d spomin. Po ve\u010dletnih prizadevanjih obalnih ob\u010din so namre\u010d za cestni in avtobusni promet zaprli obalno cesto med Izolo in Koprom, dolgo slabe tri kilometre. Promet bo po novem preusmerjen na hitro cesto skozi predor Markovec. Za vo\u017enjo skozi predor pa vinjeta ne bo ve\u010d potrebna.    &#8220;Celo \u017eivljenje sem \u010dakala na zaprtje te ceste\u201c     &#8220;Kon\u010dno. Sedaj se bodo pe\u0161ci, kolesarji, ljubitelji rolanja na rolerjih v miru sprehajali, ne da bi jih motili avtomobili,&#8221; je zaprtje obalne ceste pozdravil doma\u010din Aleks. Kot je \u0161e dodal, je bila dosedanja sprehajalna pot preozka za vse mopediste, kolesarje, pe\u0161ce in star\u0161e z vozi\u010dki. Zato se je na \u017ealost dogajalo tudi to, da je mopedist zbil ni\u010d hudega slute\u010do pe\u0161ko. Od danes bojazni, da bi se zgodilo kaj podobnega, ne bo. Kajti sedanji pas neposredno ob morju, tako imenovani Parenzana, bo namenjen izklju\u010dno pe\u0161cem, na obalni cesti pa bodo neposredno po zaprtju en vozni pas uredili v kolesarsko stezo, enega pa namenili intervencijski poti. Poleg koles bodo lahko kolesarsko pot uporabljali tudi vozniki &#8220;petindvajsetk&#8221;, motornih koles z najve\u010djo hitrostjo omejeno na 25 kilometrov na uro. Zaradi gne\u010de se ni sprehajala ob obali S Kopr\u010danom Aleksom se je strinjala tudi doma\u010dinka Dragica, ki je pred slovesnim zaprtjem ceste ob morju sprehajala dva hi\u0161na ljubljen\u010dka. &#8220;Zaprtje te obalne ceste je odli\u010dna prilo\u017enost za doma\u010dine in turiste. Zdaj bo veliko bolj mirno, \u010disto in brez izpu\u0161nih plinov. Ker je bilo preve\u010d gne\u010de na sprehajalni poti, se tu sploh nisem \u017eelela sprehajati,&#8221; nam je zaupala. &#8220;Celo \u017eivljenje sem \u010dakala na zaprtje te ceste,&#8221; pa je povedala energi\u010dna Kopr\u010danka Marija, ki je dodala, da je zaradi tega zelo sre\u010dna, in nato odvihrala naprej.        Igor Napast Po zaprtju obalne ceste vinjeta za vo\u017enjo skozi predor Markovec ne bo ve\u010d potrebna.   \u010ce so bili doma\u010dini bolj ali manj seznanjeni z zaprtjem ceste, tega niso vedeli vsi vozniki. Med njimi je bil mo\u0161ki iz Kranja,<\/p>\n","protected":false},"author":1,"featured_media":0,"comment_status":"closed","ping_status":"closed","sticky":false,"template":"","format":"standard","meta":{"footnotes":""},"categories":[1179],"tags":[],"source":[1711],"supertag":[],"acf":[],"yoast_head":"<!-- This site is optimized with the Yoast SEO plugin v21.3 - https:\/\/yoast.com\/wordpress\/plugins\/seo\/ -->\n<title>Avtomobilom iztrgali dragoceni ko\u0161\u010dek obale - Hudo Slovenija<\/title>\n<meta name=\"robots\" content=\"index, follow, max-snippet:-1, max-image-preview:large, max-video-preview:-1\" \/>\n<link rel=\"canonical\" href=\"https:\/\/hudo.com\/si\/aktualno\/avtomobilom-iztrgali-dragoceni-koscek-obale\/\" \/>\n<meta property=\"og:locale\" content=\"sl_SI\" \/>\n<meta property=\"og:type\" content=\"article\" \/>\n<meta property=\"og:title\" content=\"Avtomobilom iztrgali dragoceni ko\u0161\u010dek obale - Hudo Slovenija\" \/>\n<meta property=\"og:description\" content=\"Od danes bodo avtomobilski zastoji na obalni cesti le \u0161e blede\u010d spomin. Po ve\u010dletnih prizadevanjih obalnih ob\u010din so namre\u010d za cestni in avtobusni promet zaprli obalno cesto med Izolo in Koprom, dolgo slabe tri kilometre. Promet bo po novem preusmerjen na hitro cesto skozi predor Markovec. Za vo\u017enjo skozi predor pa vinjeta ne bo ve\u010d potrebna.  &quot;Celo \u017eivljenje sem \u010dakala na zaprtje te ceste\u201c   &quot;Kon\u010dno. Sedaj se bodo pe\u0161ci, kolesarji, ljubitelji rolanja na rolerjih v miru sprehajali, ne da bi jih motili avtomobili,&quot; je zaprtje obalne ceste pozdravil doma\u010din Aleks. Kot je \u0161e dodal, je bila dosedanja sprehajalna pot preozka za vse mopediste, kolesarje, pe\u0161ce in star\u0161e z vozi\u010dki. Zato se je na \u017ealost dogajalo tudi to, da je mopedist zbil ni\u010d hudega slute\u010do pe\u0161ko. Od danes bojazni, da bi se zgodilo kaj podobnega, ne bo. Kajti sedanji pas neposredno ob morju, tako imenovani Parenzana, bo namenjen izklju\u010dno pe\u0161cem, na obalni cesti pa bodo neposredno po zaprtju en vozni pas uredili v kolesarsko stezo, enega pa namenili intervencijski poti. Poleg koles bodo lahko kolesarsko pot uporabljali tudi vozniki &quot;petindvajsetk&quot;, motornih koles z najve\u010djo hitrostjo omejeno na 25 kilometrov na uro. Zaradi gne\u010de se ni sprehajala ob obali S Kopr\u010danom Aleksom se je strinjala tudi doma\u010dinka Dragica, ki je pred slovesnim zaprtjem ceste ob morju sprehajala dva hi\u0161na ljubljen\u010dka. &quot;Zaprtje te obalne ceste je odli\u010dna prilo\u017enost za doma\u010dine in turiste. Zdaj bo veliko bolj mirno, \u010disto in brez izpu\u0161nih plinov. Ker je bilo preve\u010d gne\u010de na sprehajalni poti, se tu sploh nisem \u017eelela sprehajati,&quot; nam je zaupala. &quot;Celo \u017eivljenje sem \u010dakala na zaprtje te ceste,&quot; pa je povedala energi\u010dna Kopr\u010danka Marija, ki je dodala, da je zaradi tega zelo sre\u010dna, in nato odvihrala naprej.    Igor Napast Po zaprtju obalne ceste vinjeta za vo\u017enjo skozi predor Markovec ne bo ve\u010d potrebna.  \u010ce so bili doma\u010dini bolj ali manj seznanjeni z zaprtjem ceste, tega niso vedeli vsi vozniki. Med njimi je bil mo\u0161ki iz Kranja,\" \/>\n<meta property=\"og:url\" content=\"https:\/\/hudo.com\/si\/aktualno\/avtomobilom-iztrgali-dragoceni-koscek-obale\/\" \/>\n<meta property=\"og:site_name\" content=\"Hudo Slovenija\" \/>\n<meta property=\"article:publisher\" content=\"https:\/\/www.facebook.com\/hudo.si\" \/>\n<meta property=\"article:published_time\" content=\"2017-03-20T17:24:00+00:00\" \/>\n<meta property=\"article:modified_time\" content=\"2017-03-21T07:01:00+00:00\" \/>\n<meta property=\"og:image\" content=\"https:\/\/hudo.com\/si\/wp-content\/uploads\/sites\/2\/2017\/03\/0320Koper1-300.jpg\" \/>\n\t<meta property=\"og:image:width\" content=\"450\" \/>\n\t<meta property=\"og:image:height\" content=\"320\" \/>\n\t<meta property=\"og:image:type\" content=\"image\/jpeg\" \/>\n<meta name=\"author\" content=\"hudo\" \/>\n<meta name=\"twitter:card\" content=\"summary_large_image\" \/>\n<meta name=\"twitter:creator\" content=\"@hudo_si\" \/>\n<meta name=\"twitter:site\" content=\"@hudo_si\" \/>\n<meta name=\"twitter:label1\" content=\"Written by\" \/>\n\t<meta name=\"twitter:data1\" content=\"hudo\" \/>\n\t<meta name=\"twitter:label2\" content=\"Est. reading time\" \/>\n\t<meta name=\"twitter:data2\" content=\"2 minuti\" \/>\n<script type=\"application\/ld+json\" class=\"yoast-schema-graph\">{\"@context\":\"https:\/\/schema.org\",\"@graph\":[{\"@type\":\"Article\",\"@id\":\"https:\/\/hudo.com\/si\/aktualno\/avtomobilom-iztrgali-dragoceni-koscek-obale\/#article\",\"isPartOf\":{\"@id\":\"https:\/\/hudo.com\/si\/aktualno\/avtomobilom-iztrgali-dragoceni-koscek-obale\/\"},\"author\":{\"name\":\"hudo\",\"@id\":\"https:\/\/hudo.com\/si\/#\/schema\/person\/601cf3379633985b20f7e50f2bb47707\"},\"headline\":\"Avtomobilom iztrgali dragoceni ko\u0161\u010dek obale\",\"datePublished\":\"2017-03-20T17:24:00+00:00\",\"dateModified\":\"2017-03-21T07:01:00+00:00\",\"mainEntityOfPage\":{\"@id\":\"https:\/\/hudo.com\/si\/aktualno\/avtomobilom-iztrgali-dragoceni-koscek-obale\/\"},\"wordCount\":357,\"publisher\":{\"@id\":\"https:\/\/hudo.com\/si\/#organization\"},\"articleSection\":[\"Aktualno\"],\"inLanguage\":\"sl-SI\"},{\"@type\":\"WebPage\",\"@id\":\"https:\/\/hudo.com\/si\/aktualno\/avtomobilom-iztrgali-dragoceni-koscek-obale\/\",\"url\":\"https:\/\/hudo.com\/si\/aktualno\/avtomobilom-iztrgali-dragoceni-koscek-obale\/\",\"name\":\"Avtomobilom iztrgali dragoceni ko\u0161\u010dek obale - Hudo Slovenija\",\"isPartOf\":{\"@id\":\"https:\/\/hudo.com\/si\/#website\"},\"datePublished\":\"2017-03-20T17:24:00+00:00\",\"dateModified\":\"2017-03-21T07:01:00+00:00\",\"breadcrumb\":{\"@id\":\"https:\/\/hudo.com\/si\/aktualno\/avtomobilom-iztrgali-dragoceni-koscek-obale\/#breadcrumb\"},\"inLanguage\":\"sl-SI\",\"potentialAction\":[{\"@type\":\"ReadAction\",\"target\":[\"https:\/\/hudo.com\/si\/aktualno\/avtomobilom-iztrgali-dragoceni-koscek-obale\/\"]}]},{\"@type\":\"BreadcrumbList\",\"@id\":\"https:\/\/hudo.com\/si\/aktualno\/avtomobilom-iztrgali-dragoceni-koscek-obale\/#breadcrumb\",\"itemListElement\":[{\"@type\":\"ListItem\",\"position\":1,\"name\":\"Home\",\"item\":\"https:\/\/hudo.com\/si\/\"},{\"@type\":\"ListItem\",\"position\":2,\"name\":\"Avtomobilom iztrgali dragoceni ko\u0161\u010dek obale\"}]},{\"@type\":\"WebSite\",\"@id\":\"https:\/\/hudo.com\/si\/#website\",\"url\":\"https:\/\/hudo.com\/si\/\",\"name\":\"Hudo Slovenija\",\"description\":\"Vse novice iz Slovenije in sveta\",\"publisher\":{\"@id\":\"https:\/\/hudo.com\/si\/#organization\"},\"potentialAction\":[{\"@type\":\"SearchAction\",\"target\":{\"@type\":\"EntryPoint\",\"urlTemplate\":\"https:\/\/hudo.com\/si\/?s={search_term_string}\"},\"query-input\":\"required name=search_term_string\"}],\"inLanguage\":\"sl-SI\"},{\"@type\":\"Organization\",\"@id\":\"https:\/\/hudo.com\/si\/#organization\",\"name\":\"VSN Media\",\"url\":\"https:\/\/hudo.com\/si\/\",\"logo\":{\"@type\":\"ImageObject\",\"inLanguage\":\"sl-SI\",\"@id\":\"https:\/\/hudo.com\/si\/#\/schema\/logo\/image\/\",\"url\":\"https:\/\/hudo.com\/si\/wp-content\/uploads\/sites\/2\/2021\/03\/hudo-app-2.png\",\"contentUrl\":\"https:\/\/hudo.com\/si\/wp-content\/uploads\/sites\/2\/2021\/03\/hudo-app-2.png\",\"width\":2185,\"height\":2167,\"caption\":\"VSN Media\"},\"image\":{\"@id\":\"https:\/\/hudo.com\/si\/#\/schema\/logo\/image\/\"},\"sameAs\":[\"https:\/\/www.facebook.com\/hudo.si\",\"https:\/\/twitter.com\/hudo_si\"]},{\"@type\":\"Person\",\"@id\":\"https:\/\/hudo.com\/si\/#\/schema\/person\/601cf3379633985b20f7e50f2bb47707\",\"name\":\"hudo\",\"image\":{\"@type\":\"ImageObject\",\"inLanguage\":\"sl-SI\",\"@id\":\"https:\/\/hudo.com\/si\/#\/schema\/person\/image\/\",\"url\":\"https:\/\/secure.gravatar.com\/avatar\/c4ca25fa72cace7a696b52ff5db9e095?s=96&d=mm&r=g\",\"contentUrl\":\"https:\/\/secure.gravatar.com\/avatar\/c4ca25fa72cace7a696b52ff5db9e095?s=96&d=mm&r=g\",\"caption\":\"hudo\"},\"url\":\"https:\/\/hudo.com\/si\/author\/hudo\/\"}]}<\/script>\n<!-- \/ Yoast SEO plugin. -->","yoast_head_json":{"title":"Avtomobilom iztrgali dragoceni ko\u0161\u010dek obale - Hudo Slovenija","robots":{"index":"index","follow":"follow","max-snippet":"max-snippet:-1","max-image-preview":"max-image-preview:large","max-video-preview":"max-video-preview:-1"},"canonical":"https:\/\/hudo.com\/si\/aktualno\/avtomobilom-iztrgali-dragoceni-koscek-obale\/","og_locale":"sl_SI","og_type":"article","og_title":"Avtomobilom iztrgali dragoceni ko\u0161\u010dek obale - Hudo Slovenija","og_description":"Od danes bodo avtomobilski zastoji na obalni cesti le \u0161e blede\u010d spomin. Po ve\u010dletnih prizadevanjih obalnih ob\u010din so namre\u010d za cestni in avtobusni promet zaprli obalno cesto med Izolo in Koprom, dolgo slabe tri kilometre. Promet bo po novem preusmerjen na hitro cesto skozi predor Markovec. Za vo\u017enjo skozi predor pa vinjeta ne bo ve\u010d potrebna.  \"Celo \u017eivljenje sem \u010dakala na zaprtje te ceste\u201c   \"Kon\u010dno. Sedaj se bodo pe\u0161ci, kolesarji, ljubitelji rolanja na rolerjih v miru sprehajali, ne da bi jih motili avtomobili,\" je zaprtje obalne ceste pozdravil doma\u010din Aleks. Kot je \u0161e dodal, je bila dosedanja sprehajalna pot preozka za vse mopediste, kolesarje, pe\u0161ce in star\u0161e z vozi\u010dki. Zato se je na \u017ealost dogajalo tudi to, da je mopedist zbil ni\u010d hudega slute\u010do pe\u0161ko. Od danes bojazni, da bi se zgodilo kaj podobnega, ne bo. Kajti sedanji pas neposredno ob morju, tako imenovani Parenzana, bo namenjen izklju\u010dno pe\u0161cem, na obalni cesti pa bodo neposredno po zaprtju en vozni pas uredili v kolesarsko stezo, enega pa namenili intervencijski poti. Poleg koles bodo lahko kolesarsko pot uporabljali tudi vozniki \"petindvajsetk\", motornih koles z najve\u010djo hitrostjo omejeno na 25 kilometrov na uro. Zaradi gne\u010de se ni sprehajala ob obali S Kopr\u010danom Aleksom se je strinjala tudi doma\u010dinka Dragica, ki je pred slovesnim zaprtjem ceste ob morju sprehajala dva hi\u0161na ljubljen\u010dka. \"Zaprtje te obalne ceste je odli\u010dna prilo\u017enost za doma\u010dine in turiste. Zdaj bo veliko bolj mirno, \u010disto in brez izpu\u0161nih plinov. Ker je bilo preve\u010d gne\u010de na sprehajalni poti, se tu sploh nisem \u017eelela sprehajati,\" nam je zaupala. \"Celo \u017eivljenje sem \u010dakala na zaprtje te ceste,\" pa je povedala energi\u010dna Kopr\u010danka Marija, ki je dodala, da je zaradi tega zelo sre\u010dna, in nato odvihrala naprej.    Igor Napast Po zaprtju obalne ceste vinjeta za vo\u017enjo skozi predor Markovec ne bo ve\u010d potrebna.  \u010ce so bili doma\u010dini bolj ali manj seznanjeni z zaprtjem ceste, tega niso vedeli vsi vozniki. Med njimi je bil mo\u0161ki iz Kranja,","og_url":"https:\/\/hudo.com\/si\/aktualno\/avtomobilom-iztrgali-dragoceni-koscek-obale\/","og_site_name":"Hudo Slovenija","article_publisher":"https:\/\/www.facebook.com\/hudo.si","article_published_time":"2017-03-20T17:24:00+00:00","article_modified_time":"2017-03-21T07:01:00+00:00","og_image":[{"width":450,"height":320,"url":"https:\/\/hudo.com\/si\/wp-content\/uploads\/sites\/2\/2017\/03\/0320Koper1-300.jpg","type":"image\/jpeg"}],"author":"hudo","twitter_card":"summary_large_image","twitter_creator":"@hudo_si","twitter_site":"@hudo_si","twitter_misc":{"Written by":"hudo","Est. reading time":"2 minuti"},"schema":{"@context":"https:\/\/schema.org","@graph":[{"@type":"Article","@id":"https:\/\/hudo.com\/si\/aktualno\/avtomobilom-iztrgali-dragoceni-koscek-obale\/#article","isPartOf":{"@id":"https:\/\/hudo.com\/si\/aktualno\/avtomobilom-iztrgali-dragoceni-koscek-obale\/"},"author":{"name":"hudo","@id":"https:\/\/hudo.com\/si\/#\/schema\/person\/601cf3379633985b20f7e50f2bb47707"},"headline":"Avtomobilom iztrgali dragoceni ko\u0161\u010dek obale","datePublished":"2017-03-20T17:24:00+00:00","dateModified":"2017-03-21T07:01:00+00:00","mainEntityOfPage":{"@id":"https:\/\/hudo.com\/si\/aktualno\/avtomobilom-iztrgali-dragoceni-koscek-obale\/"},"wordCount":357,"publisher":{"@id":"https:\/\/hudo.com\/si\/#organization"},"articleSection":["Aktualno"],"inLanguage":"sl-SI"},{"@type":"WebPage","@id":"https:\/\/hudo.com\/si\/aktualno\/avtomobilom-iztrgali-dragoceni-koscek-obale\/","url":"https:\/\/hudo.com\/si\/aktualno\/avtomobilom-iztrgali-dragoceni-koscek-obale\/","name":"Avtomobilom iztrgali dragoceni ko\u0161\u010dek obale - Hudo Slovenija","isPartOf":{"@id":"https:\/\/hudo.com\/si\/#website"},"datePublished":"2017-03-20T17:24:00+00:00","dateModified":"2017-03-21T07:01:00+00:00","breadcrumb":{"@id":"https:\/\/hudo.com\/si\/aktualno\/avtomobilom-iztrgali-dragoceni-koscek-obale\/#breadcrumb"},"inLanguage":"sl-SI","potentialAction":[{"@type":"ReadAction","target":["https:\/\/hudo.com\/si\/aktualno\/avtomobilom-iztrgali-dragoceni-koscek-obale\/"]}]},{"@type":"BreadcrumbList","@id":"https:\/\/hudo.com\/si\/aktualno\/avtomobilom-iztrgali-dragoceni-koscek-obale\/#breadcrumb","itemListElement":[{"@type":"ListItem","position":1,"name":"Home","item":"https:\/\/hudo.com\/si\/"},{"@type":"ListItem","position":2,"name":"Avtomobilom iztrgali dragoceni ko\u0161\u010dek obale"}]},{"@type":"WebSite","@id":"https:\/\/hudo.com\/si\/#website","url":"https:\/\/hudo.com\/si\/","name":"Hudo Slovenija","description":"Vse novice iz Slovenije in sveta","publisher":{"@id":"https:\/\/hudo.com\/si\/#organization"},"potentialAction":[{"@type":"SearchAction","target":{"@type":"EntryPoint","urlTemplate":"https:\/\/hudo.com\/si\/?s={search_term_string}"},"query-input":"required name=search_term_string"}],"inLanguage":"sl-SI"},{"@type":"Organization","@id":"https:\/\/hudo.com\/si\/#organization","name":"VSN Media","url":"https:\/\/hudo.com\/si\/","logo":{"@type":"ImageObject","inLanguage":"sl-SI","@id":"https:\/\/hudo.com\/si\/#\/schema\/logo\/image\/","url":"https:\/\/hudo.com\/si\/wp-content\/uploads\/sites\/2\/2021\/03\/hudo-app-2.png","contentUrl":"https:\/\/hudo.com\/si\/wp-content\/uploads\/sites\/2\/2021\/03\/hudo-app-2.png","width":2185,"height":2167,"caption":"VSN Media"},"image":{"@id":"https:\/\/hudo.com\/si\/#\/schema\/logo\/image\/"},"sameAs":["https:\/\/www.facebook.com\/hudo.si","https:\/\/twitter.com\/hudo_si"]},{"@type":"Person","@id":"https:\/\/hudo.com\/si\/#\/schema\/person\/601cf3379633985b20f7e50f2bb47707","name":"hudo","image":{"@type":"ImageObject","inLanguage":"sl-SI","@id":"https:\/\/hudo.com\/si\/#\/schema\/person\/image\/","url":"https:\/\/secure.gravatar.com\/avatar\/c4ca25fa72cace7a696b52ff5db9e095?s=96&d=mm&r=g","contentUrl":"https:\/\/secure.gravatar.com\/avatar\/c4ca25fa72cace7a696b52ff5db9e095?s=96&d=mm&r=g","caption":"hudo"},"url":"https:\/\/hudo.com\/si\/author\/hudo\/"}]}},"amp_enabled":true,"_links":{"self":[{"href":"https:\/\/hudo.com\/si\/wp-json\/wp\/v2\/posts\/228986"}],"collection":[{"href":"https:\/\/hudo.com\/si\/wp-json\/wp\/v2\/posts"}],"about":[{"href":"https:\/\/hudo.com\/si\/wp-json\/wp\/v2\/types\/post"}],"author":[{"embeddable":true,"href":"https:\/\/hudo.com\/si\/wp-json\/wp\/v2\/users\/1"}],"replies":[{"embeddable":true,"href":"https:\/\/hudo.com\/si\/wp-json\/wp\/v2\/comments?post=228986"}],"version-history":[{"count":1,"href":"https:\/\/hudo.com\/si\/wp-json\/wp\/v2\/posts\/228986\/revisions"}],"predecessor-version":[{"id":229045,"href":"https:\/\/hudo.com\/si\/wp-json\/wp\/v2\/posts\/228986\/revisions\/229045"}],"wp:attachment":[{"href":"https:\/\/hudo.com\/si\/wp-json\/wp\/v2\/media?parent=228986"}],"wp:term":[{"taxonomy":"category","embeddable":true,"href":"https:\/\/hudo.com\/si\/wp-json\/wp\/v2\/categories?post=228986"},{"taxonomy":"post_tag","embeddable":true,"href":"https:\/\/hudo.com\/si\/wp-json\/wp\/v2\/tags?post=228986"},{"taxonomy":"source","embeddable":true,"href":"https:\/\/hudo.com\/si\/wp-json\/wp\/v2\/source?post=228986"},{"taxonomy":"supertag","embeddable":true,"href":"https:\/\/hudo.com\/si\/wp-json\/wp\/v2\/supertag?post=228986"}],"curies":[{"name":"wp","href":"https:\/\/api.w.org\/{rel}","templated":true}]}}