{"id":230056,"date":"2017-03-22T19:49:00","date_gmt":"2017-03-22T18:49:00","guid":{"rendered":"http:\/\/hudo.com\/si\/2017\/03\/22\/mami-pokojne-jeseniske-deklice-odvzeli-novorojencka\/"},"modified":"2017-03-23T09:41:20","modified_gmt":"2017-03-23T08:41:20","slug":"mami-pokojne-jeseniske-deklice-odvzeli-novorojencka","status":"publish","type":"post","link":"https:\/\/hudo.com\/si\/aktualno\/mami-pokojne-jeseniske-deklice-odvzeli-novorojencka\/","title":{"rendered":"Mami pokojne jeseni\u0161ke deklice odvzeli novorojen\u010dka"},"content":{"rendered":"<p>Kategorija: Kronika Wed, 22 Mar 2017 20:49:00 +0100  Jesenice &#8211; Mami, ki je od lani poleti v priporu zaradi o\u010ditkov o soodgovornosti za smrt dveletne h\u010derke, je jeseni\u0161ki center za socialno delo odvzel otroka, ki ga je rodila pred dnevi, poro\u010da \u010dasnik Dnevnik. Njena odvetnica Darja Roblek zatrjuje, da so ji otroka odvzeli s prevaro, in ne izklju\u010duje mo\u017enosti to\u017ebe. Roblekova je v izjavi za Dnevnik dejala, da je jeseni\u0161ki center za socialno delo ob odvzemu otroka navedel \u00bbizgovor, da so potrebne preiskave, v resnici pa je \u0161lo za izvajanje odlo\u010dbe jeseni\u0161kega centra za socialno delo, ki so ji jo potem v porodni\u0161nici tudi vro\u010dili.\u00ab Pojasnila je tudi, da je otrok v rejni\u0161tvu in da njegova mati Sanda Alibabi\u0107 soglasja o skrbni\u0161tvu, ki so ji ga dan po odvzemu prinesle socialne delavke, ni podpisala. Roblekova je \u0161e izpostavila, da razmi\u0161lja\u00a0&#8230;<\/p>\n","protected":false},"excerpt":{"rendered":"<p>Kategorija: Kronika Wed, 22 Mar 2017 20:49:00 +0100  Jesenice &#8211; Mami, ki je od lani poleti v priporu zaradi o\u010ditkov o soodgovornosti za smrt dveletne h\u010derke, je jeseni\u0161ki center za socialno delo odvzel otroka, ki ga je rodila pred dnevi, poro\u010da \u010dasnik Dnevnik. Njena odvetnica Darja Roblek zatrjuje, da so ji otroka odvzeli s prevaro, in ne izklju\u010duje mo\u017enosti to\u017ebe. Roblekova je v izjavi za Dnevnik dejala, da je jeseni\u0161ki center za socialno delo ob odvzemu otroka navedel \u00bbizgovor, da so potrebne preiskave, v resnici pa je \u0161lo za izvajanje odlo\u010dbe jeseni\u0161kega centra za socialno delo, ki so ji jo potem v porodni\u0161nici tudi vro\u010dili.\u00ab Pojasnila je tudi, da je otrok v rejni\u0161tvu in da njegova mati Sanda Alibabi\u0107 soglasja o skrbni\u0161tvu, ki so ji ga dan po odvzemu prinesle socialne delavke, ni podpisala. Roblekova je \u0161e izpostavila, da razmi\u0161lja\u00a0&#8230;<\/p>\n","protected":false},"author":1,"featured_media":0,"comment_status":"closed","ping_status":"closed","sticky":false,"template":"","format":"standard","meta":{"footnotes":""},"categories":[1179],"tags":[],"source":[1703],"supertag":[],"acf":[],"yoast_head":"<!-- This site is optimized with the Yoast SEO plugin v21.3 - https:\/\/yoast.com\/wordpress\/plugins\/seo\/ -->\n<title>Mami pokojne jeseni\u0161ke deklice odvzeli novorojen\u010dka - Hudo Slovenija<\/title>\n<meta name=\"robots\" content=\"index, follow, max-snippet:-1, max-image-preview:large, max-video-preview:-1\" \/>\n<link rel=\"canonical\" href=\"https:\/\/hudo.com\/si\/aktualno\/mami-pokojne-jeseniske-deklice-odvzeli-novorojencka\/\" \/>\n<meta property=\"og:locale\" content=\"sl_SI\" \/>\n<meta property=\"og:type\" content=\"article\" \/>\n<meta property=\"og:title\" content=\"Mami pokojne jeseni\u0161ke deklice odvzeli novorojen\u010dka - Hudo Slovenija\" \/>\n<meta property=\"og:description\" content=\"Kategorija: Kronika Wed, 22 Mar 2017 20:49:00 +0100 Jesenice - Mami, ki je od lani poleti v priporu zaradi o\u010ditkov o soodgovornosti za smrt dveletne h\u010derke, je jeseni\u0161ki center za socialno delo odvzel otroka, ki ga je rodila pred dnevi, poro\u010da \u010dasnik Dnevnik. Njena odvetnica Darja Roblek zatrjuje, da so ji otroka odvzeli s prevaro, in ne izklju\u010duje mo\u017enosti to\u017ebe. Roblekova je v izjavi za Dnevnik dejala, da je jeseni\u0161ki center za socialno delo ob odvzemu otroka navedel \u00bbizgovor, da so potrebne preiskave, v resnici pa je \u0161lo za izvajanje odlo\u010dbe jeseni\u0161kega centra za socialno delo, ki so ji jo potem v porodni\u0161nici tudi vro\u010dili.\u00ab Pojasnila je tudi, da je otrok v rejni\u0161tvu in da njegova mati Sanda Alibabi\u0107 soglasja o skrbni\u0161tvu, ki so ji ga dan po odvzemu prinesle socialne delavke, ni podpisala. Roblekova je \u0161e izpostavila, da razmi\u0161lja\u00a0...\" \/>\n<meta property=\"og:url\" content=\"https:\/\/hudo.com\/si\/aktualno\/mami-pokojne-jeseniske-deklice-odvzeli-novorojencka\/\" \/>\n<meta property=\"og:site_name\" content=\"Hudo Slovenija\" \/>\n<meta property=\"article:publisher\" content=\"https:\/\/www.facebook.com\/hudo.si\" \/>\n<meta property=\"article:published_time\" content=\"2017-03-22T18:49:00+00:00\" \/>\n<meta property=\"article:modified_time\" content=\"2017-03-23T08:41:20+00:00\" \/>\n<meta property=\"og:image\" content=\"https:\/\/hudo.com\/si\/wp-content\/uploads\/sites\/2\/2017\/03\/480x290_djvu_2475862_popaj_bra-Sanda-Alibabi.jpeg\" \/>\n\t<meta property=\"og:image:width\" content=\"480\" \/>\n\t<meta property=\"og:image:height\" content=\"290\" \/>\n\t<meta property=\"og:image:type\" content=\"image\/jpeg\" \/>\n<meta name=\"author\" content=\"hudo\" \/>\n<meta name=\"twitter:card\" content=\"summary_large_image\" \/>\n<meta name=\"twitter:creator\" content=\"@hudo_si\" \/>\n<meta name=\"twitter:site\" content=\"@hudo_si\" \/>\n<meta name=\"twitter:label1\" content=\"Written by\" \/>\n\t<meta name=\"twitter:data1\" content=\"hudo\" \/>\n\t<meta name=\"twitter:label2\" content=\"Est. reading time\" \/>\n\t<meta name=\"twitter:data2\" content=\"1 minuta\" \/>\n<script type=\"application\/ld+json\" class=\"yoast-schema-graph\">{\"@context\":\"https:\/\/schema.org\",\"@graph\":[{\"@type\":\"Article\",\"@id\":\"https:\/\/hudo.com\/si\/aktualno\/mami-pokojne-jeseniske-deklice-odvzeli-novorojencka\/#article\",\"isPartOf\":{\"@id\":\"https:\/\/hudo.com\/si\/aktualno\/mami-pokojne-jeseniske-deklice-odvzeli-novorojencka\/\"},\"author\":{\"name\":\"hudo\",\"@id\":\"https:\/\/hudo.com\/si\/#\/schema\/person\/601cf3379633985b20f7e50f2bb47707\"},\"headline\":\"Mami pokojne jeseni\u0161ke deklice odvzeli novorojen\u010dka\",\"datePublished\":\"2017-03-22T18:49:00+00:00\",\"dateModified\":\"2017-03-23T08:41:20+00:00\",\"mainEntityOfPage\":{\"@id\":\"https:\/\/hudo.com\/si\/aktualno\/mami-pokojne-jeseniske-deklice-odvzeli-novorojencka\/\"},\"wordCount\":159,\"publisher\":{\"@id\":\"https:\/\/hudo.com\/si\/#organization\"},\"articleSection\":[\"Aktualno\"],\"inLanguage\":\"sl-SI\"},{\"@type\":\"WebPage\",\"@id\":\"https:\/\/hudo.com\/si\/aktualno\/mami-pokojne-jeseniske-deklice-odvzeli-novorojencka\/\",\"url\":\"https:\/\/hudo.com\/si\/aktualno\/mami-pokojne-jeseniske-deklice-odvzeli-novorojencka\/\",\"name\":\"Mami pokojne jeseni\u0161ke deklice odvzeli novorojen\u010dka - Hudo Slovenija\",\"isPartOf\":{\"@id\":\"https:\/\/hudo.com\/si\/#website\"},\"datePublished\":\"2017-03-22T18:49:00+00:00\",\"dateModified\":\"2017-03-23T08:41:20+00:00\",\"breadcrumb\":{\"@id\":\"https:\/\/hudo.com\/si\/aktualno\/mami-pokojne-jeseniske-deklice-odvzeli-novorojencka\/#breadcrumb\"},\"inLanguage\":\"sl-SI\",\"potentialAction\":[{\"@type\":\"ReadAction\",\"target\":[\"https:\/\/hudo.com\/si\/aktualno\/mami-pokojne-jeseniske-deklice-odvzeli-novorojencka\/\"]}]},{\"@type\":\"BreadcrumbList\",\"@id\":\"https:\/\/hudo.com\/si\/aktualno\/mami-pokojne-jeseniske-deklice-odvzeli-novorojencka\/#breadcrumb\",\"itemListElement\":[{\"@type\":\"ListItem\",\"position\":1,\"name\":\"Home\",\"item\":\"https:\/\/hudo.com\/si\/\"},{\"@type\":\"ListItem\",\"position\":2,\"name\":\"Mami pokojne jeseni\u0161ke deklice odvzeli novorojen\u010dka\"}]},{\"@type\":\"WebSite\",\"@id\":\"https:\/\/hudo.com\/si\/#website\",\"url\":\"https:\/\/hudo.com\/si\/\",\"name\":\"Hudo Slovenija\",\"description\":\"Vse novice iz Slovenije in sveta\",\"publisher\":{\"@id\":\"https:\/\/hudo.com\/si\/#organization\"},\"potentialAction\":[{\"@type\":\"SearchAction\",\"target\":{\"@type\":\"EntryPoint\",\"urlTemplate\":\"https:\/\/hudo.com\/si\/?s={search_term_string}\"},\"query-input\":\"required name=search_term_string\"}],\"inLanguage\":\"sl-SI\"},{\"@type\":\"Organization\",\"@id\":\"https:\/\/hudo.com\/si\/#organization\",\"name\":\"VSN Media\",\"url\":\"https:\/\/hudo.com\/si\/\",\"logo\":{\"@type\":\"ImageObject\",\"inLanguage\":\"sl-SI\",\"@id\":\"https:\/\/hudo.com\/si\/#\/schema\/logo\/image\/\",\"url\":\"https:\/\/hudo.com\/si\/wp-content\/uploads\/sites\/2\/2021\/03\/hudo-app-2.png\",\"contentUrl\":\"https:\/\/hudo.com\/si\/wp-content\/uploads\/sites\/2\/2021\/03\/hudo-app-2.png\",\"width\":2185,\"height\":2167,\"caption\":\"VSN Media\"},\"image\":{\"@id\":\"https:\/\/hudo.com\/si\/#\/schema\/logo\/image\/\"},\"sameAs\":[\"https:\/\/www.facebook.com\/hudo.si\",\"https:\/\/twitter.com\/hudo_si\"]},{\"@type\":\"Person\",\"@id\":\"https:\/\/hudo.com\/si\/#\/schema\/person\/601cf3379633985b20f7e50f2bb47707\",\"name\":\"hudo\",\"image\":{\"@type\":\"ImageObject\",\"inLanguage\":\"sl-SI\",\"@id\":\"https:\/\/hudo.com\/si\/#\/schema\/person\/image\/\",\"url\":\"https:\/\/secure.gravatar.com\/avatar\/c4ca25fa72cace7a696b52ff5db9e095?s=96&d=mm&r=g\",\"contentUrl\":\"https:\/\/secure.gravatar.com\/avatar\/c4ca25fa72cace7a696b52ff5db9e095?s=96&d=mm&r=g\",\"caption\":\"hudo\"},\"url\":\"https:\/\/hudo.com\/si\/author\/hudo\/\"}]}<\/script>\n<!-- \/ Yoast SEO plugin. -->","yoast_head_json":{"title":"Mami pokojne jeseni\u0161ke deklice odvzeli novorojen\u010dka - Hudo Slovenija","robots":{"index":"index","follow":"follow","max-snippet":"max-snippet:-1","max-image-preview":"max-image-preview:large","max-video-preview":"max-video-preview:-1"},"canonical":"https:\/\/hudo.com\/si\/aktualno\/mami-pokojne-jeseniske-deklice-odvzeli-novorojencka\/","og_locale":"sl_SI","og_type":"article","og_title":"Mami pokojne jeseni\u0161ke deklice odvzeli novorojen\u010dka - Hudo Slovenija","og_description":"Kategorija: Kronika Wed, 22 Mar 2017 20:49:00 +0100 Jesenice - Mami, ki je od lani poleti v priporu zaradi o\u010ditkov o soodgovornosti za smrt dveletne h\u010derke, je jeseni\u0161ki center za socialno delo odvzel otroka, ki ga je rodila pred dnevi, poro\u010da \u010dasnik Dnevnik. Njena odvetnica Darja Roblek zatrjuje, da so ji otroka odvzeli s prevaro, in ne izklju\u010duje mo\u017enosti to\u017ebe. Roblekova je v izjavi za Dnevnik dejala, da je jeseni\u0161ki center za socialno delo ob odvzemu otroka navedel \u00bbizgovor, da so potrebne preiskave, v resnici pa je \u0161lo za izvajanje odlo\u010dbe jeseni\u0161kega centra za socialno delo, ki so ji jo potem v porodni\u0161nici tudi vro\u010dili.\u00ab Pojasnila je tudi, da je otrok v rejni\u0161tvu in da njegova mati Sanda Alibabi\u0107 soglasja o skrbni\u0161tvu, ki so ji ga dan po odvzemu prinesle socialne delavke, ni podpisala. Roblekova je \u0161e izpostavila, da razmi\u0161lja\u00a0...","og_url":"https:\/\/hudo.com\/si\/aktualno\/mami-pokojne-jeseniske-deklice-odvzeli-novorojencka\/","og_site_name":"Hudo Slovenija","article_publisher":"https:\/\/www.facebook.com\/hudo.si","article_published_time":"2017-03-22T18:49:00+00:00","article_modified_time":"2017-03-23T08:41:20+00:00","og_image":[{"width":480,"height":290,"url":"https:\/\/hudo.com\/si\/wp-content\/uploads\/sites\/2\/2017\/03\/480x290_djvu_2475862_popaj_bra-Sanda-Alibabi.jpeg","type":"image\/jpeg"}],"author":"hudo","twitter_card":"summary_large_image","twitter_creator":"@hudo_si","twitter_site":"@hudo_si","twitter_misc":{"Written by":"hudo","Est. reading time":"1 minuta"},"schema":{"@context":"https:\/\/schema.org","@graph":[{"@type":"Article","@id":"https:\/\/hudo.com\/si\/aktualno\/mami-pokojne-jeseniske-deklice-odvzeli-novorojencka\/#article","isPartOf":{"@id":"https:\/\/hudo.com\/si\/aktualno\/mami-pokojne-jeseniske-deklice-odvzeli-novorojencka\/"},"author":{"name":"hudo","@id":"https:\/\/hudo.com\/si\/#\/schema\/person\/601cf3379633985b20f7e50f2bb47707"},"headline":"Mami pokojne jeseni\u0161ke deklice odvzeli novorojen\u010dka","datePublished":"2017-03-22T18:49:00+00:00","dateModified":"2017-03-23T08:41:20+00:00","mainEntityOfPage":{"@id":"https:\/\/hudo.com\/si\/aktualno\/mami-pokojne-jeseniske-deklice-odvzeli-novorojencka\/"},"wordCount":159,"publisher":{"@id":"https:\/\/hudo.com\/si\/#organization"},"articleSection":["Aktualno"],"inLanguage":"sl-SI"},{"@type":"WebPage","@id":"https:\/\/hudo.com\/si\/aktualno\/mami-pokojne-jeseniske-deklice-odvzeli-novorojencka\/","url":"https:\/\/hudo.com\/si\/aktualno\/mami-pokojne-jeseniske-deklice-odvzeli-novorojencka\/","name":"Mami pokojne jeseni\u0161ke deklice odvzeli novorojen\u010dka - Hudo Slovenija","isPartOf":{"@id":"https:\/\/hudo.com\/si\/#website"},"datePublished":"2017-03-22T18:49:00+00:00","dateModified":"2017-03-23T08:41:20+00:00","breadcrumb":{"@id":"https:\/\/hudo.com\/si\/aktualno\/mami-pokojne-jeseniske-deklice-odvzeli-novorojencka\/#breadcrumb"},"inLanguage":"sl-SI","potentialAction":[{"@type":"ReadAction","target":["https:\/\/hudo.com\/si\/aktualno\/mami-pokojne-jeseniske-deklice-odvzeli-novorojencka\/"]}]},{"@type":"BreadcrumbList","@id":"https:\/\/hudo.com\/si\/aktualno\/mami-pokojne-jeseniske-deklice-odvzeli-novorojencka\/#breadcrumb","itemListElement":[{"@type":"ListItem","position":1,"name":"Home","item":"https:\/\/hudo.com\/si\/"},{"@type":"ListItem","position":2,"name":"Mami pokojne jeseni\u0161ke deklice odvzeli novorojen\u010dka"}]},{"@type":"WebSite","@id":"https:\/\/hudo.com\/si\/#website","url":"https:\/\/hudo.com\/si\/","name":"Hudo Slovenija","description":"Vse novice iz Slovenije in sveta","publisher":{"@id":"https:\/\/hudo.com\/si\/#organization"},"potentialAction":[{"@type":"SearchAction","target":{"@type":"EntryPoint","urlTemplate":"https:\/\/hudo.com\/si\/?s={search_term_string}"},"query-input":"required name=search_term_string"}],"inLanguage":"sl-SI"},{"@type":"Organization","@id":"https:\/\/hudo.com\/si\/#organization","name":"VSN Media","url":"https:\/\/hudo.com\/si\/","logo":{"@type":"ImageObject","inLanguage":"sl-SI","@id":"https:\/\/hudo.com\/si\/#\/schema\/logo\/image\/","url":"https:\/\/hudo.com\/si\/wp-content\/uploads\/sites\/2\/2021\/03\/hudo-app-2.png","contentUrl":"https:\/\/hudo.com\/si\/wp-content\/uploads\/sites\/2\/2021\/03\/hudo-app-2.png","width":2185,"height":2167,"caption":"VSN Media"},"image":{"@id":"https:\/\/hudo.com\/si\/#\/schema\/logo\/image\/"},"sameAs":["https:\/\/www.facebook.com\/hudo.si","https:\/\/twitter.com\/hudo_si"]},{"@type":"Person","@id":"https:\/\/hudo.com\/si\/#\/schema\/person\/601cf3379633985b20f7e50f2bb47707","name":"hudo","image":{"@type":"ImageObject","inLanguage":"sl-SI","@id":"https:\/\/hudo.com\/si\/#\/schema\/person\/image\/","url":"https:\/\/secure.gravatar.com\/avatar\/c4ca25fa72cace7a696b52ff5db9e095?s=96&d=mm&r=g","contentUrl":"https:\/\/secure.gravatar.com\/avatar\/c4ca25fa72cace7a696b52ff5db9e095?s=96&d=mm&r=g","caption":"hudo"},"url":"https:\/\/hudo.com\/si\/author\/hudo\/"}]}},"amp_enabled":true,"_links":{"self":[{"href":"https:\/\/hudo.com\/si\/wp-json\/wp\/v2\/posts\/230056"}],"collection":[{"href":"https:\/\/hudo.com\/si\/wp-json\/wp\/v2\/posts"}],"about":[{"href":"https:\/\/hudo.com\/si\/wp-json\/wp\/v2\/types\/post"}],"author":[{"embeddable":true,"href":"https:\/\/hudo.com\/si\/wp-json\/wp\/v2\/users\/1"}],"replies":[{"embeddable":true,"href":"https:\/\/hudo.com\/si\/wp-json\/wp\/v2\/comments?post=230056"}],"version-history":[{"count":1,"href":"https:\/\/hudo.com\/si\/wp-json\/wp\/v2\/posts\/230056\/revisions"}],"predecessor-version":[{"id":230119,"href":"https:\/\/hudo.com\/si\/wp-json\/wp\/v2\/posts\/230056\/revisions\/230119"}],"wp:attachment":[{"href":"https:\/\/hudo.com\/si\/wp-json\/wp\/v2\/media?parent=230056"}],"wp:term":[{"taxonomy":"category","embeddable":true,"href":"https:\/\/hudo.com\/si\/wp-json\/wp\/v2\/categories?post=230056"},{"taxonomy":"post_tag","embeddable":true,"href":"https:\/\/hudo.com\/si\/wp-json\/wp\/v2\/tags?post=230056"},{"taxonomy":"source","embeddable":true,"href":"https:\/\/hudo.com\/si\/wp-json\/wp\/v2\/source?post=230056"},{"taxonomy":"supertag","embeddable":true,"href":"https:\/\/hudo.com\/si\/wp-json\/wp\/v2\/supertag?post=230056"}],"curies":[{"name":"wp","href":"https:\/\/api.w.org\/{rel}","templated":true}]}}