{"id":230347,"date":"2017-03-23T09:49:00","date_gmt":"2017-03-23T08:49:00","guid":{"rendered":"http:\/\/hudo.com\/si\/2017\/03\/23\/poleti-v-planici-anze-semenic-na-1-treningu-238-m-wellinger-na-drugem-2405-v-zivo\/"},"modified":"2017-03-23T09:49:00","modified_gmt":"2017-03-23T08:49:00","slug":"poleti-v-planici-anze-semenic-na-1-treningu-238-m-wellinger-na-drugem-2405-v-zivo","status":"publish","type":"post","link":"https:\/\/hudo.com\/si\/aktualno\/poleti-v-planici-anze-semenic-na-1-treningu-238-m-wellinger-na-drugem-2405-v-zivo\/","title":{"rendered":"Poleti v Planici: An\u017ee Semeni\u010d na 1. treningu 238 m, Wellinger na drugem 240,5 (V \u017dIVO)"},"content":{"rendered":"<p>Kategorija: Zimski Thu, 23 Mar 2017 10:49:00 +0100  Planica \u2212 Pod Poncami se za\u010denja slovenski skakalni praznik. Letalci bodo na velikanki prvi\u010d skakali zares, dana\u0161nje kvalifikacije bodo \u0161tele kot sito za petkovo posami\u010dno tekmo. Slovenija ima na startu kar 13 skakalcev, Goran Janus pa je v\u010deraj na vlaku do Jesenic optimisti\u010dno napovedoval, da se jih bo vsaj osem uvrstilo na tekmo.\u00a0 Za tak\u0161en dose\u017eek bo najbr\u017e potrebno poleteti krepko \u010dez 200 metrov, veliko pa bo odvisno tudi od vetrovnih razmer in vi\u0161ine naleta. Na preizkusu letalnice je za zdaj najdalj\u0161o daljavo postavil Bla\u017e Pavli\u010d, ki je pristal pri 231 metrih. Organizatorjem veliko te\u017eav povzro\u010da (pre)toplo vreme, ki hitro tali sneg na dosko\u010di\u0161\u010du, za name\u010dek je zjutraj v Planici tudi de\u017eevalo. Kasneje so se de\u017ene kaplje umaknile mno\u017eici gledalcev, ki so \u017ee danes pri\u0161li podpret letalce pod Ponce.\u00a0 Kljub temu so\u00a0&#8230;<\/p>\n","protected":false},"excerpt":{"rendered":"<p>Kategorija: Zimski Thu, 23 Mar 2017 10:49:00 +0100  Planica \u2212 Pod Poncami se za\u010denja slovenski skakalni praznik. Letalci bodo na velikanki prvi\u010d skakali zares, dana\u0161nje kvalifikacije bodo \u0161tele kot sito za petkovo posami\u010dno tekmo. Slovenija ima na startu kar 13 skakalcev, Goran Janus pa je v\u010deraj na vlaku do Jesenic optimisti\u010dno napovedoval, da se jih bo vsaj osem uvrstilo na tekmo.\u00a0 Za tak\u0161en dose\u017eek bo najbr\u017e potrebno poleteti krepko \u010dez 200 metrov, veliko pa bo odvisno tudi od vetrovnih razmer in vi\u0161ine naleta. Na preizkusu letalnice je za zdaj najdalj\u0161o daljavo postavil Bla\u017e Pavli\u010d, ki je pristal pri 231 metrih. Organizatorjem veliko te\u017eav povzro\u010da (pre)toplo vreme, ki hitro tali sneg na dosko\u010di\u0161\u010du, za name\u010dek je zjutraj v Planici tudi de\u017eevalo. Kasneje so se de\u017ene kaplje umaknile mno\u017eici gledalcev, ki so \u017ee danes pri\u0161li podpret letalce pod Ponce.\u00a0 Kljub temu so\u00a0&#8230;<\/p>\n","protected":false},"author":1,"featured_media":0,"comment_status":"closed","ping_status":"closed","sticky":false,"template":"","format":"standard","meta":{"footnotes":""},"categories":[1179],"tags":[],"source":[1703],"supertag":[],"acf":[],"yoast_head":"<!-- This site is optimized with the Yoast SEO plugin v21.3 - https:\/\/yoast.com\/wordpress\/plugins\/seo\/ -->\n<title>Poleti v Planici: An\u017ee Semeni\u010d na 1. treningu 238 m, Wellinger na drugem 240,5 (V \u017dIVO) - Hudo Slovenija<\/title>\n<meta name=\"robots\" content=\"index, follow, max-snippet:-1, max-image-preview:large, max-video-preview:-1\" \/>\n<link rel=\"canonical\" href=\"https:\/\/hudo.com\/si\/aktualno\/poleti-v-planici-anze-semenic-na-1-treningu-238-m-wellinger-na-drugem-2405-v-zivo\/\" \/>\n<meta property=\"og:locale\" content=\"sl_SI\" \/>\n<meta property=\"og:type\" content=\"article\" \/>\n<meta property=\"og:title\" content=\"Poleti v Planici: An\u017ee Semeni\u010d na 1. treningu 238 m, Wellinger na drugem 240,5 (V \u017dIVO) - Hudo Slovenija\" \/>\n<meta property=\"og:description\" content=\"Kategorija: Zimski Thu, 23 Mar 2017 10:49:00 +0100 Planica \u2212 Pod Poncami se za\u010denja slovenski skakalni praznik. Letalci bodo na velikanki prvi\u010d skakali zares, dana\u0161nje kvalifikacije bodo \u0161tele kot sito za petkovo posami\u010dno tekmo. Slovenija ima na startu kar 13 skakalcev, Goran Janus pa je v\u010deraj na vlaku do Jesenic optimisti\u010dno napovedoval, da se jih bo vsaj osem uvrstilo na tekmo.\u00a0 Za tak\u0161en dose\u017eek bo najbr\u017e potrebno poleteti krepko \u010dez 200 metrov, veliko pa bo odvisno tudi od vetrovnih razmer in vi\u0161ine naleta. Na preizkusu letalnice je za zdaj najdalj\u0161o daljavo postavil Bla\u017e Pavli\u010d, ki je pristal pri 231 metrih. Organizatorjem veliko te\u017eav povzro\u010da (pre)toplo vreme, ki hitro tali sneg na dosko\u010di\u0161\u010du, za name\u010dek je zjutraj v Planici tudi de\u017eevalo. Kasneje so se de\u017ene kaplje umaknile mno\u017eici gledalcev, ki so \u017ee danes pri\u0161li podpret letalce pod Ponce.\u00a0 Kljub temu so\u00a0...\" \/>\n<meta property=\"og:url\" content=\"https:\/\/hudo.com\/si\/aktualno\/poleti-v-planici-anze-semenic-na-1-treningu-238-m-wellinger-na-drugem-2405-v-zivo\/\" \/>\n<meta property=\"og:site_name\" content=\"Hudo Slovenija\" \/>\n<meta property=\"article:publisher\" content=\"https:\/\/www.facebook.com\/hudo.si\" \/>\n<meta property=\"article:published_time\" content=\"2017-03-23T08:49:00+00:00\" \/>\n<meta property=\"og:image\" content=\"https:\/\/hudo.com\/si\/wp-content\/uploads\/sites\/2\/2017\/03\/480x290_Delo_Foto-20170322135654-42904500-1.jpeg\" \/>\n\t<meta property=\"og:image:width\" content=\"480\" \/>\n\t<meta property=\"og:image:height\" content=\"290\" \/>\n\t<meta property=\"og:image:type\" content=\"image\/jpeg\" \/>\n<meta name=\"author\" content=\"hudo\" \/>\n<meta name=\"twitter:card\" content=\"summary_large_image\" \/>\n<meta name=\"twitter:creator\" content=\"@hudo_si\" \/>\n<meta name=\"twitter:site\" content=\"@hudo_si\" \/>\n<meta name=\"twitter:label1\" content=\"Written by\" \/>\n\t<meta name=\"twitter:data1\" content=\"hudo\" \/>\n\t<meta name=\"twitter:label2\" content=\"Est. reading time\" \/>\n\t<meta name=\"twitter:data2\" content=\"1 minuta\" \/>\n<script type=\"application\/ld+json\" class=\"yoast-schema-graph\">{\"@context\":\"https:\/\/schema.org\",\"@graph\":[{\"@type\":\"Article\",\"@id\":\"https:\/\/hudo.com\/si\/aktualno\/poleti-v-planici-anze-semenic-na-1-treningu-238-m-wellinger-na-drugem-2405-v-zivo\/#article\",\"isPartOf\":{\"@id\":\"https:\/\/hudo.com\/si\/aktualno\/poleti-v-planici-anze-semenic-na-1-treningu-238-m-wellinger-na-drugem-2405-v-zivo\/\"},\"author\":{\"name\":\"hudo\",\"@id\":\"https:\/\/hudo.com\/si\/#\/schema\/person\/601cf3379633985b20f7e50f2bb47707\"},\"headline\":\"Poleti v Planici: An\u017ee Semeni\u010d na 1. treningu 238 m, Wellinger na drugem 240,5 (V \u017dIVO)\",\"datePublished\":\"2017-03-23T08:49:00+00:00\",\"dateModified\":\"2017-03-23T08:49:00+00:00\",\"mainEntityOfPage\":{\"@id\":\"https:\/\/hudo.com\/si\/aktualno\/poleti-v-planici-anze-semenic-na-1-treningu-238-m-wellinger-na-drugem-2405-v-zivo\/\"},\"wordCount\":165,\"publisher\":{\"@id\":\"https:\/\/hudo.com\/si\/#organization\"},\"articleSection\":[\"Aktualno\"],\"inLanguage\":\"sl-SI\"},{\"@type\":\"WebPage\",\"@id\":\"https:\/\/hudo.com\/si\/aktualno\/poleti-v-planici-anze-semenic-na-1-treningu-238-m-wellinger-na-drugem-2405-v-zivo\/\",\"url\":\"https:\/\/hudo.com\/si\/aktualno\/poleti-v-planici-anze-semenic-na-1-treningu-238-m-wellinger-na-drugem-2405-v-zivo\/\",\"name\":\"Poleti v Planici: An\u017ee Semeni\u010d na 1. treningu 238 m, Wellinger na drugem 240,5 (V \u017dIVO) - Hudo Slovenija\",\"isPartOf\":{\"@id\":\"https:\/\/hudo.com\/si\/#website\"},\"datePublished\":\"2017-03-23T08:49:00+00:00\",\"dateModified\":\"2017-03-23T08:49:00+00:00\",\"breadcrumb\":{\"@id\":\"https:\/\/hudo.com\/si\/aktualno\/poleti-v-planici-anze-semenic-na-1-treningu-238-m-wellinger-na-drugem-2405-v-zivo\/#breadcrumb\"},\"inLanguage\":\"sl-SI\",\"potentialAction\":[{\"@type\":\"ReadAction\",\"target\":[\"https:\/\/hudo.com\/si\/aktualno\/poleti-v-planici-anze-semenic-na-1-treningu-238-m-wellinger-na-drugem-2405-v-zivo\/\"]}]},{\"@type\":\"BreadcrumbList\",\"@id\":\"https:\/\/hudo.com\/si\/aktualno\/poleti-v-planici-anze-semenic-na-1-treningu-238-m-wellinger-na-drugem-2405-v-zivo\/#breadcrumb\",\"itemListElement\":[{\"@type\":\"ListItem\",\"position\":1,\"name\":\"Home\",\"item\":\"https:\/\/hudo.com\/si\/\"},{\"@type\":\"ListItem\",\"position\":2,\"name\":\"Poleti v Planici: An\u017ee Semeni\u010d na 1. treningu 238 m, Wellinger na drugem 240,5 (V \u017dIVO)\"}]},{\"@type\":\"WebSite\",\"@id\":\"https:\/\/hudo.com\/si\/#website\",\"url\":\"https:\/\/hudo.com\/si\/\",\"name\":\"Hudo Slovenija\",\"description\":\"Vse novice iz Slovenije in sveta\",\"publisher\":{\"@id\":\"https:\/\/hudo.com\/si\/#organization\"},\"potentialAction\":[{\"@type\":\"SearchAction\",\"target\":{\"@type\":\"EntryPoint\",\"urlTemplate\":\"https:\/\/hudo.com\/si\/?s={search_term_string}\"},\"query-input\":\"required name=search_term_string\"}],\"inLanguage\":\"sl-SI\"},{\"@type\":\"Organization\",\"@id\":\"https:\/\/hudo.com\/si\/#organization\",\"name\":\"VSN Media\",\"url\":\"https:\/\/hudo.com\/si\/\",\"logo\":{\"@type\":\"ImageObject\",\"inLanguage\":\"sl-SI\",\"@id\":\"https:\/\/hudo.com\/si\/#\/schema\/logo\/image\/\",\"url\":\"https:\/\/hudo.com\/si\/wp-content\/uploads\/sites\/2\/2021\/03\/hudo-app-2.png\",\"contentUrl\":\"https:\/\/hudo.com\/si\/wp-content\/uploads\/sites\/2\/2021\/03\/hudo-app-2.png\",\"width\":2185,\"height\":2167,\"caption\":\"VSN Media\"},\"image\":{\"@id\":\"https:\/\/hudo.com\/si\/#\/schema\/logo\/image\/\"},\"sameAs\":[\"https:\/\/www.facebook.com\/hudo.si\",\"https:\/\/twitter.com\/hudo_si\"]},{\"@type\":\"Person\",\"@id\":\"https:\/\/hudo.com\/si\/#\/schema\/person\/601cf3379633985b20f7e50f2bb47707\",\"name\":\"hudo\",\"image\":{\"@type\":\"ImageObject\",\"inLanguage\":\"sl-SI\",\"@id\":\"https:\/\/hudo.com\/si\/#\/schema\/person\/image\/\",\"url\":\"https:\/\/secure.gravatar.com\/avatar\/c4ca25fa72cace7a696b52ff5db9e095?s=96&d=mm&r=g\",\"contentUrl\":\"https:\/\/secure.gravatar.com\/avatar\/c4ca25fa72cace7a696b52ff5db9e095?s=96&d=mm&r=g\",\"caption\":\"hudo\"},\"url\":\"https:\/\/hudo.com\/si\/author\/hudo\/\"}]}<\/script>\n<!-- \/ Yoast SEO plugin. -->","yoast_head_json":{"title":"Poleti v Planici: An\u017ee Semeni\u010d na 1. treningu 238 m, Wellinger na drugem 240,5 (V \u017dIVO) - Hudo Slovenija","robots":{"index":"index","follow":"follow","max-snippet":"max-snippet:-1","max-image-preview":"max-image-preview:large","max-video-preview":"max-video-preview:-1"},"canonical":"https:\/\/hudo.com\/si\/aktualno\/poleti-v-planici-anze-semenic-na-1-treningu-238-m-wellinger-na-drugem-2405-v-zivo\/","og_locale":"sl_SI","og_type":"article","og_title":"Poleti v Planici: An\u017ee Semeni\u010d na 1. treningu 238 m, Wellinger na drugem 240,5 (V \u017dIVO) - Hudo Slovenija","og_description":"Kategorija: Zimski Thu, 23 Mar 2017 10:49:00 +0100 Planica \u2212 Pod Poncami se za\u010denja slovenski skakalni praznik. Letalci bodo na velikanki prvi\u010d skakali zares, dana\u0161nje kvalifikacije bodo \u0161tele kot sito za petkovo posami\u010dno tekmo. Slovenija ima na startu kar 13 skakalcev, Goran Janus pa je v\u010deraj na vlaku do Jesenic optimisti\u010dno napovedoval, da se jih bo vsaj osem uvrstilo na tekmo.\u00a0 Za tak\u0161en dose\u017eek bo najbr\u017e potrebno poleteti krepko \u010dez 200 metrov, veliko pa bo odvisno tudi od vetrovnih razmer in vi\u0161ine naleta. Na preizkusu letalnice je za zdaj najdalj\u0161o daljavo postavil Bla\u017e Pavli\u010d, ki je pristal pri 231 metrih. Organizatorjem veliko te\u017eav povzro\u010da (pre)toplo vreme, ki hitro tali sneg na dosko\u010di\u0161\u010du, za name\u010dek je zjutraj v Planici tudi de\u017eevalo. Kasneje so se de\u017ene kaplje umaknile mno\u017eici gledalcev, ki so \u017ee danes pri\u0161li podpret letalce pod Ponce.\u00a0 Kljub temu so\u00a0...","og_url":"https:\/\/hudo.com\/si\/aktualno\/poleti-v-planici-anze-semenic-na-1-treningu-238-m-wellinger-na-drugem-2405-v-zivo\/","og_site_name":"Hudo Slovenija","article_publisher":"https:\/\/www.facebook.com\/hudo.si","article_published_time":"2017-03-23T08:49:00+00:00","og_image":[{"width":480,"height":290,"url":"https:\/\/hudo.com\/si\/wp-content\/uploads\/sites\/2\/2017\/03\/480x290_Delo_Foto-20170322135654-42904500-1.jpeg","type":"image\/jpeg"}],"author":"hudo","twitter_card":"summary_large_image","twitter_creator":"@hudo_si","twitter_site":"@hudo_si","twitter_misc":{"Written by":"hudo","Est. reading time":"1 minuta"},"schema":{"@context":"https:\/\/schema.org","@graph":[{"@type":"Article","@id":"https:\/\/hudo.com\/si\/aktualno\/poleti-v-planici-anze-semenic-na-1-treningu-238-m-wellinger-na-drugem-2405-v-zivo\/#article","isPartOf":{"@id":"https:\/\/hudo.com\/si\/aktualno\/poleti-v-planici-anze-semenic-na-1-treningu-238-m-wellinger-na-drugem-2405-v-zivo\/"},"author":{"name":"hudo","@id":"https:\/\/hudo.com\/si\/#\/schema\/person\/601cf3379633985b20f7e50f2bb47707"},"headline":"Poleti v Planici: An\u017ee Semeni\u010d na 1. treningu 238 m, Wellinger na drugem 240,5 (V \u017dIVO)","datePublished":"2017-03-23T08:49:00+00:00","dateModified":"2017-03-23T08:49:00+00:00","mainEntityOfPage":{"@id":"https:\/\/hudo.com\/si\/aktualno\/poleti-v-planici-anze-semenic-na-1-treningu-238-m-wellinger-na-drugem-2405-v-zivo\/"},"wordCount":165,"publisher":{"@id":"https:\/\/hudo.com\/si\/#organization"},"articleSection":["Aktualno"],"inLanguage":"sl-SI"},{"@type":"WebPage","@id":"https:\/\/hudo.com\/si\/aktualno\/poleti-v-planici-anze-semenic-na-1-treningu-238-m-wellinger-na-drugem-2405-v-zivo\/","url":"https:\/\/hudo.com\/si\/aktualno\/poleti-v-planici-anze-semenic-na-1-treningu-238-m-wellinger-na-drugem-2405-v-zivo\/","name":"Poleti v Planici: An\u017ee Semeni\u010d na 1. treningu 238 m, Wellinger na drugem 240,5 (V \u017dIVO) - Hudo Slovenija","isPartOf":{"@id":"https:\/\/hudo.com\/si\/#website"},"datePublished":"2017-03-23T08:49:00+00:00","dateModified":"2017-03-23T08:49:00+00:00","breadcrumb":{"@id":"https:\/\/hudo.com\/si\/aktualno\/poleti-v-planici-anze-semenic-na-1-treningu-238-m-wellinger-na-drugem-2405-v-zivo\/#breadcrumb"},"inLanguage":"sl-SI","potentialAction":[{"@type":"ReadAction","target":["https:\/\/hudo.com\/si\/aktualno\/poleti-v-planici-anze-semenic-na-1-treningu-238-m-wellinger-na-drugem-2405-v-zivo\/"]}]},{"@type":"BreadcrumbList","@id":"https:\/\/hudo.com\/si\/aktualno\/poleti-v-planici-anze-semenic-na-1-treningu-238-m-wellinger-na-drugem-2405-v-zivo\/#breadcrumb","itemListElement":[{"@type":"ListItem","position":1,"name":"Home","item":"https:\/\/hudo.com\/si\/"},{"@type":"ListItem","position":2,"name":"Poleti v Planici: An\u017ee Semeni\u010d na 1. treningu 238 m, Wellinger na drugem 240,5 (V \u017dIVO)"}]},{"@type":"WebSite","@id":"https:\/\/hudo.com\/si\/#website","url":"https:\/\/hudo.com\/si\/","name":"Hudo Slovenija","description":"Vse novice iz Slovenije in sveta","publisher":{"@id":"https:\/\/hudo.com\/si\/#organization"},"potentialAction":[{"@type":"SearchAction","target":{"@type":"EntryPoint","urlTemplate":"https:\/\/hudo.com\/si\/?s={search_term_string}"},"query-input":"required name=search_term_string"}],"inLanguage":"sl-SI"},{"@type":"Organization","@id":"https:\/\/hudo.com\/si\/#organization","name":"VSN Media","url":"https:\/\/hudo.com\/si\/","logo":{"@type":"ImageObject","inLanguage":"sl-SI","@id":"https:\/\/hudo.com\/si\/#\/schema\/logo\/image\/","url":"https:\/\/hudo.com\/si\/wp-content\/uploads\/sites\/2\/2021\/03\/hudo-app-2.png","contentUrl":"https:\/\/hudo.com\/si\/wp-content\/uploads\/sites\/2\/2021\/03\/hudo-app-2.png","width":2185,"height":2167,"caption":"VSN Media"},"image":{"@id":"https:\/\/hudo.com\/si\/#\/schema\/logo\/image\/"},"sameAs":["https:\/\/www.facebook.com\/hudo.si","https:\/\/twitter.com\/hudo_si"]},{"@type":"Person","@id":"https:\/\/hudo.com\/si\/#\/schema\/person\/601cf3379633985b20f7e50f2bb47707","name":"hudo","image":{"@type":"ImageObject","inLanguage":"sl-SI","@id":"https:\/\/hudo.com\/si\/#\/schema\/person\/image\/","url":"https:\/\/secure.gravatar.com\/avatar\/c4ca25fa72cace7a696b52ff5db9e095?s=96&d=mm&r=g","contentUrl":"https:\/\/secure.gravatar.com\/avatar\/c4ca25fa72cace7a696b52ff5db9e095?s=96&d=mm&r=g","caption":"hudo"},"url":"https:\/\/hudo.com\/si\/author\/hudo\/"}]}},"amp_enabled":true,"_links":{"self":[{"href":"https:\/\/hudo.com\/si\/wp-json\/wp\/v2\/posts\/230347"}],"collection":[{"href":"https:\/\/hudo.com\/si\/wp-json\/wp\/v2\/posts"}],"about":[{"href":"https:\/\/hudo.com\/si\/wp-json\/wp\/v2\/types\/post"}],"author":[{"embeddable":true,"href":"https:\/\/hudo.com\/si\/wp-json\/wp\/v2\/users\/1"}],"replies":[{"embeddable":true,"href":"https:\/\/hudo.com\/si\/wp-json\/wp\/v2\/comments?post=230347"}],"version-history":[{"count":0,"href":"https:\/\/hudo.com\/si\/wp-json\/wp\/v2\/posts\/230347\/revisions"}],"wp:attachment":[{"href":"https:\/\/hudo.com\/si\/wp-json\/wp\/v2\/media?parent=230347"}],"wp:term":[{"taxonomy":"category","embeddable":true,"href":"https:\/\/hudo.com\/si\/wp-json\/wp\/v2\/categories?post=230347"},{"taxonomy":"post_tag","embeddable":true,"href":"https:\/\/hudo.com\/si\/wp-json\/wp\/v2\/tags?post=230347"},{"taxonomy":"source","embeddable":true,"href":"https:\/\/hudo.com\/si\/wp-json\/wp\/v2\/source?post=230347"},{"taxonomy":"supertag","embeddable":true,"href":"https:\/\/hudo.com\/si\/wp-json\/wp\/v2\/supertag?post=230347"}],"curies":[{"name":"wp","href":"https:\/\/api.w.org\/{rel}","templated":true}]}}