{"id":230931,"date":"2017-03-24T10:50:00","date_gmt":"2017-03-24T09:50:00","guid":{"rendered":"http:\/\/hudo.com\/si\/2017\/03\/24\/foto-mozakar-preti-s-skokom\/"},"modified":"2017-03-24T10:50:00","modified_gmt":"2017-03-24T09:50:00","slug":"foto-mozakar-preti-s-skokom","status":"publish","type":"post","link":"https:\/\/hudo.com\/si\/aktualno\/foto-mozakar-preti-s-skokom\/","title":{"rendered":"FOTO: Mo\u017eakar preti s skokom"},"content":{"rendered":"<p>\u017de od osme ure zjutraj poteka re\u0161evalna akcija pri ptujski \u017eelezni\u0161ki postaji. Neznani mo\u0161ki je namre\u010d splezal na jekleni stolp in pretil, da bo sko\u010dil. &#8220;Na\u0161a enota gasilcev se je takoj odzvala jutranjemu klicu na intervencijo. Zdaj smo tukaj, napihnili smo re\u0161evalno blazino, \u010de bi se mo\u017eakar odlo\u010dil sko\u010diti, a upamo, da se to ne bo zgodilo,&#8221; je sredi dana\u0161njega dopoldneva povedal Primo\u017e Koro\u0161ak, poveljnik Prostovoljnega gasilskega dru\u0161tva Ptuj, ki je skupaj s kolegi prihitel pomagat. A kaj drugega kot \u010dakati in upati, da si bo mo\u0161ki premislil in se spustil na trdna tla, gasilci ne morejo storiti.        Slavica PI\u010cERKO PEKLAR Na jekleni stolp pri ptujski \u017eelezni\u0161ki postaji se je danes zjutraj povzpel mo\u0161ki in zagoril, da bo sko\u010dil.   Z mo\u017eakarjem, ki se je menda \u017ee tretji\u010d odlo\u010dil za tak korak, \u0161e ve\u010dkrat pa naj bi v preteklosti s podobnim po\u010detjem grozil na obmo\u010dju ob\u010dine Ljutomer, se je posku\u0161al pogovoriti strokovnjak, njegovo ravnanje pa budno spremljajo tudi policisti. Neznanec naj bi se za gro\u017enjo s skokom menda odlo\u010dil, ker je nezadovoljen z z delovanjem sodstva in drugih dr\u017eavnih institucij.<\/p>\n","protected":false},"excerpt":{"rendered":"<p>\u017de od osme ure zjutraj poteka re\u0161evalna akcija pri ptujski \u017eelezni\u0161ki postaji. Neznani mo\u0161ki je namre\u010d splezal na jekleni stolp in pretil, da bo sko\u010dil. &#8220;Na\u0161a enota gasilcev se je takoj odzvala jutranjemu klicu na intervencijo. Zdaj smo tukaj, napihnili smo re\u0161evalno blazino, \u010de bi se mo\u017eakar odlo\u010dil sko\u010diti, a upamo, da se to ne bo zgodilo,&#8221; je sredi dana\u0161njega dopoldneva povedal Primo\u017e Koro\u0161ak, poveljnik Prostovoljnega gasilskega dru\u0161tva Ptuj, ki je skupaj s kolegi prihitel pomagat. A kaj drugega kot \u010dakati in upati, da si bo mo\u0161ki premislil in se spustil na trdna tla, gasilci ne morejo storiti.        Slavica PI\u010cERKO PEKLAR Na jekleni stolp pri ptujski \u017eelezni\u0161ki postaji se je danes zjutraj povzpel mo\u0161ki in zagoril, da bo sko\u010dil.   Z mo\u017eakarjem, ki se je menda \u017ee tretji\u010d odlo\u010dil za tak korak, \u0161e ve\u010dkrat pa naj bi v preteklosti s podobnim po\u010detjem grozil na obmo\u010dju ob\u010dine Ljutomer, se je posku\u0161al pogovoriti strokovnjak, njegovo ravnanje pa budno spremljajo tudi policisti. Neznanec naj bi se za gro\u017enjo s skokom menda odlo\u010dil, ker je nezadovoljen z z delovanjem sodstva in drugih dr\u017eavnih institucij.<\/p>\n","protected":false},"author":1,"featured_media":0,"comment_status":"closed","ping_status":"closed","sticky":false,"template":"","format":"standard","meta":{"footnotes":""},"categories":[1179],"tags":[],"source":[1711],"supertag":[],"acf":[],"yoast_head":"<!-- This site is optimized with the Yoast SEO plugin v21.3 - https:\/\/yoast.com\/wordpress\/plugins\/seo\/ -->\n<title>FOTO: Mo\u017eakar preti s skokom - Hudo Slovenija<\/title>\n<meta name=\"robots\" content=\"index, follow, max-snippet:-1, max-image-preview:large, max-video-preview:-1\" \/>\n<link rel=\"canonical\" href=\"https:\/\/hudo.com\/si\/aktualno\/foto-mozakar-preti-s-skokom\/\" \/>\n<meta property=\"og:locale\" content=\"sl_SI\" \/>\n<meta property=\"og:type\" content=\"article\" \/>\n<meta property=\"og:title\" content=\"FOTO: Mo\u017eakar preti s skokom - Hudo Slovenija\" \/>\n<meta property=\"og:description\" content=\"\u017de od osme ure zjutraj poteka re\u0161evalna akcija pri ptujski \u017eelezni\u0161ki postaji. Neznani mo\u0161ki je namre\u010d splezal na jekleni stolp in pretil, da bo sko\u010dil. &quot;Na\u0161a enota gasilcev se je takoj odzvala jutranjemu klicu na intervencijo. Zdaj smo tukaj, napihnili smo re\u0161evalno blazino, \u010de bi se mo\u017eakar odlo\u010dil sko\u010diti, a upamo, da se to ne bo zgodilo,&quot; je sredi dana\u0161njega dopoldneva povedal Primo\u017e Koro\u0161ak, poveljnik Prostovoljnega gasilskega dru\u0161tva Ptuj, ki je skupaj s kolegi prihitel pomagat. A kaj drugega kot \u010dakati in upati, da si bo mo\u0161ki premislil in se spustil na trdna tla, gasilci ne morejo storiti.    Slavica PI\u010cERKO PEKLAR Na jekleni stolp pri ptujski \u017eelezni\u0161ki postaji se je danes zjutraj povzpel mo\u0161ki in zagoril, da bo sko\u010dil.  Z mo\u017eakarjem, ki se je menda \u017ee tretji\u010d odlo\u010dil za tak korak, \u0161e ve\u010dkrat pa naj bi v preteklosti s podobnim po\u010detjem grozil na obmo\u010dju ob\u010dine Ljutomer, se je posku\u0161al pogovoriti strokovnjak, njegovo ravnanje pa budno spremljajo tudi policisti. Neznanec naj bi se za gro\u017enjo s skokom menda odlo\u010dil, ker je nezadovoljen z z delovanjem sodstva in drugih dr\u017eavnih institucij.\" \/>\n<meta property=\"og:url\" content=\"https:\/\/hudo.com\/si\/aktualno\/foto-mozakar-preti-s-skokom\/\" \/>\n<meta property=\"og:site_name\" content=\"Hudo Slovenija\" \/>\n<meta property=\"article:publisher\" content=\"https:\/\/www.facebook.com\/hudo.si\" \/>\n<meta property=\"article:published_time\" content=\"2017-03-24T09:50:00+00:00\" \/>\n<meta property=\"og:image\" content=\"https:\/\/hudo.com\/si\/wp-content\/uploads\/sites\/2\/2017\/03\/01527157F-300.jpg\" \/>\n\t<meta property=\"og:image:width\" content=\"450\" \/>\n\t<meta property=\"og:image:height\" content=\"338\" \/>\n\t<meta property=\"og:image:type\" content=\"image\/jpeg\" \/>\n<meta name=\"author\" content=\"hudo\" \/>\n<meta name=\"twitter:card\" content=\"summary_large_image\" \/>\n<meta name=\"twitter:creator\" content=\"@hudo_si\" \/>\n<meta name=\"twitter:site\" content=\"@hudo_si\" \/>\n<meta name=\"twitter:label1\" content=\"Written by\" \/>\n\t<meta name=\"twitter:data1\" content=\"hudo\" \/>\n\t<meta name=\"twitter:label2\" content=\"Est. reading time\" \/>\n\t<meta name=\"twitter:data2\" content=\"1 minuta\" \/>\n<script type=\"application\/ld+json\" class=\"yoast-schema-graph\">{\"@context\":\"https:\/\/schema.org\",\"@graph\":[{\"@type\":\"Article\",\"@id\":\"https:\/\/hudo.com\/si\/aktualno\/foto-mozakar-preti-s-skokom\/#article\",\"isPartOf\":{\"@id\":\"https:\/\/hudo.com\/si\/aktualno\/foto-mozakar-preti-s-skokom\/\"},\"author\":{\"name\":\"hudo\",\"@id\":\"https:\/\/hudo.com\/si\/#\/schema\/person\/601cf3379633985b20f7e50f2bb47707\"},\"headline\":\"FOTO: Mo\u017eakar preti s skokom\",\"datePublished\":\"2017-03-24T09:50:00+00:00\",\"dateModified\":\"2017-03-24T09:50:00+00:00\",\"mainEntityOfPage\":{\"@id\":\"https:\/\/hudo.com\/si\/aktualno\/foto-mozakar-preti-s-skokom\/\"},\"wordCount\":212,\"publisher\":{\"@id\":\"https:\/\/hudo.com\/si\/#organization\"},\"articleSection\":[\"Aktualno\"],\"inLanguage\":\"sl-SI\"},{\"@type\":\"WebPage\",\"@id\":\"https:\/\/hudo.com\/si\/aktualno\/foto-mozakar-preti-s-skokom\/\",\"url\":\"https:\/\/hudo.com\/si\/aktualno\/foto-mozakar-preti-s-skokom\/\",\"name\":\"FOTO: Mo\u017eakar preti s skokom - Hudo Slovenija\",\"isPartOf\":{\"@id\":\"https:\/\/hudo.com\/si\/#website\"},\"datePublished\":\"2017-03-24T09:50:00+00:00\",\"dateModified\":\"2017-03-24T09:50:00+00:00\",\"breadcrumb\":{\"@id\":\"https:\/\/hudo.com\/si\/aktualno\/foto-mozakar-preti-s-skokom\/#breadcrumb\"},\"inLanguage\":\"sl-SI\",\"potentialAction\":[{\"@type\":\"ReadAction\",\"target\":[\"https:\/\/hudo.com\/si\/aktualno\/foto-mozakar-preti-s-skokom\/\"]}]},{\"@type\":\"BreadcrumbList\",\"@id\":\"https:\/\/hudo.com\/si\/aktualno\/foto-mozakar-preti-s-skokom\/#breadcrumb\",\"itemListElement\":[{\"@type\":\"ListItem\",\"position\":1,\"name\":\"Home\",\"item\":\"https:\/\/hudo.com\/si\/\"},{\"@type\":\"ListItem\",\"position\":2,\"name\":\"FOTO: Mo\u017eakar preti s skokom\"}]},{\"@type\":\"WebSite\",\"@id\":\"https:\/\/hudo.com\/si\/#website\",\"url\":\"https:\/\/hudo.com\/si\/\",\"name\":\"Hudo Slovenija\",\"description\":\"Vse novice iz Slovenije in sveta\",\"publisher\":{\"@id\":\"https:\/\/hudo.com\/si\/#organization\"},\"potentialAction\":[{\"@type\":\"SearchAction\",\"target\":{\"@type\":\"EntryPoint\",\"urlTemplate\":\"https:\/\/hudo.com\/si\/?s={search_term_string}\"},\"query-input\":\"required name=search_term_string\"}],\"inLanguage\":\"sl-SI\"},{\"@type\":\"Organization\",\"@id\":\"https:\/\/hudo.com\/si\/#organization\",\"name\":\"VSN Media\",\"url\":\"https:\/\/hudo.com\/si\/\",\"logo\":{\"@type\":\"ImageObject\",\"inLanguage\":\"sl-SI\",\"@id\":\"https:\/\/hudo.com\/si\/#\/schema\/logo\/image\/\",\"url\":\"https:\/\/hudo.com\/si\/wp-content\/uploads\/sites\/2\/2021\/03\/hudo-app-2.png\",\"contentUrl\":\"https:\/\/hudo.com\/si\/wp-content\/uploads\/sites\/2\/2021\/03\/hudo-app-2.png\",\"width\":2185,\"height\":2167,\"caption\":\"VSN Media\"},\"image\":{\"@id\":\"https:\/\/hudo.com\/si\/#\/schema\/logo\/image\/\"},\"sameAs\":[\"https:\/\/www.facebook.com\/hudo.si\",\"https:\/\/twitter.com\/hudo_si\"]},{\"@type\":\"Person\",\"@id\":\"https:\/\/hudo.com\/si\/#\/schema\/person\/601cf3379633985b20f7e50f2bb47707\",\"name\":\"hudo\",\"image\":{\"@type\":\"ImageObject\",\"inLanguage\":\"sl-SI\",\"@id\":\"https:\/\/hudo.com\/si\/#\/schema\/person\/image\/\",\"url\":\"https:\/\/secure.gravatar.com\/avatar\/c4ca25fa72cace7a696b52ff5db9e095?s=96&d=mm&r=g\",\"contentUrl\":\"https:\/\/secure.gravatar.com\/avatar\/c4ca25fa72cace7a696b52ff5db9e095?s=96&d=mm&r=g\",\"caption\":\"hudo\"},\"url\":\"https:\/\/hudo.com\/si\/author\/hudo\/\"}]}<\/script>\n<!-- \/ Yoast SEO plugin. -->","yoast_head_json":{"title":"FOTO: Mo\u017eakar preti s skokom - Hudo Slovenija","robots":{"index":"index","follow":"follow","max-snippet":"max-snippet:-1","max-image-preview":"max-image-preview:large","max-video-preview":"max-video-preview:-1"},"canonical":"https:\/\/hudo.com\/si\/aktualno\/foto-mozakar-preti-s-skokom\/","og_locale":"sl_SI","og_type":"article","og_title":"FOTO: Mo\u017eakar preti s skokom - Hudo Slovenija","og_description":"\u017de od osme ure zjutraj poteka re\u0161evalna akcija pri ptujski \u017eelezni\u0161ki postaji. Neznani mo\u0161ki je namre\u010d splezal na jekleni stolp in pretil, da bo sko\u010dil. \"Na\u0161a enota gasilcev se je takoj odzvala jutranjemu klicu na intervencijo. Zdaj smo tukaj, napihnili smo re\u0161evalno blazino, \u010de bi se mo\u017eakar odlo\u010dil sko\u010diti, a upamo, da se to ne bo zgodilo,\" je sredi dana\u0161njega dopoldneva povedal Primo\u017e Koro\u0161ak, poveljnik Prostovoljnega gasilskega dru\u0161tva Ptuj, ki je skupaj s kolegi prihitel pomagat. A kaj drugega kot \u010dakati in upati, da si bo mo\u0161ki premislil in se spustil na trdna tla, gasilci ne morejo storiti.    Slavica PI\u010cERKO PEKLAR Na jekleni stolp pri ptujski \u017eelezni\u0161ki postaji se je danes zjutraj povzpel mo\u0161ki in zagoril, da bo sko\u010dil.  Z mo\u017eakarjem, ki se je menda \u017ee tretji\u010d odlo\u010dil za tak korak, \u0161e ve\u010dkrat pa naj bi v preteklosti s podobnim po\u010detjem grozil na obmo\u010dju ob\u010dine Ljutomer, se je posku\u0161al pogovoriti strokovnjak, njegovo ravnanje pa budno spremljajo tudi policisti. Neznanec naj bi se za gro\u017enjo s skokom menda odlo\u010dil, ker je nezadovoljen z z delovanjem sodstva in drugih dr\u017eavnih institucij.","og_url":"https:\/\/hudo.com\/si\/aktualno\/foto-mozakar-preti-s-skokom\/","og_site_name":"Hudo Slovenija","article_publisher":"https:\/\/www.facebook.com\/hudo.si","article_published_time":"2017-03-24T09:50:00+00:00","og_image":[{"width":450,"height":338,"url":"https:\/\/hudo.com\/si\/wp-content\/uploads\/sites\/2\/2017\/03\/01527157F-300.jpg","type":"image\/jpeg"}],"author":"hudo","twitter_card":"summary_large_image","twitter_creator":"@hudo_si","twitter_site":"@hudo_si","twitter_misc":{"Written by":"hudo","Est. reading time":"1 minuta"},"schema":{"@context":"https:\/\/schema.org","@graph":[{"@type":"Article","@id":"https:\/\/hudo.com\/si\/aktualno\/foto-mozakar-preti-s-skokom\/#article","isPartOf":{"@id":"https:\/\/hudo.com\/si\/aktualno\/foto-mozakar-preti-s-skokom\/"},"author":{"name":"hudo","@id":"https:\/\/hudo.com\/si\/#\/schema\/person\/601cf3379633985b20f7e50f2bb47707"},"headline":"FOTO: Mo\u017eakar preti s skokom","datePublished":"2017-03-24T09:50:00+00:00","dateModified":"2017-03-24T09:50:00+00:00","mainEntityOfPage":{"@id":"https:\/\/hudo.com\/si\/aktualno\/foto-mozakar-preti-s-skokom\/"},"wordCount":212,"publisher":{"@id":"https:\/\/hudo.com\/si\/#organization"},"articleSection":["Aktualno"],"inLanguage":"sl-SI"},{"@type":"WebPage","@id":"https:\/\/hudo.com\/si\/aktualno\/foto-mozakar-preti-s-skokom\/","url":"https:\/\/hudo.com\/si\/aktualno\/foto-mozakar-preti-s-skokom\/","name":"FOTO: Mo\u017eakar preti s skokom - Hudo Slovenija","isPartOf":{"@id":"https:\/\/hudo.com\/si\/#website"},"datePublished":"2017-03-24T09:50:00+00:00","dateModified":"2017-03-24T09:50:00+00:00","breadcrumb":{"@id":"https:\/\/hudo.com\/si\/aktualno\/foto-mozakar-preti-s-skokom\/#breadcrumb"},"inLanguage":"sl-SI","potentialAction":[{"@type":"ReadAction","target":["https:\/\/hudo.com\/si\/aktualno\/foto-mozakar-preti-s-skokom\/"]}]},{"@type":"BreadcrumbList","@id":"https:\/\/hudo.com\/si\/aktualno\/foto-mozakar-preti-s-skokom\/#breadcrumb","itemListElement":[{"@type":"ListItem","position":1,"name":"Home","item":"https:\/\/hudo.com\/si\/"},{"@type":"ListItem","position":2,"name":"FOTO: Mo\u017eakar preti s skokom"}]},{"@type":"WebSite","@id":"https:\/\/hudo.com\/si\/#website","url":"https:\/\/hudo.com\/si\/","name":"Hudo Slovenija","description":"Vse novice iz Slovenije in sveta","publisher":{"@id":"https:\/\/hudo.com\/si\/#organization"},"potentialAction":[{"@type":"SearchAction","target":{"@type":"EntryPoint","urlTemplate":"https:\/\/hudo.com\/si\/?s={search_term_string}"},"query-input":"required name=search_term_string"}],"inLanguage":"sl-SI"},{"@type":"Organization","@id":"https:\/\/hudo.com\/si\/#organization","name":"VSN Media","url":"https:\/\/hudo.com\/si\/","logo":{"@type":"ImageObject","inLanguage":"sl-SI","@id":"https:\/\/hudo.com\/si\/#\/schema\/logo\/image\/","url":"https:\/\/hudo.com\/si\/wp-content\/uploads\/sites\/2\/2021\/03\/hudo-app-2.png","contentUrl":"https:\/\/hudo.com\/si\/wp-content\/uploads\/sites\/2\/2021\/03\/hudo-app-2.png","width":2185,"height":2167,"caption":"VSN Media"},"image":{"@id":"https:\/\/hudo.com\/si\/#\/schema\/logo\/image\/"},"sameAs":["https:\/\/www.facebook.com\/hudo.si","https:\/\/twitter.com\/hudo_si"]},{"@type":"Person","@id":"https:\/\/hudo.com\/si\/#\/schema\/person\/601cf3379633985b20f7e50f2bb47707","name":"hudo","image":{"@type":"ImageObject","inLanguage":"sl-SI","@id":"https:\/\/hudo.com\/si\/#\/schema\/person\/image\/","url":"https:\/\/secure.gravatar.com\/avatar\/c4ca25fa72cace7a696b52ff5db9e095?s=96&d=mm&r=g","contentUrl":"https:\/\/secure.gravatar.com\/avatar\/c4ca25fa72cace7a696b52ff5db9e095?s=96&d=mm&r=g","caption":"hudo"},"url":"https:\/\/hudo.com\/si\/author\/hudo\/"}]}},"amp_enabled":true,"_links":{"self":[{"href":"https:\/\/hudo.com\/si\/wp-json\/wp\/v2\/posts\/230931"}],"collection":[{"href":"https:\/\/hudo.com\/si\/wp-json\/wp\/v2\/posts"}],"about":[{"href":"https:\/\/hudo.com\/si\/wp-json\/wp\/v2\/types\/post"}],"author":[{"embeddable":true,"href":"https:\/\/hudo.com\/si\/wp-json\/wp\/v2\/users\/1"}],"replies":[{"embeddable":true,"href":"https:\/\/hudo.com\/si\/wp-json\/wp\/v2\/comments?post=230931"}],"version-history":[{"count":0,"href":"https:\/\/hudo.com\/si\/wp-json\/wp\/v2\/posts\/230931\/revisions"}],"wp:attachment":[{"href":"https:\/\/hudo.com\/si\/wp-json\/wp\/v2\/media?parent=230931"}],"wp:term":[{"taxonomy":"category","embeddable":true,"href":"https:\/\/hudo.com\/si\/wp-json\/wp\/v2\/categories?post=230931"},{"taxonomy":"post_tag","embeddable":true,"href":"https:\/\/hudo.com\/si\/wp-json\/wp\/v2\/tags?post=230931"},{"taxonomy":"source","embeddable":true,"href":"https:\/\/hudo.com\/si\/wp-json\/wp\/v2\/source?post=230931"},{"taxonomy":"supertag","embeddable":true,"href":"https:\/\/hudo.com\/si\/wp-json\/wp\/v2\/supertag?post=230931"}],"curies":[{"name":"wp","href":"https:\/\/api.w.org\/{rel}","templated":true}]}}