{"id":230933,"date":"2017-03-24T10:38:00","date_gmt":"2017-03-24T09:38:00","guid":{"rendered":"http:\/\/hudo.com\/si\/2017\/03\/24\/matevz-lenarcic-odletel-na-novo-misijo\/"},"modified":"2017-03-24T10:38:00","modified_gmt":"2017-03-24T09:38:00","slug":"matevz-lenarcic-odletel-na-novo-misijo","status":"publish","type":"post","link":"https:\/\/hudo.com\/si\/aktualno\/matevz-lenarcic-odletel-na-novo-misijo\/","title":{"rendered":"Matev\u017e Lenar\u010di\u010d odletel na novo misijo"},"content":{"rendered":"<p>Potem ko je lani v slabem mesecu dni preletel pot okoli sveta, na kateri je zbiral podatke o onesna\u017eenosti s \u010drnim ogljikom, je pilot Matev\u017e Lenar\u010di\u010d pred novim projektom. Nekaj po 10. uri je s portoro\u0161kega letali\u0161\u010da poletel na prvo etapo leto\u0161nje znanstveno-raziskovalne naloge, v okviru katere bo opravljal meritve na obmo\u010dju Mediterana in Alp. Z meritvami koncentracij \u010drnega ogljika nad celotnim Sredozemskim zalivom, Alpsko verigo in osrednjo Evropo \u017eeli Lenar\u010di\u010d z ekipo GreenLight WorldFlight preveriti vpliv \u010drnega ogljika in saharskega peska, ki prihaja iz Afrike, na klimatske spremembe v osrednji Evropi in na taljenje ledenikov. Potek tokratnega poleta z ultralahkim letalom po na\u010drtovani poti bo mo\u010dno odvisen od vremenskih razmer, tako da Lenar\u010di\u010d ra\u010duna, da bo celotno misijo lahko opravil v kak\u0161nih dveh mesecih. Poleg ustreznih razmer za letenje so namre\u010d za uspe\u0161nost klju\u010dnega pomena primerna gibanja zra\u010dnih gmot, ki nad Alpe prina\u0161ajo \u010drni ogljik in saharski pesek. Vremenske razmere bo zato redno spremljal \u010dlan ekipe GreenLight WorldFlight in meteorolog Andrej Velkavrh, ki bo tudi usmerjal nadaljnji potek misije, so sporo\u010dili iz ekipe. Misija Mediteran 2017 vklju\u010duje \u0161tiri lo\u010dene etape, dolge skupaj ve\u010d kot 20.000 kilometrov. Obmo\u010dje meritev je med Lizbono in Ciprom v smeri vzhod-zahod, nad celotno verigo Alp ter med Parizom in Bukare\u0161to. Prva postaja po dana\u0161njem vzletu s portoro\u0161kega letali\u0161\u010da je Malta, ki jo bo Lenar\u010di\u010d dosegel po slabih petih urah letenja. Nato bo pot, odvisno od vremenskega dogajanja, nadaljeval proti Cipru in na zahod proti Lizboni, kjer bo zaklju\u010dil prvo etapo misije. Klimatologi opozarjajo na resno ogro\u017eenost alpskih ledenikov, ki so pomemben vir pitne vode in energije za Srednjo Evropo. Regionalno podnebje se spreminja zaradi neposrednih vplivov \u010dloveka, nanj pa vplivajo tudi naravni pojavi. Na snegu in ledu v Alpah se odlaga \u010drni ogljik, ki nastane z zgorevanjem goriv za proizvodnjo energije, in saharski pesek, ki ga \u010dez Sredozemsko<\/p>\n","protected":false},"excerpt":{"rendered":"<p>Potem ko je lani v slabem mesecu dni preletel pot okoli sveta, na kateri je zbiral podatke o onesna\u017eenosti s \u010drnim ogljikom, je pilot Matev\u017e Lenar\u010di\u010d pred novim projektom. Nekaj po 10. uri je s portoro\u0161kega letali\u0161\u010da poletel na prvo etapo leto\u0161nje znanstveno-raziskovalne naloge, v okviru katere bo opravljal meritve na obmo\u010dju Mediterana in Alp. Z meritvami koncentracij \u010drnega ogljika nad celotnim Sredozemskim zalivom, Alpsko verigo in osrednjo Evropo \u017eeli Lenar\u010di\u010d z ekipo GreenLight WorldFlight preveriti vpliv \u010drnega ogljika in saharskega peska, ki prihaja iz Afrike, na klimatske spremembe v osrednji Evropi in na taljenje ledenikov. Potek tokratnega poleta z ultralahkim letalom po na\u010drtovani poti bo mo\u010dno odvisen od vremenskih razmer, tako da Lenar\u010di\u010d ra\u010duna, da bo celotno misijo lahko opravil v kak\u0161nih dveh mesecih. Poleg ustreznih razmer za letenje so namre\u010d za uspe\u0161nost klju\u010dnega pomena primerna gibanja zra\u010dnih gmot, ki nad Alpe prina\u0161ajo \u010drni ogljik in saharski pesek. Vremenske razmere bo zato redno spremljal \u010dlan ekipe GreenLight WorldFlight in meteorolog Andrej Velkavrh, ki bo tudi usmerjal nadaljnji potek misije, so sporo\u010dili iz ekipe. Misija Mediteran 2017 vklju\u010duje \u0161tiri lo\u010dene etape, dolge skupaj ve\u010d kot 20.000 kilometrov. Obmo\u010dje meritev je med Lizbono in Ciprom v smeri vzhod-zahod, nad celotno verigo Alp ter med Parizom in Bukare\u0161to. Prva postaja po dana\u0161njem vzletu s portoro\u0161kega letali\u0161\u010da je Malta, ki jo bo Lenar\u010di\u010d dosegel po slabih petih urah letenja. Nato bo pot, odvisno od vremenskega dogajanja, nadaljeval proti Cipru in na zahod proti Lizboni, kjer bo zaklju\u010dil prvo etapo misije. Klimatologi opozarjajo na resno ogro\u017eenost alpskih ledenikov, ki so pomemben vir pitne vode in energije za Srednjo Evropo. Regionalno podnebje se spreminja zaradi neposrednih vplivov \u010dloveka, nanj pa vplivajo tudi naravni pojavi. Na snegu in ledu v Alpah se odlaga \u010drni ogljik, ki nastane z zgorevanjem goriv za proizvodnjo energije, in saharski pesek, ki ga \u010dez Sredozemsko<\/p>\n","protected":false},"author":1,"featured_media":0,"comment_status":"closed","ping_status":"closed","sticky":false,"template":"","format":"standard","meta":{"footnotes":""},"categories":[1179],"tags":[],"source":[1711],"supertag":[],"acf":[],"yoast_head":"<!-- This site is optimized with the Yoast SEO plugin v21.3 - https:\/\/yoast.com\/wordpress\/plugins\/seo\/ -->\n<title>Matev\u017e Lenar\u010di\u010d odletel na novo misijo - Hudo Slovenija<\/title>\n<meta name=\"robots\" content=\"index, follow, max-snippet:-1, max-image-preview:large, max-video-preview:-1\" \/>\n<link rel=\"canonical\" href=\"https:\/\/hudo.com\/si\/aktualno\/matevz-lenarcic-odletel-na-novo-misijo\/\" \/>\n<meta property=\"og:locale\" content=\"sl_SI\" \/>\n<meta property=\"og:type\" content=\"article\" \/>\n<meta property=\"og:title\" content=\"Matev\u017e Lenar\u010di\u010d odletel na novo misijo - Hudo Slovenija\" \/>\n<meta property=\"og:description\" content=\"Potem ko je lani v slabem mesecu dni preletel pot okoli sveta, na kateri je zbiral podatke o onesna\u017eenosti s \u010drnim ogljikom, je pilot Matev\u017e Lenar\u010di\u010d pred novim projektom. Nekaj po 10. uri je s portoro\u0161kega letali\u0161\u010da poletel na prvo etapo leto\u0161nje znanstveno-raziskovalne naloge, v okviru katere bo opravljal meritve na obmo\u010dju Mediterana in Alp. Z meritvami koncentracij \u010drnega ogljika nad celotnim Sredozemskim zalivom, Alpsko verigo in osrednjo Evropo \u017eeli Lenar\u010di\u010d z ekipo GreenLight WorldFlight preveriti vpliv \u010drnega ogljika in saharskega peska, ki prihaja iz Afrike, na klimatske spremembe v osrednji Evropi in na taljenje ledenikov. Potek tokratnega poleta z ultralahkim letalom po na\u010drtovani poti bo mo\u010dno odvisen od vremenskih razmer, tako da Lenar\u010di\u010d ra\u010duna, da bo celotno misijo lahko opravil v kak\u0161nih dveh mesecih. Poleg ustreznih razmer za letenje so namre\u010d za uspe\u0161nost klju\u010dnega pomena primerna gibanja zra\u010dnih gmot, ki nad Alpe prina\u0161ajo \u010drni ogljik in saharski pesek. Vremenske razmere bo zato redno spremljal \u010dlan ekipe GreenLight WorldFlight in meteorolog Andrej Velkavrh, ki bo tudi usmerjal nadaljnji potek misije, so sporo\u010dili iz ekipe. Misija Mediteran 2017 vklju\u010duje \u0161tiri lo\u010dene etape, dolge skupaj ve\u010d kot 20.000 kilometrov. Obmo\u010dje meritev je med Lizbono in Ciprom v smeri vzhod-zahod, nad celotno verigo Alp ter med Parizom in Bukare\u0161to. Prva postaja po dana\u0161njem vzletu s portoro\u0161kega letali\u0161\u010da je Malta, ki jo bo Lenar\u010di\u010d dosegel po slabih petih urah letenja. Nato bo pot, odvisno od vremenskega dogajanja, nadaljeval proti Cipru in na zahod proti Lizboni, kjer bo zaklju\u010dil prvo etapo misije. Klimatologi opozarjajo na resno ogro\u017eenost alpskih ledenikov, ki so pomemben vir pitne vode in energije za Srednjo Evropo. Regionalno podnebje se spreminja zaradi neposrednih vplivov \u010dloveka, nanj pa vplivajo tudi naravni pojavi. Na snegu in ledu v Alpah se odlaga \u010drni ogljik, ki nastane z zgorevanjem goriv za proizvodnjo energije, in saharski pesek, ki ga \u010dez Sredozemsko\" \/>\n<meta property=\"og:url\" content=\"https:\/\/hudo.com\/si\/aktualno\/matevz-lenarcic-odletel-na-novo-misijo\/\" \/>\n<meta property=\"og:site_name\" content=\"Hudo Slovenija\" \/>\n<meta property=\"article:publisher\" content=\"https:\/\/www.facebook.com\/hudo.si\" \/>\n<meta property=\"article:published_time\" content=\"2017-03-24T09:38:00+00:00\" \/>\n<meta property=\"og:image\" content=\"https:\/\/hudo.com\/si\/wp-content\/uploads\/sites\/2\/2017\/03\/lenarcic-300.jpg\" \/>\n\t<meta property=\"og:image:width\" content=\"450\" \/>\n\t<meta property=\"og:image:height\" content=\"337\" \/>\n\t<meta property=\"og:image:type\" content=\"image\/jpeg\" \/>\n<meta name=\"author\" content=\"hudo\" \/>\n<meta name=\"twitter:card\" content=\"summary_large_image\" \/>\n<meta name=\"twitter:creator\" content=\"@hudo_si\" \/>\n<meta name=\"twitter:site\" content=\"@hudo_si\" \/>\n<meta name=\"twitter:label1\" content=\"Written by\" \/>\n\t<meta name=\"twitter:data1\" content=\"hudo\" \/>\n\t<meta name=\"twitter:label2\" content=\"Est. reading time\" \/>\n\t<meta name=\"twitter:data2\" content=\"2 minuti\" \/>\n<script type=\"application\/ld+json\" class=\"yoast-schema-graph\">{\"@context\":\"https:\/\/schema.org\",\"@graph\":[{\"@type\":\"Article\",\"@id\":\"https:\/\/hudo.com\/si\/aktualno\/matevz-lenarcic-odletel-na-novo-misijo\/#article\",\"isPartOf\":{\"@id\":\"https:\/\/hudo.com\/si\/aktualno\/matevz-lenarcic-odletel-na-novo-misijo\/\"},\"author\":{\"name\":\"hudo\",\"@id\":\"https:\/\/hudo.com\/si\/#\/schema\/person\/601cf3379633985b20f7e50f2bb47707\"},\"headline\":\"Matev\u017e Lenar\u010di\u010d odletel na novo misijo\",\"datePublished\":\"2017-03-24T09:38:00+00:00\",\"dateModified\":\"2017-03-24T09:38:00+00:00\",\"mainEntityOfPage\":{\"@id\":\"https:\/\/hudo.com\/si\/aktualno\/matevz-lenarcic-odletel-na-novo-misijo\/\"},\"wordCount\":335,\"publisher\":{\"@id\":\"https:\/\/hudo.com\/si\/#organization\"},\"articleSection\":[\"Aktualno\"],\"inLanguage\":\"sl-SI\"},{\"@type\":\"WebPage\",\"@id\":\"https:\/\/hudo.com\/si\/aktualno\/matevz-lenarcic-odletel-na-novo-misijo\/\",\"url\":\"https:\/\/hudo.com\/si\/aktualno\/matevz-lenarcic-odletel-na-novo-misijo\/\",\"name\":\"Matev\u017e Lenar\u010di\u010d odletel na novo misijo - Hudo Slovenija\",\"isPartOf\":{\"@id\":\"https:\/\/hudo.com\/si\/#website\"},\"datePublished\":\"2017-03-24T09:38:00+00:00\",\"dateModified\":\"2017-03-24T09:38:00+00:00\",\"breadcrumb\":{\"@id\":\"https:\/\/hudo.com\/si\/aktualno\/matevz-lenarcic-odletel-na-novo-misijo\/#breadcrumb\"},\"inLanguage\":\"sl-SI\",\"potentialAction\":[{\"@type\":\"ReadAction\",\"target\":[\"https:\/\/hudo.com\/si\/aktualno\/matevz-lenarcic-odletel-na-novo-misijo\/\"]}]},{\"@type\":\"BreadcrumbList\",\"@id\":\"https:\/\/hudo.com\/si\/aktualno\/matevz-lenarcic-odletel-na-novo-misijo\/#breadcrumb\",\"itemListElement\":[{\"@type\":\"ListItem\",\"position\":1,\"name\":\"Home\",\"item\":\"https:\/\/hudo.com\/si\/\"},{\"@type\":\"ListItem\",\"position\":2,\"name\":\"Matev\u017e Lenar\u010di\u010d odletel na novo misijo\"}]},{\"@type\":\"WebSite\",\"@id\":\"https:\/\/hudo.com\/si\/#website\",\"url\":\"https:\/\/hudo.com\/si\/\",\"name\":\"Hudo Slovenija\",\"description\":\"Vse novice iz Slovenije in sveta\",\"publisher\":{\"@id\":\"https:\/\/hudo.com\/si\/#organization\"},\"potentialAction\":[{\"@type\":\"SearchAction\",\"target\":{\"@type\":\"EntryPoint\",\"urlTemplate\":\"https:\/\/hudo.com\/si\/?s={search_term_string}\"},\"query-input\":\"required name=search_term_string\"}],\"inLanguage\":\"sl-SI\"},{\"@type\":\"Organization\",\"@id\":\"https:\/\/hudo.com\/si\/#organization\",\"name\":\"VSN Media\",\"url\":\"https:\/\/hudo.com\/si\/\",\"logo\":{\"@type\":\"ImageObject\",\"inLanguage\":\"sl-SI\",\"@id\":\"https:\/\/hudo.com\/si\/#\/schema\/logo\/image\/\",\"url\":\"https:\/\/hudo.com\/si\/wp-content\/uploads\/sites\/2\/2021\/03\/hudo-app-2.png\",\"contentUrl\":\"https:\/\/hudo.com\/si\/wp-content\/uploads\/sites\/2\/2021\/03\/hudo-app-2.png\",\"width\":2185,\"height\":2167,\"caption\":\"VSN Media\"},\"image\":{\"@id\":\"https:\/\/hudo.com\/si\/#\/schema\/logo\/image\/\"},\"sameAs\":[\"https:\/\/www.facebook.com\/hudo.si\",\"https:\/\/twitter.com\/hudo_si\"]},{\"@type\":\"Person\",\"@id\":\"https:\/\/hudo.com\/si\/#\/schema\/person\/601cf3379633985b20f7e50f2bb47707\",\"name\":\"hudo\",\"image\":{\"@type\":\"ImageObject\",\"inLanguage\":\"sl-SI\",\"@id\":\"https:\/\/hudo.com\/si\/#\/schema\/person\/image\/\",\"url\":\"https:\/\/secure.gravatar.com\/avatar\/c4ca25fa72cace7a696b52ff5db9e095?s=96&d=mm&r=g\",\"contentUrl\":\"https:\/\/secure.gravatar.com\/avatar\/c4ca25fa72cace7a696b52ff5db9e095?s=96&d=mm&r=g\",\"caption\":\"hudo\"},\"url\":\"https:\/\/hudo.com\/si\/author\/hudo\/\"}]}<\/script>\n<!-- \/ Yoast SEO plugin. -->","yoast_head_json":{"title":"Matev\u017e Lenar\u010di\u010d odletel na novo misijo - Hudo Slovenija","robots":{"index":"index","follow":"follow","max-snippet":"max-snippet:-1","max-image-preview":"max-image-preview:large","max-video-preview":"max-video-preview:-1"},"canonical":"https:\/\/hudo.com\/si\/aktualno\/matevz-lenarcic-odletel-na-novo-misijo\/","og_locale":"sl_SI","og_type":"article","og_title":"Matev\u017e Lenar\u010di\u010d odletel na novo misijo - Hudo Slovenija","og_description":"Potem ko je lani v slabem mesecu dni preletel pot okoli sveta, na kateri je zbiral podatke o onesna\u017eenosti s \u010drnim ogljikom, je pilot Matev\u017e Lenar\u010di\u010d pred novim projektom. Nekaj po 10. uri je s portoro\u0161kega letali\u0161\u010da poletel na prvo etapo leto\u0161nje znanstveno-raziskovalne naloge, v okviru katere bo opravljal meritve na obmo\u010dju Mediterana in Alp. Z meritvami koncentracij \u010drnega ogljika nad celotnim Sredozemskim zalivom, Alpsko verigo in osrednjo Evropo \u017eeli Lenar\u010di\u010d z ekipo GreenLight WorldFlight preveriti vpliv \u010drnega ogljika in saharskega peska, ki prihaja iz Afrike, na klimatske spremembe v osrednji Evropi in na taljenje ledenikov. Potek tokratnega poleta z ultralahkim letalom po na\u010drtovani poti bo mo\u010dno odvisen od vremenskih razmer, tako da Lenar\u010di\u010d ra\u010duna, da bo celotno misijo lahko opravil v kak\u0161nih dveh mesecih. Poleg ustreznih razmer za letenje so namre\u010d za uspe\u0161nost klju\u010dnega pomena primerna gibanja zra\u010dnih gmot, ki nad Alpe prina\u0161ajo \u010drni ogljik in saharski pesek. Vremenske razmere bo zato redno spremljal \u010dlan ekipe GreenLight WorldFlight in meteorolog Andrej Velkavrh, ki bo tudi usmerjal nadaljnji potek misije, so sporo\u010dili iz ekipe. Misija Mediteran 2017 vklju\u010duje \u0161tiri lo\u010dene etape, dolge skupaj ve\u010d kot 20.000 kilometrov. Obmo\u010dje meritev je med Lizbono in Ciprom v smeri vzhod-zahod, nad celotno verigo Alp ter med Parizom in Bukare\u0161to. Prva postaja po dana\u0161njem vzletu s portoro\u0161kega letali\u0161\u010da je Malta, ki jo bo Lenar\u010di\u010d dosegel po slabih petih urah letenja. Nato bo pot, odvisno od vremenskega dogajanja, nadaljeval proti Cipru in na zahod proti Lizboni, kjer bo zaklju\u010dil prvo etapo misije. Klimatologi opozarjajo na resno ogro\u017eenost alpskih ledenikov, ki so pomemben vir pitne vode in energije za Srednjo Evropo. Regionalno podnebje se spreminja zaradi neposrednih vplivov \u010dloveka, nanj pa vplivajo tudi naravni pojavi. Na snegu in ledu v Alpah se odlaga \u010drni ogljik, ki nastane z zgorevanjem goriv za proizvodnjo energije, in saharski pesek, ki ga \u010dez Sredozemsko","og_url":"https:\/\/hudo.com\/si\/aktualno\/matevz-lenarcic-odletel-na-novo-misijo\/","og_site_name":"Hudo Slovenija","article_publisher":"https:\/\/www.facebook.com\/hudo.si","article_published_time":"2017-03-24T09:38:00+00:00","og_image":[{"width":450,"height":337,"url":"https:\/\/hudo.com\/si\/wp-content\/uploads\/sites\/2\/2017\/03\/lenarcic-300.jpg","type":"image\/jpeg"}],"author":"hudo","twitter_card":"summary_large_image","twitter_creator":"@hudo_si","twitter_site":"@hudo_si","twitter_misc":{"Written by":"hudo","Est. reading time":"2 minuti"},"schema":{"@context":"https:\/\/schema.org","@graph":[{"@type":"Article","@id":"https:\/\/hudo.com\/si\/aktualno\/matevz-lenarcic-odletel-na-novo-misijo\/#article","isPartOf":{"@id":"https:\/\/hudo.com\/si\/aktualno\/matevz-lenarcic-odletel-na-novo-misijo\/"},"author":{"name":"hudo","@id":"https:\/\/hudo.com\/si\/#\/schema\/person\/601cf3379633985b20f7e50f2bb47707"},"headline":"Matev\u017e Lenar\u010di\u010d odletel na novo misijo","datePublished":"2017-03-24T09:38:00+00:00","dateModified":"2017-03-24T09:38:00+00:00","mainEntityOfPage":{"@id":"https:\/\/hudo.com\/si\/aktualno\/matevz-lenarcic-odletel-na-novo-misijo\/"},"wordCount":335,"publisher":{"@id":"https:\/\/hudo.com\/si\/#organization"},"articleSection":["Aktualno"],"inLanguage":"sl-SI"},{"@type":"WebPage","@id":"https:\/\/hudo.com\/si\/aktualno\/matevz-lenarcic-odletel-na-novo-misijo\/","url":"https:\/\/hudo.com\/si\/aktualno\/matevz-lenarcic-odletel-na-novo-misijo\/","name":"Matev\u017e Lenar\u010di\u010d odletel na novo misijo - Hudo Slovenija","isPartOf":{"@id":"https:\/\/hudo.com\/si\/#website"},"datePublished":"2017-03-24T09:38:00+00:00","dateModified":"2017-03-24T09:38:00+00:00","breadcrumb":{"@id":"https:\/\/hudo.com\/si\/aktualno\/matevz-lenarcic-odletel-na-novo-misijo\/#breadcrumb"},"inLanguage":"sl-SI","potentialAction":[{"@type":"ReadAction","target":["https:\/\/hudo.com\/si\/aktualno\/matevz-lenarcic-odletel-na-novo-misijo\/"]}]},{"@type":"BreadcrumbList","@id":"https:\/\/hudo.com\/si\/aktualno\/matevz-lenarcic-odletel-na-novo-misijo\/#breadcrumb","itemListElement":[{"@type":"ListItem","position":1,"name":"Home","item":"https:\/\/hudo.com\/si\/"},{"@type":"ListItem","position":2,"name":"Matev\u017e Lenar\u010di\u010d odletel na novo misijo"}]},{"@type":"WebSite","@id":"https:\/\/hudo.com\/si\/#website","url":"https:\/\/hudo.com\/si\/","name":"Hudo Slovenija","description":"Vse novice iz Slovenije in sveta","publisher":{"@id":"https:\/\/hudo.com\/si\/#organization"},"potentialAction":[{"@type":"SearchAction","target":{"@type":"EntryPoint","urlTemplate":"https:\/\/hudo.com\/si\/?s={search_term_string}"},"query-input":"required name=search_term_string"}],"inLanguage":"sl-SI"},{"@type":"Organization","@id":"https:\/\/hudo.com\/si\/#organization","name":"VSN Media","url":"https:\/\/hudo.com\/si\/","logo":{"@type":"ImageObject","inLanguage":"sl-SI","@id":"https:\/\/hudo.com\/si\/#\/schema\/logo\/image\/","url":"https:\/\/hudo.com\/si\/wp-content\/uploads\/sites\/2\/2021\/03\/hudo-app-2.png","contentUrl":"https:\/\/hudo.com\/si\/wp-content\/uploads\/sites\/2\/2021\/03\/hudo-app-2.png","width":2185,"height":2167,"caption":"VSN Media"},"image":{"@id":"https:\/\/hudo.com\/si\/#\/schema\/logo\/image\/"},"sameAs":["https:\/\/www.facebook.com\/hudo.si","https:\/\/twitter.com\/hudo_si"]},{"@type":"Person","@id":"https:\/\/hudo.com\/si\/#\/schema\/person\/601cf3379633985b20f7e50f2bb47707","name":"hudo","image":{"@type":"ImageObject","inLanguage":"sl-SI","@id":"https:\/\/hudo.com\/si\/#\/schema\/person\/image\/","url":"https:\/\/secure.gravatar.com\/avatar\/c4ca25fa72cace7a696b52ff5db9e095?s=96&d=mm&r=g","contentUrl":"https:\/\/secure.gravatar.com\/avatar\/c4ca25fa72cace7a696b52ff5db9e095?s=96&d=mm&r=g","caption":"hudo"},"url":"https:\/\/hudo.com\/si\/author\/hudo\/"}]}},"amp_enabled":true,"_links":{"self":[{"href":"https:\/\/hudo.com\/si\/wp-json\/wp\/v2\/posts\/230933"}],"collection":[{"href":"https:\/\/hudo.com\/si\/wp-json\/wp\/v2\/posts"}],"about":[{"href":"https:\/\/hudo.com\/si\/wp-json\/wp\/v2\/types\/post"}],"author":[{"embeddable":true,"href":"https:\/\/hudo.com\/si\/wp-json\/wp\/v2\/users\/1"}],"replies":[{"embeddable":true,"href":"https:\/\/hudo.com\/si\/wp-json\/wp\/v2\/comments?post=230933"}],"version-history":[{"count":0,"href":"https:\/\/hudo.com\/si\/wp-json\/wp\/v2\/posts\/230933\/revisions"}],"wp:attachment":[{"href":"https:\/\/hudo.com\/si\/wp-json\/wp\/v2\/media?parent=230933"}],"wp:term":[{"taxonomy":"category","embeddable":true,"href":"https:\/\/hudo.com\/si\/wp-json\/wp\/v2\/categories?post=230933"},{"taxonomy":"post_tag","embeddable":true,"href":"https:\/\/hudo.com\/si\/wp-json\/wp\/v2\/tags?post=230933"},{"taxonomy":"source","embeddable":true,"href":"https:\/\/hudo.com\/si\/wp-json\/wp\/v2\/source?post=230933"},{"taxonomy":"supertag","embeddable":true,"href":"https:\/\/hudo.com\/si\/wp-json\/wp\/v2\/supertag?post=230933"}],"curies":[{"name":"wp","href":"https:\/\/api.w.org\/{rel}","templated":true}]}}