{"id":230983,"date":"2017-03-24T14:30:00","date_gmt":"2017-03-24T13:30:00","guid":{"rendered":"http:\/\/hudo.com\/si\/2017\/03\/24\/novi-sef-pokrajinskega-muzeja\/"},"modified":"2017-03-25T05:42:01","modified_gmt":"2017-03-25T04:42:01","slug":"novi-sef-pokrajinskega-muzeja","status":"publish","type":"post","link":"https:\/\/hudo.com\/si\/aktualno\/novi-sef-pokrajinskega-muzeja\/","title":{"rendered":"Novi \u0161ef pokrajinskega muzeja"},"content":{"rendered":"<p>Na februarja objavljeni razpis za direktorja Koro\u0161kega pokrajinskega muzeja (KPM) je pravo\u010dasno prispelo \u0161est prijav. Komisija za mandatna vpra\u0161anja, volitve in imenovanja (Kviaz) mestne ob\u010dine Slovenj Gradec je opravila pogovore s petimi kandidati, saj eden od prijavljenih ni izpolnjeval razpisnih pogojev. &#8220;Ni bilo lahko, saj so imeli vsi kandidati dobre predstavitve in pripravili so ambiciozne programe,&#8221; je povedal predsednik Kviaza Hinko Ka\u0161nik. Vseh pet tudi dobro pozna podro\u010dje dela, saj prihajajo iz muzejske stroke. Kar trije (Karla Oder, Alenka Verdinek in Roman Haber) so zaposleni v KPM. \u200bZa direktorja je Kviaz predlagal diplomiranega etnologa in kulturnega antropologa Tadeja Pungartnika, trenutno vi\u0161jega kustosa v Pokrajinskem muzeju Maribor, ki je najbolj prepri\u010dal s programom razvoja. Odlo\u010ditev je bila sprejeta soglasno. &#8220;To, da so se na razpis prijavili kar trije zaposleni v KPM z dobrimi programi, je velika prilo\u017enost za muzej, \u010de jo bo novi direktor znal izkoristiti,&#8221; meni Ka\u0161nik. Direktorja KPM sicer imenuje ob\u010dinski svet Mestne ob\u010dine Slovenj Gradec, ki bo o predlogu Kviaza odlo\u010dal predvidoma na aprilski seji. Pred tem mora pridobiti \u0161e soglasja in mnenja. Svet ustanoviteljev (\u0161est \u017eupanov in dve \u017eupanji se bodo sestali prihodnjo sredo) k imenovanju poda soglasje, sveta zavoda KPM pa mnenje. Petletni mandat bi lahko Pungartnik za\u010del predvidoma konec maja. (jd)<\/p>\n","protected":false},"excerpt":{"rendered":"<p>Na februarja objavljeni razpis za direktorja Koro\u0161kega pokrajinskega muzeja (KPM) je pravo\u010dasno prispelo \u0161est prijav. Komisija za mandatna vpra\u0161anja, volitve in imenovanja (Kviaz) mestne ob\u010dine Slovenj Gradec je opravila pogovore s petimi kandidati, saj eden od prijavljenih ni izpolnjeval razpisnih pogojev. &#8220;Ni bilo lahko, saj so imeli vsi kandidati dobre predstavitve in pripravili so ambiciozne programe,&#8221; je povedal predsednik Kviaza Hinko Ka\u0161nik. Vseh pet tudi dobro pozna podro\u010dje dela, saj prihajajo iz muzejske stroke. Kar trije (Karla Oder, Alenka Verdinek in Roman Haber) so zaposleni v KPM. \u200bZa direktorja je Kviaz predlagal diplomiranega etnologa in kulturnega antropologa Tadeja Pungartnika, trenutno vi\u0161jega kustosa v Pokrajinskem muzeju Maribor, ki je najbolj prepri\u010dal s programom razvoja. Odlo\u010ditev je bila sprejeta soglasno. &#8220;To, da so se na razpis prijavili kar trije zaposleni v KPM z dobrimi programi, je velika prilo\u017enost za muzej, \u010de jo bo novi direktor znal izkoristiti,&#8221; meni Ka\u0161nik. Direktorja KPM sicer imenuje ob\u010dinski svet Mestne ob\u010dine Slovenj Gradec, ki bo o predlogu Kviaza odlo\u010dal predvidoma na aprilski seji. Pred tem mora pridobiti \u0161e soglasja in mnenja. Svet ustanoviteljev (\u0161est \u017eupanov in dve \u017eupanji se bodo sestali prihodnjo sredo) k imenovanju poda soglasje, sveta zavoda KPM pa mnenje. Petletni mandat bi lahko Pungartnik za\u010del predvidoma konec maja. (jd)<\/p>\n","protected":false},"author":1,"featured_media":0,"comment_status":"closed","ping_status":"closed","sticky":false,"template":"","format":"standard","meta":{"footnotes":""},"categories":[1179],"tags":[],"source":[1711],"supertag":[],"acf":[],"yoast_head":"<!-- This site is optimized with the Yoast SEO plugin v21.3 - https:\/\/yoast.com\/wordpress\/plugins\/seo\/ -->\n<title>Novi \u0161ef pokrajinskega muzeja - Hudo Slovenija<\/title>\n<meta name=\"robots\" content=\"index, follow, max-snippet:-1, max-image-preview:large, max-video-preview:-1\" \/>\n<link rel=\"canonical\" href=\"https:\/\/hudo.com\/si\/aktualno\/novi-sef-pokrajinskega-muzeja\/\" \/>\n<meta property=\"og:locale\" content=\"sl_SI\" \/>\n<meta property=\"og:type\" content=\"article\" \/>\n<meta property=\"og:title\" content=\"Novi \u0161ef pokrajinskega muzeja - Hudo Slovenija\" \/>\n<meta property=\"og:description\" content=\"Na februarja objavljeni razpis za direktorja Koro\u0161kega pokrajinskega muzeja (KPM) je pravo\u010dasno prispelo \u0161est prijav. Komisija za mandatna vpra\u0161anja, volitve in imenovanja (Kviaz) mestne ob\u010dine Slovenj Gradec je opravila pogovore s petimi kandidati, saj eden od prijavljenih ni izpolnjeval razpisnih pogojev. &quot;Ni bilo lahko, saj so imeli vsi kandidati dobre predstavitve in pripravili so ambiciozne programe,&quot; je povedal predsednik Kviaza Hinko Ka\u0161nik. Vseh pet tudi dobro pozna podro\u010dje dela, saj prihajajo iz muzejske stroke. Kar trije (Karla Oder, Alenka Verdinek in Roman Haber) so zaposleni v KPM. \u200bZa direktorja je Kviaz predlagal diplomiranega etnologa in kulturnega antropologa Tadeja Pungartnika, trenutno vi\u0161jega kustosa v Pokrajinskem muzeju Maribor, ki je najbolj prepri\u010dal s programom razvoja. Odlo\u010ditev je bila sprejeta soglasno. &quot;To, da so se na razpis prijavili kar trije zaposleni v KPM z dobrimi programi, je velika prilo\u017enost za muzej, \u010de jo bo novi direktor znal izkoristiti,&quot; meni Ka\u0161nik. Direktorja KPM sicer imenuje ob\u010dinski svet Mestne ob\u010dine Slovenj Gradec, ki bo o predlogu Kviaza odlo\u010dal predvidoma na aprilski seji. Pred tem mora pridobiti \u0161e soglasja in mnenja. Svet ustanoviteljev (\u0161est \u017eupanov in dve \u017eupanji se bodo sestali prihodnjo sredo) k imenovanju poda soglasje, sveta zavoda KPM pa mnenje. Petletni mandat bi lahko Pungartnik za\u010del predvidoma konec maja. (jd)\" \/>\n<meta property=\"og:url\" content=\"https:\/\/hudo.com\/si\/aktualno\/novi-sef-pokrajinskega-muzeja\/\" \/>\n<meta property=\"og:site_name\" content=\"Hudo Slovenija\" \/>\n<meta property=\"article:publisher\" content=\"https:\/\/www.facebook.com\/hudo.si\" \/>\n<meta property=\"article:published_time\" content=\"2017-03-24T13:30:00+00:00\" \/>\n<meta property=\"article:modified_time\" content=\"2017-03-25T04:42:01+00:00\" \/>\n<meta property=\"og:image\" content=\"https:\/\/hudo.com\/si\/wp-content\/uploads\/sites\/2\/2017\/03\/01365489F-300.jpg\" \/>\n\t<meta property=\"og:image:width\" content=\"450\" \/>\n\t<meta property=\"og:image:height\" content=\"353\" \/>\n\t<meta property=\"og:image:type\" content=\"image\/jpeg\" \/>\n<meta name=\"author\" content=\"hudo\" \/>\n<meta name=\"twitter:card\" content=\"summary_large_image\" \/>\n<meta name=\"twitter:creator\" content=\"@hudo_si\" \/>\n<meta name=\"twitter:site\" content=\"@hudo_si\" \/>\n<meta name=\"twitter:label1\" content=\"Written by\" \/>\n\t<meta name=\"twitter:data1\" content=\"hudo\" \/>\n\t<meta name=\"twitter:label2\" content=\"Est. reading time\" \/>\n\t<meta name=\"twitter:data2\" content=\"1 minuta\" \/>\n<script type=\"application\/ld+json\" class=\"yoast-schema-graph\">{\"@context\":\"https:\/\/schema.org\",\"@graph\":[{\"@type\":\"Article\",\"@id\":\"https:\/\/hudo.com\/si\/aktualno\/novi-sef-pokrajinskega-muzeja\/#article\",\"isPartOf\":{\"@id\":\"https:\/\/hudo.com\/si\/aktualno\/novi-sef-pokrajinskega-muzeja\/\"},\"author\":{\"name\":\"hudo\",\"@id\":\"https:\/\/hudo.com\/si\/#\/schema\/person\/601cf3379633985b20f7e50f2bb47707\"},\"headline\":\"Novi \u0161ef pokrajinskega muzeja\",\"datePublished\":\"2017-03-24T13:30:00+00:00\",\"dateModified\":\"2017-03-25T04:42:01+00:00\",\"mainEntityOfPage\":{\"@id\":\"https:\/\/hudo.com\/si\/aktualno\/novi-sef-pokrajinskega-muzeja\/\"},\"wordCount\":225,\"publisher\":{\"@id\":\"https:\/\/hudo.com\/si\/#organization\"},\"articleSection\":[\"Aktualno\"],\"inLanguage\":\"sl-SI\"},{\"@type\":\"WebPage\",\"@id\":\"https:\/\/hudo.com\/si\/aktualno\/novi-sef-pokrajinskega-muzeja\/\",\"url\":\"https:\/\/hudo.com\/si\/aktualno\/novi-sef-pokrajinskega-muzeja\/\",\"name\":\"Novi \u0161ef pokrajinskega muzeja - Hudo Slovenija\",\"isPartOf\":{\"@id\":\"https:\/\/hudo.com\/si\/#website\"},\"datePublished\":\"2017-03-24T13:30:00+00:00\",\"dateModified\":\"2017-03-25T04:42:01+00:00\",\"breadcrumb\":{\"@id\":\"https:\/\/hudo.com\/si\/aktualno\/novi-sef-pokrajinskega-muzeja\/#breadcrumb\"},\"inLanguage\":\"sl-SI\",\"potentialAction\":[{\"@type\":\"ReadAction\",\"target\":[\"https:\/\/hudo.com\/si\/aktualno\/novi-sef-pokrajinskega-muzeja\/\"]}]},{\"@type\":\"BreadcrumbList\",\"@id\":\"https:\/\/hudo.com\/si\/aktualno\/novi-sef-pokrajinskega-muzeja\/#breadcrumb\",\"itemListElement\":[{\"@type\":\"ListItem\",\"position\":1,\"name\":\"Home\",\"item\":\"https:\/\/hudo.com\/si\/\"},{\"@type\":\"ListItem\",\"position\":2,\"name\":\"Novi \u0161ef pokrajinskega muzeja\"}]},{\"@type\":\"WebSite\",\"@id\":\"https:\/\/hudo.com\/si\/#website\",\"url\":\"https:\/\/hudo.com\/si\/\",\"name\":\"Hudo Slovenija\",\"description\":\"Vse novice iz Slovenije in sveta\",\"publisher\":{\"@id\":\"https:\/\/hudo.com\/si\/#organization\"},\"potentialAction\":[{\"@type\":\"SearchAction\",\"target\":{\"@type\":\"EntryPoint\",\"urlTemplate\":\"https:\/\/hudo.com\/si\/?s={search_term_string}\"},\"query-input\":\"required name=search_term_string\"}],\"inLanguage\":\"sl-SI\"},{\"@type\":\"Organization\",\"@id\":\"https:\/\/hudo.com\/si\/#organization\",\"name\":\"VSN Media\",\"url\":\"https:\/\/hudo.com\/si\/\",\"logo\":{\"@type\":\"ImageObject\",\"inLanguage\":\"sl-SI\",\"@id\":\"https:\/\/hudo.com\/si\/#\/schema\/logo\/image\/\",\"url\":\"https:\/\/hudo.com\/si\/wp-content\/uploads\/sites\/2\/2021\/03\/hudo-app-2.png\",\"contentUrl\":\"https:\/\/hudo.com\/si\/wp-content\/uploads\/sites\/2\/2021\/03\/hudo-app-2.png\",\"width\":2185,\"height\":2167,\"caption\":\"VSN Media\"},\"image\":{\"@id\":\"https:\/\/hudo.com\/si\/#\/schema\/logo\/image\/\"},\"sameAs\":[\"https:\/\/www.facebook.com\/hudo.si\",\"https:\/\/twitter.com\/hudo_si\"]},{\"@type\":\"Person\",\"@id\":\"https:\/\/hudo.com\/si\/#\/schema\/person\/601cf3379633985b20f7e50f2bb47707\",\"name\":\"hudo\",\"image\":{\"@type\":\"ImageObject\",\"inLanguage\":\"sl-SI\",\"@id\":\"https:\/\/hudo.com\/si\/#\/schema\/person\/image\/\",\"url\":\"https:\/\/secure.gravatar.com\/avatar\/c4ca25fa72cace7a696b52ff5db9e095?s=96&d=mm&r=g\",\"contentUrl\":\"https:\/\/secure.gravatar.com\/avatar\/c4ca25fa72cace7a696b52ff5db9e095?s=96&d=mm&r=g\",\"caption\":\"hudo\"},\"url\":\"https:\/\/hudo.com\/si\/author\/hudo\/\"}]}<\/script>\n<!-- \/ Yoast SEO plugin. -->","yoast_head_json":{"title":"Novi \u0161ef pokrajinskega muzeja - Hudo Slovenija","robots":{"index":"index","follow":"follow","max-snippet":"max-snippet:-1","max-image-preview":"max-image-preview:large","max-video-preview":"max-video-preview:-1"},"canonical":"https:\/\/hudo.com\/si\/aktualno\/novi-sef-pokrajinskega-muzeja\/","og_locale":"sl_SI","og_type":"article","og_title":"Novi \u0161ef pokrajinskega muzeja - Hudo Slovenija","og_description":"Na februarja objavljeni razpis za direktorja Koro\u0161kega pokrajinskega muzeja (KPM) je pravo\u010dasno prispelo \u0161est prijav. Komisija za mandatna vpra\u0161anja, volitve in imenovanja (Kviaz) mestne ob\u010dine Slovenj Gradec je opravila pogovore s petimi kandidati, saj eden od prijavljenih ni izpolnjeval razpisnih pogojev. \"Ni bilo lahko, saj so imeli vsi kandidati dobre predstavitve in pripravili so ambiciozne programe,\" je povedal predsednik Kviaza Hinko Ka\u0161nik. Vseh pet tudi dobro pozna podro\u010dje dela, saj prihajajo iz muzejske stroke. Kar trije (Karla Oder, Alenka Verdinek in Roman Haber) so zaposleni v KPM. \u200bZa direktorja je Kviaz predlagal diplomiranega etnologa in kulturnega antropologa Tadeja Pungartnika, trenutno vi\u0161jega kustosa v Pokrajinskem muzeju Maribor, ki je najbolj prepri\u010dal s programom razvoja. Odlo\u010ditev je bila sprejeta soglasno. \"To, da so se na razpis prijavili kar trije zaposleni v KPM z dobrimi programi, je velika prilo\u017enost za muzej, \u010de jo bo novi direktor znal izkoristiti,\" meni Ka\u0161nik. Direktorja KPM sicer imenuje ob\u010dinski svet Mestne ob\u010dine Slovenj Gradec, ki bo o predlogu Kviaza odlo\u010dal predvidoma na aprilski seji. Pred tem mora pridobiti \u0161e soglasja in mnenja. Svet ustanoviteljev (\u0161est \u017eupanov in dve \u017eupanji se bodo sestali prihodnjo sredo) k imenovanju poda soglasje, sveta zavoda KPM pa mnenje. Petletni mandat bi lahko Pungartnik za\u010del predvidoma konec maja. (jd)","og_url":"https:\/\/hudo.com\/si\/aktualno\/novi-sef-pokrajinskega-muzeja\/","og_site_name":"Hudo Slovenija","article_publisher":"https:\/\/www.facebook.com\/hudo.si","article_published_time":"2017-03-24T13:30:00+00:00","article_modified_time":"2017-03-25T04:42:01+00:00","og_image":[{"width":450,"height":353,"url":"https:\/\/hudo.com\/si\/wp-content\/uploads\/sites\/2\/2017\/03\/01365489F-300.jpg","type":"image\/jpeg"}],"author":"hudo","twitter_card":"summary_large_image","twitter_creator":"@hudo_si","twitter_site":"@hudo_si","twitter_misc":{"Written by":"hudo","Est. reading time":"1 minuta"},"schema":{"@context":"https:\/\/schema.org","@graph":[{"@type":"Article","@id":"https:\/\/hudo.com\/si\/aktualno\/novi-sef-pokrajinskega-muzeja\/#article","isPartOf":{"@id":"https:\/\/hudo.com\/si\/aktualno\/novi-sef-pokrajinskega-muzeja\/"},"author":{"name":"hudo","@id":"https:\/\/hudo.com\/si\/#\/schema\/person\/601cf3379633985b20f7e50f2bb47707"},"headline":"Novi \u0161ef pokrajinskega muzeja","datePublished":"2017-03-24T13:30:00+00:00","dateModified":"2017-03-25T04:42:01+00:00","mainEntityOfPage":{"@id":"https:\/\/hudo.com\/si\/aktualno\/novi-sef-pokrajinskega-muzeja\/"},"wordCount":225,"publisher":{"@id":"https:\/\/hudo.com\/si\/#organization"},"articleSection":["Aktualno"],"inLanguage":"sl-SI"},{"@type":"WebPage","@id":"https:\/\/hudo.com\/si\/aktualno\/novi-sef-pokrajinskega-muzeja\/","url":"https:\/\/hudo.com\/si\/aktualno\/novi-sef-pokrajinskega-muzeja\/","name":"Novi \u0161ef pokrajinskega muzeja - Hudo Slovenija","isPartOf":{"@id":"https:\/\/hudo.com\/si\/#website"},"datePublished":"2017-03-24T13:30:00+00:00","dateModified":"2017-03-25T04:42:01+00:00","breadcrumb":{"@id":"https:\/\/hudo.com\/si\/aktualno\/novi-sef-pokrajinskega-muzeja\/#breadcrumb"},"inLanguage":"sl-SI","potentialAction":[{"@type":"ReadAction","target":["https:\/\/hudo.com\/si\/aktualno\/novi-sef-pokrajinskega-muzeja\/"]}]},{"@type":"BreadcrumbList","@id":"https:\/\/hudo.com\/si\/aktualno\/novi-sef-pokrajinskega-muzeja\/#breadcrumb","itemListElement":[{"@type":"ListItem","position":1,"name":"Home","item":"https:\/\/hudo.com\/si\/"},{"@type":"ListItem","position":2,"name":"Novi \u0161ef pokrajinskega muzeja"}]},{"@type":"WebSite","@id":"https:\/\/hudo.com\/si\/#website","url":"https:\/\/hudo.com\/si\/","name":"Hudo Slovenija","description":"Vse novice iz Slovenije in sveta","publisher":{"@id":"https:\/\/hudo.com\/si\/#organization"},"potentialAction":[{"@type":"SearchAction","target":{"@type":"EntryPoint","urlTemplate":"https:\/\/hudo.com\/si\/?s={search_term_string}"},"query-input":"required name=search_term_string"}],"inLanguage":"sl-SI"},{"@type":"Organization","@id":"https:\/\/hudo.com\/si\/#organization","name":"VSN Media","url":"https:\/\/hudo.com\/si\/","logo":{"@type":"ImageObject","inLanguage":"sl-SI","@id":"https:\/\/hudo.com\/si\/#\/schema\/logo\/image\/","url":"https:\/\/hudo.com\/si\/wp-content\/uploads\/sites\/2\/2021\/03\/hudo-app-2.png","contentUrl":"https:\/\/hudo.com\/si\/wp-content\/uploads\/sites\/2\/2021\/03\/hudo-app-2.png","width":2185,"height":2167,"caption":"VSN Media"},"image":{"@id":"https:\/\/hudo.com\/si\/#\/schema\/logo\/image\/"},"sameAs":["https:\/\/www.facebook.com\/hudo.si","https:\/\/twitter.com\/hudo_si"]},{"@type":"Person","@id":"https:\/\/hudo.com\/si\/#\/schema\/person\/601cf3379633985b20f7e50f2bb47707","name":"hudo","image":{"@type":"ImageObject","inLanguage":"sl-SI","@id":"https:\/\/hudo.com\/si\/#\/schema\/person\/image\/","url":"https:\/\/secure.gravatar.com\/avatar\/c4ca25fa72cace7a696b52ff5db9e095?s=96&d=mm&r=g","contentUrl":"https:\/\/secure.gravatar.com\/avatar\/c4ca25fa72cace7a696b52ff5db9e095?s=96&d=mm&r=g","caption":"hudo"},"url":"https:\/\/hudo.com\/si\/author\/hudo\/"}]}},"amp_enabled":true,"_links":{"self":[{"href":"https:\/\/hudo.com\/si\/wp-json\/wp\/v2\/posts\/230983"}],"collection":[{"href":"https:\/\/hudo.com\/si\/wp-json\/wp\/v2\/posts"}],"about":[{"href":"https:\/\/hudo.com\/si\/wp-json\/wp\/v2\/types\/post"}],"author":[{"embeddable":true,"href":"https:\/\/hudo.com\/si\/wp-json\/wp\/v2\/users\/1"}],"replies":[{"embeddable":true,"href":"https:\/\/hudo.com\/si\/wp-json\/wp\/v2\/comments?post=230983"}],"version-history":[{"count":1,"href":"https:\/\/hudo.com\/si\/wp-json\/wp\/v2\/posts\/230983\/revisions"}],"predecessor-version":[{"id":231071,"href":"https:\/\/hudo.com\/si\/wp-json\/wp\/v2\/posts\/230983\/revisions\/231071"}],"wp:attachment":[{"href":"https:\/\/hudo.com\/si\/wp-json\/wp\/v2\/media?parent=230983"}],"wp:term":[{"taxonomy":"category","embeddable":true,"href":"https:\/\/hudo.com\/si\/wp-json\/wp\/v2\/categories?post=230983"},{"taxonomy":"post_tag","embeddable":true,"href":"https:\/\/hudo.com\/si\/wp-json\/wp\/v2\/tags?post=230983"},{"taxonomy":"source","embeddable":true,"href":"https:\/\/hudo.com\/si\/wp-json\/wp\/v2\/source?post=230983"},{"taxonomy":"supertag","embeddable":true,"href":"https:\/\/hudo.com\/si\/wp-json\/wp\/v2\/supertag?post=230983"}],"curies":[{"name":"wp","href":"https:\/\/api.w.org\/{rel}","templated":true}]}}