{"id":231505,"date":"2017-03-25T19:30:00","date_gmt":"2017-03-25T18:30:00","guid":{"rendered":"http:\/\/hudo.com\/si\/2017\/03\/25\/kulturni-center-v-spomin-smailu-festicu-ki-bi-bil-danes-oznacen-za-migranta\/"},"modified":"2017-03-26T12:01:57","modified_gmt":"2017-03-26T10:01:57","slug":"kulturni-center-v-spomin-smailu-festicu-ki-bi-bil-danes-oznacen-za-migranta","status":"publish","type":"post","link":"https:\/\/hudo.com\/si\/aktualno\/kulturni-center-v-spomin-smailu-festicu-ki-bi-bil-danes-oznacen-za-migranta\/","title":{"rendered":"Kulturni center v spomin Smailu Festi\u0107u, ki bi bil danes ozna\u010den za migranta"},"content":{"rendered":"<p>V spomin na galerista, ljubitelja vrhunske likovne umetnosti, nekdanjega novinarja, humanista, \u010dastnega konzula Bosne in Hercegovine Smaila Festi\u0107a so nocoj na \u017didovskem trgu v Mariboru odprli Mednarodni kulturni center Smail Festi\u0107. Po v\u010deraj\u0161njem prvem delu predstavitve, je bila torej nocoj \u0161e uradna slovesna otvoritev, na kateri je bil slavnostni govornik nekdanji predsednik dr\u017eave Milan Ku\u010dan, ki je prav tako leta 1993 odprl to galerijo na \u017didovskem trgu. &#8220;Umetnost ne potrebuje besed, ker govori sama zase, vsaj najde v njej svoja sporo\u010dila. Moram pa nekaj povedati o prijatelju Smailu, ki je menil, da je treba nekaj narediti za ljudi. A danes bi zanj rekli, da je migrant. To veliko pove o \u010dasu, v katerem \u017eivimo. Ko je leta 1967 pri\u0161el v Maribor, je bil sprejet odprtih rok. Takrat sta bila \u0161e to mesto in Slovenija \u0161e odprta. Bojim se, da tega danes ni ve\u010d. Da prevladujejo neka druga \u010dustva, vrednote so se zamenjale. Razbili smo se na posameznike, ki so v popolni konkurenci med sabo. Ko pa gre za tekmo, zmeraj nekdo izgubi. In problem je, \u010de pri tej tekmi ni ve\u010d solidarnosti,&#8221; se je aktualnih razmer v svojem govoru dotaknil Ku\u010dan. Ob tem je spomnil \u0161e na dogodek tega tedna, ko je bila iz dr\u017eave izgnana dru\u017eina, tudi otrok, ki se je v Sloveniji rodil. &#8220;Najvi\u0161ja avtoriteta dr\u017eave je bila le dan za tem v Planici, kjer je bila tudi mno\u017eica mladih. A niti z eno besedo nih\u010de ni omenil tiste dru\u017eine. Mislim, da bi se gospod Festi\u0107 v tak\u0161nem primeru oglasil, a se bojim, da ne bi bilo odmeva. Toda tak\u0161na dejanja kli\u010dejo k humanizmu. Tam, kjer tega ni, tudi kulture ni,&#8221; je \u0161e dejal Ku\u010dan. &#8220;Nadaljujemo dru\u017einsko tradicijo in \u0161e zmeraj bomo podpirali mlade umetnike, ki delujejo na najrazli\u010dnej\u0161ih podro\u010djih,&#8221; pa je na otvoritvi povedala h\u010di pokojnega Mejra Festi\u0107. Predstavitev so razdelili kar na dva dneva, saj bo center pokrival \u0161irok spekter, poleg tega, da bo \u0161e zmeraj razstavni prostor, galerija, bo tudi prireditveni prostor, odslej bo stalnica monitor, na katerem bodo pred<\/p>\n","protected":false},"excerpt":{"rendered":"<p>V spomin na galerista, ljubitelja vrhunske likovne umetnosti, nekdanjega novinarja, humanista, \u010dastnega konzula Bosne in Hercegovine Smaila Festi\u0107a so nocoj na \u017didovskem trgu v Mariboru odprli Mednarodni kulturni center Smail Festi\u0107. Po v\u010deraj\u0161njem prvem delu predstavitve, je bila torej nocoj \u0161e uradna slovesna otvoritev, na kateri je bil slavnostni govornik nekdanji predsednik dr\u017eave Milan Ku\u010dan, ki je prav tako leta 1993 odprl to galerijo na \u017didovskem trgu. &#8220;Umetnost ne potrebuje besed, ker govori sama zase, vsaj najde v njej svoja sporo\u010dila. Moram pa nekaj povedati o prijatelju Smailu, ki je menil, da je treba nekaj narediti za ljudi. A danes bi zanj rekli, da je migrant. To veliko pove o \u010dasu, v katerem \u017eivimo. Ko je leta 1967 pri\u0161el v Maribor, je bil sprejet odprtih rok. Takrat sta bila \u0161e to mesto in Slovenija \u0161e odprta. Bojim se, da tega danes ni ve\u010d. Da prevladujejo neka druga \u010dustva, vrednote so se zamenjale. Razbili smo se na posameznike, ki so v popolni konkurenci med sabo. Ko pa gre za tekmo, zmeraj nekdo izgubi. In problem je, \u010de pri tej tekmi ni ve\u010d solidarnosti,&#8221; se je aktualnih razmer v svojem govoru dotaknil Ku\u010dan. Ob tem je spomnil \u0161e na dogodek tega tedna, ko je bila iz dr\u017eave izgnana dru\u017eina, tudi otrok, ki se je v Sloveniji rodil. &#8220;Najvi\u0161ja avtoriteta dr\u017eave je bila le dan za tem v Planici, kjer je bila tudi mno\u017eica mladih. A niti z eno besedo nih\u010de ni omenil tiste dru\u017eine. Mislim, da bi se gospod Festi\u0107 v tak\u0161nem primeru oglasil, a se bojim, da ne bi bilo odmeva. Toda tak\u0161na dejanja kli\u010dejo k humanizmu. Tam, kjer tega ni, tudi kulture ni,&#8221; je \u0161e dejal Ku\u010dan. &#8220;Nadaljujemo dru\u017einsko tradicijo in \u0161e zmeraj bomo podpirali mlade umetnike, ki delujejo na najrazli\u010dnej\u0161ih podro\u010djih,&#8221; pa je na otvoritvi povedala h\u010di pokojnega Mejra Festi\u0107. Predstavitev so razdelili kar na dva dneva, saj bo center pokrival \u0161irok spekter, poleg tega, da bo \u0161e zmeraj razstavni prostor, galerija, bo tudi prireditveni prostor, odslej bo stalnica monitor, na katerem bodo pred<\/p>\n","protected":false},"author":1,"featured_media":0,"comment_status":"closed","ping_status":"closed","sticky":false,"template":"","format":"standard","meta":{"footnotes":""},"categories":[1179],"tags":[],"source":[1711],"supertag":[],"acf":[],"yoast_head":"<!-- This site is optimized with the Yoast SEO plugin v21.3 - https:\/\/yoast.com\/wordpress\/plugins\/seo\/ -->\n<title>Kulturni center v spomin Smailu Festi\u0107u, ki bi bil danes ozna\u010den za migranta - Hudo Slovenija<\/title>\n<meta name=\"robots\" content=\"index, follow, max-snippet:-1, max-image-preview:large, max-video-preview:-1\" \/>\n<link rel=\"canonical\" href=\"https:\/\/hudo.com\/si\/aktualno\/kulturni-center-v-spomin-smailu-festicu-ki-bi-bil-danes-oznacen-za-migranta\/\" \/>\n<meta property=\"og:locale\" content=\"sl_SI\" \/>\n<meta property=\"og:type\" content=\"article\" \/>\n<meta property=\"og:title\" content=\"Kulturni center v spomin Smailu Festi\u0107u, ki bi bil danes ozna\u010den za migranta - Hudo Slovenija\" \/>\n<meta property=\"og:description\" content=\"V spomin na galerista, ljubitelja vrhunske likovne umetnosti, nekdanjega novinarja, humanista, \u010dastnega konzula Bosne in Hercegovine Smaila Festi\u0107a so nocoj na \u017didovskem trgu v Mariboru odprli Mednarodni kulturni center Smail Festi\u0107. Po v\u010deraj\u0161njem prvem delu predstavitve, je bila torej nocoj \u0161e uradna slovesna otvoritev, na kateri je bil slavnostni govornik nekdanji predsednik dr\u017eave Milan Ku\u010dan, ki je prav tako leta 1993 odprl to galerijo na \u017didovskem trgu. &quot;Umetnost ne potrebuje besed, ker govori sama zase, vsaj najde v njej svoja sporo\u010dila. Moram pa nekaj povedati o prijatelju Smailu, ki je menil, da je treba nekaj narediti za ljudi. A danes bi zanj rekli, da je migrant. To veliko pove o \u010dasu, v katerem \u017eivimo. Ko je leta 1967 pri\u0161el v Maribor, je bil sprejet odprtih rok. Takrat sta bila \u0161e to mesto in Slovenija \u0161e odprta. Bojim se, da tega danes ni ve\u010d. Da prevladujejo neka druga \u010dustva, vrednote so se zamenjale. Razbili smo se na posameznike, ki so v popolni konkurenci med sabo. Ko pa gre za tekmo, zmeraj nekdo izgubi. In problem je, \u010de pri tej tekmi ni ve\u010d solidarnosti,&quot; se je aktualnih razmer v svojem govoru dotaknil Ku\u010dan. Ob tem je spomnil \u0161e na dogodek tega tedna, ko je bila iz dr\u017eave izgnana dru\u017eina, tudi otrok, ki se je v Sloveniji rodil. &quot;Najvi\u0161ja avtoriteta dr\u017eave je bila le dan za tem v Planici, kjer je bila tudi mno\u017eica mladih. A niti z eno besedo nih\u010de ni omenil tiste dru\u017eine. Mislim, da bi se gospod Festi\u0107 v tak\u0161nem primeru oglasil, a se bojim, da ne bi bilo odmeva. Toda tak\u0161na dejanja kli\u010dejo k humanizmu. Tam, kjer tega ni, tudi kulture ni,&quot; je \u0161e dejal Ku\u010dan. &quot;Nadaljujemo dru\u017einsko tradicijo in \u0161e zmeraj bomo podpirali mlade umetnike, ki delujejo na najrazli\u010dnej\u0161ih podro\u010djih,&quot; pa je na otvoritvi povedala h\u010di pokojnega Mejra Festi\u0107. Predstavitev so razdelili kar na dva dneva, saj bo center pokrival \u0161irok spekter, poleg tega, da bo \u0161e zmeraj razstavni prostor, galerija, bo tudi prireditveni prostor, odslej bo stalnica monitor, na katerem bodo pred\" \/>\n<meta property=\"og:url\" content=\"https:\/\/hudo.com\/si\/aktualno\/kulturni-center-v-spomin-smailu-festicu-ki-bi-bil-danes-oznacen-za-migranta\/\" \/>\n<meta property=\"og:site_name\" content=\"Hudo Slovenija\" \/>\n<meta property=\"article:publisher\" content=\"https:\/\/www.facebook.com\/hudo.si\" \/>\n<meta property=\"article:published_time\" content=\"2017-03-25T18:30:00+00:00\" \/>\n<meta property=\"article:modified_time\" content=\"2017-03-26T10:01:57+00:00\" \/>\n<meta property=\"og:image\" content=\"https:\/\/hudo.com\/si\/wp-content\/uploads\/sites\/2\/2017\/03\/FOTO4243-300.jpg\" \/>\n\t<meta property=\"og:image:width\" content=\"450\" \/>\n\t<meta property=\"og:image:height\" content=\"300\" \/>\n\t<meta property=\"og:image:type\" content=\"image\/jpeg\" \/>\n<meta name=\"author\" content=\"hudo\" \/>\n<meta name=\"twitter:card\" content=\"summary_large_image\" \/>\n<meta name=\"twitter:creator\" content=\"@hudo_si\" \/>\n<meta name=\"twitter:site\" content=\"@hudo_si\" \/>\n<meta name=\"twitter:label1\" content=\"Written by\" \/>\n\t<meta name=\"twitter:data1\" content=\"hudo\" \/>\n\t<meta name=\"twitter:label2\" content=\"Est. reading time\" \/>\n\t<meta name=\"twitter:data2\" content=\"2 minuti\" \/>\n<script type=\"application\/ld+json\" class=\"yoast-schema-graph\">{\"@context\":\"https:\/\/schema.org\",\"@graph\":[{\"@type\":\"Article\",\"@id\":\"https:\/\/hudo.com\/si\/aktualno\/kulturni-center-v-spomin-smailu-festicu-ki-bi-bil-danes-oznacen-za-migranta\/#article\",\"isPartOf\":{\"@id\":\"https:\/\/hudo.com\/si\/aktualno\/kulturni-center-v-spomin-smailu-festicu-ki-bi-bil-danes-oznacen-za-migranta\/\"},\"author\":{\"name\":\"hudo\",\"@id\":\"https:\/\/hudo.com\/si\/#\/schema\/person\/601cf3379633985b20f7e50f2bb47707\"},\"headline\":\"Kulturni center v spomin Smailu Festi\u0107u, ki bi bil danes ozna\u010den za migranta\",\"datePublished\":\"2017-03-25T18:30:00+00:00\",\"dateModified\":\"2017-03-26T10:01:57+00:00\",\"mainEntityOfPage\":{\"@id\":\"https:\/\/hudo.com\/si\/aktualno\/kulturni-center-v-spomin-smailu-festicu-ki-bi-bil-danes-oznacen-za-migranta\/\"},\"wordCount\":372,\"publisher\":{\"@id\":\"https:\/\/hudo.com\/si\/#organization\"},\"articleSection\":[\"Aktualno\"],\"inLanguage\":\"sl-SI\"},{\"@type\":\"WebPage\",\"@id\":\"https:\/\/hudo.com\/si\/aktualno\/kulturni-center-v-spomin-smailu-festicu-ki-bi-bil-danes-oznacen-za-migranta\/\",\"url\":\"https:\/\/hudo.com\/si\/aktualno\/kulturni-center-v-spomin-smailu-festicu-ki-bi-bil-danes-oznacen-za-migranta\/\",\"name\":\"Kulturni center v spomin Smailu Festi\u0107u, ki bi bil danes ozna\u010den za migranta - Hudo Slovenija\",\"isPartOf\":{\"@id\":\"https:\/\/hudo.com\/si\/#website\"},\"datePublished\":\"2017-03-25T18:30:00+00:00\",\"dateModified\":\"2017-03-26T10:01:57+00:00\",\"breadcrumb\":{\"@id\":\"https:\/\/hudo.com\/si\/aktualno\/kulturni-center-v-spomin-smailu-festicu-ki-bi-bil-danes-oznacen-za-migranta\/#breadcrumb\"},\"inLanguage\":\"sl-SI\",\"potentialAction\":[{\"@type\":\"ReadAction\",\"target\":[\"https:\/\/hudo.com\/si\/aktualno\/kulturni-center-v-spomin-smailu-festicu-ki-bi-bil-danes-oznacen-za-migranta\/\"]}]},{\"@type\":\"BreadcrumbList\",\"@id\":\"https:\/\/hudo.com\/si\/aktualno\/kulturni-center-v-spomin-smailu-festicu-ki-bi-bil-danes-oznacen-za-migranta\/#breadcrumb\",\"itemListElement\":[{\"@type\":\"ListItem\",\"position\":1,\"name\":\"Home\",\"item\":\"https:\/\/hudo.com\/si\/\"},{\"@type\":\"ListItem\",\"position\":2,\"name\":\"Kulturni center v spomin Smailu Festi\u0107u, ki bi bil danes ozna\u010den za migranta\"}]},{\"@type\":\"WebSite\",\"@id\":\"https:\/\/hudo.com\/si\/#website\",\"url\":\"https:\/\/hudo.com\/si\/\",\"name\":\"Hudo Slovenija\",\"description\":\"Vse novice iz Slovenije in sveta\",\"publisher\":{\"@id\":\"https:\/\/hudo.com\/si\/#organization\"},\"potentialAction\":[{\"@type\":\"SearchAction\",\"target\":{\"@type\":\"EntryPoint\",\"urlTemplate\":\"https:\/\/hudo.com\/si\/?s={search_term_string}\"},\"query-input\":\"required name=search_term_string\"}],\"inLanguage\":\"sl-SI\"},{\"@type\":\"Organization\",\"@id\":\"https:\/\/hudo.com\/si\/#organization\",\"name\":\"VSN Media\",\"url\":\"https:\/\/hudo.com\/si\/\",\"logo\":{\"@type\":\"ImageObject\",\"inLanguage\":\"sl-SI\",\"@id\":\"https:\/\/hudo.com\/si\/#\/schema\/logo\/image\/\",\"url\":\"https:\/\/hudo.com\/si\/wp-content\/uploads\/sites\/2\/2021\/03\/hudo-app-2.png\",\"contentUrl\":\"https:\/\/hudo.com\/si\/wp-content\/uploads\/sites\/2\/2021\/03\/hudo-app-2.png\",\"width\":2185,\"height\":2167,\"caption\":\"VSN Media\"},\"image\":{\"@id\":\"https:\/\/hudo.com\/si\/#\/schema\/logo\/image\/\"},\"sameAs\":[\"https:\/\/www.facebook.com\/hudo.si\",\"https:\/\/twitter.com\/hudo_si\"]},{\"@type\":\"Person\",\"@id\":\"https:\/\/hudo.com\/si\/#\/schema\/person\/601cf3379633985b20f7e50f2bb47707\",\"name\":\"hudo\",\"image\":{\"@type\":\"ImageObject\",\"inLanguage\":\"sl-SI\",\"@id\":\"https:\/\/hudo.com\/si\/#\/schema\/person\/image\/\",\"url\":\"https:\/\/secure.gravatar.com\/avatar\/c4ca25fa72cace7a696b52ff5db9e095?s=96&d=mm&r=g\",\"contentUrl\":\"https:\/\/secure.gravatar.com\/avatar\/c4ca25fa72cace7a696b52ff5db9e095?s=96&d=mm&r=g\",\"caption\":\"hudo\"},\"url\":\"https:\/\/hudo.com\/si\/author\/hudo\/\"}]}<\/script>\n<!-- \/ Yoast SEO plugin. -->","yoast_head_json":{"title":"Kulturni center v spomin Smailu Festi\u0107u, ki bi bil danes ozna\u010den za migranta - Hudo Slovenija","robots":{"index":"index","follow":"follow","max-snippet":"max-snippet:-1","max-image-preview":"max-image-preview:large","max-video-preview":"max-video-preview:-1"},"canonical":"https:\/\/hudo.com\/si\/aktualno\/kulturni-center-v-spomin-smailu-festicu-ki-bi-bil-danes-oznacen-za-migranta\/","og_locale":"sl_SI","og_type":"article","og_title":"Kulturni center v spomin Smailu Festi\u0107u, ki bi bil danes ozna\u010den za migranta - Hudo Slovenija","og_description":"V spomin na galerista, ljubitelja vrhunske likovne umetnosti, nekdanjega novinarja, humanista, \u010dastnega konzula Bosne in Hercegovine Smaila Festi\u0107a so nocoj na \u017didovskem trgu v Mariboru odprli Mednarodni kulturni center Smail Festi\u0107. Po v\u010deraj\u0161njem prvem delu predstavitve, je bila torej nocoj \u0161e uradna slovesna otvoritev, na kateri je bil slavnostni govornik nekdanji predsednik dr\u017eave Milan Ku\u010dan, ki je prav tako leta 1993 odprl to galerijo na \u017didovskem trgu. \"Umetnost ne potrebuje besed, ker govori sama zase, vsaj najde v njej svoja sporo\u010dila. Moram pa nekaj povedati o prijatelju Smailu, ki je menil, da je treba nekaj narediti za ljudi. A danes bi zanj rekli, da je migrant. To veliko pove o \u010dasu, v katerem \u017eivimo. Ko je leta 1967 pri\u0161el v Maribor, je bil sprejet odprtih rok. Takrat sta bila \u0161e to mesto in Slovenija \u0161e odprta. Bojim se, da tega danes ni ve\u010d. Da prevladujejo neka druga \u010dustva, vrednote so se zamenjale. Razbili smo se na posameznike, ki so v popolni konkurenci med sabo. Ko pa gre za tekmo, zmeraj nekdo izgubi. In problem je, \u010de pri tej tekmi ni ve\u010d solidarnosti,\" se je aktualnih razmer v svojem govoru dotaknil Ku\u010dan. Ob tem je spomnil \u0161e na dogodek tega tedna, ko je bila iz dr\u017eave izgnana dru\u017eina, tudi otrok, ki se je v Sloveniji rodil. \"Najvi\u0161ja avtoriteta dr\u017eave je bila le dan za tem v Planici, kjer je bila tudi mno\u017eica mladih. A niti z eno besedo nih\u010de ni omenil tiste dru\u017eine. Mislim, da bi se gospod Festi\u0107 v tak\u0161nem primeru oglasil, a se bojim, da ne bi bilo odmeva. Toda tak\u0161na dejanja kli\u010dejo k humanizmu. Tam, kjer tega ni, tudi kulture ni,\" je \u0161e dejal Ku\u010dan. \"Nadaljujemo dru\u017einsko tradicijo in \u0161e zmeraj bomo podpirali mlade umetnike, ki delujejo na najrazli\u010dnej\u0161ih podro\u010djih,\" pa je na otvoritvi povedala h\u010di pokojnega Mejra Festi\u0107. Predstavitev so razdelili kar na dva dneva, saj bo center pokrival \u0161irok spekter, poleg tega, da bo \u0161e zmeraj razstavni prostor, galerija, bo tudi prireditveni prostor, odslej bo stalnica monitor, na katerem bodo pred","og_url":"https:\/\/hudo.com\/si\/aktualno\/kulturni-center-v-spomin-smailu-festicu-ki-bi-bil-danes-oznacen-za-migranta\/","og_site_name":"Hudo Slovenija","article_publisher":"https:\/\/www.facebook.com\/hudo.si","article_published_time":"2017-03-25T18:30:00+00:00","article_modified_time":"2017-03-26T10:01:57+00:00","og_image":[{"width":450,"height":300,"url":"https:\/\/hudo.com\/si\/wp-content\/uploads\/sites\/2\/2017\/03\/FOTO4243-300.jpg","type":"image\/jpeg"}],"author":"hudo","twitter_card":"summary_large_image","twitter_creator":"@hudo_si","twitter_site":"@hudo_si","twitter_misc":{"Written by":"hudo","Est. reading time":"2 minuti"},"schema":{"@context":"https:\/\/schema.org","@graph":[{"@type":"Article","@id":"https:\/\/hudo.com\/si\/aktualno\/kulturni-center-v-spomin-smailu-festicu-ki-bi-bil-danes-oznacen-za-migranta\/#article","isPartOf":{"@id":"https:\/\/hudo.com\/si\/aktualno\/kulturni-center-v-spomin-smailu-festicu-ki-bi-bil-danes-oznacen-za-migranta\/"},"author":{"name":"hudo","@id":"https:\/\/hudo.com\/si\/#\/schema\/person\/601cf3379633985b20f7e50f2bb47707"},"headline":"Kulturni center v spomin Smailu Festi\u0107u, ki bi bil danes ozna\u010den za migranta","datePublished":"2017-03-25T18:30:00+00:00","dateModified":"2017-03-26T10:01:57+00:00","mainEntityOfPage":{"@id":"https:\/\/hudo.com\/si\/aktualno\/kulturni-center-v-spomin-smailu-festicu-ki-bi-bil-danes-oznacen-za-migranta\/"},"wordCount":372,"publisher":{"@id":"https:\/\/hudo.com\/si\/#organization"},"articleSection":["Aktualno"],"inLanguage":"sl-SI"},{"@type":"WebPage","@id":"https:\/\/hudo.com\/si\/aktualno\/kulturni-center-v-spomin-smailu-festicu-ki-bi-bil-danes-oznacen-za-migranta\/","url":"https:\/\/hudo.com\/si\/aktualno\/kulturni-center-v-spomin-smailu-festicu-ki-bi-bil-danes-oznacen-za-migranta\/","name":"Kulturni center v spomin Smailu Festi\u0107u, ki bi bil danes ozna\u010den za migranta - Hudo Slovenija","isPartOf":{"@id":"https:\/\/hudo.com\/si\/#website"},"datePublished":"2017-03-25T18:30:00+00:00","dateModified":"2017-03-26T10:01:57+00:00","breadcrumb":{"@id":"https:\/\/hudo.com\/si\/aktualno\/kulturni-center-v-spomin-smailu-festicu-ki-bi-bil-danes-oznacen-za-migranta\/#breadcrumb"},"inLanguage":"sl-SI","potentialAction":[{"@type":"ReadAction","target":["https:\/\/hudo.com\/si\/aktualno\/kulturni-center-v-spomin-smailu-festicu-ki-bi-bil-danes-oznacen-za-migranta\/"]}]},{"@type":"BreadcrumbList","@id":"https:\/\/hudo.com\/si\/aktualno\/kulturni-center-v-spomin-smailu-festicu-ki-bi-bil-danes-oznacen-za-migranta\/#breadcrumb","itemListElement":[{"@type":"ListItem","position":1,"name":"Home","item":"https:\/\/hudo.com\/si\/"},{"@type":"ListItem","position":2,"name":"Kulturni center v spomin Smailu Festi\u0107u, ki bi bil danes ozna\u010den za migranta"}]},{"@type":"WebSite","@id":"https:\/\/hudo.com\/si\/#website","url":"https:\/\/hudo.com\/si\/","name":"Hudo Slovenija","description":"Vse novice iz Slovenije in sveta","publisher":{"@id":"https:\/\/hudo.com\/si\/#organization"},"potentialAction":[{"@type":"SearchAction","target":{"@type":"EntryPoint","urlTemplate":"https:\/\/hudo.com\/si\/?s={search_term_string}"},"query-input":"required name=search_term_string"}],"inLanguage":"sl-SI"},{"@type":"Organization","@id":"https:\/\/hudo.com\/si\/#organization","name":"VSN Media","url":"https:\/\/hudo.com\/si\/","logo":{"@type":"ImageObject","inLanguage":"sl-SI","@id":"https:\/\/hudo.com\/si\/#\/schema\/logo\/image\/","url":"https:\/\/hudo.com\/si\/wp-content\/uploads\/sites\/2\/2021\/03\/hudo-app-2.png","contentUrl":"https:\/\/hudo.com\/si\/wp-content\/uploads\/sites\/2\/2021\/03\/hudo-app-2.png","width":2185,"height":2167,"caption":"VSN Media"},"image":{"@id":"https:\/\/hudo.com\/si\/#\/schema\/logo\/image\/"},"sameAs":["https:\/\/www.facebook.com\/hudo.si","https:\/\/twitter.com\/hudo_si"]},{"@type":"Person","@id":"https:\/\/hudo.com\/si\/#\/schema\/person\/601cf3379633985b20f7e50f2bb47707","name":"hudo","image":{"@type":"ImageObject","inLanguage":"sl-SI","@id":"https:\/\/hudo.com\/si\/#\/schema\/person\/image\/","url":"https:\/\/secure.gravatar.com\/avatar\/c4ca25fa72cace7a696b52ff5db9e095?s=96&d=mm&r=g","contentUrl":"https:\/\/secure.gravatar.com\/avatar\/c4ca25fa72cace7a696b52ff5db9e095?s=96&d=mm&r=g","caption":"hudo"},"url":"https:\/\/hudo.com\/si\/author\/hudo\/"}]}},"amp_enabled":true,"_links":{"self":[{"href":"https:\/\/hudo.com\/si\/wp-json\/wp\/v2\/posts\/231505"}],"collection":[{"href":"https:\/\/hudo.com\/si\/wp-json\/wp\/v2\/posts"}],"about":[{"href":"https:\/\/hudo.com\/si\/wp-json\/wp\/v2\/types\/post"}],"author":[{"embeddable":true,"href":"https:\/\/hudo.com\/si\/wp-json\/wp\/v2\/users\/1"}],"replies":[{"embeddable":true,"href":"https:\/\/hudo.com\/si\/wp-json\/wp\/v2\/comments?post=231505"}],"version-history":[{"count":1,"href":"https:\/\/hudo.com\/si\/wp-json\/wp\/v2\/posts\/231505\/revisions"}],"predecessor-version":[{"id":231521,"href":"https:\/\/hudo.com\/si\/wp-json\/wp\/v2\/posts\/231505\/revisions\/231521"}],"wp:attachment":[{"href":"https:\/\/hudo.com\/si\/wp-json\/wp\/v2\/media?parent=231505"}],"wp:term":[{"taxonomy":"category","embeddable":true,"href":"https:\/\/hudo.com\/si\/wp-json\/wp\/v2\/categories?post=231505"},{"taxonomy":"post_tag","embeddable":true,"href":"https:\/\/hudo.com\/si\/wp-json\/wp\/v2\/tags?post=231505"},{"taxonomy":"source","embeddable":true,"href":"https:\/\/hudo.com\/si\/wp-json\/wp\/v2\/source?post=231505"},{"taxonomy":"supertag","embeddable":true,"href":"https:\/\/hudo.com\/si\/wp-json\/wp\/v2\/supertag?post=231505"}],"curies":[{"name":"wp","href":"https:\/\/api.w.org\/{rel}","templated":true}]}}