{"id":231517,"date":"2017-03-25T20:59:00","date_gmt":"2017-03-25T19:59:00","guid":{"rendered":"http:\/\/hudo.com\/si\/2017\/03\/25\/brez-kvalifikacij-v-katarju-s-prvega-mesta-vinales\/"},"modified":"2017-03-26T12:01:38","modified_gmt":"2017-03-26T10:01:38","slug":"brez-kvalifikacij-v-katarju-s-prvega-mesta-vinales","status":"publish","type":"post","link":"https:\/\/hudo.com\/si\/aktualno\/brez-kvalifikacij-v-katarju-s-prvega-mesta-vinales\/","title":{"rendered":"Brez kvalifikacij v Katarju, s prvega mesta Vi\u00f1ales"},"content":{"rendered":"<p>Kategorija: Avtomoto Sat, 25 Mar 2017 21:59:00 +0100  Doha &#8211; Novinec v ekipi Yamahe Maverick Vi\u00f1ales bo nedeljsko motociklisti\u010dno dirko v Katarju, uvodno preizku\u0161njo svetovnega prvenstva 2017, za\u010del s prvega mesta. Kvalifikacije so sicer zaradi mo\u010dnega de\u017eja odpovedali, so pa upo\u0161tevali dose\u017eke s treningov. Z drugega mesta bo startal Italijan Andrea Iannone, s tretjega pa svetovni prvak Marc Marquez. Motociklistom, zbranim na uvodni postaji nove sezone svetovnega prvenstva v Losailu, je na\u010drte prekri\u017eal de\u017e. Zaradi nenavadnega vremena in mo\u010dnega naliva so morali najprej spremeniti urnik dana\u0161njih kvalifikacij, pozneje pa so jih zaradi varnosti, na nekaterih delih proge je stoje\u010da voda pomenila dodatno nevarnost za motocikliste, odpovedali in za sestavo startnega seznama za nedeljsko dirko uporabili se\u0161tevke \u010dasov treningov. Za Vi\u00f1alesom, ki je \u017ee v pripravah na sezono opozarjal nase z dose\u017eki in hitrimi \u010dasi, sta se uvrstila Italijan Andrea Iannone\u00a0&#8230;<\/p>\n","protected":false},"excerpt":{"rendered":"<p>Kategorija: Avtomoto Sat, 25 Mar 2017 21:59:00 +0100  Doha &#8211; Novinec v ekipi Yamahe Maverick Vi\u00f1ales bo nedeljsko motociklisti\u010dno dirko v Katarju, uvodno preizku\u0161njo svetovnega prvenstva 2017, za\u010del s prvega mesta. Kvalifikacije so sicer zaradi mo\u010dnega de\u017eja odpovedali, so pa upo\u0161tevali dose\u017eke s treningov. Z drugega mesta bo startal Italijan Andrea Iannone, s tretjega pa svetovni prvak Marc Marquez. Motociklistom, zbranim na uvodni postaji nove sezone svetovnega prvenstva v Losailu, je na\u010drte prekri\u017eal de\u017e. Zaradi nenavadnega vremena in mo\u010dnega naliva so morali najprej spremeniti urnik dana\u0161njih kvalifikacij, pozneje pa so jih zaradi varnosti, na nekaterih delih proge je stoje\u010da voda pomenila dodatno nevarnost za motocikliste, odpovedali in za sestavo startnega seznama za nedeljsko dirko uporabili se\u0161tevke \u010dasov treningov. Za Vi\u00f1alesom, ki je \u017ee v pripravah na sezono opozarjal nase z dose\u017eki in hitrimi \u010dasi, sta se uvrstila Italijan Andrea Iannone\u00a0&#8230;<\/p>\n","protected":false},"author":1,"featured_media":0,"comment_status":"closed","ping_status":"closed","sticky":false,"template":"","format":"standard","meta":{"footnotes":""},"categories":[1179],"tags":[],"source":[1703],"supertag":[],"acf":[],"yoast_head":"<!-- This site is optimized with the Yoast SEO plugin v21.3 - https:\/\/yoast.com\/wordpress\/plugins\/seo\/ -->\n<title>Brez kvalifikacij v Katarju, s prvega mesta Vi\u00f1ales - Hudo Slovenija<\/title>\n<meta name=\"robots\" content=\"index, follow, max-snippet:-1, max-image-preview:large, max-video-preview:-1\" \/>\n<link rel=\"canonical\" href=\"https:\/\/hudo.com\/si\/aktualno\/brez-kvalifikacij-v-katarju-s-prvega-mesta-vinales\/\" \/>\n<meta property=\"og:locale\" content=\"sl_SI\" \/>\n<meta property=\"og:type\" content=\"article\" \/>\n<meta property=\"og:title\" content=\"Brez kvalifikacij v Katarju, s prvega mesta Vi\u00f1ales - Hudo Slovenija\" \/>\n<meta property=\"og:description\" content=\"Kategorija: Avtomoto Sat, 25 Mar 2017 21:59:00 +0100 Doha - Novinec v ekipi Yamahe Maverick Vi\u00f1ales bo nedeljsko motociklisti\u010dno dirko v Katarju, uvodno preizku\u0161njo svetovnega prvenstva 2017, za\u010del s prvega mesta. Kvalifikacije so sicer zaradi mo\u010dnega de\u017eja odpovedali, so pa upo\u0161tevali dose\u017eke s treningov. Z drugega mesta bo startal Italijan Andrea Iannone, s tretjega pa svetovni prvak Marc Marquez. Motociklistom, zbranim na uvodni postaji nove sezone svetovnega prvenstva v Losailu, je na\u010drte prekri\u017eal de\u017e. Zaradi nenavadnega vremena in mo\u010dnega naliva so morali najprej spremeniti urnik dana\u0161njih kvalifikacij, pozneje pa so jih zaradi varnosti, na nekaterih delih proge je stoje\u010da voda pomenila dodatno nevarnost za motocikliste, odpovedali in za sestavo startnega seznama za nedeljsko dirko uporabili se\u0161tevke \u010dasov treningov. Za Vi\u00f1alesom, ki je \u017ee v pripravah na sezono opozarjal nase z dose\u017eki in hitrimi \u010dasi, sta se uvrstila Italijan Andrea Iannone\u00a0...\" \/>\n<meta property=\"og:url\" content=\"https:\/\/hudo.com\/si\/aktualno\/brez-kvalifikacij-v-katarju-s-prvega-mesta-vinales\/\" \/>\n<meta property=\"og:site_name\" content=\"Hudo Slovenija\" \/>\n<meta property=\"article:publisher\" content=\"https:\/\/www.facebook.com\/hudo.si\" \/>\n<meta property=\"article:published_time\" content=\"2017-03-25T19:59:00+00:00\" \/>\n<meta property=\"article:modified_time\" content=\"2017-03-26T10:01:38+00:00\" \/>\n<meta property=\"og:image\" content=\"https:\/\/hudo.com\/si\/wp-content\/uploads\/sites\/2\/2017\/03\/480x290_AFP_Photo-20170325175323-71614400.jpeg\" \/>\n\t<meta property=\"og:image:width\" content=\"480\" \/>\n\t<meta property=\"og:image:height\" content=\"290\" \/>\n\t<meta property=\"og:image:type\" content=\"image\/jpeg\" \/>\n<meta name=\"author\" content=\"hudo\" \/>\n<meta name=\"twitter:card\" content=\"summary_large_image\" \/>\n<meta name=\"twitter:creator\" content=\"@hudo_si\" \/>\n<meta name=\"twitter:site\" content=\"@hudo_si\" \/>\n<meta name=\"twitter:label1\" content=\"Written by\" \/>\n\t<meta name=\"twitter:data1\" content=\"hudo\" \/>\n\t<meta name=\"twitter:label2\" content=\"Est. reading time\" \/>\n\t<meta name=\"twitter:data2\" content=\"1 minuta\" \/>\n<script type=\"application\/ld+json\" class=\"yoast-schema-graph\">{\"@context\":\"https:\/\/schema.org\",\"@graph\":[{\"@type\":\"Article\",\"@id\":\"https:\/\/hudo.com\/si\/aktualno\/brez-kvalifikacij-v-katarju-s-prvega-mesta-vinales\/#article\",\"isPartOf\":{\"@id\":\"https:\/\/hudo.com\/si\/aktualno\/brez-kvalifikacij-v-katarju-s-prvega-mesta-vinales\/\"},\"author\":{\"name\":\"hudo\",\"@id\":\"https:\/\/hudo.com\/si\/#\/schema\/person\/601cf3379633985b20f7e50f2bb47707\"},\"headline\":\"Brez kvalifikacij v Katarju, s prvega mesta Vi\u00f1ales\",\"datePublished\":\"2017-03-25T19:59:00+00:00\",\"dateModified\":\"2017-03-26T10:01:38+00:00\",\"mainEntityOfPage\":{\"@id\":\"https:\/\/hudo.com\/si\/aktualno\/brez-kvalifikacij-v-katarju-s-prvega-mesta-vinales\/\"},\"wordCount\":160,\"publisher\":{\"@id\":\"https:\/\/hudo.com\/si\/#organization\"},\"articleSection\":[\"Aktualno\"],\"inLanguage\":\"sl-SI\"},{\"@type\":\"WebPage\",\"@id\":\"https:\/\/hudo.com\/si\/aktualno\/brez-kvalifikacij-v-katarju-s-prvega-mesta-vinales\/\",\"url\":\"https:\/\/hudo.com\/si\/aktualno\/brez-kvalifikacij-v-katarju-s-prvega-mesta-vinales\/\",\"name\":\"Brez kvalifikacij v Katarju, s prvega mesta Vi\u00f1ales - Hudo Slovenija\",\"isPartOf\":{\"@id\":\"https:\/\/hudo.com\/si\/#website\"},\"datePublished\":\"2017-03-25T19:59:00+00:00\",\"dateModified\":\"2017-03-26T10:01:38+00:00\",\"breadcrumb\":{\"@id\":\"https:\/\/hudo.com\/si\/aktualno\/brez-kvalifikacij-v-katarju-s-prvega-mesta-vinales\/#breadcrumb\"},\"inLanguage\":\"sl-SI\",\"potentialAction\":[{\"@type\":\"ReadAction\",\"target\":[\"https:\/\/hudo.com\/si\/aktualno\/brez-kvalifikacij-v-katarju-s-prvega-mesta-vinales\/\"]}]},{\"@type\":\"BreadcrumbList\",\"@id\":\"https:\/\/hudo.com\/si\/aktualno\/brez-kvalifikacij-v-katarju-s-prvega-mesta-vinales\/#breadcrumb\",\"itemListElement\":[{\"@type\":\"ListItem\",\"position\":1,\"name\":\"Home\",\"item\":\"https:\/\/hudo.com\/si\/\"},{\"@type\":\"ListItem\",\"position\":2,\"name\":\"Brez kvalifikacij v Katarju, s prvega mesta Vi\u00f1ales\"}]},{\"@type\":\"WebSite\",\"@id\":\"https:\/\/hudo.com\/si\/#website\",\"url\":\"https:\/\/hudo.com\/si\/\",\"name\":\"Hudo Slovenija\",\"description\":\"Vse novice iz Slovenije in sveta\",\"publisher\":{\"@id\":\"https:\/\/hudo.com\/si\/#organization\"},\"potentialAction\":[{\"@type\":\"SearchAction\",\"target\":{\"@type\":\"EntryPoint\",\"urlTemplate\":\"https:\/\/hudo.com\/si\/?s={search_term_string}\"},\"query-input\":\"required name=search_term_string\"}],\"inLanguage\":\"sl-SI\"},{\"@type\":\"Organization\",\"@id\":\"https:\/\/hudo.com\/si\/#organization\",\"name\":\"VSN Media\",\"url\":\"https:\/\/hudo.com\/si\/\",\"logo\":{\"@type\":\"ImageObject\",\"inLanguage\":\"sl-SI\",\"@id\":\"https:\/\/hudo.com\/si\/#\/schema\/logo\/image\/\",\"url\":\"https:\/\/hudo.com\/si\/wp-content\/uploads\/sites\/2\/2021\/03\/hudo-app-2.png\",\"contentUrl\":\"https:\/\/hudo.com\/si\/wp-content\/uploads\/sites\/2\/2021\/03\/hudo-app-2.png\",\"width\":2185,\"height\":2167,\"caption\":\"VSN Media\"},\"image\":{\"@id\":\"https:\/\/hudo.com\/si\/#\/schema\/logo\/image\/\"},\"sameAs\":[\"https:\/\/www.facebook.com\/hudo.si\",\"https:\/\/twitter.com\/hudo_si\"]},{\"@type\":\"Person\",\"@id\":\"https:\/\/hudo.com\/si\/#\/schema\/person\/601cf3379633985b20f7e50f2bb47707\",\"name\":\"hudo\",\"image\":{\"@type\":\"ImageObject\",\"inLanguage\":\"sl-SI\",\"@id\":\"https:\/\/hudo.com\/si\/#\/schema\/person\/image\/\",\"url\":\"https:\/\/secure.gravatar.com\/avatar\/c4ca25fa72cace7a696b52ff5db9e095?s=96&d=mm&r=g\",\"contentUrl\":\"https:\/\/secure.gravatar.com\/avatar\/c4ca25fa72cace7a696b52ff5db9e095?s=96&d=mm&r=g\",\"caption\":\"hudo\"},\"url\":\"https:\/\/hudo.com\/si\/author\/hudo\/\"}]}<\/script>\n<!-- \/ Yoast SEO plugin. -->","yoast_head_json":{"title":"Brez kvalifikacij v Katarju, s prvega mesta Vi\u00f1ales - Hudo Slovenija","robots":{"index":"index","follow":"follow","max-snippet":"max-snippet:-1","max-image-preview":"max-image-preview:large","max-video-preview":"max-video-preview:-1"},"canonical":"https:\/\/hudo.com\/si\/aktualno\/brez-kvalifikacij-v-katarju-s-prvega-mesta-vinales\/","og_locale":"sl_SI","og_type":"article","og_title":"Brez kvalifikacij v Katarju, s prvega mesta Vi\u00f1ales - Hudo Slovenija","og_description":"Kategorija: Avtomoto Sat, 25 Mar 2017 21:59:00 +0100 Doha - Novinec v ekipi Yamahe Maverick Vi\u00f1ales bo nedeljsko motociklisti\u010dno dirko v Katarju, uvodno preizku\u0161njo svetovnega prvenstva 2017, za\u010del s prvega mesta. Kvalifikacije so sicer zaradi mo\u010dnega de\u017eja odpovedali, so pa upo\u0161tevali dose\u017eke s treningov. Z drugega mesta bo startal Italijan Andrea Iannone, s tretjega pa svetovni prvak Marc Marquez. Motociklistom, zbranim na uvodni postaji nove sezone svetovnega prvenstva v Losailu, je na\u010drte prekri\u017eal de\u017e. Zaradi nenavadnega vremena in mo\u010dnega naliva so morali najprej spremeniti urnik dana\u0161njih kvalifikacij, pozneje pa so jih zaradi varnosti, na nekaterih delih proge je stoje\u010da voda pomenila dodatno nevarnost za motocikliste, odpovedali in za sestavo startnega seznama za nedeljsko dirko uporabili se\u0161tevke \u010dasov treningov. Za Vi\u00f1alesom, ki je \u017ee v pripravah na sezono opozarjal nase z dose\u017eki in hitrimi \u010dasi, sta se uvrstila Italijan Andrea Iannone\u00a0...","og_url":"https:\/\/hudo.com\/si\/aktualno\/brez-kvalifikacij-v-katarju-s-prvega-mesta-vinales\/","og_site_name":"Hudo Slovenija","article_publisher":"https:\/\/www.facebook.com\/hudo.si","article_published_time":"2017-03-25T19:59:00+00:00","article_modified_time":"2017-03-26T10:01:38+00:00","og_image":[{"width":480,"height":290,"url":"https:\/\/hudo.com\/si\/wp-content\/uploads\/sites\/2\/2017\/03\/480x290_AFP_Photo-20170325175323-71614400.jpeg","type":"image\/jpeg"}],"author":"hudo","twitter_card":"summary_large_image","twitter_creator":"@hudo_si","twitter_site":"@hudo_si","twitter_misc":{"Written by":"hudo","Est. reading time":"1 minuta"},"schema":{"@context":"https:\/\/schema.org","@graph":[{"@type":"Article","@id":"https:\/\/hudo.com\/si\/aktualno\/brez-kvalifikacij-v-katarju-s-prvega-mesta-vinales\/#article","isPartOf":{"@id":"https:\/\/hudo.com\/si\/aktualno\/brez-kvalifikacij-v-katarju-s-prvega-mesta-vinales\/"},"author":{"name":"hudo","@id":"https:\/\/hudo.com\/si\/#\/schema\/person\/601cf3379633985b20f7e50f2bb47707"},"headline":"Brez kvalifikacij v Katarju, s prvega mesta Vi\u00f1ales","datePublished":"2017-03-25T19:59:00+00:00","dateModified":"2017-03-26T10:01:38+00:00","mainEntityOfPage":{"@id":"https:\/\/hudo.com\/si\/aktualno\/brez-kvalifikacij-v-katarju-s-prvega-mesta-vinales\/"},"wordCount":160,"publisher":{"@id":"https:\/\/hudo.com\/si\/#organization"},"articleSection":["Aktualno"],"inLanguage":"sl-SI"},{"@type":"WebPage","@id":"https:\/\/hudo.com\/si\/aktualno\/brez-kvalifikacij-v-katarju-s-prvega-mesta-vinales\/","url":"https:\/\/hudo.com\/si\/aktualno\/brez-kvalifikacij-v-katarju-s-prvega-mesta-vinales\/","name":"Brez kvalifikacij v Katarju, s prvega mesta Vi\u00f1ales - Hudo Slovenija","isPartOf":{"@id":"https:\/\/hudo.com\/si\/#website"},"datePublished":"2017-03-25T19:59:00+00:00","dateModified":"2017-03-26T10:01:38+00:00","breadcrumb":{"@id":"https:\/\/hudo.com\/si\/aktualno\/brez-kvalifikacij-v-katarju-s-prvega-mesta-vinales\/#breadcrumb"},"inLanguage":"sl-SI","potentialAction":[{"@type":"ReadAction","target":["https:\/\/hudo.com\/si\/aktualno\/brez-kvalifikacij-v-katarju-s-prvega-mesta-vinales\/"]}]},{"@type":"BreadcrumbList","@id":"https:\/\/hudo.com\/si\/aktualno\/brez-kvalifikacij-v-katarju-s-prvega-mesta-vinales\/#breadcrumb","itemListElement":[{"@type":"ListItem","position":1,"name":"Home","item":"https:\/\/hudo.com\/si\/"},{"@type":"ListItem","position":2,"name":"Brez kvalifikacij v Katarju, s prvega mesta Vi\u00f1ales"}]},{"@type":"WebSite","@id":"https:\/\/hudo.com\/si\/#website","url":"https:\/\/hudo.com\/si\/","name":"Hudo Slovenija","description":"Vse novice iz Slovenije in sveta","publisher":{"@id":"https:\/\/hudo.com\/si\/#organization"},"potentialAction":[{"@type":"SearchAction","target":{"@type":"EntryPoint","urlTemplate":"https:\/\/hudo.com\/si\/?s={search_term_string}"},"query-input":"required name=search_term_string"}],"inLanguage":"sl-SI"},{"@type":"Organization","@id":"https:\/\/hudo.com\/si\/#organization","name":"VSN Media","url":"https:\/\/hudo.com\/si\/","logo":{"@type":"ImageObject","inLanguage":"sl-SI","@id":"https:\/\/hudo.com\/si\/#\/schema\/logo\/image\/","url":"https:\/\/hudo.com\/si\/wp-content\/uploads\/sites\/2\/2021\/03\/hudo-app-2.png","contentUrl":"https:\/\/hudo.com\/si\/wp-content\/uploads\/sites\/2\/2021\/03\/hudo-app-2.png","width":2185,"height":2167,"caption":"VSN Media"},"image":{"@id":"https:\/\/hudo.com\/si\/#\/schema\/logo\/image\/"},"sameAs":["https:\/\/www.facebook.com\/hudo.si","https:\/\/twitter.com\/hudo_si"]},{"@type":"Person","@id":"https:\/\/hudo.com\/si\/#\/schema\/person\/601cf3379633985b20f7e50f2bb47707","name":"hudo","image":{"@type":"ImageObject","inLanguage":"sl-SI","@id":"https:\/\/hudo.com\/si\/#\/schema\/person\/image\/","url":"https:\/\/secure.gravatar.com\/avatar\/c4ca25fa72cace7a696b52ff5db9e095?s=96&d=mm&r=g","contentUrl":"https:\/\/secure.gravatar.com\/avatar\/c4ca25fa72cace7a696b52ff5db9e095?s=96&d=mm&r=g","caption":"hudo"},"url":"https:\/\/hudo.com\/si\/author\/hudo\/"}]}},"amp_enabled":true,"_links":{"self":[{"href":"https:\/\/hudo.com\/si\/wp-json\/wp\/v2\/posts\/231517"}],"collection":[{"href":"https:\/\/hudo.com\/si\/wp-json\/wp\/v2\/posts"}],"about":[{"href":"https:\/\/hudo.com\/si\/wp-json\/wp\/v2\/types\/post"}],"author":[{"embeddable":true,"href":"https:\/\/hudo.com\/si\/wp-json\/wp\/v2\/users\/1"}],"replies":[{"embeddable":true,"href":"https:\/\/hudo.com\/si\/wp-json\/wp\/v2\/comments?post=231517"}],"version-history":[{"count":1,"href":"https:\/\/hudo.com\/si\/wp-json\/wp\/v2\/posts\/231517\/revisions"}],"predecessor-version":[{"id":231534,"href":"https:\/\/hudo.com\/si\/wp-json\/wp\/v2\/posts\/231517\/revisions\/231534"}],"wp:attachment":[{"href":"https:\/\/hudo.com\/si\/wp-json\/wp\/v2\/media?parent=231517"}],"wp:term":[{"taxonomy":"category","embeddable":true,"href":"https:\/\/hudo.com\/si\/wp-json\/wp\/v2\/categories?post=231517"},{"taxonomy":"post_tag","embeddable":true,"href":"https:\/\/hudo.com\/si\/wp-json\/wp\/v2\/tags?post=231517"},{"taxonomy":"source","embeddable":true,"href":"https:\/\/hudo.com\/si\/wp-json\/wp\/v2\/source?post=231517"},{"taxonomy":"supertag","embeddable":true,"href":"https:\/\/hudo.com\/si\/wp-json\/wp\/v2\/supertag?post=231517"}],"curies":[{"name":"wp","href":"https:\/\/api.w.org\/{rel}","templated":true}]}}